{"id":9230,"date":"2016-08-23T10:00:18","date_gmt":"2016-08-23T08:00:18","guid":{"rendered":"https:\/\/www.viaprinto.de\/blog\/?p=9230"},"modified":"2016-08-23T10:00:18","modified_gmt":"2016-08-23T08:00:18","slug":"haftnotizen","status":"publish","type":"post","link":"https:\/\/www.viaprinto.de\/blog\/haftnotizen\/","title":{"rendered":"Notizen, die f\u00fcr Sie haften."},"content":{"rendered":"<p>Wer h\u00e4tte 1968 gedacht, dass diese kleinen, selbstklebenden Zettelchen gut 50 Jahre sp\u00e4ter nicht mehr aus dem B\u00fcroalltag und Haushalten wegzudenken sind? Als seinerzeit ein amerikanischer Chemiker die genau richtige Mischung f\u00fcr den Haftnotiz-Klebstoff erfand, wusste noch keiner so richtig, was man damit machen sollte, bis sich ein Kollege einige Zeit sp\u00e4ter an die klebrige Erfindung erinnerte und einen angepappten Zettel samt Notiz in den B\u00fcro-Umlauf brachte. Bis heute haben sich die Bl\u00e4tterbl\u00f6cke ihren Kultstatus regelrecht \u201eerklebt\u201c und sich sogar zu <a href=\"http:\/\/www.mymodernmet.com\/profiles\/blogs\/interview-mysterious-postit\">Medien der Kunst<\/a> etabliert.<\/p>\n<figure id=\"attachment_9235\" aria-describedby=\"caption-attachment-9235\" style=\"width: 300px\" class=\"wp-caption alignleft\"><a href=\"https:\/\/www.viaprinto.de\/blog\/wp-content\/uploads\/2016\/07\/haftnotizen_klassisch_a.jpg\" data-rel=\"lightbox-image-0\" data-rl_title=\"\" data-rl_caption=\"\" title=\"\"><img loading=\"lazy\" decoding=\"async\" class=\"wp-image-9235 size-medium\" src=\"https:\/\/www.viaprinto.de\/blog\/wp-content\/uploads\/2016\/07\/haftnotizen_klassisch_a-300x171.jpg\" alt=\"haftnotizen_klassisch \u00a9viaprinto\" width=\"300\" height=\"171\" \/><\/a><figcaption id=\"caption-attachment-9235\" class=\"wp-caption-text\">Neu bei viaprinto: Haftnotizen &#8211; und zwar &#8222;hoch drei&#8220;. Hier die klassischen Haftnotizen.<\/figcaption><\/figure>\n<figure id=\"attachment_9234\" aria-describedby=\"caption-attachment-9234\" style=\"width: 300px\" class=\"wp-caption alignleft\"><a href=\"https:\/\/www.viaprinto.de\/blog\/wp-content\/uploads\/2016\/07\/haftnotizen_mit_umschlag_a.jpg\" data-rel=\"lightbox-image-1\" data-rl_title=\"\" data-rl_caption=\"\" title=\"\"><img loading=\"lazy\" decoding=\"async\" class=\"wp-image-9234 size-medium\" src=\"https:\/\/www.viaprinto.de\/blog\/wp-content\/uploads\/2016\/07\/haftnotizen_mit_umschlag_a-300x171.jpg\" alt=\"haftnotizen_mit_umschlag \u00a9viaprinto\" width=\"300\" height=\"171\" \/><\/a><figcaption id=\"caption-attachment-9234\" class=\"wp-caption-text\">Die Haftnotizen mit Umschlag. Er schlie\u00dft mit dem Zettelblock ab und ist innen und au\u00dfen bedruckbar.<\/figcaption><\/figure>\n<figure id=\"attachment_9233\" aria-describedby=\"caption-attachment-9233\" style=\"width: 300px\" class=\"wp-caption aligncenter\"><a href=\"https:\/\/www.viaprinto.de\/blog\/wp-content\/uploads\/2016\/07\/haftnotizen_klappkarte_a.jpg\" data-rel=\"lightbox-image-2\" data-rl_title=\"\" data-rl_caption=\"\" title=\"\"><img loading=\"lazy\" decoding=\"async\" class=\"wp-image-9233 size-medium\" src=\"https:\/\/www.viaprinto.de\/blog\/wp-content\/uploads\/2016\/07\/haftnotizen_klappkarte_a-300x171.jpg\" alt=\"haftnotizen_klappkarte \u00a9viaprinto\" width=\"300\" height=\"171\" \/><\/a><figcaption id=\"caption-attachment-9233\" class=\"wp-caption-text\">In der etwas \u00fcberlappenden Klappkarte kommen die Klebezttel wertiger daher. Der Umschlag kann beidseitig-farbig bedruckt werden.<\/figcaption><\/figure>\n<p>Auch wir haften ja irgendwie an den Ged\u00e4chtnisst\u00fctzen und m\u00f6chten, dass auch unsere Kunden und deren Gesch\u00e4ftspartner nie wieder etwas vergessen. So flexibel wie m\u00f6glich, n\u00e4mlich ab Auflage 50 bis zu 5.000 St\u00fcck, k\u00f6nnen Sie Ihre Botschaften oder das Unternehmenslogo auf das 70 g\/m\u00b2 Offsetpapier drucken lassen. Fortan kann es immer sichtbar auf jeder Mappe, an jeder Wand, an jedem Monitor festsitzen.<\/p>\n<p>Nat\u00fcrlich k\u00f6nnen die Zettel \u00fcber eine Seite vollst\u00e4ndig vierfarbig bedruckt werden, was sich eher bei monochromer Gestaltung und weniger bei unruhigen Motiven eignet. Auf den Klebezetteln selbst reicht ein Logo zum Beispiel rechts unten, um gen\u00fcgend Raum f\u00fcr Notizen zu lassen. Um eine umfassendere Werbebotschaft zu platzieren, sollten Sie unser gr\u00f6\u00dftes Endformat 100 x 72 Millimeter w\u00e4hlen.<\/p>\n<p>Neben den <a href=\"https:\/\/www.viaprinto.de\/haftnotizen-klassisch\">klassischen Haftnotizbl\u00f6cken<\/a> mit 50 oder 100 Bl\u00e4ttern, bietet viaprinto die Zettelsammlung auch mit Umschl\u00e4gen in leichtem Kartonpapier (250 g\/m\u00b2 Chromosulfat) an. Bei den <a href=\"https:\/\/www.viaprinto.de\/haftnotizen-umschlag\">Haftnotizen mit Umschlag<\/a> schlie\u00dft dieser mit dem Papierblock aus 50 oder 100 Bl\u00e4ttern ab, oder er \u00fcberlappt ihn mit abgerundeten Ecken und wirkt so wie ein Etui, wie bei den <a href=\"https:\/\/www.viaprinto.de\/haftnotizen-klappkarte\">Haftnotizen Klappkarte<\/a> &#8211; mit 25 Bl\u00e4ttern. Die Umschl\u00e4ge sind innen wie au\u00dfen farbig bedruckbar und nach Belieben oben oder links aufklappbar.<\/p>\n<p>Das Wichtigste: der Haftstreifen! Entscheiden Sie, an welcher Seite Ihre Klebenotizen haften sollen: oben oder links. Damit beim Schreiben nichts verrutscht, statten wir das Bodenpapier des klassischen Blocks optional mit speziellem Siebdrucklack oder einer selbstklebenden Pappe aus.<\/p>\n<p>Legen Sie die Haftnotizbl\u00f6cke direkt auf Vorrat an, um sie an Kollegen oder Kunden zu verteilen. Dazu schwei\u00dfen wir sie gern einzeln, zu zehnt oder zwanzigst ein.<\/p>\n","protected":false},"excerpt":{"rendered":"<p>Wenn einem das Ged\u00e4chtnis im Stich l\u00e4sst, muss man nicht gleich den Arzt rufen, sondern einfach \u00f6fter Haftnotizen nutzen! Der Klassiker f\u00fcr kurze Nachrichten und Erinnerungen \u2013 jetzt bei viaprinto.<\/p>\n","protected":false},"author":7,"featured_media":9247,"comment_status":"open","ping_status":"closed","sticky":false,"template":"","format":"standard","meta":{"_acf_changed":false,"inline_featured_image":false,"footnotes":""},"categories":[8],"tags":[204,81,82,205],"class_list":["post-9230","post","type-post","status-publish","format-standard","has-post-thumbnail","hentry","category-produkte","tag-block","tag-blocke","tag-logo","tag-zettel"],"mb":[],"acf":[],"yoast_head":"<!-- This site is optimized with the Yoast SEO plugin v27.4 - https:\/\/yoast.com\/product\/yoast-seo-wordpress\/ -->\n<title>Notizen, die f\u00fcr Sie haften. | viaprinto Blog<\/title>\n<meta name=\"description\" content=\"viaprinto Blog | Neu im Portfolio: Haftnotizen bei viaprinto | Mit oder ohne Umschlag | Hier finden Sie alle Infos zum neuen viaprinto Produkt.\" \/>\n<meta name=\"robots\" content=\"index, follow, max-snippet:-1, max-image-preview:large, max-video-preview:-1\" \/>\n<link rel=\"canonical\" href=\"https:\/\/www.viaprinto.de\/blog\/haftnotizen\/\" \/>\n<meta property=\"og:locale\" content=\"de_DE\" \/>\n<meta property=\"og:type\" content=\"article\" \/>\n<meta property=\"og:title\" content=\"Notizen, die f\u00fcr Sie haften. | viaprinto Blog\" \/>\n<meta property=\"og:description\" content=\"viaprinto Blog | Neu im Portfolio: Haftnotizen bei viaprinto | Mit oder ohne Umschlag | Hier finden Sie alle Infos zum neuen viaprinto Produkt.\" \/>\n<meta property=\"og:url\" content=\"https:\/\/www.viaprinto.de\/blog\/haftnotizen\/\" \/>\n<meta property=\"og:site_name\" content=\"viaprinto Blog | Alles \u00fcber den Druck\" \/>\n<meta property=\"article:published_time\" content=\"2016-08-23T08:00:18+00:00\" \/>\n<meta property=\"og:image\" content=\"https:\/\/www.viaprinto.de\/blog\/wp-content\/uploads\/2016\/07\/haftnotizen_klassisch_blogtop-1.jpg\" \/>\n\t<meta property=\"og:image:width\" content=\"1620\" \/>\n\t<meta property=\"og:image:height\" content=\"640\" \/>\n\t<meta property=\"og:image:type\" content=\"image\/jpeg\" \/>\n<meta name=\"author\" content=\"Isabel J\u00f6dicke\" \/>\n<script type=\"application\/ld+json\" class=\"yoast-schema-graph\">{\"@context\":\"https:\\\/\\\/schema.org\",\"@graph\":[{\"@type\":\"Article\",\"@id\":\"https:\\\/\\\/www.viaprinto.de\\\/blog\\\/haftnotizen\\\/#article\",\"isPartOf\":{\"@id\":\"https:\\\/\\\/www.viaprinto.de\\\/blog\\\/haftnotizen\\\/\"},\"author\":{\"name\":\"Isabel J\u00f6dicke\",\"@id\":\"https:\\\/\\\/www.viaprinto.de\\\/blog\\\/#\\\/schema\\\/person\\\/3c99507c1660c1f0bef1f76812fb55d9\"},\"headline\":\"Notizen, die f\u00fcr Sie haften.\",\"datePublished\":\"2016-08-23T08:00:18+00:00\",\"mainEntityOfPage\":{\"@id\":\"https:\\\/\\\/www.viaprinto.de\\\/blog\\\/haftnotizen\\\/\"},\"wordCount\":440,\"commentCount\":0,\"publisher\":{\"@id\":\"https:\\\/\\\/www.viaprinto.de\\\/blog\\\/#organization\"},\"image\":{\"@id\":\"https:\\\/\\\/www.viaprinto.de\\\/blog\\\/haftnotizen\\\/#primaryimage\"},\"thumbnailUrl\":\"https:\\\/\\\/www.viaprinto.de\\\/blog\\\/wp-content\\\/uploads\\\/2016\\\/07\\\/haftnotizen_klassisch_blogtop-1.jpg\",\"keywords\":[\"Block\",\"Bl\u00f6cke\",\"Logo\",\"Zettel\"],\"articleSection\":[\"Produkte\"],\"inLanguage\":\"de\",\"potentialAction\":[{\"@type\":\"CommentAction\",\"name\":\"Comment\",\"target\":[\"https:\\\/\\\/www.viaprinto.de\\\/blog\\\/haftnotizen\\\/#respond\"]}]},{\"@type\":\"WebPage\",\"@id\":\"https:\\\/\\\/www.viaprinto.de\\\/blog\\\/haftnotizen\\\/\",\"url\":\"https:\\\/\\\/www.viaprinto.de\\\/blog\\\/haftnotizen\\\/\",\"name\":\"Notizen, die f\u00fcr Sie haften. | viaprinto Blog\",\"isPartOf\":{\"@id\":\"https:\\\/\\\/www.viaprinto.de\\\/blog\\\/#website\"},\"primaryImageOfPage\":{\"@id\":\"https:\\\/\\\/www.viaprinto.de\\\/blog\\\/haftnotizen\\\/#primaryimage\"},\"image\":{\"@id\":\"https:\\\/\\\/www.viaprinto.de\\\/blog\\\/haftnotizen\\\/#primaryimage\"},\"thumbnailUrl\":\"https:\\\/\\\/www.viaprinto.de\\\/blog\\\/wp-content\\\/uploads\\\/2016\\\/07\\\/haftnotizen_klassisch_blogtop-1.jpg\",\"description\":\"viaprinto Blog | Neu im Portfolio: Haftnotizen bei viaprinto | Mit oder ohne Umschlag | Hier finden Sie alle Infos zum neuen viaprinto Produkt.\",\"breadcrumb\":{\"@id\":\"https:\\\/\\\/www.viaprinto.de\\\/blog\\\/haftnotizen\\\/#breadcrumb\"},\"inLanguage\":\"de\",\"potentialAction\":[{\"@type\":\"ReadAction\",\"target\":[\"https:\\\/\\\/www.viaprinto.de\\\/blog\\\/haftnotizen\\\/\"]}]},{\"@type\":\"ImageObject\",\"inLanguage\":\"de\",\"@id\":\"https:\\\/\\\/www.viaprinto.de\\\/blog\\\/haftnotizen\\\/#primaryimage\",\"url\":\"https:\\\/\\\/www.viaprinto.de\\\/blog\\\/wp-content\\\/uploads\\\/2016\\\/07\\\/haftnotizen_klassisch_blogtop-1.jpg\",\"contentUrl\":\"https:\\\/\\\/www.viaprinto.de\\\/blog\\\/wp-content\\\/uploads\\\/2016\\\/07\\\/haftnotizen_klassisch_blogtop-1.jpg\",\"width\":1620,\"height\":640,\"caption\":\"haftnotizen top \u00a9viaprinto\"},{\"@type\":\"BreadcrumbList\",\"@id\":\"https:\\\/\\\/www.viaprinto.de\\\/blog\\\/haftnotizen\\\/#breadcrumb\",\"itemListElement\":[{\"@type\":\"ListItem\",\"position\":1,\"name\":\"Startseite\",\"item\":\"https:\\\/\\\/www.viaprinto.de\\\/blog\\\/\"},{\"@type\":\"ListItem\",\"position\":2,\"name\":\"Notizen, die f\u00fcr Sie haften.\"}]},{\"@type\":\"WebSite\",\"@id\":\"https:\\\/\\\/www.viaprinto.de\\\/blog\\\/#website\",\"url\":\"https:\\\/\\\/www.viaprinto.de\\\/blog\\\/\",\"name\":\"viaprinto Blog | Alles \u00fcber den Druck\",\"description\":\"\",\"publisher\":{\"@id\":\"https:\\\/\\\/www.viaprinto.de\\\/blog\\\/#organization\"},\"potentialAction\":[{\"@type\":\"SearchAction\",\"target\":{\"@type\":\"EntryPoint\",\"urlTemplate\":\"https:\\\/\\\/www.viaprinto.de\\\/blog\\\/?s={search_term_string}\"},\"query-input\":{\"@type\":\"PropertyValueSpecification\",\"valueRequired\":true,\"valueName\":\"search_term_string\"}}],\"inLanguage\":\"de\"},{\"@type\":\"Organization\",\"@id\":\"https:\\\/\\\/www.viaprinto.de\\\/blog\\\/#organization\",\"name\":\"viaprinto\",\"url\":\"https:\\\/\\\/www.viaprinto.de\\\/blog\\\/\",\"logo\":{\"@type\":\"ImageObject\",\"inLanguage\":\"de\",\"@id\":\"https:\\\/\\\/www.viaprinto.de\\\/blog\\\/#\\\/schema\\\/logo\\\/image\\\/\",\"url\":\"https:\\\/\\\/www.viaprinto.de\\\/blog\\\/wp-content\\\/uploads\\\/2022\\\/12\\\/viaprinto-blog-logo.svg\",\"contentUrl\":\"https:\\\/\\\/www.viaprinto.de\\\/blog\\\/wp-content\\\/uploads\\\/2022\\\/12\\\/viaprinto-blog-logo.svg\",\"caption\":\"viaprinto\"},\"image\":{\"@id\":\"https:\\\/\\\/www.viaprinto.de\\\/blog\\\/#\\\/schema\\\/logo\\\/image\\\/\"},\"sameAs\":[\"https:\\\/\\\/www.linkedin.com\\\/company\\\/viaprinto\"]},{\"@type\":\"Person\",\"@id\":\"https:\\\/\\\/www.viaprinto.de\\\/blog\\\/#\\\/schema\\\/person\\\/3c99507c1660c1f0bef1f76812fb55d9\",\"name\":\"Isabel J\u00f6dicke\",\"url\":\"https:\\\/\\\/www.viaprinto.de\\\/blog\\\/author\\\/isabel-joedickeviaprinto-de\\\/\"}]}<\/script>\n<!-- \/ Yoast SEO plugin. -->","yoast_head_json":{"title":"Notizen, die f\u00fcr Sie haften. | viaprinto Blog","description":"viaprinto Blog | Neu im Portfolio: Haftnotizen bei viaprinto | Mit oder ohne Umschlag | Hier finden Sie alle Infos zum neuen viaprinto Produkt.","robots":{"index":"index","follow":"follow","max-snippet":"max-snippet:-1","max-image-preview":"max-image-preview:large","max-video-preview":"max-video-preview:-1"},"canonical":"https:\/\/www.viaprinto.de\/blog\/haftnotizen\/","og_locale":"de_DE","og_type":"article","og_title":"Notizen, die f\u00fcr Sie haften. | viaprinto Blog","og_description":"viaprinto Blog | Neu im Portfolio: Haftnotizen bei viaprinto | Mit oder ohne Umschlag | Hier finden Sie alle Infos zum neuen viaprinto Produkt.","og_url":"https:\/\/www.viaprinto.de\/blog\/haftnotizen\/","og_site_name":"viaprinto Blog | Alles \u00fcber den Druck","article_published_time":"2016-08-23T08:00:18+00:00","og_image":[{"width":1620,"height":640,"url":"https:\/\/www.viaprinto.de\/blog\/wp-content\/uploads\/2016\/07\/haftnotizen_klassisch_blogtop-1.jpg","type":"image\/jpeg"}],"author":"Isabel J\u00f6dicke","schema":{"@context":"https:\/\/schema.org","@graph":[{"@type":"Article","@id":"https:\/\/www.viaprinto.de\/blog\/haftnotizen\/#article","isPartOf":{"@id":"https:\/\/www.viaprinto.de\/blog\/haftnotizen\/"},"author":{"name":"Isabel J\u00f6dicke","@id":"https:\/\/www.viaprinto.de\/blog\/#\/schema\/person\/3c99507c1660c1f0bef1f76812fb55d9"},"headline":"Notizen, die f\u00fcr Sie haften.","datePublished":"2016-08-23T08:00:18+00:00","mainEntityOfPage":{"@id":"https:\/\/www.viaprinto.de\/blog\/haftnotizen\/"},"wordCount":440,"commentCount":0,"publisher":{"@id":"https:\/\/www.viaprinto.de\/blog\/#organization"},"image":{"@id":"https:\/\/www.viaprinto.de\/blog\/haftnotizen\/#primaryimage"},"thumbnailUrl":"https:\/\/www.viaprinto.de\/blog\/wp-content\/uploads\/2016\/07\/haftnotizen_klassisch_blogtop-1.jpg","keywords":["Block","Bl\u00f6cke","Logo","Zettel"],"articleSection":["Produkte"],"inLanguage":"de","potentialAction":[{"@type":"CommentAction","name":"Comment","target":["https:\/\/www.viaprinto.de\/blog\/haftnotizen\/#respond"]}]},{"@type":"WebPage","@id":"https:\/\/www.viaprinto.de\/blog\/haftnotizen\/","url":"https:\/\/www.viaprinto.de\/blog\/haftnotizen\/","name":"Notizen, die f\u00fcr Sie haften. | viaprinto Blog","isPartOf":{"@id":"https:\/\/www.viaprinto.de\/blog\/#website"},"primaryImageOfPage":{"@id":"https:\/\/www.viaprinto.de\/blog\/haftnotizen\/#primaryimage"},"image":{"@id":"https:\/\/www.viaprinto.de\/blog\/haftnotizen\/#primaryimage"},"thumbnailUrl":"https:\/\/www.viaprinto.de\/blog\/wp-content\/uploads\/2016\/07\/haftnotizen_klassisch_blogtop-1.jpg","description":"viaprinto Blog | Neu im Portfolio: Haftnotizen bei viaprinto | Mit oder ohne Umschlag | Hier finden Sie alle Infos zum neuen viaprinto Produkt.","breadcrumb":{"@id":"https:\/\/www.viaprinto.de\/blog\/haftnotizen\/#breadcrumb"},"inLanguage":"de","potentialAction":[{"@type":"ReadAction","target":["https:\/\/www.viaprinto.de\/blog\/haftnotizen\/"]}]},{"@type":"ImageObject","inLanguage":"de","@id":"https:\/\/www.viaprinto.de\/blog\/haftnotizen\/#primaryimage","url":"https:\/\/www.viaprinto.de\/blog\/wp-content\/uploads\/2016\/07\/haftnotizen_klassisch_blogtop-1.jpg","contentUrl":"https:\/\/www.viaprinto.de\/blog\/wp-content\/uploads\/2016\/07\/haftnotizen_klassisch_blogtop-1.jpg","width":1620,"height":640,"caption":"haftnotizen top \u00a9viaprinto"},{"@type":"BreadcrumbList","@id":"https:\/\/www.viaprinto.de\/blog\/haftnotizen\/#breadcrumb","itemListElement":[{"@type":"ListItem","position":1,"name":"Startseite","item":"https:\/\/www.viaprinto.de\/blog\/"},{"@type":"ListItem","position":2,"name":"Notizen, die f\u00fcr Sie haften."}]},{"@type":"WebSite","@id":"https:\/\/www.viaprinto.de\/blog\/#website","url":"https:\/\/www.viaprinto.de\/blog\/","name":"viaprinto Blog | Alles \u00fcber den Druck","description":"","publisher":{"@id":"https:\/\/www.viaprinto.de\/blog\/#organization"},"potentialAction":[{"@type":"SearchAction","target":{"@type":"EntryPoint","urlTemplate":"https:\/\/www.viaprinto.de\/blog\/?s={search_term_string}"},"query-input":{"@type":"PropertyValueSpecification","valueRequired":true,"valueName":"search_term_string"}}],"inLanguage":"de"},{"@type":"Organization","@id":"https:\/\/www.viaprinto.de\/blog\/#organization","name":"viaprinto","url":"https:\/\/www.viaprinto.de\/blog\/","logo":{"@type":"ImageObject","inLanguage":"de","@id":"https:\/\/www.viaprinto.de\/blog\/#\/schema\/logo\/image\/","url":"https:\/\/www.viaprinto.de\/blog\/wp-content\/uploads\/2022\/12\/viaprinto-blog-logo.svg","contentUrl":"https:\/\/www.viaprinto.de\/blog\/wp-content\/uploads\/2022\/12\/viaprinto-blog-logo.svg","caption":"viaprinto"},"image":{"@id":"https:\/\/www.viaprinto.de\/blog\/#\/schema\/logo\/image\/"},"sameAs":["https:\/\/www.linkedin.com\/company\/viaprinto"]},{"@type":"Person","@id":"https:\/\/www.viaprinto.de\/blog\/#\/schema\/person\/3c99507c1660c1f0bef1f76812fb55d9","name":"Isabel J\u00f6dicke","url":"https:\/\/www.viaprinto.de\/blog\/author\/isabel-joedickeviaprinto-de\/"}]}},"mfb_rest_fields":["title","yoast_head","yoast_head_json"],"_links":{"self":[{"href":"https:\/\/www.viaprinto.de\/blog\/wp-json\/wp\/v2\/posts\/9230","targetHints":{"allow":["GET"]}}],"collection":[{"href":"https:\/\/www.viaprinto.de\/blog\/wp-json\/wp\/v2\/posts"}],"about":[{"href":"https:\/\/www.viaprinto.de\/blog\/wp-json\/wp\/v2\/types\/post"}],"author":[{"embeddable":true,"href":"https:\/\/www.viaprinto.de\/blog\/wp-json\/wp\/v2\/users\/7"}],"replies":[{"embeddable":true,"href":"https:\/\/www.viaprinto.de\/blog\/wp-json\/wp\/v2\/comments?post=9230"}],"version-history":[{"count":0,"href":"https:\/\/www.viaprinto.de\/blog\/wp-json\/wp\/v2\/posts\/9230\/revisions"}],"wp:featuredmedia":[{"embeddable":true,"href":"https:\/\/www.viaprinto.de\/blog\/wp-json\/wp\/v2\/media\/9247"}],"wp:attachment":[{"href":"https:\/\/www.viaprinto.de\/blog\/wp-json\/wp\/v2\/media?parent=9230"}],"wp:term":[{"taxonomy":"category","embeddable":true,"href":"https:\/\/www.viaprinto.de\/blog\/wp-json\/wp\/v2\/categories?post=9230"},{"taxonomy":"post_tag","embeddable":true,"href":"https:\/\/www.viaprinto.de\/blog\/wp-json\/wp\/v2\/tags?post=9230"}],"curies":[{"name":"wp","href":"https:\/\/api.w.org\/{rel}","templated":true}]}}