{"id":9044,"date":"2016-06-14T08:46:07","date_gmt":"2016-06-14T06:46:07","guid":{"rendered":"https:\/\/www.viaprinto.de\/blog\/?p=9044"},"modified":"2016-06-14T08:46:07","modified_gmt":"2016-06-14T06:46:07","slug":"wandkalender-upgrade-fuer-veredelten-auftritt-und-mehr-fuelle","status":"publish","type":"post","link":"https:\/\/www.viaprinto.de\/blog\/wandkalender-upgrade-fuer-veredelten-auftritt-und-mehr-fuelle\/","title":{"rendered":"Wandkalender-Upgrade f\u00fcr veredelten Auftritt mit F\u00fclle."},"content":{"rendered":"<p>Nun noch edler kommen unsere <a href=\"https:\/\/www.viaprinto.de\/kalender\">Wandkalender <\/a>f\u00fcr Sie daher: Wenn Sie es m\u00f6chten, \u00fcberdeckt eine matte <strong>Abdeckfolie<\/strong> das Titelblatt und gibt ihm eine edlere Optik. Zudem besch\u00fctzt die matte PVC-Folie das Deckblatt vor Schrammen.<\/p>\n<figure id=\"attachment_9047\" aria-describedby=\"caption-attachment-9047\" style=\"width: 300px\" class=\"wp-caption alignleft\"><a href=\"https:\/\/www.viaprinto.de\/blog\/wp-content\/uploads\/2016\/06\/Wandkalender-Druck.jpg\" data-rel=\"lightbox-image-0\" data-rl_title=\"\" data-rl_caption=\"\" title=\"\"><img loading=\"lazy\" decoding=\"async\" class=\"size-medium wp-image-9047\" src=\"https:\/\/www.viaprinto.de\/blog\/wp-content\/uploads\/2016\/06\/Wandkalender-Druck-300x157.jpg\" alt=\"Wandkalender Druck \u00a9 viaprinto\" width=\"300\" height=\"157\" \/><\/a><figcaption id=\"caption-attachment-9047\" class=\"wp-caption-text\">Unsere Wandkalender mit wei\u00dfer Wire-O-Bindung &#8211; jetzt mit einigen Erweiterungen.<\/figcaption><\/figure>\n<p>Sollen sich auch Kunden oder Gesch\u00e4ftspartner \u00fcber den sch\u00f6nen Monatsz\u00e4hler freuen? Dann versenden Sie ihn doch einfach an sie! Wir sorgen mit der neuen Option <strong>einschwei\u00dfen<\/strong> daf\u00fcr, dass die Kalender, ob einzeln oder zu mehreren, in einer Folie eingeh\u00fcllt und gut gesch\u00fctzt bei Ihren Wunsch-Empf\u00e4ngern ankommen.<\/p>\n<p>Das Beste zum Schluss: Wir finden, Sie sollten Ihrem Unternehmen, Ihrem Firmenservice oder Wissenswertem \u00fcber die Gesch\u00e4fts-Historie mehr Platz einr\u00e4umen. Deswegen haben wir die <strong>Seitenanzahl<\/strong> des Wandkalenders von 13 bzw. 14 <strong>auf 15<\/strong> erweitert. Nutzen Sie die freien Seiten, um den Betrachter noch st\u00e4rker an sich zu binden. G\u00f6nnen Sie ihm etwa auch auf der letzten Seite Einblicke ihn Ihr unternehmerisches Schafen, einen \u00dcberblick zu den 12 von Ihnen ausgew\u00e4hlten Monatsmotiven oder zeigen Sie ihm, wer da \u00fcberhaupt im Unternehmen mit den Kunden zusammenarbeitet. Diese letzte Seite ist mit der neuen Konfigurations-Option \u201e<strong>gedreht nach R\u00fcckpappe<\/strong>\u201c direkt in der Vorschau sichtbar.<\/p>\n<p>Gestalten sich nach Lust und Laune \u2013 zu viele Ideen kann es gar nicht geben.<\/p>\n","protected":false},"excerpt":{"rendered":"<p>Die H\u00e4lfte des aktuellen Jahres ist bereits verstrichen. 2017 steht schon bevor und damit auch die neue Kalendersaison. Wir bereiten unsere Wandkalender auf ihren gro\u00dfen Auftritt mit einigen Upgrades vor: bis zu 15 Bl\u00e4tter zur freien Gestaltung, eingeschwei\u00dft und mit Abdeckfolie \u2013 ganz nach Ihren W\u00fcnschen.<\/p>\n","protected":false},"author":7,"featured_media":7746,"comment_status":"open","ping_status":"open","sticky":false,"template":"","format":"standard","meta":{"_acf_changed":false,"inline_featured_image":false,"footnotes":""},"categories":[8],"tags":[41,56],"class_list":["post-9044","post","type-post","status-publish","format-standard","has-post-thumbnail","hentry","category-produkte","tag-kalender","tag-wandkalender"],"mb":[],"acf":[],"yoast_head":"<!-- This site is optimized with the Yoast SEO plugin v27.4 - https:\/\/yoast.com\/product\/yoast-seo-wordpress\/ -->\n<title>Neu: Wandkalender-Upgrade | viaprinto Blog<\/title>\n<meta name=\"description\" content=\"viaprinto Blog | Wandkalender jetzt auch optional mit Abdeckfolie und bis zu 15 Seiten | Hier erfahren Sie mehr.\" \/>\n<meta name=\"robots\" content=\"index, follow, max-snippet:-1, max-image-preview:large, max-video-preview:-1\" \/>\n<link rel=\"canonical\" href=\"https:\/\/www.viaprinto.de\/blog\/wandkalender-upgrade-fuer-veredelten-auftritt-und-mehr-fuelle\/\" \/>\n<meta property=\"og:locale\" content=\"de_DE\" \/>\n<meta property=\"og:type\" content=\"article\" \/>\n<meta property=\"og:title\" content=\"Neu: Wandkalender-Upgrade | viaprinto Blog\" \/>\n<meta property=\"og:description\" content=\"viaprinto Blog | Wandkalender jetzt auch optional mit Abdeckfolie und bis zu 15 Seiten | Hier erfahren Sie mehr.\" \/>\n<meta property=\"og:url\" content=\"https:\/\/www.viaprinto.de\/blog\/wandkalender-upgrade-fuer-veredelten-auftritt-und-mehr-fuelle\/\" \/>\n<meta property=\"og:site_name\" content=\"viaprinto Blog | Alles \u00fcber den Druck\" \/>\n<meta property=\"article:published_time\" content=\"2016-06-14T06:46:07+00:00\" \/>\n<meta property=\"og:image\" content=\"https:\/\/www.viaprinto.de\/blog\/wp-content\/uploads\/2015\/06\/kalender_2015-1.png\" \/>\n\t<meta property=\"og:image:width\" content=\"845\" \/>\n\t<meta property=\"og:image:height\" content=\"321\" \/>\n\t<meta property=\"og:image:type\" content=\"image\/png\" \/>\n<meta name=\"author\" content=\"Isabel J\u00f6dicke\" \/>\n<script type=\"application\/ld+json\" class=\"yoast-schema-graph\">{\"@context\":\"https:\\\/\\\/schema.org\",\"@graph\":[{\"@type\":\"Article\",\"@id\":\"https:\\\/\\\/www.viaprinto.de\\\/blog\\\/wandkalender-upgrade-fuer-veredelten-auftritt-und-mehr-fuelle\\\/#article\",\"isPartOf\":{\"@id\":\"https:\\\/\\\/www.viaprinto.de\\\/blog\\\/wandkalender-upgrade-fuer-veredelten-auftritt-und-mehr-fuelle\\\/\"},\"author\":{\"name\":\"Isabel J\u00f6dicke\",\"@id\":\"https:\\\/\\\/www.viaprinto.de\\\/blog\\\/#\\\/schema\\\/person\\\/3c99507c1660c1f0bef1f76812fb55d9\"},\"headline\":\"Wandkalender-Upgrade f\u00fcr veredelten Auftritt mit F\u00fclle.\",\"datePublished\":\"2016-06-14T06:46:07+00:00\",\"mainEntityOfPage\":{\"@id\":\"https:\\\/\\\/www.viaprinto.de\\\/blog\\\/wandkalender-upgrade-fuer-veredelten-auftritt-und-mehr-fuelle\\\/\"},\"wordCount\":233,\"commentCount\":0,\"publisher\":{\"@id\":\"https:\\\/\\\/www.viaprinto.de\\\/blog\\\/#organization\"},\"image\":{\"@id\":\"https:\\\/\\\/www.viaprinto.de\\\/blog\\\/wandkalender-upgrade-fuer-veredelten-auftritt-und-mehr-fuelle\\\/#primaryimage\"},\"thumbnailUrl\":\"https:\\\/\\\/www.viaprinto.de\\\/blog\\\/wp-content\\\/uploads\\\/2015\\\/06\\\/kalender_2015-1.png\",\"keywords\":[\"Kalender\",\"Wandkalender\"],\"articleSection\":[\"Produkte\"],\"inLanguage\":\"de\",\"potentialAction\":[{\"@type\":\"CommentAction\",\"name\":\"Comment\",\"target\":[\"https:\\\/\\\/www.viaprinto.de\\\/blog\\\/wandkalender-upgrade-fuer-veredelten-auftritt-und-mehr-fuelle\\\/#respond\"]}]},{\"@type\":\"WebPage\",\"@id\":\"https:\\\/\\\/www.viaprinto.de\\\/blog\\\/wandkalender-upgrade-fuer-veredelten-auftritt-und-mehr-fuelle\\\/\",\"url\":\"https:\\\/\\\/www.viaprinto.de\\\/blog\\\/wandkalender-upgrade-fuer-veredelten-auftritt-und-mehr-fuelle\\\/\",\"name\":\"Neu: Wandkalender-Upgrade | viaprinto Blog\",\"isPartOf\":{\"@id\":\"https:\\\/\\\/www.viaprinto.de\\\/blog\\\/#website\"},\"primaryImageOfPage\":{\"@id\":\"https:\\\/\\\/www.viaprinto.de\\\/blog\\\/wandkalender-upgrade-fuer-veredelten-auftritt-und-mehr-fuelle\\\/#primaryimage\"},\"image\":{\"@id\":\"https:\\\/\\\/www.viaprinto.de\\\/blog\\\/wandkalender-upgrade-fuer-veredelten-auftritt-und-mehr-fuelle\\\/#primaryimage\"},\"thumbnailUrl\":\"https:\\\/\\\/www.viaprinto.de\\\/blog\\\/wp-content\\\/uploads\\\/2015\\\/06\\\/kalender_2015-1.png\",\"description\":\"viaprinto Blog | Wandkalender jetzt auch optional mit Abdeckfolie und bis zu 15 Seiten | Hier erfahren Sie mehr.\",\"breadcrumb\":{\"@id\":\"https:\\\/\\\/www.viaprinto.de\\\/blog\\\/wandkalender-upgrade-fuer-veredelten-auftritt-und-mehr-fuelle\\\/#breadcrumb\"},\"inLanguage\":\"de\",\"potentialAction\":[{\"@type\":\"ReadAction\",\"target\":[\"https:\\\/\\\/www.viaprinto.de\\\/blog\\\/wandkalender-upgrade-fuer-veredelten-auftritt-und-mehr-fuelle\\\/\"]}]},{\"@type\":\"ImageObject\",\"inLanguage\":\"de\",\"@id\":\"https:\\\/\\\/www.viaprinto.de\\\/blog\\\/wandkalender-upgrade-fuer-veredelten-auftritt-und-mehr-fuelle\\\/#primaryimage\",\"url\":\"https:\\\/\\\/www.viaprinto.de\\\/blog\\\/wp-content\\\/uploads\\\/2015\\\/06\\\/kalender_2015-1.png\",\"contentUrl\":\"https:\\\/\\\/www.viaprinto.de\\\/blog\\\/wp-content\\\/uploads\\\/2015\\\/06\\\/kalender_2015-1.png\",\"width\":845,\"height\":321,\"caption\":\"kalender_2015 \u00a9 viaprinto\"},{\"@type\":\"BreadcrumbList\",\"@id\":\"https:\\\/\\\/www.viaprinto.de\\\/blog\\\/wandkalender-upgrade-fuer-veredelten-auftritt-und-mehr-fuelle\\\/#breadcrumb\",\"itemListElement\":[{\"@type\":\"ListItem\",\"position\":1,\"name\":\"Startseite\",\"item\":\"https:\\\/\\\/www.viaprinto.de\\\/blog\\\/\"},{\"@type\":\"ListItem\",\"position\":2,\"name\":\"Wandkalender-Upgrade f\u00fcr veredelten Auftritt mit F\u00fclle.\"}]},{\"@type\":\"WebSite\",\"@id\":\"https:\\\/\\\/www.viaprinto.de\\\/blog\\\/#website\",\"url\":\"https:\\\/\\\/www.viaprinto.de\\\/blog\\\/\",\"name\":\"viaprinto Blog | Alles \u00fcber den Druck\",\"description\":\"\",\"publisher\":{\"@id\":\"https:\\\/\\\/www.viaprinto.de\\\/blog\\\/#organization\"},\"potentialAction\":[{\"@type\":\"SearchAction\",\"target\":{\"@type\":\"EntryPoint\",\"urlTemplate\":\"https:\\\/\\\/www.viaprinto.de\\\/blog\\\/?s={search_term_string}\"},\"query-input\":{\"@type\":\"PropertyValueSpecification\",\"valueRequired\":true,\"valueName\":\"search_term_string\"}}],\"inLanguage\":\"de\"},{\"@type\":\"Organization\",\"@id\":\"https:\\\/\\\/www.viaprinto.de\\\/blog\\\/#organization\",\"name\":\"viaprinto\",\"url\":\"https:\\\/\\\/www.viaprinto.de\\\/blog\\\/\",\"logo\":{\"@type\":\"ImageObject\",\"inLanguage\":\"de\",\"@id\":\"https:\\\/\\\/www.viaprinto.de\\\/blog\\\/#\\\/schema\\\/logo\\\/image\\\/\",\"url\":\"https:\\\/\\\/www.viaprinto.de\\\/blog\\\/wp-content\\\/uploads\\\/2022\\\/12\\\/viaprinto-blog-logo.svg\",\"contentUrl\":\"https:\\\/\\\/www.viaprinto.de\\\/blog\\\/wp-content\\\/uploads\\\/2022\\\/12\\\/viaprinto-blog-logo.svg\",\"caption\":\"viaprinto\"},\"image\":{\"@id\":\"https:\\\/\\\/www.viaprinto.de\\\/blog\\\/#\\\/schema\\\/logo\\\/image\\\/\"},\"sameAs\":[\"https:\\\/\\\/www.linkedin.com\\\/company\\\/viaprinto\"]},{\"@type\":\"Person\",\"@id\":\"https:\\\/\\\/www.viaprinto.de\\\/blog\\\/#\\\/schema\\\/person\\\/3c99507c1660c1f0bef1f76812fb55d9\",\"name\":\"Isabel J\u00f6dicke\",\"url\":\"https:\\\/\\\/www.viaprinto.de\\\/blog\\\/author\\\/isabel-joedickeviaprinto-de\\\/\"}]}<\/script>\n<!-- \/ Yoast SEO plugin. -->","yoast_head_json":{"title":"Neu: Wandkalender-Upgrade | viaprinto Blog","description":"viaprinto Blog | Wandkalender jetzt auch optional mit Abdeckfolie und bis zu 15 Seiten | Hier erfahren Sie mehr.","robots":{"index":"index","follow":"follow","max-snippet":"max-snippet:-1","max-image-preview":"max-image-preview:large","max-video-preview":"max-video-preview:-1"},"canonical":"https:\/\/www.viaprinto.de\/blog\/wandkalender-upgrade-fuer-veredelten-auftritt-und-mehr-fuelle\/","og_locale":"de_DE","og_type":"article","og_title":"Neu: Wandkalender-Upgrade | viaprinto Blog","og_description":"viaprinto Blog | Wandkalender jetzt auch optional mit Abdeckfolie und bis zu 15 Seiten | Hier erfahren Sie mehr.","og_url":"https:\/\/www.viaprinto.de\/blog\/wandkalender-upgrade-fuer-veredelten-auftritt-und-mehr-fuelle\/","og_site_name":"viaprinto Blog | Alles \u00fcber den Druck","article_published_time":"2016-06-14T06:46:07+00:00","og_image":[{"width":845,"height":321,"url":"https:\/\/www.viaprinto.de\/blog\/wp-content\/uploads\/2015\/06\/kalender_2015-1.png","type":"image\/png"}],"author":"Isabel J\u00f6dicke","schema":{"@context":"https:\/\/schema.org","@graph":[{"@type":"Article","@id":"https:\/\/www.viaprinto.de\/blog\/wandkalender-upgrade-fuer-veredelten-auftritt-und-mehr-fuelle\/#article","isPartOf":{"@id":"https:\/\/www.viaprinto.de\/blog\/wandkalender-upgrade-fuer-veredelten-auftritt-und-mehr-fuelle\/"},"author":{"name":"Isabel J\u00f6dicke","@id":"https:\/\/www.viaprinto.de\/blog\/#\/schema\/person\/3c99507c1660c1f0bef1f76812fb55d9"},"headline":"Wandkalender-Upgrade f\u00fcr veredelten Auftritt mit F\u00fclle.","datePublished":"2016-06-14T06:46:07+00:00","mainEntityOfPage":{"@id":"https:\/\/www.viaprinto.de\/blog\/wandkalender-upgrade-fuer-veredelten-auftritt-und-mehr-fuelle\/"},"wordCount":233,"commentCount":0,"publisher":{"@id":"https:\/\/www.viaprinto.de\/blog\/#organization"},"image":{"@id":"https:\/\/www.viaprinto.de\/blog\/wandkalender-upgrade-fuer-veredelten-auftritt-und-mehr-fuelle\/#primaryimage"},"thumbnailUrl":"https:\/\/www.viaprinto.de\/blog\/wp-content\/uploads\/2015\/06\/kalender_2015-1.png","keywords":["Kalender","Wandkalender"],"articleSection":["Produkte"],"inLanguage":"de","potentialAction":[{"@type":"CommentAction","name":"Comment","target":["https:\/\/www.viaprinto.de\/blog\/wandkalender-upgrade-fuer-veredelten-auftritt-und-mehr-fuelle\/#respond"]}]},{"@type":"WebPage","@id":"https:\/\/www.viaprinto.de\/blog\/wandkalender-upgrade-fuer-veredelten-auftritt-und-mehr-fuelle\/","url":"https:\/\/www.viaprinto.de\/blog\/wandkalender-upgrade-fuer-veredelten-auftritt-und-mehr-fuelle\/","name":"Neu: Wandkalender-Upgrade | viaprinto Blog","isPartOf":{"@id":"https:\/\/www.viaprinto.de\/blog\/#website"},"primaryImageOfPage":{"@id":"https:\/\/www.viaprinto.de\/blog\/wandkalender-upgrade-fuer-veredelten-auftritt-und-mehr-fuelle\/#primaryimage"},"image":{"@id":"https:\/\/www.viaprinto.de\/blog\/wandkalender-upgrade-fuer-veredelten-auftritt-und-mehr-fuelle\/#primaryimage"},"thumbnailUrl":"https:\/\/www.viaprinto.de\/blog\/wp-content\/uploads\/2015\/06\/kalender_2015-1.png","description":"viaprinto Blog | Wandkalender jetzt auch optional mit Abdeckfolie und bis zu 15 Seiten | Hier erfahren Sie mehr.","breadcrumb":{"@id":"https:\/\/www.viaprinto.de\/blog\/wandkalender-upgrade-fuer-veredelten-auftritt-und-mehr-fuelle\/#breadcrumb"},"inLanguage":"de","potentialAction":[{"@type":"ReadAction","target":["https:\/\/www.viaprinto.de\/blog\/wandkalender-upgrade-fuer-veredelten-auftritt-und-mehr-fuelle\/"]}]},{"@type":"ImageObject","inLanguage":"de","@id":"https:\/\/www.viaprinto.de\/blog\/wandkalender-upgrade-fuer-veredelten-auftritt-und-mehr-fuelle\/#primaryimage","url":"https:\/\/www.viaprinto.de\/blog\/wp-content\/uploads\/2015\/06\/kalender_2015-1.png","contentUrl":"https:\/\/www.viaprinto.de\/blog\/wp-content\/uploads\/2015\/06\/kalender_2015-1.png","width":845,"height":321,"caption":"kalender_2015 \u00a9 viaprinto"},{"@type":"BreadcrumbList","@id":"https:\/\/www.viaprinto.de\/blog\/wandkalender-upgrade-fuer-veredelten-auftritt-und-mehr-fuelle\/#breadcrumb","itemListElement":[{"@type":"ListItem","position":1,"name":"Startseite","item":"https:\/\/www.viaprinto.de\/blog\/"},{"@type":"ListItem","position":2,"name":"Wandkalender-Upgrade f\u00fcr veredelten Auftritt mit F\u00fclle."}]},{"@type":"WebSite","@id":"https:\/\/www.viaprinto.de\/blog\/#website","url":"https:\/\/www.viaprinto.de\/blog\/","name":"viaprinto Blog | Alles \u00fcber den Druck","description":"","publisher":{"@id":"https:\/\/www.viaprinto.de\/blog\/#organization"},"potentialAction":[{"@type":"SearchAction","target":{"@type":"EntryPoint","urlTemplate":"https:\/\/www.viaprinto.de\/blog\/?s={search_term_string}"},"query-input":{"@type":"PropertyValueSpecification","valueRequired":true,"valueName":"search_term_string"}}],"inLanguage":"de"},{"@type":"Organization","@id":"https:\/\/www.viaprinto.de\/blog\/#organization","name":"viaprinto","url":"https:\/\/www.viaprinto.de\/blog\/","logo":{"@type":"ImageObject","inLanguage":"de","@id":"https:\/\/www.viaprinto.de\/blog\/#\/schema\/logo\/image\/","url":"https:\/\/www.viaprinto.de\/blog\/wp-content\/uploads\/2022\/12\/viaprinto-blog-logo.svg","contentUrl":"https:\/\/www.viaprinto.de\/blog\/wp-content\/uploads\/2022\/12\/viaprinto-blog-logo.svg","caption":"viaprinto"},"image":{"@id":"https:\/\/www.viaprinto.de\/blog\/#\/schema\/logo\/image\/"},"sameAs":["https:\/\/www.linkedin.com\/company\/viaprinto"]},{"@type":"Person","@id":"https:\/\/www.viaprinto.de\/blog\/#\/schema\/person\/3c99507c1660c1f0bef1f76812fb55d9","name":"Isabel J\u00f6dicke","url":"https:\/\/www.viaprinto.de\/blog\/author\/isabel-joedickeviaprinto-de\/"}]}},"mfb_rest_fields":["title","yoast_head","yoast_head_json"],"_links":{"self":[{"href":"https:\/\/www.viaprinto.de\/blog\/wp-json\/wp\/v2\/posts\/9044","targetHints":{"allow":["GET"]}}],"collection":[{"href":"https:\/\/www.viaprinto.de\/blog\/wp-json\/wp\/v2\/posts"}],"about":[{"href":"https:\/\/www.viaprinto.de\/blog\/wp-json\/wp\/v2\/types\/post"}],"author":[{"embeddable":true,"href":"https:\/\/www.viaprinto.de\/blog\/wp-json\/wp\/v2\/users\/7"}],"replies":[{"embeddable":true,"href":"https:\/\/www.viaprinto.de\/blog\/wp-json\/wp\/v2\/comments?post=9044"}],"version-history":[{"count":0,"href":"https:\/\/www.viaprinto.de\/blog\/wp-json\/wp\/v2\/posts\/9044\/revisions"}],"wp:featuredmedia":[{"embeddable":true,"href":"https:\/\/www.viaprinto.de\/blog\/wp-json\/wp\/v2\/media\/7746"}],"wp:attachment":[{"href":"https:\/\/www.viaprinto.de\/blog\/wp-json\/wp\/v2\/media?parent=9044"}],"wp:term":[{"taxonomy":"category","embeddable":true,"href":"https:\/\/www.viaprinto.de\/blog\/wp-json\/wp\/v2\/categories?post=9044"},{"taxonomy":"post_tag","embeddable":true,"href":"https:\/\/www.viaprinto.de\/blog\/wp-json\/wp\/v2\/tags?post=9044"}],"curies":[{"name":"wp","href":"https:\/\/api.w.org\/{rel}","templated":true}]}}