{"id":8507,"date":"2016-02-04T10:00:51","date_gmt":"2016-02-04T09:00:51","guid":{"rendered":"https:\/\/www.viaprinto.de\/blog\/?p=8507"},"modified":"2016-02-04T10:00:51","modified_gmt":"2016-02-04T09:00:51","slug":"das-jahr-in-der-westentasche","status":"publish","type":"post","link":"https:\/\/www.viaprinto.de\/blog\/das-jahr-in-der-westentasche\/","title":{"rendered":"Das Jahr in der Westentasche."},"content":{"rendered":"<p><em>Handlich, schmal und \u00fcbersichtlich \u2013 nein, die Rede ist nicht von der mickrigen Blume auf der Fensterbank, sondern von unseren Taschenkalendern! Die kleine Jahres\u00fcbersicht passt schon in eine Westentasche und eignet sich hervorragend als Werbetr\u00e4ger \u201ef\u00fcr zwischendurch\u201c.<\/em><\/p>\n<p>Auch wenn man meinen k\u00f6nnte, dass elektronische Organizer einiges erleichtern und Papier-Kalender somit \u00fcberfl\u00fcssig sind, schw\u00f6ren Viele auf die bew\u00e4hrten analogen Varianten: Schnell verschaffen sie einen \u00dcberblick \u00fcber Tage und Kalenderwochen oder hauchen dem Jahr durch eigene Designs Individualit\u00e4t ein. Bei viaprinto k\u00f6nnen die kleinen Begleiter ab sofort noch schneller konfiguriert werden.<\/p>\n<p>Das Handling beim Platzieren des Firmenlogos oder Claims auf der R\u00fcckseite haben wir f\u00fcr Sie stark verbessert. So w\u00e4hlen Sie nach der Konfiguration mit Klick auf \u201eLayout verwenden\u201c eine der f\u00fcnf kostenlosen Kalendervorlagen aus und platzieren sie so direkt in Ihrem Printprodukt. Die zweite Seite des Taschenkalenders belegen Sie ganz einfach \u00fcber den Upload Ihres Logos oder eine gestaltete Einzelseite, etwa in Ihrem Corporate Design.<\/p>\n<figure id=\"attachment_8509\" aria-describedby=\"caption-attachment-8509\" style=\"width: 300px\" class=\"wp-caption alignleft\"><a href=\"https:\/\/www.viaprinto.de\/blog\/wp-content\/uploads\/2016\/02\/screenshot-Taschenkalender_drucken_lassen_viaprinto_Druckerei.jpg\" rel=\"attachment wp-att-8509\" data-rel=\"lightbox-image-0\" data-rl_title=\"\" data-rl_caption=\"\" title=\"\"><img loading=\"lazy\" decoding=\"async\" class=\"wp-image-8509 size-medium\" src=\"https:\/\/www.viaprinto.de\/blog\/wp-content\/uploads\/2016\/02\/screenshot-Taschenkalender_drucken_lassen_viaprinto_Druckerei-300x155.jpg\" alt=\"Bild: viaprinto\" width=\"300\" height=\"155\" \/><\/a><figcaption id=\"caption-attachment-8509\" class=\"wp-caption-text\">Screenshot &#8222;Layout verwenden&#8220;<\/figcaption><\/figure>\n<p>Mit \u201edrag `n drop\u201c ist Ihre Kalenderr\u00fcckseite in Nullkommanichts in der Vorschau sichtbar. Und gef\u00e4llt Ihnen die Wahl nicht, dann ziehen Sie die geladene Datei in den virtuellen Papierkorb: Der kreative Neustart ist jederzeit m\u00f6glich.<\/p>\n<p>Sie finden Layout Vorlagen der Kalendarien zum Download und eigenen Gestaltung wie gewohnt in unserer <a href=\"https:\/\/www.viaprinto.de\/hilfe\/produktinformationen\/taschenkalender\/index.html\" target=\"_blank\" rel=\"noopener noreferrer\">Hilfe <\/a>und nun auch im <a href=\"https:\/\/www.viaprinto.de\/-\/layout_templates?CLIMATE_PRINTING=none&amp;PAGES=2&amp;DOMAIN=DE&amp;SERIES=pocket-calendar&amp;CONTENT_FINISHING=film-lamination-glossy-frontback&amp;DELIVERY_COUNTRY=DE&amp;NUMBER_OF_RECIPIENTS=1&amp;DELIVERY=economy&amp;FILE_AUDIT=basic&amp;CONTENT_SIZE=54x86&amp;CONTENT_COLOR=4%2F4&amp;AMOUNT=100&amp;CONTENT_PAPER=pvc-white-760\" target=\"_blank\" rel=\"noopener noreferrer\">Upload\/Vorschau-Bereich<\/a> der Taschenkalender unter \u201eLayout verwenden\u201c. In beiden Bereichen stehen Kalendarien in den Farben blau, gr\u00fcn, orange, rot und grau zur Verf\u00fcgung. Nat\u00fcrlich in den Auspr\u00e4gungen hoch oder quer.<\/p>\n<p>Selbstgemachtes ist \u201ein\u201c. Probieren Sie sich aus und lassen den Ideen freien Lauf in Ihrer pers\u00f6nlichen \u201eJahresgestaltung\u201c.<\/p>\n","protected":false},"excerpt":{"rendered":"<p>Online-Terminplaner, elektronische Organizer, Reminder &#8211; es wimmelt und t\u00f6nt, wenn Handys und PC-Programme an Fristen erinnern sollen. Zum Gl\u00fcck gehts auch noch anders. Analoge Kalendarien sind dezent, k\u00f6nnen aber auch stark im Auftritt sein. Taschenkalender etwa, zeigen das Jahr im \u00dcberblick und k\u00f6nnen mit tollen Designs die Terminplanung versch\u00f6nern.  <\/p>\n","protected":false},"author":7,"featured_media":8018,"comment_status":"open","ping_status":"open","sticky":false,"template":"","format":"standard","meta":{"_acf_changed":false,"inline_featured_image":false,"footnotes":""},"categories":[8],"tags":[],"class_list":["post-8507","post","type-post","status-publish","format-standard","has-post-thumbnail","hentry","category-produkte"],"mb":[],"acf":[],"yoast_head":"<!-- This site is optimized with the Yoast SEO plugin v27.4 - https:\/\/yoast.com\/product\/yoast-seo-wordpress\/ -->\n<title>Taschenkalender Layout verwenden | viaprinto Blog<\/title>\n<meta name=\"description\" content=\"viaprinto Blog | Handlich, schmal und \u00fcbersichtlich | Taschenkalender jetzt noch einfacher konfigurieren | Verwenden Sie unsere Layouts.\" \/>\n<meta name=\"robots\" content=\"index, follow, max-snippet:-1, max-image-preview:large, max-video-preview:-1\" \/>\n<link rel=\"canonical\" href=\"https:\/\/www.viaprinto.de\/blog\/das-jahr-in-der-westentasche\/\" \/>\n<meta property=\"og:locale\" content=\"de_DE\" \/>\n<meta property=\"og:type\" content=\"article\" \/>\n<meta property=\"og:title\" content=\"Taschenkalender Layout verwenden | viaprinto Blog\" \/>\n<meta property=\"og:description\" content=\"viaprinto Blog | Handlich, schmal und \u00fcbersichtlich | Taschenkalender jetzt noch einfacher konfigurieren | Verwenden Sie unsere Layouts.\" \/>\n<meta property=\"og:url\" content=\"https:\/\/www.viaprinto.de\/blog\/das-jahr-in-der-westentasche\/\" \/>\n<meta property=\"og:site_name\" content=\"viaprinto Blog | Alles \u00fcber den Druck\" \/>\n<meta property=\"article:published_time\" content=\"2016-02-04T09:00:51+00:00\" \/>\n<meta property=\"og:image\" content=\"https:\/\/www.viaprinto.de\/blog\/wp-content\/uploads\/2015\/10\/20150930_taschenkalender_blog-1.png\" \/>\n\t<meta property=\"og:image:width\" content=\"1700\" \/>\n\t<meta property=\"og:image:height\" content=\"640\" \/>\n\t<meta property=\"og:image:type\" content=\"image\/png\" \/>\n<meta name=\"author\" content=\"Isabel J\u00f6dicke\" \/>\n<script type=\"application\/ld+json\" class=\"yoast-schema-graph\">{\"@context\":\"https:\\\/\\\/schema.org\",\"@graph\":[{\"@type\":\"Article\",\"@id\":\"https:\\\/\\\/www.viaprinto.de\\\/blog\\\/das-jahr-in-der-westentasche\\\/#article\",\"isPartOf\":{\"@id\":\"https:\\\/\\\/www.viaprinto.de\\\/blog\\\/das-jahr-in-der-westentasche\\\/\"},\"author\":{\"name\":\"Isabel J\u00f6dicke\",\"@id\":\"https:\\\/\\\/www.viaprinto.de\\\/blog\\\/#\\\/schema\\\/person\\\/3c99507c1660c1f0bef1f76812fb55d9\"},\"headline\":\"Das Jahr in der Westentasche.\",\"datePublished\":\"2016-02-04T09:00:51+00:00\",\"mainEntityOfPage\":{\"@id\":\"https:\\\/\\\/www.viaprinto.de\\\/blog\\\/das-jahr-in-der-westentasche\\\/\"},\"wordCount\":291,\"commentCount\":1,\"publisher\":{\"@id\":\"https:\\\/\\\/www.viaprinto.de\\\/blog\\\/#organization\"},\"image\":{\"@id\":\"https:\\\/\\\/www.viaprinto.de\\\/blog\\\/das-jahr-in-der-westentasche\\\/#primaryimage\"},\"thumbnailUrl\":\"https:\\\/\\\/www.viaprinto.de\\\/blog\\\/wp-content\\\/uploads\\\/2015\\\/10\\\/20150930_taschenkalender_blog-1.png\",\"articleSection\":[\"Produkte\"],\"inLanguage\":\"de\",\"potentialAction\":[{\"@type\":\"CommentAction\",\"name\":\"Comment\",\"target\":[\"https:\\\/\\\/www.viaprinto.de\\\/blog\\\/das-jahr-in-der-westentasche\\\/#respond\"]}]},{\"@type\":\"WebPage\",\"@id\":\"https:\\\/\\\/www.viaprinto.de\\\/blog\\\/das-jahr-in-der-westentasche\\\/\",\"url\":\"https:\\\/\\\/www.viaprinto.de\\\/blog\\\/das-jahr-in-der-westentasche\\\/\",\"name\":\"Taschenkalender Layout verwenden | viaprinto Blog\",\"isPartOf\":{\"@id\":\"https:\\\/\\\/www.viaprinto.de\\\/blog\\\/#website\"},\"primaryImageOfPage\":{\"@id\":\"https:\\\/\\\/www.viaprinto.de\\\/blog\\\/das-jahr-in-der-westentasche\\\/#primaryimage\"},\"image\":{\"@id\":\"https:\\\/\\\/www.viaprinto.de\\\/blog\\\/das-jahr-in-der-westentasche\\\/#primaryimage\"},\"thumbnailUrl\":\"https:\\\/\\\/www.viaprinto.de\\\/blog\\\/wp-content\\\/uploads\\\/2015\\\/10\\\/20150930_taschenkalender_blog-1.png\",\"description\":\"viaprinto Blog | Handlich, schmal und \u00fcbersichtlich | Taschenkalender jetzt noch einfacher konfigurieren | Verwenden Sie unsere Layouts.\",\"breadcrumb\":{\"@id\":\"https:\\\/\\\/www.viaprinto.de\\\/blog\\\/das-jahr-in-der-westentasche\\\/#breadcrumb\"},\"inLanguage\":\"de\",\"potentialAction\":[{\"@type\":\"ReadAction\",\"target\":[\"https:\\\/\\\/www.viaprinto.de\\\/blog\\\/das-jahr-in-der-westentasche\\\/\"]}]},{\"@type\":\"ImageObject\",\"inLanguage\":\"de\",\"@id\":\"https:\\\/\\\/www.viaprinto.de\\\/blog\\\/das-jahr-in-der-westentasche\\\/#primaryimage\",\"url\":\"https:\\\/\\\/www.viaprinto.de\\\/blog\\\/wp-content\\\/uploads\\\/2015\\\/10\\\/20150930_taschenkalender_blog-1.png\",\"contentUrl\":\"https:\\\/\\\/www.viaprinto.de\\\/blog\\\/wp-content\\\/uploads\\\/2015\\\/10\\\/20150930_taschenkalender_blog-1.png\",\"width\":1700,\"height\":640},{\"@type\":\"BreadcrumbList\",\"@id\":\"https:\\\/\\\/www.viaprinto.de\\\/blog\\\/das-jahr-in-der-westentasche\\\/#breadcrumb\",\"itemListElement\":[{\"@type\":\"ListItem\",\"position\":1,\"name\":\"Startseite\",\"item\":\"https:\\\/\\\/www.viaprinto.de\\\/blog\\\/\"},{\"@type\":\"ListItem\",\"position\":2,\"name\":\"Das Jahr in der Westentasche.\"}]},{\"@type\":\"WebSite\",\"@id\":\"https:\\\/\\\/www.viaprinto.de\\\/blog\\\/#website\",\"url\":\"https:\\\/\\\/www.viaprinto.de\\\/blog\\\/\",\"name\":\"viaprinto Blog | Alles \u00fcber den Druck\",\"description\":\"\",\"publisher\":{\"@id\":\"https:\\\/\\\/www.viaprinto.de\\\/blog\\\/#organization\"},\"potentialAction\":[{\"@type\":\"SearchAction\",\"target\":{\"@type\":\"EntryPoint\",\"urlTemplate\":\"https:\\\/\\\/www.viaprinto.de\\\/blog\\\/?s={search_term_string}\"},\"query-input\":{\"@type\":\"PropertyValueSpecification\",\"valueRequired\":true,\"valueName\":\"search_term_string\"}}],\"inLanguage\":\"de\"},{\"@type\":\"Organization\",\"@id\":\"https:\\\/\\\/www.viaprinto.de\\\/blog\\\/#organization\",\"name\":\"viaprinto\",\"url\":\"https:\\\/\\\/www.viaprinto.de\\\/blog\\\/\",\"logo\":{\"@type\":\"ImageObject\",\"inLanguage\":\"de\",\"@id\":\"https:\\\/\\\/www.viaprinto.de\\\/blog\\\/#\\\/schema\\\/logo\\\/image\\\/\",\"url\":\"https:\\\/\\\/www.viaprinto.de\\\/blog\\\/wp-content\\\/uploads\\\/2022\\\/12\\\/viaprinto-blog-logo.svg\",\"contentUrl\":\"https:\\\/\\\/www.viaprinto.de\\\/blog\\\/wp-content\\\/uploads\\\/2022\\\/12\\\/viaprinto-blog-logo.svg\",\"caption\":\"viaprinto\"},\"image\":{\"@id\":\"https:\\\/\\\/www.viaprinto.de\\\/blog\\\/#\\\/schema\\\/logo\\\/image\\\/\"},\"sameAs\":[\"https:\\\/\\\/www.linkedin.com\\\/company\\\/viaprinto\"]},{\"@type\":\"Person\",\"@id\":\"https:\\\/\\\/www.viaprinto.de\\\/blog\\\/#\\\/schema\\\/person\\\/3c99507c1660c1f0bef1f76812fb55d9\",\"name\":\"Isabel J\u00f6dicke\",\"url\":\"https:\\\/\\\/www.viaprinto.de\\\/blog\\\/author\\\/isabel-joedickeviaprinto-de\\\/\"}]}<\/script>\n<!-- \/ Yoast SEO plugin. -->","yoast_head_json":{"title":"Taschenkalender Layout verwenden | viaprinto Blog","description":"viaprinto Blog | Handlich, schmal und \u00fcbersichtlich | Taschenkalender jetzt noch einfacher konfigurieren | Verwenden Sie unsere Layouts.","robots":{"index":"index","follow":"follow","max-snippet":"max-snippet:-1","max-image-preview":"max-image-preview:large","max-video-preview":"max-video-preview:-1"},"canonical":"https:\/\/www.viaprinto.de\/blog\/das-jahr-in-der-westentasche\/","og_locale":"de_DE","og_type":"article","og_title":"Taschenkalender Layout verwenden | viaprinto Blog","og_description":"viaprinto Blog | Handlich, schmal und \u00fcbersichtlich | Taschenkalender jetzt noch einfacher konfigurieren | Verwenden Sie unsere Layouts.","og_url":"https:\/\/www.viaprinto.de\/blog\/das-jahr-in-der-westentasche\/","og_site_name":"viaprinto Blog | Alles \u00fcber den Druck","article_published_time":"2016-02-04T09:00:51+00:00","og_image":[{"width":1700,"height":640,"url":"https:\/\/www.viaprinto.de\/blog\/wp-content\/uploads\/2015\/10\/20150930_taschenkalender_blog-1.png","type":"image\/png"}],"author":"Isabel J\u00f6dicke","schema":{"@context":"https:\/\/schema.org","@graph":[{"@type":"Article","@id":"https:\/\/www.viaprinto.de\/blog\/das-jahr-in-der-westentasche\/#article","isPartOf":{"@id":"https:\/\/www.viaprinto.de\/blog\/das-jahr-in-der-westentasche\/"},"author":{"name":"Isabel J\u00f6dicke","@id":"https:\/\/www.viaprinto.de\/blog\/#\/schema\/person\/3c99507c1660c1f0bef1f76812fb55d9"},"headline":"Das Jahr in der Westentasche.","datePublished":"2016-02-04T09:00:51+00:00","mainEntityOfPage":{"@id":"https:\/\/www.viaprinto.de\/blog\/das-jahr-in-der-westentasche\/"},"wordCount":291,"commentCount":1,"publisher":{"@id":"https:\/\/www.viaprinto.de\/blog\/#organization"},"image":{"@id":"https:\/\/www.viaprinto.de\/blog\/das-jahr-in-der-westentasche\/#primaryimage"},"thumbnailUrl":"https:\/\/www.viaprinto.de\/blog\/wp-content\/uploads\/2015\/10\/20150930_taschenkalender_blog-1.png","articleSection":["Produkte"],"inLanguage":"de","potentialAction":[{"@type":"CommentAction","name":"Comment","target":["https:\/\/www.viaprinto.de\/blog\/das-jahr-in-der-westentasche\/#respond"]}]},{"@type":"WebPage","@id":"https:\/\/www.viaprinto.de\/blog\/das-jahr-in-der-westentasche\/","url":"https:\/\/www.viaprinto.de\/blog\/das-jahr-in-der-westentasche\/","name":"Taschenkalender Layout verwenden | viaprinto Blog","isPartOf":{"@id":"https:\/\/www.viaprinto.de\/blog\/#website"},"primaryImageOfPage":{"@id":"https:\/\/www.viaprinto.de\/blog\/das-jahr-in-der-westentasche\/#primaryimage"},"image":{"@id":"https:\/\/www.viaprinto.de\/blog\/das-jahr-in-der-westentasche\/#primaryimage"},"thumbnailUrl":"https:\/\/www.viaprinto.de\/blog\/wp-content\/uploads\/2015\/10\/20150930_taschenkalender_blog-1.png","description":"viaprinto Blog | Handlich, schmal und \u00fcbersichtlich | Taschenkalender jetzt noch einfacher konfigurieren | Verwenden Sie unsere Layouts.","breadcrumb":{"@id":"https:\/\/www.viaprinto.de\/blog\/das-jahr-in-der-westentasche\/#breadcrumb"},"inLanguage":"de","potentialAction":[{"@type":"ReadAction","target":["https:\/\/www.viaprinto.de\/blog\/das-jahr-in-der-westentasche\/"]}]},{"@type":"ImageObject","inLanguage":"de","@id":"https:\/\/www.viaprinto.de\/blog\/das-jahr-in-der-westentasche\/#primaryimage","url":"https:\/\/www.viaprinto.de\/blog\/wp-content\/uploads\/2015\/10\/20150930_taschenkalender_blog-1.png","contentUrl":"https:\/\/www.viaprinto.de\/blog\/wp-content\/uploads\/2015\/10\/20150930_taschenkalender_blog-1.png","width":1700,"height":640},{"@type":"BreadcrumbList","@id":"https:\/\/www.viaprinto.de\/blog\/das-jahr-in-der-westentasche\/#breadcrumb","itemListElement":[{"@type":"ListItem","position":1,"name":"Startseite","item":"https:\/\/www.viaprinto.de\/blog\/"},{"@type":"ListItem","position":2,"name":"Das Jahr in der Westentasche."}]},{"@type":"WebSite","@id":"https:\/\/www.viaprinto.de\/blog\/#website","url":"https:\/\/www.viaprinto.de\/blog\/","name":"viaprinto Blog | Alles \u00fcber den Druck","description":"","publisher":{"@id":"https:\/\/www.viaprinto.de\/blog\/#organization"},"potentialAction":[{"@type":"SearchAction","target":{"@type":"EntryPoint","urlTemplate":"https:\/\/www.viaprinto.de\/blog\/?s={search_term_string}"},"query-input":{"@type":"PropertyValueSpecification","valueRequired":true,"valueName":"search_term_string"}}],"inLanguage":"de"},{"@type":"Organization","@id":"https:\/\/www.viaprinto.de\/blog\/#organization","name":"viaprinto","url":"https:\/\/www.viaprinto.de\/blog\/","logo":{"@type":"ImageObject","inLanguage":"de","@id":"https:\/\/www.viaprinto.de\/blog\/#\/schema\/logo\/image\/","url":"https:\/\/www.viaprinto.de\/blog\/wp-content\/uploads\/2022\/12\/viaprinto-blog-logo.svg","contentUrl":"https:\/\/www.viaprinto.de\/blog\/wp-content\/uploads\/2022\/12\/viaprinto-blog-logo.svg","caption":"viaprinto"},"image":{"@id":"https:\/\/www.viaprinto.de\/blog\/#\/schema\/logo\/image\/"},"sameAs":["https:\/\/www.linkedin.com\/company\/viaprinto"]},{"@type":"Person","@id":"https:\/\/www.viaprinto.de\/blog\/#\/schema\/person\/3c99507c1660c1f0bef1f76812fb55d9","name":"Isabel J\u00f6dicke","url":"https:\/\/www.viaprinto.de\/blog\/author\/isabel-joedickeviaprinto-de\/"}]}},"mfb_rest_fields":["title","yoast_head","yoast_head_json"],"_links":{"self":[{"href":"https:\/\/www.viaprinto.de\/blog\/wp-json\/wp\/v2\/posts\/8507","targetHints":{"allow":["GET"]}}],"collection":[{"href":"https:\/\/www.viaprinto.de\/blog\/wp-json\/wp\/v2\/posts"}],"about":[{"href":"https:\/\/www.viaprinto.de\/blog\/wp-json\/wp\/v2\/types\/post"}],"author":[{"embeddable":true,"href":"https:\/\/www.viaprinto.de\/blog\/wp-json\/wp\/v2\/users\/7"}],"replies":[{"embeddable":true,"href":"https:\/\/www.viaprinto.de\/blog\/wp-json\/wp\/v2\/comments?post=8507"}],"version-history":[{"count":0,"href":"https:\/\/www.viaprinto.de\/blog\/wp-json\/wp\/v2\/posts\/8507\/revisions"}],"wp:featuredmedia":[{"embeddable":true,"href":"https:\/\/www.viaprinto.de\/blog\/wp-json\/wp\/v2\/media\/8018"}],"wp:attachment":[{"href":"https:\/\/www.viaprinto.de\/blog\/wp-json\/wp\/v2\/media?parent=8507"}],"wp:term":[{"taxonomy":"category","embeddable":true,"href":"https:\/\/www.viaprinto.de\/blog\/wp-json\/wp\/v2\/categories?post=8507"},{"taxonomy":"post_tag","embeddable":true,"href":"https:\/\/www.viaprinto.de\/blog\/wp-json\/wp\/v2\/tags?post=8507"}],"curies":[{"name":"wp","href":"https:\/\/api.w.org\/{rel}","templated":true}]}}