{"id":6277,"date":"2015-07-16T09:02:42","date_gmt":"2015-07-16T07:02:42","guid":{"rendered":"https:\/\/www.viaprinto.de\/blog\/2015\/07\/layout-satz-satzspiegel-2\/"},"modified":"2015-07-16T09:02:42","modified_gmt":"2015-07-16T07:02:42","slug":"layout-satz-raster","status":"publish","type":"post","link":"https:\/\/www.viaprinto.de\/blog\/layout-satz-raster\/","title":{"rendered":"Folge 4: Ein stimmiges Bild dank Gestaltungsraster &#038; Co."},"content":{"rendered":"<p><em>Auf die vorherige Folge unserer Wissensreihe \u201eLayout &amp; Satz\u201c mit dem Thema \u201eDer Satzspiegel\u201c folgt nun in logischer Konsequenz ein Artikel zu den Gestaltungsrastern. Hier erkl\u00e4rt Charlotte Erdmann, wie Sie Ihr Layout strukturieren.<br \/>\n<\/em><\/p>\n<p>Hat man den Satzspiegel eines Dokuments festgelegt, geht es ans Gestaltungsraster. Mit dessen Hilfe werden den auf der Seite zu setzenden Elementen Platzierungsm\u00f6glichkeiten vorgegeben. Sie erhalten Struktur, die bei der Organisation der Elemente hilft.<\/p>\n<p><strong>Aufbau eines Gestaltungsrasters<br \/>\n<\/strong><\/p>\n<p>Wenn eine bestimmte Seitenaufteilung eingerichtet wurde (<a href=\"https:\/\/www.viaprinto.de\/blog\/2015\/07\/layout-satz-satzspiegel\/\" target=\"_blank\" rel=\"noopener\">siehe vorhergehende Folge<\/a>), geht es im zweiten Schritt darum, sich zu entscheiden, wie die Inhalte auf der Seite positioniert werden sollen. Hilfreich ist dabei das Gestaltungsraster, das \u2013 wie der Name schon sagt \u2013 eine Art Gitter oder Raster auf der Seite bildet. Grundlage dessen sind Linien. In Satzprogrammen wie InDesign kann man dabei ein Gitter aufbauen lassen, das bei der Platzierung der diversen Elemente hilft. Das Gitterbild ist dennoch von einigen Faktoren abh\u00e4ngig. Wollen Sie beispielsweise mit Spalten arbeiten, wie Sie sie in Zeitungen und Zeitschriften Anwendung finden, m\u00fcssen Sie die Spaltenabst\u00e4nde im Raster ber\u00fccksichtigen. Die Spaltenbreite bzw. die H\u00e4lfte der Spalte bilden im Raster die vertikalen Linien, w\u00e4hrend die H\u00f6he nach dem Zeilenabstand der Grundschrift errechnet wird.<\/p>\n<p><strong>Satz am Raster ausrichten<br \/>\n<\/strong><\/p>\n<p>Letztlich bleibt aber jedem selbst die Einteilung der Seite \u00fcberlassen. Wichtig ist nur, dass die gleichen Kanten wie bei der Platzierung des Satzspiegels genutzt werden und die Oberkante der Versalh\u00f6he dort platziert wird. Unten schlie\u00dft das Raster mit der Grundlinie der Schrift ab. Moderne Satzprogramme ber\u00fccksichtigen dies jedoch ganz automatisch, so dass keine Fehler beim Satz passieren k\u00f6nnen \u2013 vorausgesetzt Sie richten sich nach dem Gestaltungsraster.<\/p>\n<p><strong>Registerhaltigkeit<br \/>\n<\/strong><\/p>\n<p>Setzen Sie mehrseitige Dokumente, m\u00fcssen Sie hingegen nicht nur auf die Linienf\u00fchrung der einzelnen Seite achten. Damit zweiseitige Dokumente und Brosch\u00fcren mit Vorder- und R\u00fcckbedruckung einen guten Eindruck hinterlassen, sollten Sie auch die sogenannte Registerhaltigkeit ber\u00fccksichtigen. Denn insbesondere auf d\u00fcnnerem bzw. durchscheinendem Papier f\u00e4llt es sofort auf, wenn die Textzeilen auf Vorder- und R\u00fcckseite sich nicht an derselben Stelle befinden. Auf einer Doppelseite hingegen sollten die Zeilen auf der rechten Seite gleichauf mit <strong class=\"alignnone\"><a href=\"https:\/\/www.viaprinto.de\/blog\/wp-content\/uploads\/15072015_Summary.png\" target=\"_blank\" rel=\"noopener\" data-rel=\"lightbox-image-0\" data-rl_title=\"\" data-rl_caption=\"\" title=\"\"><img loading=\"lazy\" decoding=\"async\" class=\" alignright wp-image-6280\" src=\"https:\/\/www.viaprinto.de\/blog\/wp-content\/uploads\/15072015_Summary.png\" alt=\"15072015_Summary\" width=\"273\" height=\"273\" \/><\/a><\/strong>denen auf der linken Seite sein, um einen harmonischen Eindruck zu hinterlassen.<\/p>\n<p><strong>Grundlinienraster einsetzen<br \/>\n<\/strong><\/p>\n<p>Diese Grundregel, dass der Text sich am Grundlinienraster ausrichten muss, bezieht sich allerdings nur auf den Grundtext. Alle anderen Textteile wie \u00dcberschriften, Bildunterschriften etc. k\u00f6nnen davon abweichen. Hilfreich ist es dennoch, in den Layoutprogrammen wie InDesign oder QuarkXPress das Grundlinienraster zu aktivieren und daran alle Elemente gleicherma\u00dfen auszurichten. Sowohl QuarkXPress als auch InDesign verf\u00fcgen \u00fcber die Option eines Grundlinienrasters. In XPress l\u00e4sst sich dieses in den Vorgaben unter &#8222;Drucklayout&#8220;, &#8222;Absatz&#8220; einrichten. In Adobe InDesign finden Sie das Grundlinienraster im Men\u00fc &#8222;Ansicht&#8220; unter &#8222;Raster &amp; Hilfslinien&#8220;. Lesen Sie auch im <a href=\"https:\/\/www.viaprinto.de\/blog\/2015\/07\/typoraster\/\" target=\"_blank\" rel=\"noopener\">Tutorial<\/a>, wie Sie die Hilfslinien und Raster anlegen k\u00f6nnen.<\/p>\n<p><strong>Ein stimmiges Gesamtbild schaffen<br \/>\n<\/strong><\/p>\n<p>Haben Sie das Grundraster einmal erstellt und halten Sie sich beim Satz daran, ist der erste Schritt zu einem stimmigen Gesamtbild des Druckerzeugnisses getan. Doch auch beim Satz der weiteren Elemente m\u00fcssen Sie darauf achten, dass das Gesamtbild in sich einheitlich bleibt. Der Text sollte deshalb die Abbildungen st\u00fctzen, diese wiederum den Text begleiten (und nicht beliebig an irgendeine Stelle gesetzt werden). Gestalten Sie ein mehrseitiges Dokument, k\u00f6nnen Sie sich auch \u00fcberlegen, eine Art \u201eSpannungsbogen\u201c aufzubauen. Dieser sollte sowohl inhaltlich erfolgen (Kleinteiliges vor l\u00e4ngeren Texten, News vor Reportagen), als auch gestalterisch. Beispielsweise k\u00f6nnten Sie am Anfang mit vielen Abbildungen arbeiten, um dann die Abbildungen im hinteren Teil nur noch begleitend zum Text einzusetzen. Die Bilder sollten dabei eine einheitliche Bildsprache sprechen, wie auch der Text im Stil sich \u00e4hneln sollte.<\/p>\n<p><strong>Die Sprache des Lesers sprechen<\/strong><\/p>\n<p>Wenn Sie als Setzer bei diesen Inhalten kein Mitspracherecht haben, k\u00f6nnten Sie zumindest den Satz \u201eaus einem Guss\u201c machen und der Publikation damit eine einheitliche \u201eSprache\u201c verleihen \u2013 auch wenn es dann lediglich die Gestaltung betrifft. Diese aber muss sich auch an der Zielgruppe orientieren, denn Kinder m\u00fcssen anders (bildlastiger, verspielter) angesprochen werden, als Hippster (sehr modern, viel Wei\u00dfraum) oder Senioren (gro\u00dfe Schrift, Bilder). Wissenschaftspublikationen wiederum bed\u00fcrfen eines anderen Layouts als Tageszeitungen oder Firmenbrosch\u00fcren.<\/p>\n<p>Wie das Layout also am Ende tats\u00e4chlich aussehen wird, das entscheidet neben dem Layouter teils auch der Kunde, die Zielgruppe und das Medium. Dar\u00fcber hinaus sind aber auch die eingesetzten gestalterischen Elemente und die richtige Bild- und Schriftpositionierung entscheidend.<\/p>\n<figure id=\"attachment_4992\" aria-describedby=\"caption-attachment-4992\" style=\"width: 170px\" class=\"wp-caption alignleft\"><a href=\"https:\/\/www.viaprinto.de\/blog\/wp-content\/uploads\/2014\/06\/Charlotte_Erdmann1_Bild_Matthias-Martin.jpg\" data-rel=\"lightbox-image-1\" data-rl_title=\"\" data-rl_caption=\"\" title=\"\"><img loading=\"lazy\" decoding=\"async\" class=\" wp-image-4992\" src=\"https:\/\/www.viaprinto.de\/blog\/wp-content\/uploads\/2014\/06\/Charlotte_Erdmann1_Bild_Matthias-Martin.jpg\" alt=\"Charlotte Erdmann (Bild: Matthias Martin)\" width=\"170\" height=\"255\" \/><\/a><figcaption id=\"caption-attachment-4992\" class=\"wp-caption-text\">Charlotte Erdmann (Bild: Matthias Martin)<\/figcaption><\/figure>\n<p>&nbsp;<\/p>\n<p><em>Lesen Sie mehr \u00fcber die Schriftauswahl und die Positionierung der einzelnen Elemente im Layout in der kommenden Folge dieser Reihe.<\/em><\/p>\n<p><em>\u00a0<\/em><\/p>\n<p><em>\u00a0<\/em><\/p>\n<p>&nbsp;<\/p>\n<p>&nbsp;<\/p>\n<p>&nbsp;<\/p>\n<p>&nbsp;<\/p>\n<p>&nbsp;<\/p>\n<p>Bereits erschienen:<strong><br \/>\n<\/strong><a href=\"https:\/\/www.viaprinto.de\/blog\/2015\/05\/layout-satz\/\" target=\"_blank\" rel=\"noopener\">Papierformate<\/a><strong><br \/>\n<\/strong><a href=\"https:\/\/www.viaprinto.de\/blog\/2015\/06\/layout-satz-falz\/\" target=\"_blank\" rel=\"noopener\">Gute Gr\u00fcnde f\u00fcr die Falzung<br \/>\n<\/a><a href=\"https:\/\/www.viaprinto.de\/blog\/2015\/07\/layout-satz-satzspiegel\/\" target=\"_blank\" rel=\"noopener\">Der Satzspiegel<\/a><strong><br \/>\n<\/strong><\/p>\n","protected":false},"excerpt":{"rendered":"<p>Auf die vorherige Folge unserer Wissensreihe \u201eLayout &#038; Satz\u201c mit dem Thema \u201eDer Satzspiegel\u201c folgt nun in logischer Konsequenz ein Artikel zu den Gestaltungsrastern. Hier erkl\u00e4rt Charlotte Erdmann, wie Sie Ihr Layout strukturieren.  <\/p>\n","protected":false},"author":5,"featured_media":7731,"comment_status":"open","ping_status":"open","sticky":false,"template":"","format":"standard","meta":{"_acf_changed":false,"inline_featured_image":false,"footnotes":""},"categories":[3],"tags":[],"class_list":["post-6277","post","type-post","status-publish","format-standard","has-post-thumbnail","hentry","category-druck"],"mb":[],"acf":[],"yoast_head":"<!-- This site is optimized with the Yoast SEO plugin v27.4 - https:\/\/yoast.com\/product\/yoast-seo-wordpress\/ -->\n<title>Layout und Satz | Folge 4: Gestaltungsraster | viaprinto Blog<\/title>\n<meta name=\"description\" content=\"viaprinto Blog | Layout und Satz - Folge 4: Ein stimmiges Bild dank Gestaltungsraster &amp; Co. | Aufbau | Registerhaltigkeit | Grundlinienraster.\" \/>\n<meta name=\"robots\" content=\"index, follow, max-snippet:-1, max-image-preview:large, max-video-preview:-1\" \/>\n<link rel=\"canonical\" href=\"https:\/\/www.viaprinto.de\/blog\/layout-satz-raster\/\" \/>\n<meta property=\"og:locale\" content=\"de_DE\" \/>\n<meta property=\"og:type\" content=\"article\" \/>\n<meta property=\"og:title\" content=\"Layout und Satz | Folge 4: Gestaltungsraster | viaprinto Blog\" \/>\n<meta property=\"og:description\" content=\"viaprinto Blog | Layout und Satz - Folge 4: Ein stimmiges Bild dank Gestaltungsraster &amp; Co. | Aufbau | Registerhaltigkeit | Grundlinienraster.\" \/>\n<meta property=\"og:url\" content=\"https:\/\/www.viaprinto.de\/blog\/layout-satz-raster\/\" \/>\n<meta property=\"og:site_name\" content=\"viaprinto Blog | Alles \u00fcber den Druck\" \/>\n<meta property=\"article:published_time\" content=\"2015-07-16T07:02:42+00:00\" \/>\n<meta property=\"og:image\" content=\"https:\/\/www.viaprinto.de\/blog\/wp-content\/uploads\/2015\/05\/Vorlage_Blog-1.png\" \/>\n\t<meta property=\"og:image:width\" content=\"845\" \/>\n\t<meta property=\"og:image:height\" content=\"321\" \/>\n\t<meta property=\"og:image:type\" content=\"image\/png\" \/>\n<meta name=\"author\" content=\"Daniela K\u00fcper\" \/>\n<script type=\"application\/ld+json\" class=\"yoast-schema-graph\">{\"@context\":\"https:\\\/\\\/schema.org\",\"@graph\":[{\"@type\":\"Article\",\"@id\":\"https:\\\/\\\/www.viaprinto.de\\\/blog\\\/layout-satz-raster\\\/#article\",\"isPartOf\":{\"@id\":\"https:\\\/\\\/www.viaprinto.de\\\/blog\\\/layout-satz-raster\\\/\"},\"author\":{\"name\":\"Daniela K\u00fcper\",\"@id\":\"https:\\\/\\\/www.viaprinto.de\\\/blog\\\/#\\\/schema\\\/person\\\/6a8f659dcc14fafe8739fabdb8f6e18e\"},\"headline\":\"Folge 4: Ein stimmiges Bild dank Gestaltungsraster &#038; Co.\",\"datePublished\":\"2015-07-16T07:02:42+00:00\",\"mainEntityOfPage\":{\"@id\":\"https:\\\/\\\/www.viaprinto.de\\\/blog\\\/layout-satz-raster\\\/\"},\"wordCount\":795,\"commentCount\":0,\"publisher\":{\"@id\":\"https:\\\/\\\/www.viaprinto.de\\\/blog\\\/#organization\"},\"image\":{\"@id\":\"https:\\\/\\\/www.viaprinto.de\\\/blog\\\/layout-satz-raster\\\/#primaryimage\"},\"thumbnailUrl\":\"https:\\\/\\\/www.viaprinto.de\\\/blog\\\/wp-content\\\/uploads\\\/2015\\\/05\\\/Vorlage_Blog-1.png\",\"articleSection\":[\"Druck\"],\"inLanguage\":\"de\",\"potentialAction\":[{\"@type\":\"CommentAction\",\"name\":\"Comment\",\"target\":[\"https:\\\/\\\/www.viaprinto.de\\\/blog\\\/layout-satz-raster\\\/#respond\"]}]},{\"@type\":\"WebPage\",\"@id\":\"https:\\\/\\\/www.viaprinto.de\\\/blog\\\/layout-satz-raster\\\/\",\"url\":\"https:\\\/\\\/www.viaprinto.de\\\/blog\\\/layout-satz-raster\\\/\",\"name\":\"Layout und Satz | Folge 4: Gestaltungsraster | viaprinto Blog\",\"isPartOf\":{\"@id\":\"https:\\\/\\\/www.viaprinto.de\\\/blog\\\/#website\"},\"primaryImageOfPage\":{\"@id\":\"https:\\\/\\\/www.viaprinto.de\\\/blog\\\/layout-satz-raster\\\/#primaryimage\"},\"image\":{\"@id\":\"https:\\\/\\\/www.viaprinto.de\\\/blog\\\/layout-satz-raster\\\/#primaryimage\"},\"thumbnailUrl\":\"https:\\\/\\\/www.viaprinto.de\\\/blog\\\/wp-content\\\/uploads\\\/2015\\\/05\\\/Vorlage_Blog-1.png\",\"description\":\"viaprinto Blog | Layout und Satz - Folge 4: Ein stimmiges Bild dank Gestaltungsraster & Co. | Aufbau | Registerhaltigkeit | Grundlinienraster.\",\"breadcrumb\":{\"@id\":\"https:\\\/\\\/www.viaprinto.de\\\/blog\\\/layout-satz-raster\\\/#breadcrumb\"},\"inLanguage\":\"de\",\"potentialAction\":[{\"@type\":\"ReadAction\",\"target\":[\"https:\\\/\\\/www.viaprinto.de\\\/blog\\\/layout-satz-raster\\\/\"]}]},{\"@type\":\"ImageObject\",\"inLanguage\":\"de\",\"@id\":\"https:\\\/\\\/www.viaprinto.de\\\/blog\\\/layout-satz-raster\\\/#primaryimage\",\"url\":\"https:\\\/\\\/www.viaprinto.de\\\/blog\\\/wp-content\\\/uploads\\\/2015\\\/05\\\/Vorlage_Blog-1.png\",\"contentUrl\":\"https:\\\/\\\/www.viaprinto.de\\\/blog\\\/wp-content\\\/uploads\\\/2015\\\/05\\\/Vorlage_Blog-1.png\",\"width\":845,\"height\":321},{\"@type\":\"BreadcrumbList\",\"@id\":\"https:\\\/\\\/www.viaprinto.de\\\/blog\\\/layout-satz-raster\\\/#breadcrumb\",\"itemListElement\":[{\"@type\":\"ListItem\",\"position\":1,\"name\":\"Startseite\",\"item\":\"https:\\\/\\\/www.viaprinto.de\\\/blog\\\/\"},{\"@type\":\"ListItem\",\"position\":2,\"name\":\"Folge 4: Ein stimmiges Bild dank Gestaltungsraster &#038; Co.\"}]},{\"@type\":\"WebSite\",\"@id\":\"https:\\\/\\\/www.viaprinto.de\\\/blog\\\/#website\",\"url\":\"https:\\\/\\\/www.viaprinto.de\\\/blog\\\/\",\"name\":\"viaprinto Blog | Alles \u00fcber den Druck\",\"description\":\"\",\"publisher\":{\"@id\":\"https:\\\/\\\/www.viaprinto.de\\\/blog\\\/#organization\"},\"potentialAction\":[{\"@type\":\"SearchAction\",\"target\":{\"@type\":\"EntryPoint\",\"urlTemplate\":\"https:\\\/\\\/www.viaprinto.de\\\/blog\\\/?s={search_term_string}\"},\"query-input\":{\"@type\":\"PropertyValueSpecification\",\"valueRequired\":true,\"valueName\":\"search_term_string\"}}],\"inLanguage\":\"de\"},{\"@type\":\"Organization\",\"@id\":\"https:\\\/\\\/www.viaprinto.de\\\/blog\\\/#organization\",\"name\":\"viaprinto\",\"url\":\"https:\\\/\\\/www.viaprinto.de\\\/blog\\\/\",\"logo\":{\"@type\":\"ImageObject\",\"inLanguage\":\"de\",\"@id\":\"https:\\\/\\\/www.viaprinto.de\\\/blog\\\/#\\\/schema\\\/logo\\\/image\\\/\",\"url\":\"https:\\\/\\\/www.viaprinto.de\\\/blog\\\/wp-content\\\/uploads\\\/2022\\\/12\\\/viaprinto-blog-logo.svg\",\"contentUrl\":\"https:\\\/\\\/www.viaprinto.de\\\/blog\\\/wp-content\\\/uploads\\\/2022\\\/12\\\/viaprinto-blog-logo.svg\",\"caption\":\"viaprinto\"},\"image\":{\"@id\":\"https:\\\/\\\/www.viaprinto.de\\\/blog\\\/#\\\/schema\\\/logo\\\/image\\\/\"},\"sameAs\":[\"https:\\\/\\\/www.linkedin.com\\\/company\\\/viaprinto\"]},{\"@type\":\"Person\",\"@id\":\"https:\\\/\\\/www.viaprinto.de\\\/blog\\\/#\\\/schema\\\/person\\\/6a8f659dcc14fafe8739fabdb8f6e18e\",\"name\":\"Daniela K\u00fcper\",\"url\":\"https:\\\/\\\/www.viaprinto.de\\\/blog\\\/author\\\/daniela-kueperviaprinto-de\\\/\"}]}<\/script>\n<!-- \/ Yoast SEO plugin. -->","yoast_head_json":{"title":"Layout und Satz | Folge 4: Gestaltungsraster | viaprinto Blog","description":"viaprinto Blog | Layout und Satz - Folge 4: Ein stimmiges Bild dank Gestaltungsraster & Co. | Aufbau | Registerhaltigkeit | Grundlinienraster.","robots":{"index":"index","follow":"follow","max-snippet":"max-snippet:-1","max-image-preview":"max-image-preview:large","max-video-preview":"max-video-preview:-1"},"canonical":"https:\/\/www.viaprinto.de\/blog\/layout-satz-raster\/","og_locale":"de_DE","og_type":"article","og_title":"Layout und Satz | Folge 4: Gestaltungsraster | viaprinto Blog","og_description":"viaprinto Blog | Layout und Satz - Folge 4: Ein stimmiges Bild dank Gestaltungsraster & Co. | Aufbau | Registerhaltigkeit | Grundlinienraster.","og_url":"https:\/\/www.viaprinto.de\/blog\/layout-satz-raster\/","og_site_name":"viaprinto Blog | Alles \u00fcber den Druck","article_published_time":"2015-07-16T07:02:42+00:00","og_image":[{"width":845,"height":321,"url":"https:\/\/www.viaprinto.de\/blog\/wp-content\/uploads\/2015\/05\/Vorlage_Blog-1.png","type":"image\/png"}],"author":"Daniela K\u00fcper","schema":{"@context":"https:\/\/schema.org","@graph":[{"@type":"Article","@id":"https:\/\/www.viaprinto.de\/blog\/layout-satz-raster\/#article","isPartOf":{"@id":"https:\/\/www.viaprinto.de\/blog\/layout-satz-raster\/"},"author":{"name":"Daniela K\u00fcper","@id":"https:\/\/www.viaprinto.de\/blog\/#\/schema\/person\/6a8f659dcc14fafe8739fabdb8f6e18e"},"headline":"Folge 4: Ein stimmiges Bild dank Gestaltungsraster &#038; Co.","datePublished":"2015-07-16T07:02:42+00:00","mainEntityOfPage":{"@id":"https:\/\/www.viaprinto.de\/blog\/layout-satz-raster\/"},"wordCount":795,"commentCount":0,"publisher":{"@id":"https:\/\/www.viaprinto.de\/blog\/#organization"},"image":{"@id":"https:\/\/www.viaprinto.de\/blog\/layout-satz-raster\/#primaryimage"},"thumbnailUrl":"https:\/\/www.viaprinto.de\/blog\/wp-content\/uploads\/2015\/05\/Vorlage_Blog-1.png","articleSection":["Druck"],"inLanguage":"de","potentialAction":[{"@type":"CommentAction","name":"Comment","target":["https:\/\/www.viaprinto.de\/blog\/layout-satz-raster\/#respond"]}]},{"@type":"WebPage","@id":"https:\/\/www.viaprinto.de\/blog\/layout-satz-raster\/","url":"https:\/\/www.viaprinto.de\/blog\/layout-satz-raster\/","name":"Layout und Satz | Folge 4: Gestaltungsraster | viaprinto Blog","isPartOf":{"@id":"https:\/\/www.viaprinto.de\/blog\/#website"},"primaryImageOfPage":{"@id":"https:\/\/www.viaprinto.de\/blog\/layout-satz-raster\/#primaryimage"},"image":{"@id":"https:\/\/www.viaprinto.de\/blog\/layout-satz-raster\/#primaryimage"},"thumbnailUrl":"https:\/\/www.viaprinto.de\/blog\/wp-content\/uploads\/2015\/05\/Vorlage_Blog-1.png","description":"viaprinto Blog | Layout und Satz - Folge 4: Ein stimmiges Bild dank Gestaltungsraster & Co. | Aufbau | Registerhaltigkeit | Grundlinienraster.","breadcrumb":{"@id":"https:\/\/www.viaprinto.de\/blog\/layout-satz-raster\/#breadcrumb"},"inLanguage":"de","potentialAction":[{"@type":"ReadAction","target":["https:\/\/www.viaprinto.de\/blog\/layout-satz-raster\/"]}]},{"@type":"ImageObject","inLanguage":"de","@id":"https:\/\/www.viaprinto.de\/blog\/layout-satz-raster\/#primaryimage","url":"https:\/\/www.viaprinto.de\/blog\/wp-content\/uploads\/2015\/05\/Vorlage_Blog-1.png","contentUrl":"https:\/\/www.viaprinto.de\/blog\/wp-content\/uploads\/2015\/05\/Vorlage_Blog-1.png","width":845,"height":321},{"@type":"BreadcrumbList","@id":"https:\/\/www.viaprinto.de\/blog\/layout-satz-raster\/#breadcrumb","itemListElement":[{"@type":"ListItem","position":1,"name":"Startseite","item":"https:\/\/www.viaprinto.de\/blog\/"},{"@type":"ListItem","position":2,"name":"Folge 4: Ein stimmiges Bild dank Gestaltungsraster &#038; Co."}]},{"@type":"WebSite","@id":"https:\/\/www.viaprinto.de\/blog\/#website","url":"https:\/\/www.viaprinto.de\/blog\/","name":"viaprinto Blog | Alles \u00fcber den Druck","description":"","publisher":{"@id":"https:\/\/www.viaprinto.de\/blog\/#organization"},"potentialAction":[{"@type":"SearchAction","target":{"@type":"EntryPoint","urlTemplate":"https:\/\/www.viaprinto.de\/blog\/?s={search_term_string}"},"query-input":{"@type":"PropertyValueSpecification","valueRequired":true,"valueName":"search_term_string"}}],"inLanguage":"de"},{"@type":"Organization","@id":"https:\/\/www.viaprinto.de\/blog\/#organization","name":"viaprinto","url":"https:\/\/www.viaprinto.de\/blog\/","logo":{"@type":"ImageObject","inLanguage":"de","@id":"https:\/\/www.viaprinto.de\/blog\/#\/schema\/logo\/image\/","url":"https:\/\/www.viaprinto.de\/blog\/wp-content\/uploads\/2022\/12\/viaprinto-blog-logo.svg","contentUrl":"https:\/\/www.viaprinto.de\/blog\/wp-content\/uploads\/2022\/12\/viaprinto-blog-logo.svg","caption":"viaprinto"},"image":{"@id":"https:\/\/www.viaprinto.de\/blog\/#\/schema\/logo\/image\/"},"sameAs":["https:\/\/www.linkedin.com\/company\/viaprinto"]},{"@type":"Person","@id":"https:\/\/www.viaprinto.de\/blog\/#\/schema\/person\/6a8f659dcc14fafe8739fabdb8f6e18e","name":"Daniela K\u00fcper","url":"https:\/\/www.viaprinto.de\/blog\/author\/daniela-kueperviaprinto-de\/"}]}},"mfb_rest_fields":["title","yoast_head","yoast_head_json"],"_links":{"self":[{"href":"https:\/\/www.viaprinto.de\/blog\/wp-json\/wp\/v2\/posts\/6277","targetHints":{"allow":["GET"]}}],"collection":[{"href":"https:\/\/www.viaprinto.de\/blog\/wp-json\/wp\/v2\/posts"}],"about":[{"href":"https:\/\/www.viaprinto.de\/blog\/wp-json\/wp\/v2\/types\/post"}],"author":[{"embeddable":true,"href":"https:\/\/www.viaprinto.de\/blog\/wp-json\/wp\/v2\/users\/5"}],"replies":[{"embeddable":true,"href":"https:\/\/www.viaprinto.de\/blog\/wp-json\/wp\/v2\/comments?post=6277"}],"version-history":[{"count":0,"href":"https:\/\/www.viaprinto.de\/blog\/wp-json\/wp\/v2\/posts\/6277\/revisions"}],"wp:featuredmedia":[{"embeddable":true,"href":"https:\/\/www.viaprinto.de\/blog\/wp-json\/wp\/v2\/media\/7731"}],"wp:attachment":[{"href":"https:\/\/www.viaprinto.de\/blog\/wp-json\/wp\/v2\/media?parent=6277"}],"wp:term":[{"taxonomy":"category","embeddable":true,"href":"https:\/\/www.viaprinto.de\/blog\/wp-json\/wp\/v2\/categories?post=6277"},{"taxonomy":"post_tag","embeddable":true,"href":"https:\/\/www.viaprinto.de\/blog\/wp-json\/wp\/v2\/tags?post=6277"}],"curies":[{"name":"wp","href":"https:\/\/api.w.org\/{rel}","templated":true}]}}