{"id":5651,"date":"2014-12-04T08:52:02","date_gmt":"2014-12-04T07:52:02","guid":{"rendered":"https:\/\/www.viaprinto.de\/blog\/2014\/11\/color-management-farbprofile-2\/"},"modified":"2024-03-05T12:39:42","modified_gmt":"2024-03-05T11:39:42","slug":"color-management-eigene-farbprofile","status":"publish","type":"post","link":"https:\/\/www.viaprinto.de\/blog\/color-management-eigene-farbprofile\/","title":{"rendered":"Folge 12: Farben mit eigenen Profilen umsetzen."},"content":{"rendered":"<p><a href=\"https:\/\/www.viaprinto.de\/blog\/2014\/06\/color-management\/color_management_titel\/\" rel=\"attachment wp-att-5007\"><img loading=\"lazy\" decoding=\"async\" class=\"wp-image-5007 alignleft\" src=\"https:\/\/www.viaprinto.de\/blog\/wp-content\/uploads\/2014\/06\/Color_Management_Titel.jpg\" alt=\"Color_Management_Titel\" width=\"118\" height=\"111\"><\/a><em>Auch wenn es f\u00fcr den Druck standardisierte Profile in Form der ICC-Profile gibt, f\u00fcr den eigenen Tintenstrahldrucker oder die Digitalkamera m\u00fcssen manchmal individuelle Profile erstellt werden. Ziel ist es dabei, die Farben der unterschiedlichen Ein- und Ausgabeger\u00e4te so genau wie m\u00f6glich einander anzupassen. Charlotte Erdmann erkl\u00e4rt in unserer neuen Folge &#8222;Was ist Color-Management?&#8220;, wie das geht.<\/em><\/p>\n<p><strong>Wozu eigene Profile?<\/strong><br \/>\nFarbprofile werden genutzt, um f\u00fcr jedes Ausgabeger\u00e4t oder Eingabeger\u00e4t wie Scanner, Digitalkamera oder Drucker festzustellen, welchen Farbraum es nutzen kann. Dabei werden jeweils die individuellen Ger\u00e4te-, aber auch Materialfaktoren ber\u00fccksichtigt. Wird ein Bild also auf einem Hochglanzpapier eines 6-Farben-Digitaldruckers ausgegeben oder auf einem Farblaserdrucker, m\u00fcssen die jeweiligen Profile des Ger\u00e4ts bekannt sein, um bereits am Monitor einen Eindruck davon zu erhalten, wie das Endergebnis wird.<\/p>\n<p><strong>Profile f\u00fcr Monitore erstellen<\/strong><br \/>\nZur Erstellung eines Profils ist es notwendig, ein Messger\u00e4t und die entsprechende Software zur Verf\u00fcgung zu habe<img loading=\"lazy\" decoding=\"async\" class=\"alignright wp-image-5653\" src=\"https:\/\/www.viaprinto.de\/blog\/wp-content\/uploads\/041214_Summary.png\" alt=\"041214_Summary\" width=\"291\" height=\"291\">n. Nur so kann ein Vergleich vom Ausdruck mit den tats\u00e4chlichen Werten erzielt werden. Bei Monitoren ist ein Kalibrierungswerkzeug wie von Datacolor oder xrite notwendig, mit dessen Software ein Profil f\u00fcr den Monitor binnen weniger Minuten erstellt wird. Die Software hilft au\u00dferdem bei der (regelm\u00e4\u00dfigen) Kalibrierung des Monitors, so dass dieser immer die gleichen Farben wiedergibt.<\/p>\n<p><strong>Profile f\u00fcr Drucker erstellen<\/strong><br \/>\nF\u00fcr die Profilierung von Druckern stellen die Messger\u00e4tehersteller eine Referenzdatei zur Verf\u00fcgung, die auf das gew\u00fcnschte Papier gedruckt wird. Der gedruckte Testchart besteht aus vielen einzelnen Farbfeldern, die wiederum von einem Spektralfotometer gemessen werden. Die sich daraus ergebenden Werte speichert die Messger\u00e4tesoftware schlie\u00dflich in einer Profildatei. Je mehr Farbfelder ein solcher Testchart besitzt, umso genauer ist die Profilierung. Deshalb stellt beispielsweise Datacolor mit seinem Spyder dem Nutzer zur Wahl, wie viele Farbfelder ausgedruckt werden sollen. Allerdings muss der Anwender auch jedes einzelne Feld selbst mit dem Spektralfotometer abscannen, was umso mehr Arbeit ist, je mehr Farbfelder vorhanden sind. Eine Druckerprofilierung dauert deshalb \u2013 anders als bei der Monitorkalibrierung \u2013 einige Zeit. Viele Drucker bekommen deshalb f\u00fcr die unterschiedlichen Ausgabemedien bereits direkt vom Hersteller eigene Profile im Druckdialog hinterlegt. Sie lassen sich gut verwenden, wenn man beispielsweise die herstellereigenen Fotopapiere verwendet.<\/p>\n<p><strong>WICHTIG: Farbmanagement im Druckertreiber ausschalten<\/strong><br \/>\nViele Druckertreiber benutzen automatisch ein eigenes Farbmanagement, wenn man etwas ausdruckt. Will man deshalb einen Testchart zur Profilierung des Druckers ausdrucken, muss dieses Farbmanagement unbedingt ausgeschaltet werden! Da alle Druckertreiber anders sind und auch von Modell zu Modell der Druckdialog unterschiedlich aussehen kann, m\u00fcssen Sie sich hier in Ihren Druckertreibereinstellungen ein bisschen auf die Suche begeben. Oft findet man den Punkt unter \u201eErweitert\u201c oder \u201eWeitere Optionen\u201c. Bei HP hingegen sollte man bei der Farbverwaltung \u201eAnwendungsgesteuerte Farben\u201c ausw\u00e4hlen, um keine Korrekturen durch den Druckertreiber zu erhalten.<\/p>\n<p><strong>Profile einsetzen<\/strong><br \/>\nSobald alle Profile erstellt wurden, lassen sich diese in einer Software mit Colormanagement, z.B. Photoshop, ausw\u00e4hlen. Hierzu muss man das Profil allerdings mit der Messsoftware abspeichern und im entsprechenden Verzeichnis von Adobe hinterlegen. Dann l\u00e4sst sich in Photoshop unter Bearbeiten &gt; Farbeinstellungen das Profil ausw\u00e4hlen. Im Anschluss k\u00f6nnen Sie mit der Softproof-Funktion von Photoshop den Zielfarbraum auf dem Monitor simulieren. Interessant ist bei Profilen f\u00fcr den eigenen Drucker auch, dass sich damit Farbstiche entfernen lassen. Denn viele herk\u00f6mmlichen Tintenstrahldrucker neigen dazu, den einen oder anderen Farbton ein bisschen st\u00e4rker einzusetzen, dann tut eine Korrektur Not!<\/p>\n<p>Diese Korrektur von Farbstichen gilt allerdings nicht f\u00fcr den Druck auf Maschinen in einer Druckerei! Farbprofile sollten hier nur angewendet werden, um das Druckergebnis weitestgehend auf dem Monitor zu simulieren. F\u00fcr eine Farbkorrektur hingegen sind sie nicht geeignet und auch oft nicht erw\u00fcnscht. Mehr zur Nutzung von Profilen f\u00fcr Druckereien, insbesondere die ICC-Profile, erfahren Sie in der kommenden Folge dieser Serie. C<em>harlotte Erdmann<\/em><\/p>\n<figure id=\"attachment_4992\" aria-describedby=\"caption-attachment-4992\" style=\"width: 85px\" class=\"wp-caption alignleft\"><a href=\"https:\/\/www.viaprinto.de\/blog\/wp-content\/uploads\/2014\/06\/Charlotte_Erdmann1_Bild_Matthias-Martin.jpg\" target=\"_blank\" rel=\"noopener\" data-rel=\"lightbox-image-0\" data-rl_title=\"\" data-rl_caption=\"\" title=\"\"><img loading=\"lazy\" decoding=\"async\" class=\"wp-image-4992 \" src=\"https:\/\/www.viaprinto.de\/blog\/wp-content\/uploads\/2014\/06\/Charlotte_Erdmann1_Bild_Matthias-Martin-199x300.jpg\" alt=\"Charlotte Erdmann (Bild: Matthias Martin)\" width=\"85\" height=\"128\"><\/a><figcaption id=\"caption-attachment-4992\" class=\"wp-caption-text\">Charlotte Erdmann (Bild: Matthias Martin)<\/figcaption><\/figure>\n<p><em>&nbsp;<\/em><\/p>\n<p>Lesen Sie in der kommenden Folge aus unserer Reihe<br \/>\n&#8222;Was ist Color-Management?&#8220;:<br \/>\nMit ICC-Farbprofilen arbeiten.<strong><br \/>\n<\/strong><\/p>\n<p><strong><br \/>\n<\/strong><\/p>\n<p>&nbsp;<\/p>\n<p>&nbsp;<\/p>\n<p>&nbsp;<\/p>\n<p>&nbsp;<\/p>\n<p>Bereits erschienen:<br \/>\n<a title=\"Was ist Color-Management? Die neue Wissensreihe.\" href=\"https:\/\/www.viaprinto.de\/blog\/2014\/06\/color-management\/\" target=\"_blank\" rel=\"noopener\"><strong>So nimmt das Auge Farben wahr<\/strong><\/a>.<br \/>\n<strong><a title=\"Was ist Color-Management? Folge 2: Farbraum \u2013 Warum Farben dreidimensional sind.\" href=\"https:\/\/www.viaprinto.de\/blog\/2014\/07\/color-management-farbraum\/\" target=\"_blank\" rel=\"noopener\">Warum Farben dreidimensional sind.<\/a><\/strong><br \/>\n<a title=\"Was ist Color-Management? Folge 3: RGB, CMYK und LAB erkl\u00e4rt\" href=\"https:\/\/www.viaprinto.de\/blog\/2014\/07\/color-management-cmyk\/\" target=\"_blank\" rel=\"noopener\"><strong>RGB, CMYK und LAB erkl\u00e4rt.<\/strong><\/a><br \/>\n<strong><a title=\"Was ist Color-Management? Folge 4: Farbr\u00e4ume f\u00fcr Monitore \u2013 sRGB oder Adobe RGB?\" href=\"https:\/\/www.viaprinto.de\/blog\/2014\/08\/color-management-rgb\/\" target=\"_blank\" rel=\"noopener\">Farbr\u00e4ume f\u00fcr Monitore \u2013 sRGB oder Adobe RGB?<\/a><\/strong><br \/>\n<strong><a title=\"Was ist Color-Management? Folge 5: Monitore kalibrieren \u2013 Die richtige Farbe finden.\" href=\"https:\/\/www.viaprinto.de\/blog\/2014\/08\/color-management-kalibrieren\/\" target=\"_blank\" rel=\"noopener\">Monitore kalibrieren &#8211; Die richtige Farbe finden.<\/a><\/strong><br \/>\n<a title=\"Was ist Color-Management? Folge 6: Den Farbraum bestimmen \u2013 so geht\u2019s.\" href=\"https:\/\/www.viaprinto.de\/blog\/2014\/09\/color-management-farbraum-bestimmen\/\" target=\"_blank\" rel=\"noopener\"><strong>Den Farbraum bestimmen \u2013 so geht\u2019s.<\/strong><\/a><br \/>\n<strong><a title=\"Was ist Color-Management? Folge 7: Farben konvertieren bedeutet immer Verluste.\" href=\"https:\/\/www.viaprinto.de\/blog\/2014\/09\/color-management-konvertieren\/\">Farben konvertieren bedeutet immer Verluste.<\/a><\/strong><br \/>\n<a title=\"Was ist Color-Management? Folge 8: Umwandeln mit Methode \u2013 die Rendering Intents.\" href=\"https:\/\/www.viaprinto.de\/blog\/2014\/10\/color-management-rendering-intents\/\" target=\"_blank\" rel=\"noopener\"><strong>Umwandeln mit Methode &#8211; die Rendering Intents.<\/strong><\/a><br \/>\n<a title=\"Was ist Color-Management? Folge 10: Vorsicht bei Softproofs\" href=\"https:\/\/www.viaprinto.de\/blog\/2014\/11\/color-management-proof\/\" target=\"_blank\" rel=\"noopener\"><strong>Vorsicht bei Softproofs.<br \/>\n<\/strong><\/a><a title=\"Was ist Color-Management? Folge 11: Profile helfen beim Farbabgleich\" href=\"https:\/\/www.viaprinto.de\/blog\/2014\/11\/color-management-farbprofile\/\" target=\"_blank\" rel=\"noopener\"><strong>Profile helfen beim Farbabgleich.<\/strong><\/a><\/p>\n","protected":false},"excerpt":{"rendered":"<p>Auch wenn es f\u00fcr den Druck standardisierte Profile in Form der ICC-Profile gibt, f\u00fcr den eigenen Tintenstrahldrucker oder die Digitalkamera m\u00fcssen manchmal individuelle Profile erstellt werden. Ziel ist es dabei, die Farben der unterschiedlichen Ein- und Ausgabeger\u00e4te so genau wie m\u00f6glich einander anzupassen. Charlotte Erdmann erkl\u00e4rt in unserer neuen Folge &#8222;Was ist Color-Management?&#8220;, wie das geht:<\/p>\n","protected":false},"author":5,"featured_media":7584,"comment_status":"open","ping_status":"open","sticky":false,"template":"","format":"standard","meta":{"_acf_changed":false,"inline_featured_image":false,"footnotes":""},"categories":[3],"tags":[],"class_list":["post-5651","post","type-post","status-publish","format-standard","has-post-thumbnail","hentry","category-druck"],"mb":[],"acf":[],"yoast_head":"<!-- This site is optimized with the Yoast SEO plugin v27.4 - https:\/\/yoast.com\/product\/yoast-seo-wordpress\/ -->\n<title>Ein eigenes Farbprofil erstellen | viaprinto Blog<\/title>\n<meta name=\"description\" content=\"viaprinto Blog | Was ist Color-Management? - Folge 12: Eigene Farbprofile f\u00fcr Monitore und Drucker erstellen.\" \/>\n<meta name=\"robots\" content=\"index, follow, max-snippet:-1, max-image-preview:large, max-video-preview:-1\" \/>\n<link rel=\"canonical\" href=\"https:\/\/www.viaprinto.de\/blog\/color-management-eigene-farbprofile\/\" \/>\n<meta property=\"og:locale\" content=\"de_DE\" \/>\n<meta property=\"og:type\" content=\"article\" \/>\n<meta property=\"og:title\" content=\"Ein eigenes Farbprofil erstellen | viaprinto Blog\" \/>\n<meta property=\"og:description\" content=\"viaprinto Blog | Was ist Color-Management? - Folge 12: Eigene Farbprofile f\u00fcr Monitore und Drucker erstellen.\" \/>\n<meta property=\"og:url\" content=\"https:\/\/www.viaprinto.de\/blog\/color-management-eigene-farbprofile\/\" \/>\n<meta property=\"og:site_name\" content=\"viaprinto Blog | Alles \u00fcber den Druck\" \/>\n<meta property=\"article:published_time\" content=\"2014-12-04T07:52:02+00:00\" \/>\n<meta property=\"article:modified_time\" content=\"2024-03-05T11:39:42+00:00\" \/>\n<meta property=\"og:image\" content=\"https:\/\/www.viaprinto.de\/blog\/wp-content\/uploads\/2014\/06\/Color_Management1-1.jpg\" \/>\n\t<meta property=\"og:image:width\" content=\"600\" \/>\n\t<meta property=\"og:image:height\" content=\"676\" \/>\n\t<meta property=\"og:image:type\" content=\"image\/jpeg\" \/>\n<meta name=\"author\" content=\"Daniela K\u00fcper\" \/>\n<script type=\"application\/ld+json\" class=\"yoast-schema-graph\">{\"@context\":\"https:\\\/\\\/schema.org\",\"@graph\":[{\"@type\":\"Article\",\"@id\":\"https:\\\/\\\/www.viaprinto.de\\\/blog\\\/color-management-eigene-farbprofile\\\/#article\",\"isPartOf\":{\"@id\":\"https:\\\/\\\/www.viaprinto.de\\\/blog\\\/color-management-eigene-farbprofile\\\/\"},\"author\":{\"name\":\"Daniela K\u00fcper\",\"@id\":\"https:\\\/\\\/www.viaprinto.de\\\/blog\\\/#\\\/schema\\\/person\\\/6a8f659dcc14fafe8739fabdb8f6e18e\"},\"headline\":\"Folge 12: Farben mit eigenen Profilen umsetzen.\",\"datePublished\":\"2014-12-04T07:52:02+00:00\",\"dateModified\":\"2024-03-05T11:39:42+00:00\",\"mainEntityOfPage\":{\"@id\":\"https:\\\/\\\/www.viaprinto.de\\\/blog\\\/color-management-eigene-farbprofile\\\/\"},\"wordCount\":731,\"commentCount\":0,\"publisher\":{\"@id\":\"https:\\\/\\\/www.viaprinto.de\\\/blog\\\/#organization\"},\"image\":{\"@id\":\"https:\\\/\\\/www.viaprinto.de\\\/blog\\\/color-management-eigene-farbprofile\\\/#primaryimage\"},\"thumbnailUrl\":\"https:\\\/\\\/www.viaprinto.de\\\/blog\\\/wp-content\\\/uploads\\\/2014\\\/06\\\/Color_Management1-1.jpg\",\"articleSection\":[\"Druck\"],\"inLanguage\":\"de\",\"potentialAction\":[{\"@type\":\"CommentAction\",\"name\":\"Comment\",\"target\":[\"https:\\\/\\\/www.viaprinto.de\\\/blog\\\/color-management-eigene-farbprofile\\\/#respond\"]}]},{\"@type\":\"WebPage\",\"@id\":\"https:\\\/\\\/www.viaprinto.de\\\/blog\\\/color-management-eigene-farbprofile\\\/\",\"url\":\"https:\\\/\\\/www.viaprinto.de\\\/blog\\\/color-management-eigene-farbprofile\\\/\",\"name\":\"Ein eigenes Farbprofil erstellen | viaprinto Blog\",\"isPartOf\":{\"@id\":\"https:\\\/\\\/www.viaprinto.de\\\/blog\\\/#website\"},\"primaryImageOfPage\":{\"@id\":\"https:\\\/\\\/www.viaprinto.de\\\/blog\\\/color-management-eigene-farbprofile\\\/#primaryimage\"},\"image\":{\"@id\":\"https:\\\/\\\/www.viaprinto.de\\\/blog\\\/color-management-eigene-farbprofile\\\/#primaryimage\"},\"thumbnailUrl\":\"https:\\\/\\\/www.viaprinto.de\\\/blog\\\/wp-content\\\/uploads\\\/2014\\\/06\\\/Color_Management1-1.jpg\",\"description\":\"viaprinto Blog | Was ist Color-Management? - Folge 12: Eigene Farbprofile f\u00fcr Monitore und Drucker erstellen.\",\"breadcrumb\":{\"@id\":\"https:\\\/\\\/www.viaprinto.de\\\/blog\\\/color-management-eigene-farbprofile\\\/#breadcrumb\"},\"inLanguage\":\"de\",\"potentialAction\":[{\"@type\":\"ReadAction\",\"target\":[\"https:\\\/\\\/www.viaprinto.de\\\/blog\\\/color-management-eigene-farbprofile\\\/\"]}]},{\"@type\":\"ImageObject\",\"inLanguage\":\"de\",\"@id\":\"https:\\\/\\\/www.viaprinto.de\\\/blog\\\/color-management-eigene-farbprofile\\\/#primaryimage\",\"url\":\"https:\\\/\\\/www.viaprinto.de\\\/blog\\\/wp-content\\\/uploads\\\/2014\\\/06\\\/Color_Management1-1.jpg\",\"contentUrl\":\"https:\\\/\\\/www.viaprinto.de\\\/blog\\\/wp-content\\\/uploads\\\/2014\\\/06\\\/Color_Management1-1.jpg\",\"width\":600,\"height\":676,\"caption\":\"Titelbild viaprinto Wissenreihe Was ist Color-Management\"},{\"@type\":\"BreadcrumbList\",\"@id\":\"https:\\\/\\\/www.viaprinto.de\\\/blog\\\/color-management-eigene-farbprofile\\\/#breadcrumb\",\"itemListElement\":[{\"@type\":\"ListItem\",\"position\":1,\"name\":\"Startseite\",\"item\":\"https:\\\/\\\/www.viaprinto.de\\\/blog\\\/\"},{\"@type\":\"ListItem\",\"position\":2,\"name\":\"Folge 12: Farben mit eigenen Profilen umsetzen.\"}]},{\"@type\":\"WebSite\",\"@id\":\"https:\\\/\\\/www.viaprinto.de\\\/blog\\\/#website\",\"url\":\"https:\\\/\\\/www.viaprinto.de\\\/blog\\\/\",\"name\":\"viaprinto Blog | Alles \u00fcber den Druck\",\"description\":\"\",\"publisher\":{\"@id\":\"https:\\\/\\\/www.viaprinto.de\\\/blog\\\/#organization\"},\"potentialAction\":[{\"@type\":\"SearchAction\",\"target\":{\"@type\":\"EntryPoint\",\"urlTemplate\":\"https:\\\/\\\/www.viaprinto.de\\\/blog\\\/?s={search_term_string}\"},\"query-input\":{\"@type\":\"PropertyValueSpecification\",\"valueRequired\":true,\"valueName\":\"search_term_string\"}}],\"inLanguage\":\"de\"},{\"@type\":\"Organization\",\"@id\":\"https:\\\/\\\/www.viaprinto.de\\\/blog\\\/#organization\",\"name\":\"viaprinto\",\"url\":\"https:\\\/\\\/www.viaprinto.de\\\/blog\\\/\",\"logo\":{\"@type\":\"ImageObject\",\"inLanguage\":\"de\",\"@id\":\"https:\\\/\\\/www.viaprinto.de\\\/blog\\\/#\\\/schema\\\/logo\\\/image\\\/\",\"url\":\"https:\\\/\\\/www.viaprinto.de\\\/blog\\\/wp-content\\\/uploads\\\/2022\\\/12\\\/viaprinto-blog-logo.svg\",\"contentUrl\":\"https:\\\/\\\/www.viaprinto.de\\\/blog\\\/wp-content\\\/uploads\\\/2022\\\/12\\\/viaprinto-blog-logo.svg\",\"caption\":\"viaprinto\"},\"image\":{\"@id\":\"https:\\\/\\\/www.viaprinto.de\\\/blog\\\/#\\\/schema\\\/logo\\\/image\\\/\"},\"sameAs\":[\"https:\\\/\\\/www.linkedin.com\\\/company\\\/viaprinto\"]},{\"@type\":\"Person\",\"@id\":\"https:\\\/\\\/www.viaprinto.de\\\/blog\\\/#\\\/schema\\\/person\\\/6a8f659dcc14fafe8739fabdb8f6e18e\",\"name\":\"Daniela K\u00fcper\",\"url\":\"https:\\\/\\\/www.viaprinto.de\\\/blog\\\/author\\\/daniela-kueperviaprinto-de\\\/\"}]}<\/script>\n<!-- \/ Yoast SEO plugin. -->","yoast_head_json":{"title":"Ein eigenes Farbprofil erstellen | viaprinto Blog","description":"viaprinto Blog | Was ist Color-Management? - Folge 12: Eigene Farbprofile f\u00fcr Monitore und Drucker erstellen.","robots":{"index":"index","follow":"follow","max-snippet":"max-snippet:-1","max-image-preview":"max-image-preview:large","max-video-preview":"max-video-preview:-1"},"canonical":"https:\/\/www.viaprinto.de\/blog\/color-management-eigene-farbprofile\/","og_locale":"de_DE","og_type":"article","og_title":"Ein eigenes Farbprofil erstellen | viaprinto Blog","og_description":"viaprinto Blog | Was ist Color-Management? - Folge 12: Eigene Farbprofile f\u00fcr Monitore und Drucker erstellen.","og_url":"https:\/\/www.viaprinto.de\/blog\/color-management-eigene-farbprofile\/","og_site_name":"viaprinto Blog | Alles \u00fcber den Druck","article_published_time":"2014-12-04T07:52:02+00:00","article_modified_time":"2024-03-05T11:39:42+00:00","og_image":[{"width":600,"height":676,"url":"https:\/\/www.viaprinto.de\/blog\/wp-content\/uploads\/2014\/06\/Color_Management1-1.jpg","type":"image\/jpeg"}],"author":"Daniela K\u00fcper","schema":{"@context":"https:\/\/schema.org","@graph":[{"@type":"Article","@id":"https:\/\/www.viaprinto.de\/blog\/color-management-eigene-farbprofile\/#article","isPartOf":{"@id":"https:\/\/www.viaprinto.de\/blog\/color-management-eigene-farbprofile\/"},"author":{"name":"Daniela K\u00fcper","@id":"https:\/\/www.viaprinto.de\/blog\/#\/schema\/person\/6a8f659dcc14fafe8739fabdb8f6e18e"},"headline":"Folge 12: Farben mit eigenen Profilen umsetzen.","datePublished":"2014-12-04T07:52:02+00:00","dateModified":"2024-03-05T11:39:42+00:00","mainEntityOfPage":{"@id":"https:\/\/www.viaprinto.de\/blog\/color-management-eigene-farbprofile\/"},"wordCount":731,"commentCount":0,"publisher":{"@id":"https:\/\/www.viaprinto.de\/blog\/#organization"},"image":{"@id":"https:\/\/www.viaprinto.de\/blog\/color-management-eigene-farbprofile\/#primaryimage"},"thumbnailUrl":"https:\/\/www.viaprinto.de\/blog\/wp-content\/uploads\/2014\/06\/Color_Management1-1.jpg","articleSection":["Druck"],"inLanguage":"de","potentialAction":[{"@type":"CommentAction","name":"Comment","target":["https:\/\/www.viaprinto.de\/blog\/color-management-eigene-farbprofile\/#respond"]}]},{"@type":"WebPage","@id":"https:\/\/www.viaprinto.de\/blog\/color-management-eigene-farbprofile\/","url":"https:\/\/www.viaprinto.de\/blog\/color-management-eigene-farbprofile\/","name":"Ein eigenes Farbprofil erstellen | viaprinto Blog","isPartOf":{"@id":"https:\/\/www.viaprinto.de\/blog\/#website"},"primaryImageOfPage":{"@id":"https:\/\/www.viaprinto.de\/blog\/color-management-eigene-farbprofile\/#primaryimage"},"image":{"@id":"https:\/\/www.viaprinto.de\/blog\/color-management-eigene-farbprofile\/#primaryimage"},"thumbnailUrl":"https:\/\/www.viaprinto.de\/blog\/wp-content\/uploads\/2014\/06\/Color_Management1-1.jpg","description":"viaprinto Blog | Was ist Color-Management? - Folge 12: Eigene Farbprofile f\u00fcr Monitore und Drucker erstellen.","breadcrumb":{"@id":"https:\/\/www.viaprinto.de\/blog\/color-management-eigene-farbprofile\/#breadcrumb"},"inLanguage":"de","potentialAction":[{"@type":"ReadAction","target":["https:\/\/www.viaprinto.de\/blog\/color-management-eigene-farbprofile\/"]}]},{"@type":"ImageObject","inLanguage":"de","@id":"https:\/\/www.viaprinto.de\/blog\/color-management-eigene-farbprofile\/#primaryimage","url":"https:\/\/www.viaprinto.de\/blog\/wp-content\/uploads\/2014\/06\/Color_Management1-1.jpg","contentUrl":"https:\/\/www.viaprinto.de\/blog\/wp-content\/uploads\/2014\/06\/Color_Management1-1.jpg","width":600,"height":676,"caption":"Titelbild viaprinto Wissenreihe Was ist Color-Management"},{"@type":"BreadcrumbList","@id":"https:\/\/www.viaprinto.de\/blog\/color-management-eigene-farbprofile\/#breadcrumb","itemListElement":[{"@type":"ListItem","position":1,"name":"Startseite","item":"https:\/\/www.viaprinto.de\/blog\/"},{"@type":"ListItem","position":2,"name":"Folge 12: Farben mit eigenen Profilen umsetzen."}]},{"@type":"WebSite","@id":"https:\/\/www.viaprinto.de\/blog\/#website","url":"https:\/\/www.viaprinto.de\/blog\/","name":"viaprinto Blog | Alles \u00fcber den Druck","description":"","publisher":{"@id":"https:\/\/www.viaprinto.de\/blog\/#organization"},"potentialAction":[{"@type":"SearchAction","target":{"@type":"EntryPoint","urlTemplate":"https:\/\/www.viaprinto.de\/blog\/?s={search_term_string}"},"query-input":{"@type":"PropertyValueSpecification","valueRequired":true,"valueName":"search_term_string"}}],"inLanguage":"de"},{"@type":"Organization","@id":"https:\/\/www.viaprinto.de\/blog\/#organization","name":"viaprinto","url":"https:\/\/www.viaprinto.de\/blog\/","logo":{"@type":"ImageObject","inLanguage":"de","@id":"https:\/\/www.viaprinto.de\/blog\/#\/schema\/logo\/image\/","url":"https:\/\/www.viaprinto.de\/blog\/wp-content\/uploads\/2022\/12\/viaprinto-blog-logo.svg","contentUrl":"https:\/\/www.viaprinto.de\/blog\/wp-content\/uploads\/2022\/12\/viaprinto-blog-logo.svg","caption":"viaprinto"},"image":{"@id":"https:\/\/www.viaprinto.de\/blog\/#\/schema\/logo\/image\/"},"sameAs":["https:\/\/www.linkedin.com\/company\/viaprinto"]},{"@type":"Person","@id":"https:\/\/www.viaprinto.de\/blog\/#\/schema\/person\/6a8f659dcc14fafe8739fabdb8f6e18e","name":"Daniela K\u00fcper","url":"https:\/\/www.viaprinto.de\/blog\/author\/daniela-kueperviaprinto-de\/"}]}},"mfb_rest_fields":["title","yoast_head","yoast_head_json"],"_links":{"self":[{"href":"https:\/\/www.viaprinto.de\/blog\/wp-json\/wp\/v2\/posts\/5651","targetHints":{"allow":["GET"]}}],"collection":[{"href":"https:\/\/www.viaprinto.de\/blog\/wp-json\/wp\/v2\/posts"}],"about":[{"href":"https:\/\/www.viaprinto.de\/blog\/wp-json\/wp\/v2\/types\/post"}],"author":[{"embeddable":true,"href":"https:\/\/www.viaprinto.de\/blog\/wp-json\/wp\/v2\/users\/5"}],"replies":[{"embeddable":true,"href":"https:\/\/www.viaprinto.de\/blog\/wp-json\/wp\/v2\/comments?post=5651"}],"version-history":[{"count":1,"href":"https:\/\/www.viaprinto.de\/blog\/wp-json\/wp\/v2\/posts\/5651\/revisions"}],"predecessor-version":[{"id":18594,"href":"https:\/\/www.viaprinto.de\/blog\/wp-json\/wp\/v2\/posts\/5651\/revisions\/18594"}],"wp:featuredmedia":[{"embeddable":true,"href":"https:\/\/www.viaprinto.de\/blog\/wp-json\/wp\/v2\/media\/7584"}],"wp:attachment":[{"href":"https:\/\/www.viaprinto.de\/blog\/wp-json\/wp\/v2\/media?parent=5651"}],"wp:term":[{"taxonomy":"category","embeddable":true,"href":"https:\/\/www.viaprinto.de\/blog\/wp-json\/wp\/v2\/categories?post=5651"},{"taxonomy":"post_tag","embeddable":true,"href":"https:\/\/www.viaprinto.de\/blog\/wp-json\/wp\/v2\/tags?post=5651"}],"curies":[{"name":"wp","href":"https:\/\/api.w.org\/{rel}","templated":true}]}}