{"id":5451,"date":"2014-10-23T08:52:02","date_gmt":"2014-10-23T06:52:02","guid":{"rendered":"https:\/\/www.viaprinto.de\/blog\/2014\/08\/color-management-rgb-2\/"},"modified":"2024-02-07T18:49:35","modified_gmt":"2024-02-07T17:49:35","slug":"color-management-farbtiefe","status":"publish","type":"post","link":"https:\/\/www.viaprinto.de\/blog\/color-management-farbtiefe\/","title":{"rendered":"Folge 9: Realit\u00e4tsn\u00e4he durch Tiefe und S\u00e4ttigung."},"content":{"rendered":"<p><a href=\"https:\/\/www.viaprinto.de\/blog\/2014\/06\/color-management\/color_management_titel\/\" rel=\"attachment wp-att-5007\"><img loading=\"lazy\" decoding=\"async\" class=\"wp-image-5007 alignleft\" src=\"https:\/\/www.viaprinto.de\/blog\/wp-content\/uploads\/2014\/06\/Color_Management_Titel.jpg\" alt=\"Color_Management_Titel\" width=\"123\" height=\"115\"><\/a><em>&#8222;Was ist Color-Management?&#8220;: Dazu z\u00e4hlt auch das Wissen um Farbtiefe und Farbs\u00e4ttigung. Charlotte Erdmann erkl\u00e4rt in Folge 9, was sich dahinter verbirgt.<br \/>\n<\/em><\/p>\n<p>Menschen nehmen Farben anhand von drei Eigenschaften wahr: Farbton, Helligkeit und S\u00e4ttigung. Farbton und Helligkeit sind dabei relativ einfach zu definieren, die S\u00e4ttigung aber wird eher subjektiv empfunden. Denn sie beschreibt die Farbkraft, also die Intensit\u00e4t der Farbe. Damit m\u00f6glichst viele Farben am Monitor aber \u00fcberhaupt dargestellt werden k\u00f6nnen, muss dieser eine gewisse Farbtiefe besitzen. Eine Begriffskl\u00e4rung \u2026<\/p>\n<p><strong>Drei Dimensionen von Farben<\/strong><br \/>\nWie bereits in den vorherigen Folgen dieser Serie beschrieben, werden Farben \u00fcber Farbr\u00e4ume definiert. Sie entstehen durch drei Koordinaten, mittels derer die Farbe in einem Raum festgelegt werden. W\u00e4hrend aber die technischen Farbr\u00e4ume wie RGB oder CMYK \u2013 <a title=\"Was ist Color-Management? Folge 3: RGB, CMYK und LAB erkl\u00e4rt\" href=\"https:\/\/www.viaprinto.de\/blog\/2014\/07\/color-management-cmyk\/\" target=\"_blank\" rel=\"noopener\">\u00fcber die wir in den vergangenen Folgen berichteten<\/a> \u2013 immer \u00fcber drei unterschiedliche Farben definiert werden, in deren Raum sich eine neue Farbe bildet, setzt die menschliche Wahrnehmung bei der Farbenerkennung andere Parameter an. Ein Maler charakterisiert Farben immer nach ihrem Ton, der Helligkeit und eben auch der S\u00e4ttigung.<\/p>\n<p><strong>Was ist S\u00e4ttigung?<\/strong><br \/>\nDer Maler meint mit S\u00e4ttigung allerdings nicht, wie dick die Farbe auf seiner Leinwand aufgetragen ist, sondern vielmehr in welchem Verh\u00e4ltnis der Buntwert zur Helligkeit der Farbe steht. Aber auch am Computer wird die S\u00e4ttigung in einigen Farbmodellen eingesetzt. Dazu z\u00e4hlt unter anderem bei dem HSB-Farbmodell, das auf dem Farbenkreis basiert und die S\u00e4ttigung als wichtiges Element beinhaltet. Mit HSB lassen sich daher Farben wie von uns in der Natur wahrgenommen beschreiben. \u00c4hnliches gilt f\u00fcr die Farbmodelle HSV, HSL und HSI, die neben dem Farbton (<em>Hue<\/em>) und der Helligkeit (<em>Brightness<\/em>) eben auch die S\u00e4ttigung (<em>Saturation<\/em>) beschreiben \u2013 allerdings mit leichten Ver\u00e4nderungen. HSI beispielsweise setzt die Lichtintensit\u00e4t mit ein, HSV nimmt den Grauwert eines neutralen Graus als Ausgangspunkt (<em>Value<\/em>) und HSL beschreibt statt der absoluten die relative Helligkeit.<\/p>\n<p><strong>S\u00e4ttigung als Rendering Intent<\/strong><br \/>\nAlle genannten Verfahren, die den S\u00e4ttigungswert als Parameter im Farbmodell verwenden, sind allerdings nicht geeignet, wenn man Bilder ausgeben m\u00f6chte. Das rein wahrnehmungsorientierte Verfahren muss deshalb immer umgerechnet werden, um es auf Papier zu bringen. Will man dabei dann den S\u00e4ttigungsgehalt der Farbe nicht verlieren, sollte man als Umrechnungsmethode den <a title=\"Was ist Color-Management? Folge 8: Umwandeln mit Methode \u2013 die Rendering Intents.\" href=\"https:\/\/www.viaprinto.de\/blog\/2014\/10\/color-management-rendering-intents\/\" target=\"_blank\" rel=\"noopener\">\u201eSaturation Rendering Intent\u201c<\/a> im Anwendungsprogramm ausw\u00e4hlen. Es bewahrt den S\u00e4ttigungsgrad, w\u00e4hrend der bei einer Umrechnung unabdingbare Verlust mehr zu Lasten des Farbtons geht. Die Farben bleiben allerdings stark im Ausdruck und leuchtend, so dass sich diese Umrechnungsmethode gut f\u00fcr Grafiken und Diagramme eignet.<\/p>\n<p><strong>Wir sehen nur genug bei passender Farbtiefe<\/strong><br \/>\nBleiben wir bei der Wahrnehmung: W\u00e4hrend die S\u00e4ttigung den Bezug zwischen Helligkeit und Buntheit herstellt, ist in der Farbenlehre und damit der Wahrnehmung des Auges auch die Farbtiefe wichtig, um Farben zu erkennen. Denn tats\u00e4chlich versteht man in der Malerei bzw. der realen Darstellung von Farbe unter der Farbtiefe die scheinbare Farbst\u00e4rke von Farbmitteln. Mit anderen Worten: Je mehr Pigmente eine Farbe enth\u00e4lt, umso intensiver wird sie wahrgenommen. Was f\u00fcr die Pigmente bei Druckfarben gilt, funktioniert auch am Computer. Hier ist die Farbtiefe allerdings die m\u00f6gliche Darstellung einer Farbe auf einem Monitor. Nur wenn dieser genug Farbabstufungen erm\u00f6glicht, k\u00f6nnen damit Farben auch tats\u00e4chlich der Realit\u00e4t sehr nahe kommend wiedergegeben werden.<a href=\"https:\/\/www.viaprinto.de\/blog\/wp-content\/uploads\/221014_Summary.jpg\" target=\"_blank\" rel=\"noopener\" data-rel=\"lightbox-image-0\" data-rl_title=\"\" data-rl_caption=\"\" title=\"\"><img loading=\"lazy\" decoding=\"async\" class=\"alignright wp-image-5458 \" src=\"https:\/\/www.viaprinto.de\/blog\/wp-content\/uploads\/221014_Summary.jpg\" alt=\"221014_Summary\" width=\"312\" height=\"312\"><\/a><\/p>\n<p><strong>Technik hinter der Farbtiefe am Monitor<\/strong><br \/>\nAm Monitor werden Bilder durch Pixel aufgebaut, wobei jeder Pixel Rot, Gr\u00fcn und Blau wiedergeben kann \u2013 und in der Mischung dieser Farben jeden Farbton des RGB-Modells. Die Farbtiefe beschreibt dabei die Bits, die pro eines solchen Pixels wiedergegeben bzw. gespeichert werden k\u00f6nnen. Bits k\u00f6nnen nur zwei Zust\u00e4nde besitzen: 0 und 1. Je nach darstellbarer Tiefe eines Pixels ergeben sich daraus dann die Farben, die der Monitor wiedergeben kann. Pro Farbwert hat ein Monitor beispielsweise 8 Bit pro Pixel bei zwei Zust\u00e4nden der Bits, woraus sich ein Wert von 2 hoch 8, also 256 Farbstufen, ergibt. Multipliziert man die drei Farbwerte miteinander (Rot, Gr\u00fcn und Blau haben je 256 Abstufungen zur Verf\u00fcgung), ergibt sich eine Farbtiefe von 256 x 256 x 256 = 16,7 Millionen Farben. Sogenannte 24-Bit True Color Monitore weisen diese Farbtiefe auf, w\u00e4hrend die neueren 32-Bit True Color Ger\u00e4te sogar 4,3 Milliarden Farben (2 hoch 32) darstellen k\u00f6nnen.<\/p>\n<p>Hier eine \u00dcbersicht der Farbtiefen der jeweiligen Monitortypen:<br \/>\n16-Bit High-Color: 65536 Farben<br \/>\n24-Bit True-Color: 16,7 Millionen Farben<br \/>\n32-Bit True-Color: 4,3 Milliarden Farben<\/p>\n<p><strong>Farbtiefe bei Digitalfotos und Scans<\/strong><br \/>\nDoch selbst mit den besten True-Color-Monitoren kann man kein Digitalbild im Original wiedergeben, denn diese werden meist mit 24 Bit gespeichert, um m\u00f6glichst detailgetreue Aufnahmen zu erhalten. Scans k\u00f6nnen sogar mit bis zu 48 Bit Farbtiefe gespeichert werden. Die hohen Farbtiefen kann man zwar am Monitor nicht sehen, sie werden aber dazu ben\u00f6tigt, um bei der Umrechnung in andere Farbmodelle so wenig Verluste wie m\u00f6glich zu erhalten. Einfach gesagt wird das Ergebnis einer Bildbearbeitung umso besser, je h\u00f6her die Farbtiefe des Ausgangsbildes war. Tonwertkorrektur und Nachbearbeitung gelingen dann n\u00e4mlich so fein, dass im Endergebnis keine Verluste wie Treppeneffekte oder Verwischungen erkennbar sind. Die hohe Farbtiefe ist also in den Eingabebereichen wie Scan, Fotografie etc. durchaus sinnvoll. Speichern l\u00e4sst sie sich hingegen nur in bestimmten Formaten wie tiff, die eine solche Farbtiefe auch in ihren Algorithmen verarbeiten k\u00f6nnen.<\/p>\n<p>Die Farbtiefe von Monitoren spielt auch eine Rolle in unserer n\u00e4chsten Folge, in der es um die Ausgabe von Bildern am Monitor geht und warum Softproofs dem Endergebnis nie vollst\u00e4ndig \u00e4hneln k\u00f6nnen.<br \/>\nC<em>harlotte Erdmann<\/em><\/p>\n<figure id=\"attachment_4992\" aria-describedby=\"caption-attachment-4992\" style=\"width: 85px\" class=\"wp-caption alignleft\"><a href=\"https:\/\/www.viaprinto.de\/blog\/wp-content\/uploads\/2014\/06\/Charlotte_Erdmann1_Bild_Matthias-Martin.jpg\" target=\"_blank\" rel=\"noopener\" data-rel=\"lightbox-image-1\" data-rl_title=\"\" data-rl_caption=\"\" title=\"\"><img loading=\"lazy\" decoding=\"async\" class=\"wp-image-4992 \" src=\"https:\/\/www.viaprinto.de\/blog\/wp-content\/uploads\/2014\/06\/Charlotte_Erdmann1_Bild_Matthias-Martin-199x300.jpg\" alt=\"Charlotte Erdmann (Bild: Matthias Martin)\" width=\"85\" height=\"128\"><\/a><figcaption id=\"caption-attachment-4992\" class=\"wp-caption-text\">Charlotte Erdmann (Bild: Matthias Martin)<\/figcaption><\/figure>\n<p><em>&nbsp;<\/em><\/p>\n<p>Lesen Sie in der kommenden Folge aus unserer Reihe<br \/>\n&#8222;Was ist Color-Management?&#8220;:<br \/>\nVorsicht bei Softproofs.<strong><br \/>\n<\/strong><\/p>\n<p><strong><br \/>\n<\/strong><\/p>\n<p>&nbsp;<\/p>\n<p>&nbsp;<\/p>\n<p>&nbsp;<\/p>\n<p>&nbsp;<\/p>\n<p>Bereits erschienen:<br \/>\n<a title=\"Was ist Color-Management? Die neue Wissensreihe.\" href=\"https:\/\/www.viaprinto.de\/blog\/2014\/06\/color-management\/\" target=\"_blank\" rel=\"noopener\"><strong>So nimmt das Auge Farben wahr<\/strong><\/a>.<br \/>\n<strong><a title=\"Was ist Color-Management? Folge 2: Farbraum \u2013 Warum Farben dreidimensional sind.\" href=\"https:\/\/www.viaprinto.de\/blog\/2014\/07\/color-management-farbraum\/\" target=\"_blank\" rel=\"noopener\">Warum Farben dreidimensional sind.<\/a><\/strong><br \/>\n<a title=\"Was ist Color-Management? Folge 3: RGB, CMYK und LAB erkl\u00e4rt\" href=\"https:\/\/www.viaprinto.de\/blog\/2014\/07\/color-management-cmyk\/\" target=\"_blank\" rel=\"noopener\"><strong>RGB, CMYK und LAB erkl\u00e4rt.<\/strong><\/a><br \/>\n<strong><a title=\"Was ist Color-Management? Folge 4: Farbr\u00e4ume f\u00fcr Monitore \u2013 sRGB oder Adobe RGB?\" href=\"https:\/\/www.viaprinto.de\/blog\/2014\/08\/color-management-rgb\/\" target=\"_blank\" rel=\"noopener\">Farbr\u00e4ume f\u00fcr Monitore \u2013 sRGB oder Adobe RGB?<\/a><\/strong><br \/>\n<strong><a title=\"Was ist Color-Management? Folge 5: Monitore kalibrieren \u2013 Die richtige Farbe finden.\" href=\"https:\/\/www.viaprinto.de\/blog\/2014\/08\/color-management-kalibrieren\/\" target=\"_blank\" rel=\"noopener\">Monitore kalibrieren &#8211; Die richtige Farbe finden.<\/a><\/strong><br \/>\n<a title=\"Was ist Color-Management? Folge 6: Den Farbraum bestimmen \u2013 so geht\u2019s.\" href=\"https:\/\/www.viaprinto.de\/blog\/2014\/09\/color-management-farbraum-bestimmen\/\" target=\"_blank\" rel=\"noopener\"><strong>Den Farbraum bestimmen \u2013 so geht\u2019s.<\/strong><\/a><br \/>\n<strong><a title=\"Was ist Color-Management? Folge 7: Farben konvertieren bedeutet immer Verluste.\" href=\"https:\/\/www.viaprinto.de\/blog\/2014\/09\/color-management-konvertieren\/\">Farben konvertieren bedeutet immer Verluste.<\/a><\/strong><br \/>\n<a title=\"Was ist Color-Management? Folge 8: Umwandeln mit Methode \u2013 die Rendering Intents.\" href=\"https:\/\/www.viaprinto.de\/blog\/2014\/10\/color-management-rendering-intents\/\" target=\"_blank\" rel=\"noopener\"><strong>Umwandeln mit Methode &#8211; die Rendering Intents.<\/strong><\/a><\/p>\n","protected":false},"excerpt":{"rendered":"<p>&#8222;Was ist Color-Management?&#8220;: Dazu z\u00e4hlt auch das Wissen um Farbtiefe und Farbs\u00e4ttigung. Charlotte Erdmann erkl\u00e4rt in Folge 9, was sich dahinter verbirgt.<\/p>\n","protected":false},"author":5,"featured_media":7584,"comment_status":"open","ping_status":"open","sticky":false,"template":"","format":"standard","meta":{"_acf_changed":false,"inline_featured_image":false,"footnotes":""},"categories":[3],"tags":[],"class_list":["post-5451","post","type-post","status-publish","format-standard","has-post-thumbnail","hentry","category-druck"],"mb":[],"acf":[],"yoast_head":"<!-- This site is optimized with the Yoast SEO plugin v27.4 - https:\/\/yoast.com\/product\/yoast-seo-wordpress\/ -->\n<title>Farbtiefe und Farbs\u00e4ttigung | viaprinto Blog<\/title>\n<meta name=\"description\" content=\"Was ist Color-Management? - Folge 9: Realit\u00e4tsn\u00e4he durch Tiefe und S\u00e4ttigung | Technik hinter der Farbtiefe am Monitor.\" \/>\n<meta name=\"robots\" content=\"index, follow, max-snippet:-1, max-image-preview:large, max-video-preview:-1\" \/>\n<link rel=\"canonical\" href=\"https:\/\/www.viaprinto.de\/blog\/color-management-farbtiefe\/\" \/>\n<meta property=\"og:locale\" content=\"de_DE\" \/>\n<meta property=\"og:type\" content=\"article\" \/>\n<meta property=\"og:title\" content=\"Farbtiefe und Farbs\u00e4ttigung | viaprinto Blog\" \/>\n<meta property=\"og:description\" content=\"Was ist Color-Management? - Folge 9: Realit\u00e4tsn\u00e4he durch Tiefe und S\u00e4ttigung | Technik hinter der Farbtiefe am Monitor.\" \/>\n<meta property=\"og:url\" content=\"https:\/\/www.viaprinto.de\/blog\/color-management-farbtiefe\/\" \/>\n<meta property=\"og:site_name\" content=\"viaprinto Blog | Alles \u00fcber den Druck\" \/>\n<meta property=\"article:published_time\" content=\"2014-10-23T06:52:02+00:00\" \/>\n<meta property=\"article:modified_time\" content=\"2024-02-07T17:49:35+00:00\" \/>\n<meta property=\"og:image\" content=\"https:\/\/www.viaprinto.de\/blog\/wp-content\/uploads\/2014\/06\/Color_Management1-1.jpg\" \/>\n\t<meta property=\"og:image:width\" content=\"600\" \/>\n\t<meta property=\"og:image:height\" content=\"676\" \/>\n\t<meta property=\"og:image:type\" content=\"image\/jpeg\" \/>\n<meta name=\"author\" content=\"Daniela K\u00fcper\" \/>\n<script type=\"application\/ld+json\" class=\"yoast-schema-graph\">{\"@context\":\"https:\\\/\\\/schema.org\",\"@graph\":[{\"@type\":\"Article\",\"@id\":\"https:\\\/\\\/www.viaprinto.de\\\/blog\\\/color-management-farbtiefe\\\/#article\",\"isPartOf\":{\"@id\":\"https:\\\/\\\/www.viaprinto.de\\\/blog\\\/color-management-farbtiefe\\\/\"},\"author\":{\"name\":\"Daniela K\u00fcper\",\"@id\":\"https:\\\/\\\/www.viaprinto.de\\\/blog\\\/#\\\/schema\\\/person\\\/6a8f659dcc14fafe8739fabdb8f6e18e\"},\"headline\":\"Folge 9: Realit\u00e4tsn\u00e4he durch Tiefe und S\u00e4ttigung.\",\"datePublished\":\"2014-10-23T06:52:02+00:00\",\"dateModified\":\"2024-02-07T17:49:35+00:00\",\"mainEntityOfPage\":{\"@id\":\"https:\\\/\\\/www.viaprinto.de\\\/blog\\\/color-management-farbtiefe\\\/\"},\"wordCount\":1000,\"commentCount\":0,\"publisher\":{\"@id\":\"https:\\\/\\\/www.viaprinto.de\\\/blog\\\/#organization\"},\"image\":{\"@id\":\"https:\\\/\\\/www.viaprinto.de\\\/blog\\\/color-management-farbtiefe\\\/#primaryimage\"},\"thumbnailUrl\":\"https:\\\/\\\/www.viaprinto.de\\\/blog\\\/wp-content\\\/uploads\\\/2014\\\/06\\\/Color_Management1-1.jpg\",\"articleSection\":[\"Druck\"],\"inLanguage\":\"de\",\"potentialAction\":[{\"@type\":\"CommentAction\",\"name\":\"Comment\",\"target\":[\"https:\\\/\\\/www.viaprinto.de\\\/blog\\\/color-management-farbtiefe\\\/#respond\"]}]},{\"@type\":\"WebPage\",\"@id\":\"https:\\\/\\\/www.viaprinto.de\\\/blog\\\/color-management-farbtiefe\\\/\",\"url\":\"https:\\\/\\\/www.viaprinto.de\\\/blog\\\/color-management-farbtiefe\\\/\",\"name\":\"Farbtiefe und Farbs\u00e4ttigung | viaprinto Blog\",\"isPartOf\":{\"@id\":\"https:\\\/\\\/www.viaprinto.de\\\/blog\\\/#website\"},\"primaryImageOfPage\":{\"@id\":\"https:\\\/\\\/www.viaprinto.de\\\/blog\\\/color-management-farbtiefe\\\/#primaryimage\"},\"image\":{\"@id\":\"https:\\\/\\\/www.viaprinto.de\\\/blog\\\/color-management-farbtiefe\\\/#primaryimage\"},\"thumbnailUrl\":\"https:\\\/\\\/www.viaprinto.de\\\/blog\\\/wp-content\\\/uploads\\\/2014\\\/06\\\/Color_Management1-1.jpg\",\"description\":\"Was ist Color-Management? - Folge 9: Realit\u00e4tsn\u00e4he durch Tiefe und S\u00e4ttigung | Technik hinter der Farbtiefe am Monitor.\",\"breadcrumb\":{\"@id\":\"https:\\\/\\\/www.viaprinto.de\\\/blog\\\/color-management-farbtiefe\\\/#breadcrumb\"},\"inLanguage\":\"de\",\"potentialAction\":[{\"@type\":\"ReadAction\",\"target\":[\"https:\\\/\\\/www.viaprinto.de\\\/blog\\\/color-management-farbtiefe\\\/\"]}]},{\"@type\":\"ImageObject\",\"inLanguage\":\"de\",\"@id\":\"https:\\\/\\\/www.viaprinto.de\\\/blog\\\/color-management-farbtiefe\\\/#primaryimage\",\"url\":\"https:\\\/\\\/www.viaprinto.de\\\/blog\\\/wp-content\\\/uploads\\\/2014\\\/06\\\/Color_Management1-1.jpg\",\"contentUrl\":\"https:\\\/\\\/www.viaprinto.de\\\/blog\\\/wp-content\\\/uploads\\\/2014\\\/06\\\/Color_Management1-1.jpg\",\"width\":600,\"height\":676,\"caption\":\"Titelbild viaprinto Wissenreihe Was ist Color-Management\"},{\"@type\":\"BreadcrumbList\",\"@id\":\"https:\\\/\\\/www.viaprinto.de\\\/blog\\\/color-management-farbtiefe\\\/#breadcrumb\",\"itemListElement\":[{\"@type\":\"ListItem\",\"position\":1,\"name\":\"Startseite\",\"item\":\"https:\\\/\\\/www.viaprinto.de\\\/blog\\\/\"},{\"@type\":\"ListItem\",\"position\":2,\"name\":\"Folge 9: Realit\u00e4tsn\u00e4he durch Tiefe und S\u00e4ttigung.\"}]},{\"@type\":\"WebSite\",\"@id\":\"https:\\\/\\\/www.viaprinto.de\\\/blog\\\/#website\",\"url\":\"https:\\\/\\\/www.viaprinto.de\\\/blog\\\/\",\"name\":\"viaprinto Blog | Alles \u00fcber den Druck\",\"description\":\"\",\"publisher\":{\"@id\":\"https:\\\/\\\/www.viaprinto.de\\\/blog\\\/#organization\"},\"potentialAction\":[{\"@type\":\"SearchAction\",\"target\":{\"@type\":\"EntryPoint\",\"urlTemplate\":\"https:\\\/\\\/www.viaprinto.de\\\/blog\\\/?s={search_term_string}\"},\"query-input\":{\"@type\":\"PropertyValueSpecification\",\"valueRequired\":true,\"valueName\":\"search_term_string\"}}],\"inLanguage\":\"de\"},{\"@type\":\"Organization\",\"@id\":\"https:\\\/\\\/www.viaprinto.de\\\/blog\\\/#organization\",\"name\":\"viaprinto\",\"url\":\"https:\\\/\\\/www.viaprinto.de\\\/blog\\\/\",\"logo\":{\"@type\":\"ImageObject\",\"inLanguage\":\"de\",\"@id\":\"https:\\\/\\\/www.viaprinto.de\\\/blog\\\/#\\\/schema\\\/logo\\\/image\\\/\",\"url\":\"https:\\\/\\\/www.viaprinto.de\\\/blog\\\/wp-content\\\/uploads\\\/2022\\\/12\\\/viaprinto-blog-logo.svg\",\"contentUrl\":\"https:\\\/\\\/www.viaprinto.de\\\/blog\\\/wp-content\\\/uploads\\\/2022\\\/12\\\/viaprinto-blog-logo.svg\",\"caption\":\"viaprinto\"},\"image\":{\"@id\":\"https:\\\/\\\/www.viaprinto.de\\\/blog\\\/#\\\/schema\\\/logo\\\/image\\\/\"},\"sameAs\":[\"https:\\\/\\\/www.linkedin.com\\\/company\\\/viaprinto\"]},{\"@type\":\"Person\",\"@id\":\"https:\\\/\\\/www.viaprinto.de\\\/blog\\\/#\\\/schema\\\/person\\\/6a8f659dcc14fafe8739fabdb8f6e18e\",\"name\":\"Daniela K\u00fcper\",\"url\":\"https:\\\/\\\/www.viaprinto.de\\\/blog\\\/author\\\/daniela-kueperviaprinto-de\\\/\"}]}<\/script>\n<!-- \/ Yoast SEO plugin. -->","yoast_head_json":{"title":"Farbtiefe und Farbs\u00e4ttigung | viaprinto Blog","description":"Was ist Color-Management? - Folge 9: Realit\u00e4tsn\u00e4he durch Tiefe und S\u00e4ttigung | Technik hinter der Farbtiefe am Monitor.","robots":{"index":"index","follow":"follow","max-snippet":"max-snippet:-1","max-image-preview":"max-image-preview:large","max-video-preview":"max-video-preview:-1"},"canonical":"https:\/\/www.viaprinto.de\/blog\/color-management-farbtiefe\/","og_locale":"de_DE","og_type":"article","og_title":"Farbtiefe und Farbs\u00e4ttigung | viaprinto Blog","og_description":"Was ist Color-Management? - Folge 9: Realit\u00e4tsn\u00e4he durch Tiefe und S\u00e4ttigung | Technik hinter der Farbtiefe am Monitor.","og_url":"https:\/\/www.viaprinto.de\/blog\/color-management-farbtiefe\/","og_site_name":"viaprinto Blog | Alles \u00fcber den Druck","article_published_time":"2014-10-23T06:52:02+00:00","article_modified_time":"2024-02-07T17:49:35+00:00","og_image":[{"width":600,"height":676,"url":"https:\/\/www.viaprinto.de\/blog\/wp-content\/uploads\/2014\/06\/Color_Management1-1.jpg","type":"image\/jpeg"}],"author":"Daniela K\u00fcper","schema":{"@context":"https:\/\/schema.org","@graph":[{"@type":"Article","@id":"https:\/\/www.viaprinto.de\/blog\/color-management-farbtiefe\/#article","isPartOf":{"@id":"https:\/\/www.viaprinto.de\/blog\/color-management-farbtiefe\/"},"author":{"name":"Daniela K\u00fcper","@id":"https:\/\/www.viaprinto.de\/blog\/#\/schema\/person\/6a8f659dcc14fafe8739fabdb8f6e18e"},"headline":"Folge 9: Realit\u00e4tsn\u00e4he durch Tiefe und S\u00e4ttigung.","datePublished":"2014-10-23T06:52:02+00:00","dateModified":"2024-02-07T17:49:35+00:00","mainEntityOfPage":{"@id":"https:\/\/www.viaprinto.de\/blog\/color-management-farbtiefe\/"},"wordCount":1000,"commentCount":0,"publisher":{"@id":"https:\/\/www.viaprinto.de\/blog\/#organization"},"image":{"@id":"https:\/\/www.viaprinto.de\/blog\/color-management-farbtiefe\/#primaryimage"},"thumbnailUrl":"https:\/\/www.viaprinto.de\/blog\/wp-content\/uploads\/2014\/06\/Color_Management1-1.jpg","articleSection":["Druck"],"inLanguage":"de","potentialAction":[{"@type":"CommentAction","name":"Comment","target":["https:\/\/www.viaprinto.de\/blog\/color-management-farbtiefe\/#respond"]}]},{"@type":"WebPage","@id":"https:\/\/www.viaprinto.de\/blog\/color-management-farbtiefe\/","url":"https:\/\/www.viaprinto.de\/blog\/color-management-farbtiefe\/","name":"Farbtiefe und Farbs\u00e4ttigung | viaprinto Blog","isPartOf":{"@id":"https:\/\/www.viaprinto.de\/blog\/#website"},"primaryImageOfPage":{"@id":"https:\/\/www.viaprinto.de\/blog\/color-management-farbtiefe\/#primaryimage"},"image":{"@id":"https:\/\/www.viaprinto.de\/blog\/color-management-farbtiefe\/#primaryimage"},"thumbnailUrl":"https:\/\/www.viaprinto.de\/blog\/wp-content\/uploads\/2014\/06\/Color_Management1-1.jpg","description":"Was ist Color-Management? - Folge 9: Realit\u00e4tsn\u00e4he durch Tiefe und S\u00e4ttigung | Technik hinter der Farbtiefe am Monitor.","breadcrumb":{"@id":"https:\/\/www.viaprinto.de\/blog\/color-management-farbtiefe\/#breadcrumb"},"inLanguage":"de","potentialAction":[{"@type":"ReadAction","target":["https:\/\/www.viaprinto.de\/blog\/color-management-farbtiefe\/"]}]},{"@type":"ImageObject","inLanguage":"de","@id":"https:\/\/www.viaprinto.de\/blog\/color-management-farbtiefe\/#primaryimage","url":"https:\/\/www.viaprinto.de\/blog\/wp-content\/uploads\/2014\/06\/Color_Management1-1.jpg","contentUrl":"https:\/\/www.viaprinto.de\/blog\/wp-content\/uploads\/2014\/06\/Color_Management1-1.jpg","width":600,"height":676,"caption":"Titelbild viaprinto Wissenreihe Was ist Color-Management"},{"@type":"BreadcrumbList","@id":"https:\/\/www.viaprinto.de\/blog\/color-management-farbtiefe\/#breadcrumb","itemListElement":[{"@type":"ListItem","position":1,"name":"Startseite","item":"https:\/\/www.viaprinto.de\/blog\/"},{"@type":"ListItem","position":2,"name":"Folge 9: Realit\u00e4tsn\u00e4he durch Tiefe und S\u00e4ttigung."}]},{"@type":"WebSite","@id":"https:\/\/www.viaprinto.de\/blog\/#website","url":"https:\/\/www.viaprinto.de\/blog\/","name":"viaprinto Blog | Alles \u00fcber den Druck","description":"","publisher":{"@id":"https:\/\/www.viaprinto.de\/blog\/#organization"},"potentialAction":[{"@type":"SearchAction","target":{"@type":"EntryPoint","urlTemplate":"https:\/\/www.viaprinto.de\/blog\/?s={search_term_string}"},"query-input":{"@type":"PropertyValueSpecification","valueRequired":true,"valueName":"search_term_string"}}],"inLanguage":"de"},{"@type":"Organization","@id":"https:\/\/www.viaprinto.de\/blog\/#organization","name":"viaprinto","url":"https:\/\/www.viaprinto.de\/blog\/","logo":{"@type":"ImageObject","inLanguage":"de","@id":"https:\/\/www.viaprinto.de\/blog\/#\/schema\/logo\/image\/","url":"https:\/\/www.viaprinto.de\/blog\/wp-content\/uploads\/2022\/12\/viaprinto-blog-logo.svg","contentUrl":"https:\/\/www.viaprinto.de\/blog\/wp-content\/uploads\/2022\/12\/viaprinto-blog-logo.svg","caption":"viaprinto"},"image":{"@id":"https:\/\/www.viaprinto.de\/blog\/#\/schema\/logo\/image\/"},"sameAs":["https:\/\/www.linkedin.com\/company\/viaprinto"]},{"@type":"Person","@id":"https:\/\/www.viaprinto.de\/blog\/#\/schema\/person\/6a8f659dcc14fafe8739fabdb8f6e18e","name":"Daniela K\u00fcper","url":"https:\/\/www.viaprinto.de\/blog\/author\/daniela-kueperviaprinto-de\/"}]}},"mfb_rest_fields":["title","yoast_head","yoast_head_json"],"_links":{"self":[{"href":"https:\/\/www.viaprinto.de\/blog\/wp-json\/wp\/v2\/posts\/5451","targetHints":{"allow":["GET"]}}],"collection":[{"href":"https:\/\/www.viaprinto.de\/blog\/wp-json\/wp\/v2\/posts"}],"about":[{"href":"https:\/\/www.viaprinto.de\/blog\/wp-json\/wp\/v2\/types\/post"}],"author":[{"embeddable":true,"href":"https:\/\/www.viaprinto.de\/blog\/wp-json\/wp\/v2\/users\/5"}],"replies":[{"embeddable":true,"href":"https:\/\/www.viaprinto.de\/blog\/wp-json\/wp\/v2\/comments?post=5451"}],"version-history":[{"count":1,"href":"https:\/\/www.viaprinto.de\/blog\/wp-json\/wp\/v2\/posts\/5451\/revisions"}],"predecessor-version":[{"id":18456,"href":"https:\/\/www.viaprinto.de\/blog\/wp-json\/wp\/v2\/posts\/5451\/revisions\/18456"}],"wp:featuredmedia":[{"embeddable":true,"href":"https:\/\/www.viaprinto.de\/blog\/wp-json\/wp\/v2\/media\/7584"}],"wp:attachment":[{"href":"https:\/\/www.viaprinto.de\/blog\/wp-json\/wp\/v2\/media?parent=5451"}],"wp:term":[{"taxonomy":"category","embeddable":true,"href":"https:\/\/www.viaprinto.de\/blog\/wp-json\/wp\/v2\/categories?post=5451"},{"taxonomy":"post_tag","embeddable":true,"href":"https:\/\/www.viaprinto.de\/blog\/wp-json\/wp\/v2\/tags?post=5451"}],"curies":[{"name":"wp","href":"https:\/\/api.w.org\/{rel}","templated":true}]}}