{"id":4332,"date":"2013-12-17T10:16:12","date_gmt":"2013-12-17T09:16:12","guid":{"rendered":"https:\/\/www.viaprinto.de\/blog\/?p=4332"},"modified":"2013-12-17T10:16:12","modified_gmt":"2013-12-17T09:16:12","slug":"janleonardo-woellert-motivkalender-lichtkunstfotografie","status":"publish","type":"post","link":"https:\/\/www.viaprinto.de\/blog\/janleonardo-woellert-motivkalender-lichtkunstfotografie\/","title":{"rendered":"Im Portr\u00e4t: JanLeonardo W\u00f6llert und sein Motivkalender \u201eLichtkunstfotografie\u201c."},"content":{"rendered":"<h1 style=\"text-align: justify;\"><a style=\"text-align: justify;\" href=\"https:\/\/www.viaprinto.de\/blog\/wp-content\/uploads\/2013\/12\/lichtkunstfotografie_woellert.jpg\" target=\"_blank\" rel=\"noopener\" data-rel=\"lightbox-image-0\" data-rl_title=\"\" data-rl_caption=\"\" title=\"\"><img loading=\"lazy\" decoding=\"async\" class=\"aligncenter wp-image-4337\" src=\"https:\/\/www.viaprinto.de\/blog\/wp-content\/uploads\/2013\/12\/lichtkunstfotografie_woellert.jpg\" alt=\"JanLeonardo W\u00f6llert - Motivkalender &quot;Lichtkunstfotografie&quot;\" width=\"540\" height=\"540\" \/><\/a><\/h1>\n<p style=\"text-align: justify;\">\u201eLicht ist das kreative Gestaltungsmittel im 21. Jahrhundert\u201c: Davon ist JanLeonardo W\u00f6llert \u00fcberzeugt. Der K\u00fcnstler und Profi-Fotograf begann damit im Jahre 2006 als er mit Taschenlampen Landschaften und Architektur illuminierte. <a href=\"https:\/\/www.viaprinto.de\/blog\/wp-content\/uploads\/2013\/12\/woellert_lichtkunstfotografie.jpg\" target=\"_blank\" rel=\"noopener\" data-rel=\"lightbox-image-1\" data-rl_title=\"\" data-rl_caption=\"\" title=\"\"><img loading=\"lazy\" decoding=\"async\" class=\"alignright wp-image-4364\" style=\"margin: 5px;\" src=\"https:\/\/www.viaprinto.de\/blog\/wp-content\/uploads\/2013\/12\/woellert_lichtkunstfotografie.jpg\" alt=\"JanLeonardo W\u00f6llert - Motivkalender &quot;Lichtkunstfotografie&quot;\" width=\"242\" height=\"184\" \/><\/a>Heute gestalten sich seine \u201eAuff\u00fchrungen\u201c aufwendiger, wenn er durch ganz Europa reist, um in der Nacht das perfekte Motiv zu finden.<\/p>\n<p style=\"text-align: justify;\">Schon lange haben ihn Konzerne wie Nike oder die Top Band Coldplay f\u00fcr sich entdeckt. Seine Techniken sind aufwendig, au\u00dfergew\u00f6hnlich und gew\u00f6hnungsbed\u00fcrftig anders.<\/p>\n<p style=\"text-align: justify;\">Bei der fotografischen Technik Portable Lightbrush Photography (kurz PLP) setzt der K\u00fcnstler mobile Lichtquellen in der Langzeitfotografie ein, um Lichtmalerei in Landschaften oder bei Architekturen zu erzeugen. JanLeonardo W\u00f6llert nennt es selbst ein \u201ezur\u00fcck zu den Wurzeln\u201c oder die \u201etotale Entschleunigung\u201c. Jede einzelne Fotografie wird zum Unikat.<\/p>\n<p style=\"text-align: justify;\"><strong><span style=\"text-decoration: underline;\">\u00dcber den Fotografen:<\/span><\/strong><\/p>\n<p style=\"text-align: justify;\"><a href=\"https:\/\/www.viaprinto.de\/blog\/wp-content\/uploads\/2013\/11\/Motivkalender_W\u00f6llert_Bremen.jpg\" target=\"_blank\" rel=\"noopener\" data-rel=\"lightbox-image-2\" data-rl_title=\"\" data-rl_caption=\"\" title=\"\"><img loading=\"lazy\" decoding=\"async\" class=\"alignleft wp-image-4196\" style=\"margin: 5px;\" src=\"https:\/\/www.viaprinto.de\/blog\/wp-content\/uploads\/2013\/11\/Motivkalender_W\u00f6llert_Bremen.jpg\" alt=\"JanLeonardo W\u00f6llert Motivkalender &quot;Lichtkunstfotografie&quot;\" width=\"170\" height=\"256\" \/><\/a>Name: JanLeonardo W\u00f6llert<\/p>\n<p style=\"text-align: justify;\">Wohnort: Bremen<br \/>\nKamera: Canon EOS 5D Mark III<br \/>\nSchwerpunkte: Light Art Performance Photography<br \/>\nAuszeichnungen: 1. Platz Deutscher Preis f\u00fcr Wissenschaftsfotografie 2008, 3. Platz WissenSchafftBilder 2008<\/p>\n<p style=\"text-align: justify;\">fotoforum Community: <a href=\"http:\/\/www.fotoforum.de\/user\/janleonardo\" target=\"_blank\" rel=\"noopener\">www.fotoforum.de\/user\/janleonardo<\/a><br \/>\nWebsite: <a href=\"http:\/\/www.lightart-photography.de\" target=\"_blank\" rel=\"noopener\">www.lightart-photography.de<\/a><\/p>\n<p style=\"text-align: justify;\"><em>\u201eIch m\u00f6chte die Fotografie<\/em> <em>entschleunigen, Menschen<\/em> <em>zum Nachdenken bringen <\/em><em>und sie kreativ befl\u00fcgeln.\u201c<\/em><\/p>\n<p style=\"text-align: justify;\">JanLeonardo W\u00f6llert unterst\u00fctzt mit seinem Motivkalender &#8222;Lichtkunstfotografie&#8220; die <a href=\"http:\/\/www.wohngruppe-sudweyhe.de\" target=\"_blank\" rel=\"noopener\">Jugendwohngruppe Sudweyhe<\/a>. In der Einrichtung finden Jugendliche, die Verhaltensauff\u00e4lligkeiten, seelische St\u00f6rungen oder Lernbehinderungen zeigen, ein neues Zuhause. Jeder Bewohner wird individuell betreut und es werden Probleml\u00f6sungen mit Experten f\u00fcr ihn und sein Umfeld erarbeitet. Ziel ist die R\u00fcckf\u00fchrung in die Familie oder in die Selbst\u00e4ndigkeit.<\/p>\n","protected":false},"excerpt":{"rendered":"<p>\u201eLicht ist das kreative Gestaltungsmittel im 21. Jahrhundert\u201c: Davon ist JanLeonardo W\u00f6llert \u00fcberzeugt. Der K\u00fcnstler und Profi-Fotograf begann damit im Jahre 2006 als er mit Taschenlampen Landschaften und Architektur illuminierte. Heute gestalten sich seine \u201eAuff\u00fchrungen\u201c aufwendiger, wenn er durch ganz Europa reist, um in der Nacht das perfekte Motiv zu finden &#8230;<\/p>\n","protected":false},"author":5,"featured_media":7470,"comment_status":"open","ping_status":"open","sticky":false,"template":"","format":"standard","meta":{"_acf_changed":false,"inline_featured_image":false,"footnotes":""},"categories":[8],"tags":[],"class_list":["post-4332","post","type-post","status-publish","format-standard","has-post-thumbnail","hentry","category-produkte"],"mb":[],"acf":[],"yoast_head":"<!-- This site is optimized with the Yoast SEO plugin v27.4 - https:\/\/yoast.com\/product\/yoast-seo-wordpress\/ -->\n<title>JanLeonardo W\u00f6llert | \u201eLichtkunstfotografie\u201c | viaprinto Blog<\/title>\n<meta name=\"description\" content=\"viaprinto Blog | Im Portr\u00e4t: JanLeonardo W\u00f6llert und sein Motivkalender \u201eLichtkunstfotografie\u201c | \u00dcber die Portable Lightbrush Photography (kurz PLP).\" \/>\n<meta name=\"robots\" content=\"index, follow, max-snippet:-1, max-image-preview:large, max-video-preview:-1\" \/>\n<link rel=\"canonical\" href=\"https:\/\/www.viaprinto.de\/blog\/janleonardo-woellert-motivkalender-lichtkunstfotografie\/\" \/>\n<meta property=\"og:locale\" content=\"de_DE\" \/>\n<meta property=\"og:type\" content=\"article\" \/>\n<meta property=\"og:title\" content=\"JanLeonardo W\u00f6llert | \u201eLichtkunstfotografie\u201c | viaprinto Blog\" \/>\n<meta property=\"og:description\" content=\"viaprinto Blog | Im Portr\u00e4t: JanLeonardo W\u00f6llert und sein Motivkalender \u201eLichtkunstfotografie\u201c | \u00dcber die Portable Lightbrush Photography (kurz PLP).\" \/>\n<meta property=\"og:url\" content=\"https:\/\/www.viaprinto.de\/blog\/janleonardo-woellert-motivkalender-lichtkunstfotografie\/\" \/>\n<meta property=\"og:site_name\" content=\"viaprinto Blog | Alles \u00fcber den Druck\" \/>\n<meta property=\"article:published_time\" content=\"2013-12-17T09:16:12+00:00\" \/>\n<meta property=\"og:image\" content=\"https:\/\/www.viaprinto.de\/blog\/wp-content\/uploads\/2013\/12\/woellert_lichtkunstfotografie-1024x7761-1.jpg\" \/>\n\t<meta property=\"og:image:width\" content=\"1024\" \/>\n\t<meta property=\"og:image:height\" content=\"776\" \/>\n\t<meta property=\"og:image:type\" content=\"image\/jpeg\" \/>\n<meta name=\"author\" content=\"Daniela K\u00fcper\" \/>\n<script type=\"application\/ld+json\" class=\"yoast-schema-graph\">{\"@context\":\"https:\\\/\\\/schema.org\",\"@graph\":[{\"@type\":\"Article\",\"@id\":\"https:\\\/\\\/www.viaprinto.de\\\/blog\\\/janleonardo-woellert-motivkalender-lichtkunstfotografie\\\/#article\",\"isPartOf\":{\"@id\":\"https:\\\/\\\/www.viaprinto.de\\\/blog\\\/janleonardo-woellert-motivkalender-lichtkunstfotografie\\\/\"},\"author\":{\"name\":\"Daniela K\u00fcper\",\"@id\":\"https:\\\/\\\/www.viaprinto.de\\\/blog\\\/#\\\/schema\\\/person\\\/6a8f659dcc14fafe8739fabdb8f6e18e\"},\"headline\":\"Im Portr\u00e4t: JanLeonardo W\u00f6llert und sein Motivkalender \u201eLichtkunstfotografie\u201c.\",\"datePublished\":\"2013-12-17T09:16:12+00:00\",\"mainEntityOfPage\":{\"@id\":\"https:\\\/\\\/www.viaprinto.de\\\/blog\\\/janleonardo-woellert-motivkalender-lichtkunstfotografie\\\/\"},\"wordCount\":257,\"commentCount\":0,\"publisher\":{\"@id\":\"https:\\\/\\\/www.viaprinto.de\\\/blog\\\/#organization\"},\"image\":{\"@id\":\"https:\\\/\\\/www.viaprinto.de\\\/blog\\\/janleonardo-woellert-motivkalender-lichtkunstfotografie\\\/#primaryimage\"},\"thumbnailUrl\":\"https:\\\/\\\/www.viaprinto.de\\\/blog\\\/wp-content\\\/uploads\\\/2013\\\/12\\\/woellert_lichtkunstfotografie-1024x7761-1.jpg\",\"articleSection\":[\"Produkte\"],\"inLanguage\":\"de\",\"potentialAction\":[{\"@type\":\"CommentAction\",\"name\":\"Comment\",\"target\":[\"https:\\\/\\\/www.viaprinto.de\\\/blog\\\/janleonardo-woellert-motivkalender-lichtkunstfotografie\\\/#respond\"]}]},{\"@type\":\"WebPage\",\"@id\":\"https:\\\/\\\/www.viaprinto.de\\\/blog\\\/janleonardo-woellert-motivkalender-lichtkunstfotografie\\\/\",\"url\":\"https:\\\/\\\/www.viaprinto.de\\\/blog\\\/janleonardo-woellert-motivkalender-lichtkunstfotografie\\\/\",\"name\":\"JanLeonardo W\u00f6llert | \u201eLichtkunstfotografie\u201c | viaprinto Blog\",\"isPartOf\":{\"@id\":\"https:\\\/\\\/www.viaprinto.de\\\/blog\\\/#website\"},\"primaryImageOfPage\":{\"@id\":\"https:\\\/\\\/www.viaprinto.de\\\/blog\\\/janleonardo-woellert-motivkalender-lichtkunstfotografie\\\/#primaryimage\"},\"image\":{\"@id\":\"https:\\\/\\\/www.viaprinto.de\\\/blog\\\/janleonardo-woellert-motivkalender-lichtkunstfotografie\\\/#primaryimage\"},\"thumbnailUrl\":\"https:\\\/\\\/www.viaprinto.de\\\/blog\\\/wp-content\\\/uploads\\\/2013\\\/12\\\/woellert_lichtkunstfotografie-1024x7761-1.jpg\",\"description\":\"viaprinto Blog | Im Portr\u00e4t: JanLeonardo W\u00f6llert und sein Motivkalender \u201eLichtkunstfotografie\u201c | \u00dcber die Portable Lightbrush Photography (kurz PLP).\",\"breadcrumb\":{\"@id\":\"https:\\\/\\\/www.viaprinto.de\\\/blog\\\/janleonardo-woellert-motivkalender-lichtkunstfotografie\\\/#breadcrumb\"},\"inLanguage\":\"de\",\"potentialAction\":[{\"@type\":\"ReadAction\",\"target\":[\"https:\\\/\\\/www.viaprinto.de\\\/blog\\\/janleonardo-woellert-motivkalender-lichtkunstfotografie\\\/\"]}]},{\"@type\":\"ImageObject\",\"inLanguage\":\"de\",\"@id\":\"https:\\\/\\\/www.viaprinto.de\\\/blog\\\/janleonardo-woellert-motivkalender-lichtkunstfotografie\\\/#primaryimage\",\"url\":\"https:\\\/\\\/www.viaprinto.de\\\/blog\\\/wp-content\\\/uploads\\\/2013\\\/12\\\/woellert_lichtkunstfotografie-1024x7761-1.jpg\",\"contentUrl\":\"https:\\\/\\\/www.viaprinto.de\\\/blog\\\/wp-content\\\/uploads\\\/2013\\\/12\\\/woellert_lichtkunstfotografie-1024x7761-1.jpg\",\"width\":1024,\"height\":776},{\"@type\":\"BreadcrumbList\",\"@id\":\"https:\\\/\\\/www.viaprinto.de\\\/blog\\\/janleonardo-woellert-motivkalender-lichtkunstfotografie\\\/#breadcrumb\",\"itemListElement\":[{\"@type\":\"ListItem\",\"position\":1,\"name\":\"Startseite\",\"item\":\"https:\\\/\\\/www.viaprinto.de\\\/blog\\\/\"},{\"@type\":\"ListItem\",\"position\":2,\"name\":\"Im Portr\u00e4t: JanLeonardo W\u00f6llert und sein Motivkalender \u201eLichtkunstfotografie\u201c.\"}]},{\"@type\":\"WebSite\",\"@id\":\"https:\\\/\\\/www.viaprinto.de\\\/blog\\\/#website\",\"url\":\"https:\\\/\\\/www.viaprinto.de\\\/blog\\\/\",\"name\":\"viaprinto Blog | Alles \u00fcber den Druck\",\"description\":\"\",\"publisher\":{\"@id\":\"https:\\\/\\\/www.viaprinto.de\\\/blog\\\/#organization\"},\"potentialAction\":[{\"@type\":\"SearchAction\",\"target\":{\"@type\":\"EntryPoint\",\"urlTemplate\":\"https:\\\/\\\/www.viaprinto.de\\\/blog\\\/?s={search_term_string}\"},\"query-input\":{\"@type\":\"PropertyValueSpecification\",\"valueRequired\":true,\"valueName\":\"search_term_string\"}}],\"inLanguage\":\"de\"},{\"@type\":\"Organization\",\"@id\":\"https:\\\/\\\/www.viaprinto.de\\\/blog\\\/#organization\",\"name\":\"viaprinto\",\"url\":\"https:\\\/\\\/www.viaprinto.de\\\/blog\\\/\",\"logo\":{\"@type\":\"ImageObject\",\"inLanguage\":\"de\",\"@id\":\"https:\\\/\\\/www.viaprinto.de\\\/blog\\\/#\\\/schema\\\/logo\\\/image\\\/\",\"url\":\"https:\\\/\\\/www.viaprinto.de\\\/blog\\\/wp-content\\\/uploads\\\/2022\\\/12\\\/viaprinto-blog-logo.svg\",\"contentUrl\":\"https:\\\/\\\/www.viaprinto.de\\\/blog\\\/wp-content\\\/uploads\\\/2022\\\/12\\\/viaprinto-blog-logo.svg\",\"caption\":\"viaprinto\"},\"image\":{\"@id\":\"https:\\\/\\\/www.viaprinto.de\\\/blog\\\/#\\\/schema\\\/logo\\\/image\\\/\"},\"sameAs\":[\"https:\\\/\\\/www.linkedin.com\\\/company\\\/viaprinto\"]},{\"@type\":\"Person\",\"@id\":\"https:\\\/\\\/www.viaprinto.de\\\/blog\\\/#\\\/schema\\\/person\\\/6a8f659dcc14fafe8739fabdb8f6e18e\",\"name\":\"Daniela K\u00fcper\",\"url\":\"https:\\\/\\\/www.viaprinto.de\\\/blog\\\/author\\\/daniela-kueperviaprinto-de\\\/\"}]}<\/script>\n<!-- \/ Yoast SEO plugin. -->","yoast_head_json":{"title":"JanLeonardo W\u00f6llert | \u201eLichtkunstfotografie\u201c | viaprinto Blog","description":"viaprinto Blog | Im Portr\u00e4t: JanLeonardo W\u00f6llert und sein Motivkalender \u201eLichtkunstfotografie\u201c | \u00dcber die Portable Lightbrush Photography (kurz PLP).","robots":{"index":"index","follow":"follow","max-snippet":"max-snippet:-1","max-image-preview":"max-image-preview:large","max-video-preview":"max-video-preview:-1"},"canonical":"https:\/\/www.viaprinto.de\/blog\/janleonardo-woellert-motivkalender-lichtkunstfotografie\/","og_locale":"de_DE","og_type":"article","og_title":"JanLeonardo W\u00f6llert | \u201eLichtkunstfotografie\u201c | viaprinto Blog","og_description":"viaprinto Blog | Im Portr\u00e4t: JanLeonardo W\u00f6llert und sein Motivkalender \u201eLichtkunstfotografie\u201c | \u00dcber die Portable Lightbrush Photography (kurz PLP).","og_url":"https:\/\/www.viaprinto.de\/blog\/janleonardo-woellert-motivkalender-lichtkunstfotografie\/","og_site_name":"viaprinto Blog | Alles \u00fcber den Druck","article_published_time":"2013-12-17T09:16:12+00:00","og_image":[{"width":1024,"height":776,"url":"https:\/\/www.viaprinto.de\/blog\/wp-content\/uploads\/2013\/12\/woellert_lichtkunstfotografie-1024x7761-1.jpg","type":"image\/jpeg"}],"author":"Daniela K\u00fcper","schema":{"@context":"https:\/\/schema.org","@graph":[{"@type":"Article","@id":"https:\/\/www.viaprinto.de\/blog\/janleonardo-woellert-motivkalender-lichtkunstfotografie\/#article","isPartOf":{"@id":"https:\/\/www.viaprinto.de\/blog\/janleonardo-woellert-motivkalender-lichtkunstfotografie\/"},"author":{"name":"Daniela K\u00fcper","@id":"https:\/\/www.viaprinto.de\/blog\/#\/schema\/person\/6a8f659dcc14fafe8739fabdb8f6e18e"},"headline":"Im Portr\u00e4t: JanLeonardo W\u00f6llert und sein Motivkalender \u201eLichtkunstfotografie\u201c.","datePublished":"2013-12-17T09:16:12+00:00","mainEntityOfPage":{"@id":"https:\/\/www.viaprinto.de\/blog\/janleonardo-woellert-motivkalender-lichtkunstfotografie\/"},"wordCount":257,"commentCount":0,"publisher":{"@id":"https:\/\/www.viaprinto.de\/blog\/#organization"},"image":{"@id":"https:\/\/www.viaprinto.de\/blog\/janleonardo-woellert-motivkalender-lichtkunstfotografie\/#primaryimage"},"thumbnailUrl":"https:\/\/www.viaprinto.de\/blog\/wp-content\/uploads\/2013\/12\/woellert_lichtkunstfotografie-1024x7761-1.jpg","articleSection":["Produkte"],"inLanguage":"de","potentialAction":[{"@type":"CommentAction","name":"Comment","target":["https:\/\/www.viaprinto.de\/blog\/janleonardo-woellert-motivkalender-lichtkunstfotografie\/#respond"]}]},{"@type":"WebPage","@id":"https:\/\/www.viaprinto.de\/blog\/janleonardo-woellert-motivkalender-lichtkunstfotografie\/","url":"https:\/\/www.viaprinto.de\/blog\/janleonardo-woellert-motivkalender-lichtkunstfotografie\/","name":"JanLeonardo W\u00f6llert | \u201eLichtkunstfotografie\u201c | viaprinto Blog","isPartOf":{"@id":"https:\/\/www.viaprinto.de\/blog\/#website"},"primaryImageOfPage":{"@id":"https:\/\/www.viaprinto.de\/blog\/janleonardo-woellert-motivkalender-lichtkunstfotografie\/#primaryimage"},"image":{"@id":"https:\/\/www.viaprinto.de\/blog\/janleonardo-woellert-motivkalender-lichtkunstfotografie\/#primaryimage"},"thumbnailUrl":"https:\/\/www.viaprinto.de\/blog\/wp-content\/uploads\/2013\/12\/woellert_lichtkunstfotografie-1024x7761-1.jpg","description":"viaprinto Blog | Im Portr\u00e4t: JanLeonardo W\u00f6llert und sein Motivkalender \u201eLichtkunstfotografie\u201c | \u00dcber die Portable Lightbrush Photography (kurz PLP).","breadcrumb":{"@id":"https:\/\/www.viaprinto.de\/blog\/janleonardo-woellert-motivkalender-lichtkunstfotografie\/#breadcrumb"},"inLanguage":"de","potentialAction":[{"@type":"ReadAction","target":["https:\/\/www.viaprinto.de\/blog\/janleonardo-woellert-motivkalender-lichtkunstfotografie\/"]}]},{"@type":"ImageObject","inLanguage":"de","@id":"https:\/\/www.viaprinto.de\/blog\/janleonardo-woellert-motivkalender-lichtkunstfotografie\/#primaryimage","url":"https:\/\/www.viaprinto.de\/blog\/wp-content\/uploads\/2013\/12\/woellert_lichtkunstfotografie-1024x7761-1.jpg","contentUrl":"https:\/\/www.viaprinto.de\/blog\/wp-content\/uploads\/2013\/12\/woellert_lichtkunstfotografie-1024x7761-1.jpg","width":1024,"height":776},{"@type":"BreadcrumbList","@id":"https:\/\/www.viaprinto.de\/blog\/janleonardo-woellert-motivkalender-lichtkunstfotografie\/#breadcrumb","itemListElement":[{"@type":"ListItem","position":1,"name":"Startseite","item":"https:\/\/www.viaprinto.de\/blog\/"},{"@type":"ListItem","position":2,"name":"Im Portr\u00e4t: JanLeonardo W\u00f6llert und sein Motivkalender \u201eLichtkunstfotografie\u201c."}]},{"@type":"WebSite","@id":"https:\/\/www.viaprinto.de\/blog\/#website","url":"https:\/\/www.viaprinto.de\/blog\/","name":"viaprinto Blog | Alles \u00fcber den Druck","description":"","publisher":{"@id":"https:\/\/www.viaprinto.de\/blog\/#organization"},"potentialAction":[{"@type":"SearchAction","target":{"@type":"EntryPoint","urlTemplate":"https:\/\/www.viaprinto.de\/blog\/?s={search_term_string}"},"query-input":{"@type":"PropertyValueSpecification","valueRequired":true,"valueName":"search_term_string"}}],"inLanguage":"de"},{"@type":"Organization","@id":"https:\/\/www.viaprinto.de\/blog\/#organization","name":"viaprinto","url":"https:\/\/www.viaprinto.de\/blog\/","logo":{"@type":"ImageObject","inLanguage":"de","@id":"https:\/\/www.viaprinto.de\/blog\/#\/schema\/logo\/image\/","url":"https:\/\/www.viaprinto.de\/blog\/wp-content\/uploads\/2022\/12\/viaprinto-blog-logo.svg","contentUrl":"https:\/\/www.viaprinto.de\/blog\/wp-content\/uploads\/2022\/12\/viaprinto-blog-logo.svg","caption":"viaprinto"},"image":{"@id":"https:\/\/www.viaprinto.de\/blog\/#\/schema\/logo\/image\/"},"sameAs":["https:\/\/www.linkedin.com\/company\/viaprinto"]},{"@type":"Person","@id":"https:\/\/www.viaprinto.de\/blog\/#\/schema\/person\/6a8f659dcc14fafe8739fabdb8f6e18e","name":"Daniela K\u00fcper","url":"https:\/\/www.viaprinto.de\/blog\/author\/daniela-kueperviaprinto-de\/"}]}},"mfb_rest_fields":["title","yoast_head","yoast_head_json"],"_links":{"self":[{"href":"https:\/\/www.viaprinto.de\/blog\/wp-json\/wp\/v2\/posts\/4332","targetHints":{"allow":["GET"]}}],"collection":[{"href":"https:\/\/www.viaprinto.de\/blog\/wp-json\/wp\/v2\/posts"}],"about":[{"href":"https:\/\/www.viaprinto.de\/blog\/wp-json\/wp\/v2\/types\/post"}],"author":[{"embeddable":true,"href":"https:\/\/www.viaprinto.de\/blog\/wp-json\/wp\/v2\/users\/5"}],"replies":[{"embeddable":true,"href":"https:\/\/www.viaprinto.de\/blog\/wp-json\/wp\/v2\/comments?post=4332"}],"version-history":[{"count":0,"href":"https:\/\/www.viaprinto.de\/blog\/wp-json\/wp\/v2\/posts\/4332\/revisions"}],"wp:featuredmedia":[{"embeddable":true,"href":"https:\/\/www.viaprinto.de\/blog\/wp-json\/wp\/v2\/media\/7470"}],"wp:attachment":[{"href":"https:\/\/www.viaprinto.de\/blog\/wp-json\/wp\/v2\/media?parent=4332"}],"wp:term":[{"taxonomy":"category","embeddable":true,"href":"https:\/\/www.viaprinto.de\/blog\/wp-json\/wp\/v2\/categories?post=4332"},{"taxonomy":"post_tag","embeddable":true,"href":"https:\/\/www.viaprinto.de\/blog\/wp-json\/wp\/v2\/tags?post=4332"}],"curies":[{"name":"wp","href":"https:\/\/api.w.org\/{rel}","templated":true}]}}