{"id":4189,"date":"2013-11-28T11:19:54","date_gmt":"2013-11-28T10:19:54","guid":{"rendered":"https:\/\/www.viaprinto.de\/blog\/?p=4189"},"modified":"2013-11-28T11:19:54","modified_gmt":"2013-11-28T10:19:54","slug":"janleonardo-woellert-motivkalender","status":"publish","type":"post","link":"https:\/\/www.viaprinto.de\/blog\/janleonardo-woellert-motivkalender\/","title":{"rendered":"Im Portr\u00e4t: JanLeonardo W\u00f6llert und sein Motivkalender \u201eLight Art Performance Photography\u201c."},"content":{"rendered":"<p style=\"text-align: center;\"><img loading=\"lazy\" decoding=\"async\" class=\" wp-image-4190 aligncenter\" src=\"https:\/\/www.viaprinto.de\/blog\/wp-content\/uploads\/2013\/11\/light_art_performance_photography_woellert.jpg\" alt=\"JanLeonardo W\u00f6llert Motivkalender &quot;Light Art Performance Photography&quot;\" width=\"522\" height=\"522\" \/><\/p>\n<p style=\"text-align: justify;\">Licht ist das kreative Gestaltungsmittel im 21. Jahrhundert. Hinter der Light Art Performance Photography (kurz LAPP) verbirgt sich die Kunst, Licht zu performen, um damit fantastische Welten zu schaffen. Ihr Pionier und Entwickler ist der<a href=\"https:\/\/www.viaprinto.de\/motivkalender#\/light_art_performance_photography\" target=\"_blank\" rel=\"noopener\"><img loading=\"lazy\" decoding=\"async\" class=\" wp-image-4195 alignright\" style=\"margin: 5px;\" src=\"https:\/\/www.viaprinto.de\/blog\/wp-content\/uploads\/2013\/11\/woellert_light_art_photography.jpg\" alt=\"JanLeonardo W\u00f6llert Motivkalender &quot;Light Art Performance Photography&quot;\" width=\"310\" height=\"235\" \/><\/a> K\u00fcnstler JanLeonardo W\u00f6llert.<\/p>\n<p style=\"text-align: justify;\">Begonnen hat der Fotograf im Jahre 2006 als er mit Taschenlampen Landschaften und Architektur illuminierte. Heute gestalten sich seine \u201eAuff\u00fchrungen\u201c aufwendiger, wenn er durch ganz Europa reist, um in der Nacht das perfekte Motiv zu finden.<\/p>\n<p style=\"text-align: justify;\">Schon lange haben ihn Konzerne wie Nike oder die Top Band Coldplay f\u00fcr sich entdeckt. Seine Techniken sind aufwendig, au\u00dfergew\u00f6hnlich und gew\u00f6hnungsbed\u00fcrftig anders. Er durchschneidet die Dunkelheit mit Led Licht und zeichnet damit Objekte. Der Lichtkunstfotograf nennt es selbst ein \u201ezur\u00fcck zu den Wurzeln\u201c oder die \u201etotale Entschleunigung\u201c. Jede einzelne Fotografie wird zum Unikat.<\/p>\n<p>&nbsp;<\/p>\n<p><span style=\"text-decoration: underline;\"><strong>\u00dcber den Fotografen:<\/strong><\/span><\/p>\n<p><a href=\"https:\/\/www.viaprinto.de\/motivkalender#\/light_art_performance_photography\" target=\"_blank\" rel=\"noopener\"><img loading=\"lazy\" decoding=\"async\" class=\"wp-image-4196 alignleft\" style=\"margin: 5px;\" src=\"https:\/\/www.viaprinto.de\/blog\/wp-content\/uploads\/2013\/11\/Motivkalender_W\u00f6llert_Bremen.jpg\" alt=\"JanLeonardo W\u00f6llert Motivkalender &quot;Light Art Performance Photography&quot;\" width=\"171\" height=\"258\" \/><\/a>Name: JanLeonardo W\u00f6llert<\/p>\n<p>Wohnort: Bremen<br \/>\nKamera: Canon EOS 5D Mark III<br \/>\nSchwerpunkte: Light Art Performance Photography<br \/>\nAuszeichnungen: 1. Platz Deutscher Preis f\u00fcr Wissenschaftsfotografie 2008, 3. Platz WissenSchafftBilder 2008<\/p>\n<p>fotoforum Community: <a href=\"http:\/\/www.fotoforum.de\/user\/janleonardo\" target=\"_blank\" rel=\"noopener\">www.fotoforum.de\/user\/janleonardo<\/a><br \/>\nWebsite: <a href=\"http:\/\/www.lightart-photography.de\" target=\"_blank\" rel=\"noopener\">www.lightart-photography.de<\/a><\/p>\n<p><em>\u201eIch m\u00f6chte die Fotografie entschleunigen, Menschen zum Nachdenken bringen und sie kreativ befl\u00fcgeln.\u201c<\/em><\/p>\n<p>&nbsp;<\/p>\n<p style=\"text-align: justify;\">JanLeoanrdo W\u00f6llert unterst\u00fctzt mit seinem Motvikalender die <a href=\"http:\/\/www.wohngruppe-sudweyhe.de\" target=\"_blank\" rel=\"noopener\">Jugendwohngruppe Sudweyhe<\/a>. In der Einrichtung finden Jugendliche, die Verhaltensauff\u00e4lligkeiten, seelische St\u00f6rungen oder Lernbehinderungen zeigen, ein neues Zuhause. Jeder Bewohner wird individuell betreut und es werden Probleml\u00f6sungen mit Experten f\u00fcr ihn und sein Umfeld erarbeitet. Ziel ist die R\u00fcckf\u00fchrung in die Familie oder in die Selbst\u00e4ndigkeit.<\/p>\n","protected":false},"excerpt":{"rendered":"<p>Licht ist das kreative Gestaltungsmittel im 21. Jahrhundert. Hinter der Light Art Performance Photography (kurz LAPP) verbirgt sich die Kunst, Licht zu performen, um damit fantastische Welten zu schaffen. Ihr Pionier und Entwickler ist derJanLeonardo W\u00f6llert Motivkalender &#8222;Light Art Performance Photography&#8220;K\u00fcnstler JanLeonardo W\u00f6llert &#8230;<\/p>\n","protected":false},"author":5,"featured_media":7451,"comment_status":"open","ping_status":"open","sticky":false,"template":"","format":"standard","meta":{"_acf_changed":false,"inline_featured_image":false,"footnotes":""},"categories":[8],"tags":[],"class_list":["post-4189","post","type-post","status-publish","format-standard","has-post-thumbnail","hentry","category-produkte"],"mb":[],"acf":[],"yoast_head":"<!-- This site is optimized with the Yoast SEO plugin v27.4 - https:\/\/yoast.com\/product\/yoast-seo-wordpress\/ -->\n<title>Jan Leonardo W\u00f6llert |\u201eLight Art Performance Photography\u201c | viaprinto<\/title>\n<meta name=\"description\" content=\"viaprinto Blog | Im Portr\u00e4t: JanLeonardo W\u00f6llert und sein Motivkalender \u201eLight Art Performance Photography\u201c.\" \/>\n<meta name=\"robots\" content=\"index, follow, max-snippet:-1, max-image-preview:large, max-video-preview:-1\" \/>\n<link rel=\"canonical\" href=\"https:\/\/www.viaprinto.de\/blog\/janleonardo-woellert-motivkalender\/\" \/>\n<meta property=\"og:locale\" content=\"de_DE\" \/>\n<meta property=\"og:type\" content=\"article\" \/>\n<meta property=\"og:title\" content=\"Jan Leonardo W\u00f6llert |\u201eLight Art Performance Photography\u201c | viaprinto\" \/>\n<meta property=\"og:description\" content=\"viaprinto Blog | Im Portr\u00e4t: JanLeonardo W\u00f6llert und sein Motivkalender \u201eLight Art Performance Photography\u201c.\" \/>\n<meta property=\"og:url\" content=\"https:\/\/www.viaprinto.de\/blog\/janleonardo-woellert-motivkalender\/\" \/>\n<meta property=\"og:site_name\" content=\"viaprinto Blog | Alles \u00fcber den Druck\" \/>\n<meta property=\"article:published_time\" content=\"2013-11-28T10:19:54+00:00\" \/>\n<meta property=\"og:image\" content=\"https:\/\/www.viaprinto.de\/blog\/wp-content\/uploads\/2013\/11\/woellert_light_art_photography-1024x7761-1.jpg\" \/>\n\t<meta property=\"og:image:width\" content=\"1024\" \/>\n\t<meta property=\"og:image:height\" content=\"776\" \/>\n\t<meta property=\"og:image:type\" content=\"image\/jpeg\" \/>\n<meta name=\"author\" content=\"Daniela K\u00fcper\" \/>\n<script type=\"application\/ld+json\" class=\"yoast-schema-graph\">{\"@context\":\"https:\\\/\\\/schema.org\",\"@graph\":[{\"@type\":\"Article\",\"@id\":\"https:\\\/\\\/www.viaprinto.de\\\/blog\\\/janleonardo-woellert-motivkalender\\\/#article\",\"isPartOf\":{\"@id\":\"https:\\\/\\\/www.viaprinto.de\\\/blog\\\/janleonardo-woellert-motivkalender\\\/\"},\"author\":{\"name\":\"Daniela K\u00fcper\",\"@id\":\"https:\\\/\\\/www.viaprinto.de\\\/blog\\\/#\\\/schema\\\/person\\\/6a8f659dcc14fafe8739fabdb8f6e18e\"},\"headline\":\"Im Portr\u00e4t: JanLeonardo W\u00f6llert und sein Motivkalender \u201eLight Art Performance Photography\u201c.\",\"datePublished\":\"2013-11-28T10:19:54+00:00\",\"mainEntityOfPage\":{\"@id\":\"https:\\\/\\\/www.viaprinto.de\\\/blog\\\/janleonardo-woellert-motivkalender\\\/\"},\"wordCount\":266,\"commentCount\":0,\"publisher\":{\"@id\":\"https:\\\/\\\/www.viaprinto.de\\\/blog\\\/#organization\"},\"image\":{\"@id\":\"https:\\\/\\\/www.viaprinto.de\\\/blog\\\/janleonardo-woellert-motivkalender\\\/#primaryimage\"},\"thumbnailUrl\":\"https:\\\/\\\/www.viaprinto.de\\\/blog\\\/wp-content\\\/uploads\\\/2013\\\/11\\\/woellert_light_art_photography-1024x7761-1.jpg\",\"articleSection\":[\"Produkte\"],\"inLanguage\":\"de\",\"potentialAction\":[{\"@type\":\"CommentAction\",\"name\":\"Comment\",\"target\":[\"https:\\\/\\\/www.viaprinto.de\\\/blog\\\/janleonardo-woellert-motivkalender\\\/#respond\"]}]},{\"@type\":\"WebPage\",\"@id\":\"https:\\\/\\\/www.viaprinto.de\\\/blog\\\/janleonardo-woellert-motivkalender\\\/\",\"url\":\"https:\\\/\\\/www.viaprinto.de\\\/blog\\\/janleonardo-woellert-motivkalender\\\/\",\"name\":\"Jan Leonardo W\u00f6llert |\u201eLight Art Performance Photography\u201c | viaprinto\",\"isPartOf\":{\"@id\":\"https:\\\/\\\/www.viaprinto.de\\\/blog\\\/#website\"},\"primaryImageOfPage\":{\"@id\":\"https:\\\/\\\/www.viaprinto.de\\\/blog\\\/janleonardo-woellert-motivkalender\\\/#primaryimage\"},\"image\":{\"@id\":\"https:\\\/\\\/www.viaprinto.de\\\/blog\\\/janleonardo-woellert-motivkalender\\\/#primaryimage\"},\"thumbnailUrl\":\"https:\\\/\\\/www.viaprinto.de\\\/blog\\\/wp-content\\\/uploads\\\/2013\\\/11\\\/woellert_light_art_photography-1024x7761-1.jpg\",\"description\":\"viaprinto Blog | Im Portr\u00e4t: JanLeonardo W\u00f6llert und sein Motivkalender \u201eLight Art Performance Photography\u201c.\",\"breadcrumb\":{\"@id\":\"https:\\\/\\\/www.viaprinto.de\\\/blog\\\/janleonardo-woellert-motivkalender\\\/#breadcrumb\"},\"inLanguage\":\"de\",\"potentialAction\":[{\"@type\":\"ReadAction\",\"target\":[\"https:\\\/\\\/www.viaprinto.de\\\/blog\\\/janleonardo-woellert-motivkalender\\\/\"]}]},{\"@type\":\"ImageObject\",\"inLanguage\":\"de\",\"@id\":\"https:\\\/\\\/www.viaprinto.de\\\/blog\\\/janleonardo-woellert-motivkalender\\\/#primaryimage\",\"url\":\"https:\\\/\\\/www.viaprinto.de\\\/blog\\\/wp-content\\\/uploads\\\/2013\\\/11\\\/woellert_light_art_photography-1024x7761-1.jpg\",\"contentUrl\":\"https:\\\/\\\/www.viaprinto.de\\\/blog\\\/wp-content\\\/uploads\\\/2013\\\/11\\\/woellert_light_art_photography-1024x7761-1.jpg\",\"width\":1024,\"height\":776},{\"@type\":\"BreadcrumbList\",\"@id\":\"https:\\\/\\\/www.viaprinto.de\\\/blog\\\/janleonardo-woellert-motivkalender\\\/#breadcrumb\",\"itemListElement\":[{\"@type\":\"ListItem\",\"position\":1,\"name\":\"Startseite\",\"item\":\"https:\\\/\\\/www.viaprinto.de\\\/blog\\\/\"},{\"@type\":\"ListItem\",\"position\":2,\"name\":\"Im Portr\u00e4t: JanLeonardo W\u00f6llert und sein Motivkalender \u201eLight Art Performance Photography\u201c.\"}]},{\"@type\":\"WebSite\",\"@id\":\"https:\\\/\\\/www.viaprinto.de\\\/blog\\\/#website\",\"url\":\"https:\\\/\\\/www.viaprinto.de\\\/blog\\\/\",\"name\":\"viaprinto Blog | Alles \u00fcber den Druck\",\"description\":\"\",\"publisher\":{\"@id\":\"https:\\\/\\\/www.viaprinto.de\\\/blog\\\/#organization\"},\"potentialAction\":[{\"@type\":\"SearchAction\",\"target\":{\"@type\":\"EntryPoint\",\"urlTemplate\":\"https:\\\/\\\/www.viaprinto.de\\\/blog\\\/?s={search_term_string}\"},\"query-input\":{\"@type\":\"PropertyValueSpecification\",\"valueRequired\":true,\"valueName\":\"search_term_string\"}}],\"inLanguage\":\"de\"},{\"@type\":\"Organization\",\"@id\":\"https:\\\/\\\/www.viaprinto.de\\\/blog\\\/#organization\",\"name\":\"viaprinto\",\"url\":\"https:\\\/\\\/www.viaprinto.de\\\/blog\\\/\",\"logo\":{\"@type\":\"ImageObject\",\"inLanguage\":\"de\",\"@id\":\"https:\\\/\\\/www.viaprinto.de\\\/blog\\\/#\\\/schema\\\/logo\\\/image\\\/\",\"url\":\"https:\\\/\\\/www.viaprinto.de\\\/blog\\\/wp-content\\\/uploads\\\/2022\\\/12\\\/viaprinto-blog-logo.svg\",\"contentUrl\":\"https:\\\/\\\/www.viaprinto.de\\\/blog\\\/wp-content\\\/uploads\\\/2022\\\/12\\\/viaprinto-blog-logo.svg\",\"caption\":\"viaprinto\"},\"image\":{\"@id\":\"https:\\\/\\\/www.viaprinto.de\\\/blog\\\/#\\\/schema\\\/logo\\\/image\\\/\"},\"sameAs\":[\"https:\\\/\\\/www.linkedin.com\\\/company\\\/viaprinto\"]},{\"@type\":\"Person\",\"@id\":\"https:\\\/\\\/www.viaprinto.de\\\/blog\\\/#\\\/schema\\\/person\\\/6a8f659dcc14fafe8739fabdb8f6e18e\",\"name\":\"Daniela K\u00fcper\",\"url\":\"https:\\\/\\\/www.viaprinto.de\\\/blog\\\/author\\\/daniela-kueperviaprinto-de\\\/\"}]}<\/script>\n<!-- \/ Yoast SEO plugin. -->","yoast_head_json":{"title":"Jan Leonardo W\u00f6llert |\u201eLight Art Performance Photography\u201c | viaprinto","description":"viaprinto Blog | Im Portr\u00e4t: JanLeonardo W\u00f6llert und sein Motivkalender \u201eLight Art Performance Photography\u201c.","robots":{"index":"index","follow":"follow","max-snippet":"max-snippet:-1","max-image-preview":"max-image-preview:large","max-video-preview":"max-video-preview:-1"},"canonical":"https:\/\/www.viaprinto.de\/blog\/janleonardo-woellert-motivkalender\/","og_locale":"de_DE","og_type":"article","og_title":"Jan Leonardo W\u00f6llert |\u201eLight Art Performance Photography\u201c | viaprinto","og_description":"viaprinto Blog | Im Portr\u00e4t: JanLeonardo W\u00f6llert und sein Motivkalender \u201eLight Art Performance Photography\u201c.","og_url":"https:\/\/www.viaprinto.de\/blog\/janleonardo-woellert-motivkalender\/","og_site_name":"viaprinto Blog | Alles \u00fcber den Druck","article_published_time":"2013-11-28T10:19:54+00:00","og_image":[{"width":1024,"height":776,"url":"https:\/\/www.viaprinto.de\/blog\/wp-content\/uploads\/2013\/11\/woellert_light_art_photography-1024x7761-1.jpg","type":"image\/jpeg"}],"author":"Daniela K\u00fcper","schema":{"@context":"https:\/\/schema.org","@graph":[{"@type":"Article","@id":"https:\/\/www.viaprinto.de\/blog\/janleonardo-woellert-motivkalender\/#article","isPartOf":{"@id":"https:\/\/www.viaprinto.de\/blog\/janleonardo-woellert-motivkalender\/"},"author":{"name":"Daniela K\u00fcper","@id":"https:\/\/www.viaprinto.de\/blog\/#\/schema\/person\/6a8f659dcc14fafe8739fabdb8f6e18e"},"headline":"Im Portr\u00e4t: JanLeonardo W\u00f6llert und sein Motivkalender \u201eLight Art Performance Photography\u201c.","datePublished":"2013-11-28T10:19:54+00:00","mainEntityOfPage":{"@id":"https:\/\/www.viaprinto.de\/blog\/janleonardo-woellert-motivkalender\/"},"wordCount":266,"commentCount":0,"publisher":{"@id":"https:\/\/www.viaprinto.de\/blog\/#organization"},"image":{"@id":"https:\/\/www.viaprinto.de\/blog\/janleonardo-woellert-motivkalender\/#primaryimage"},"thumbnailUrl":"https:\/\/www.viaprinto.de\/blog\/wp-content\/uploads\/2013\/11\/woellert_light_art_photography-1024x7761-1.jpg","articleSection":["Produkte"],"inLanguage":"de","potentialAction":[{"@type":"CommentAction","name":"Comment","target":["https:\/\/www.viaprinto.de\/blog\/janleonardo-woellert-motivkalender\/#respond"]}]},{"@type":"WebPage","@id":"https:\/\/www.viaprinto.de\/blog\/janleonardo-woellert-motivkalender\/","url":"https:\/\/www.viaprinto.de\/blog\/janleonardo-woellert-motivkalender\/","name":"Jan Leonardo W\u00f6llert |\u201eLight Art Performance Photography\u201c | viaprinto","isPartOf":{"@id":"https:\/\/www.viaprinto.de\/blog\/#website"},"primaryImageOfPage":{"@id":"https:\/\/www.viaprinto.de\/blog\/janleonardo-woellert-motivkalender\/#primaryimage"},"image":{"@id":"https:\/\/www.viaprinto.de\/blog\/janleonardo-woellert-motivkalender\/#primaryimage"},"thumbnailUrl":"https:\/\/www.viaprinto.de\/blog\/wp-content\/uploads\/2013\/11\/woellert_light_art_photography-1024x7761-1.jpg","description":"viaprinto Blog | Im Portr\u00e4t: JanLeonardo W\u00f6llert und sein Motivkalender \u201eLight Art Performance Photography\u201c.","breadcrumb":{"@id":"https:\/\/www.viaprinto.de\/blog\/janleonardo-woellert-motivkalender\/#breadcrumb"},"inLanguage":"de","potentialAction":[{"@type":"ReadAction","target":["https:\/\/www.viaprinto.de\/blog\/janleonardo-woellert-motivkalender\/"]}]},{"@type":"ImageObject","inLanguage":"de","@id":"https:\/\/www.viaprinto.de\/blog\/janleonardo-woellert-motivkalender\/#primaryimage","url":"https:\/\/www.viaprinto.de\/blog\/wp-content\/uploads\/2013\/11\/woellert_light_art_photography-1024x7761-1.jpg","contentUrl":"https:\/\/www.viaprinto.de\/blog\/wp-content\/uploads\/2013\/11\/woellert_light_art_photography-1024x7761-1.jpg","width":1024,"height":776},{"@type":"BreadcrumbList","@id":"https:\/\/www.viaprinto.de\/blog\/janleonardo-woellert-motivkalender\/#breadcrumb","itemListElement":[{"@type":"ListItem","position":1,"name":"Startseite","item":"https:\/\/www.viaprinto.de\/blog\/"},{"@type":"ListItem","position":2,"name":"Im Portr\u00e4t: JanLeonardo W\u00f6llert und sein Motivkalender \u201eLight Art Performance Photography\u201c."}]},{"@type":"WebSite","@id":"https:\/\/www.viaprinto.de\/blog\/#website","url":"https:\/\/www.viaprinto.de\/blog\/","name":"viaprinto Blog | Alles \u00fcber den Druck","description":"","publisher":{"@id":"https:\/\/www.viaprinto.de\/blog\/#organization"},"potentialAction":[{"@type":"SearchAction","target":{"@type":"EntryPoint","urlTemplate":"https:\/\/www.viaprinto.de\/blog\/?s={search_term_string}"},"query-input":{"@type":"PropertyValueSpecification","valueRequired":true,"valueName":"search_term_string"}}],"inLanguage":"de"},{"@type":"Organization","@id":"https:\/\/www.viaprinto.de\/blog\/#organization","name":"viaprinto","url":"https:\/\/www.viaprinto.de\/blog\/","logo":{"@type":"ImageObject","inLanguage":"de","@id":"https:\/\/www.viaprinto.de\/blog\/#\/schema\/logo\/image\/","url":"https:\/\/www.viaprinto.de\/blog\/wp-content\/uploads\/2022\/12\/viaprinto-blog-logo.svg","contentUrl":"https:\/\/www.viaprinto.de\/blog\/wp-content\/uploads\/2022\/12\/viaprinto-blog-logo.svg","caption":"viaprinto"},"image":{"@id":"https:\/\/www.viaprinto.de\/blog\/#\/schema\/logo\/image\/"},"sameAs":["https:\/\/www.linkedin.com\/company\/viaprinto"]},{"@type":"Person","@id":"https:\/\/www.viaprinto.de\/blog\/#\/schema\/person\/6a8f659dcc14fafe8739fabdb8f6e18e","name":"Daniela K\u00fcper","url":"https:\/\/www.viaprinto.de\/blog\/author\/daniela-kueperviaprinto-de\/"}]}},"mfb_rest_fields":["title","yoast_head","yoast_head_json"],"_links":{"self":[{"href":"https:\/\/www.viaprinto.de\/blog\/wp-json\/wp\/v2\/posts\/4189","targetHints":{"allow":["GET"]}}],"collection":[{"href":"https:\/\/www.viaprinto.de\/blog\/wp-json\/wp\/v2\/posts"}],"about":[{"href":"https:\/\/www.viaprinto.de\/blog\/wp-json\/wp\/v2\/types\/post"}],"author":[{"embeddable":true,"href":"https:\/\/www.viaprinto.de\/blog\/wp-json\/wp\/v2\/users\/5"}],"replies":[{"embeddable":true,"href":"https:\/\/www.viaprinto.de\/blog\/wp-json\/wp\/v2\/comments?post=4189"}],"version-history":[{"count":0,"href":"https:\/\/www.viaprinto.de\/blog\/wp-json\/wp\/v2\/posts\/4189\/revisions"}],"wp:featuredmedia":[{"embeddable":true,"href":"https:\/\/www.viaprinto.de\/blog\/wp-json\/wp\/v2\/media\/7451"}],"wp:attachment":[{"href":"https:\/\/www.viaprinto.de\/blog\/wp-json\/wp\/v2\/media?parent=4189"}],"wp:term":[{"taxonomy":"category","embeddable":true,"href":"https:\/\/www.viaprinto.de\/blog\/wp-json\/wp\/v2\/categories?post=4189"},{"taxonomy":"post_tag","embeddable":true,"href":"https:\/\/www.viaprinto.de\/blog\/wp-json\/wp\/v2\/tags?post=4189"}],"curies":[{"name":"wp","href":"https:\/\/api.w.org\/{rel}","templated":true}]}}