{"id":4089,"date":"2013-11-08T10:29:08","date_gmt":"2013-11-08T09:29:08","guid":{"rendered":"https:\/\/www.viaprinto.de\/blog\/?p=4089"},"modified":"2013-11-08T10:29:08","modified_gmt":"2013-11-08T09:29:08","slug":"jachalke-voss-motivkalender","status":"publish","type":"post","link":"https:\/\/www.viaprinto.de\/blog\/jachalke-voss-motivkalender\/","title":{"rendered":"Im Portr\u00e4t: Doris Jachalke und Michael Vo\u00df mit ihrem Motivkalender \u201eFaszination Afrika\u201c."},"content":{"rendered":"<h1 style=\"text-align: justify;\"><a href=\"https:\/\/www.viaprinto.de\/motivkalender#\/faszination_afrika\" target=\"_blank\" rel=\"noopener\"><img loading=\"lazy\" decoding=\"async\" class=\"wp-image-4090 aligncenter\" style=\"margin-top: 5px; margin-bottom: 5px;\" src=\"https:\/\/www.viaprinto.de\/blog\/wp-content\/uploads\/2013\/11\/faszination_afrika_jachalke.jpg\" alt=\"Doris Jachalke und Michael Vo\u00df &quot;Faszination Afrika&quot; \" width=\"550\" height=\"550\" \/><\/a><\/h1>\n<p style=\"text-align: justify;\">Irgendwann reichte f\u00fcr Doris Jachalke und Michael Vo\u00df die reine \u201eDokumentation\u201c ihrer Reisen nicht mehr aus, die Anspr\u00fcche stiegen: Es sollte mehr aus den Bildern sprechen. <a href=\"https:\/\/www.viaprinto.de\/motivkalender#\/faszination_afrika\" target=\"_blank\" rel=\"noopener\"><img loading=\"lazy\" decoding=\"async\" class=\" wp-image-4093 alignright\" style=\"margin: 5px;\" src=\"https:\/\/www.viaprinto.de\/blog\/wp-content\/uploads\/2013\/11\/motivkalender_jachalke_voss_faszination_afrika.jpg\" alt=\"Doris Jachalke und Michael Vo\u00df Motivkalender &quot;Faszination Afrika&quot;\" width=\"236\" height=\"179\" \/><\/a><\/p>\n<p style=\"text-align: justify;\">Dazu musste nicht nur das Motiv stimmen, sondern auch Licht und Technik. Somit kamen die beiden Amateure zu ihrer Leidenschaft: der Reisefotografie.<\/p>\n<p style=\"text-align: justify;\">Ganz nach dem Motto \u201eNur was man kennt, sch\u00fctzt man auch\u201c, wollen sie mit ihren hochwertigen Aufnahmen Menschen dazu bewegen, sich f\u00fcr ihre Reiseziele zu interessieren. Sei das, um die Sch\u00f6nheit der Natur zu zeigen oder die fremden Kulturen n\u00e4her zu bringen.<\/p>\n<p style=\"text-align: justify;\">Jedes Foto ist ein Unikat: \u201eWir k\u00f6nnten zu jedem Foto eine Geschichte erz\u00e4hlen. Aber viele Bilder, so hoffen wir, ben\u00f6tigen diese Erkl\u00e4rung nicht\u201c, sagt Doris Jachalke und unterstreicht damit die Ausdrucksst\u00e4rke ihrer Werke, die den Betrachter bewegen sollen.<\/p>\n<p>&nbsp;<\/p>\n<p><span style=\"text-decoration: underline;\"><strong>\u00dcber die Fotografen:<\/strong><\/span><\/p>\n<p><a href=\"https:\/\/www.viaprinto.de\/motivkalender#\/faszination_afrika\" target=\"_blank\" rel=\"noopener\"><img loading=\"lazy\" decoding=\"async\" class=\" wp-image-4094 alignleft\" style=\"margin: 5px;\" src=\"https:\/\/www.viaprinto.de\/blog\/wp-content\/uploads\/2013\/11\/motivkalender_portraet_jachalke_vo\u00df.jpg\" alt=\"Doris Jachalke und Michael Vo\u00df Motivkalender &quot;Faszination Afrika&quot;\" width=\"245\" height=\"163\" \/><\/a>Namen: Doris Jachalke und Michael Vo\u00df<\/p>\n<p>Wohnort: R\u00f6merberg<br \/>\nKameras: Canon EOS 7D, EOS 50D, EOS 40D<br \/>\nSchwerpunkte: Natur- und Reisefotografie<br \/>\nAuszeichnungen: 1. Platz fotoforum-Fotobuch des Jahres 2012 \u201eNaturfotografie\u201c<\/p>\n<p>&nbsp;<\/p>\n<p>fotoforum community: <a href=\"http:\/\/www.fotoforum.de\/user\/doris-und-michael\" target=\"_blank\" rel=\"noopener\">www.fotoforum.de\/user\/doris-und-michael<\/a><br \/>\nWebsite:<a href=\"http:\/\/www.vossiem.de\" target=\"_blank\" rel=\"noopener\"> www.vossiem.de<\/a><\/p>\n<p><em>\u201eWir m\u00f6chten mit guten Aufnahmen das Interesse an unseren Reisezielen wecken und die Sch\u00f6nheit der Natur n\u00e4her bringen.\u201c<\/em><a href=\"http:\/\/www.africat.org\/\" target=\"_blank\" rel=\"noopener\"><img loading=\"lazy\" decoding=\"async\" class=\"wp-image-4095 alignright\" style=\"margin: 5px;\" src=\"https:\/\/www.viaprinto.de\/blog\/wp-content\/uploads\/2013\/11\/public_Logo_Ubuntu_Namibia.jpg\" alt=\"AfriCat-Stiftung | Ubuntu\" width=\"82\" height=\"141\" \/><\/a><\/p>\n<p>Doris Jachalke und Michael Vo\u00df unterst\u00fctzen mit Ihrem Motivkalender &#8222;Faszination Afrika&#8220; die <a href=\"http:\/\/www.africat.org\" target=\"_blank\" rel=\"noopener\">AfriCat-Stiftung<\/a>. Die AfriCat-Stiftung aus Namibia setzt sich f\u00fcr den Schutz afrikanischer Gro\u00dfkatzen ein. Ein Teil dieses Projektes hat die Aufgabe, Kinder und Jugendliche \u00fcber die Gro\u00dfkatzen aufzukl\u00e4ren. Vor etwa 25 Jahren existierten hier zum Beispiel noch etwa 200.000 L\u00f6wen, heute liegt die Zahl bei nur noch einem Zehntel des Wertes.<\/p>\n","protected":false},"excerpt":{"rendered":"<p>Irgendwann reichte f\u00fcr Doris Jachalke und Michael Vo\u00df die reine \u201eDokumentation\u201c ihrer Reisen nicht mehr aus, die Anspr\u00fcche stiegen: Es sollte mehr aus den Bildern sprechen &#8230;<\/p>\n","protected":false},"author":5,"featured_media":7439,"comment_status":"open","ping_status":"open","sticky":false,"template":"","format":"standard","meta":{"_acf_changed":false,"inline_featured_image":false,"footnotes":""},"categories":[8],"tags":[],"class_list":["post-4089","post","type-post","status-publish","format-standard","has-post-thumbnail","hentry","category-produkte"],"mb":[],"acf":[],"yoast_head":"<!-- This site is optimized with the Yoast SEO plugin v27.4 - https:\/\/yoast.com\/product\/yoast-seo-wordpress\/ -->\n<title>Doris Jachalke und Michael Vo\u00df | \u201eFaszination Afrika\u201c | viaprinto Blog<\/title>\n<meta name=\"description\" content=\"viaprinto Blog | Im Portr\u00e4t: Doris Jachalke und Michael Vo\u00df mit ihrem Motivkalender \u201eFaszination Afrika\u201c.\" \/>\n<meta name=\"robots\" content=\"index, follow, max-snippet:-1, max-image-preview:large, max-video-preview:-1\" \/>\n<link rel=\"canonical\" href=\"https:\/\/www.viaprinto.de\/blog\/jachalke-voss-motivkalender\/\" \/>\n<meta property=\"og:locale\" content=\"de_DE\" \/>\n<meta property=\"og:type\" content=\"article\" \/>\n<meta property=\"og:title\" content=\"Doris Jachalke und Michael Vo\u00df | \u201eFaszination Afrika\u201c | viaprinto Blog\" \/>\n<meta property=\"og:description\" content=\"viaprinto Blog | Im Portr\u00e4t: Doris Jachalke und Michael Vo\u00df mit ihrem Motivkalender \u201eFaszination Afrika\u201c.\" \/>\n<meta property=\"og:url\" content=\"https:\/\/www.viaprinto.de\/blog\/jachalke-voss-motivkalender\/\" \/>\n<meta property=\"og:site_name\" content=\"viaprinto Blog | Alles \u00fcber den Druck\" \/>\n<meta property=\"article:published_time\" content=\"2013-11-08T09:29:08+00:00\" \/>\n<meta property=\"og:image\" content=\"https:\/\/www.viaprinto.de\/blog\/wp-content\/uploads\/2013\/11\/motivkalender_jachalke_voss_faszination_afrika-1024x7761-1.jpg\" \/>\n\t<meta property=\"og:image:width\" content=\"1024\" \/>\n\t<meta property=\"og:image:height\" content=\"776\" \/>\n\t<meta property=\"og:image:type\" content=\"image\/jpeg\" \/>\n<meta name=\"author\" content=\"Daniela K\u00fcper\" \/>\n<script type=\"application\/ld+json\" class=\"yoast-schema-graph\">{\"@context\":\"https:\\\/\\\/schema.org\",\"@graph\":[{\"@type\":\"Article\",\"@id\":\"https:\\\/\\\/www.viaprinto.de\\\/blog\\\/jachalke-voss-motivkalender\\\/#article\",\"isPartOf\":{\"@id\":\"https:\\\/\\\/www.viaprinto.de\\\/blog\\\/jachalke-voss-motivkalender\\\/\"},\"author\":{\"name\":\"Daniela K\u00fcper\",\"@id\":\"https:\\\/\\\/www.viaprinto.de\\\/blog\\\/#\\\/schema\\\/person\\\/6a8f659dcc14fafe8739fabdb8f6e18e\"},\"headline\":\"Im Portr\u00e4t: Doris Jachalke und Michael Vo\u00df mit ihrem Motivkalender \u201eFaszination Afrika\u201c.\",\"datePublished\":\"2013-11-08T09:29:08+00:00\",\"mainEntityOfPage\":{\"@id\":\"https:\\\/\\\/www.viaprinto.de\\\/blog\\\/jachalke-voss-motivkalender\\\/\"},\"wordCount\":282,\"commentCount\":0,\"publisher\":{\"@id\":\"https:\\\/\\\/www.viaprinto.de\\\/blog\\\/#organization\"},\"image\":{\"@id\":\"https:\\\/\\\/www.viaprinto.de\\\/blog\\\/jachalke-voss-motivkalender\\\/#primaryimage\"},\"thumbnailUrl\":\"https:\\\/\\\/www.viaprinto.de\\\/blog\\\/wp-content\\\/uploads\\\/2013\\\/11\\\/motivkalender_jachalke_voss_faszination_afrika-1024x7761-1.jpg\",\"articleSection\":[\"Produkte\"],\"inLanguage\":\"de\",\"potentialAction\":[{\"@type\":\"CommentAction\",\"name\":\"Comment\",\"target\":[\"https:\\\/\\\/www.viaprinto.de\\\/blog\\\/jachalke-voss-motivkalender\\\/#respond\"]}]},{\"@type\":\"WebPage\",\"@id\":\"https:\\\/\\\/www.viaprinto.de\\\/blog\\\/jachalke-voss-motivkalender\\\/\",\"url\":\"https:\\\/\\\/www.viaprinto.de\\\/blog\\\/jachalke-voss-motivkalender\\\/\",\"name\":\"Doris Jachalke und Michael Vo\u00df | \u201eFaszination Afrika\u201c | viaprinto Blog\",\"isPartOf\":{\"@id\":\"https:\\\/\\\/www.viaprinto.de\\\/blog\\\/#website\"},\"primaryImageOfPage\":{\"@id\":\"https:\\\/\\\/www.viaprinto.de\\\/blog\\\/jachalke-voss-motivkalender\\\/#primaryimage\"},\"image\":{\"@id\":\"https:\\\/\\\/www.viaprinto.de\\\/blog\\\/jachalke-voss-motivkalender\\\/#primaryimage\"},\"thumbnailUrl\":\"https:\\\/\\\/www.viaprinto.de\\\/blog\\\/wp-content\\\/uploads\\\/2013\\\/11\\\/motivkalender_jachalke_voss_faszination_afrika-1024x7761-1.jpg\",\"description\":\"viaprinto Blog | Im Portr\u00e4t: Doris Jachalke und Michael Vo\u00df mit ihrem Motivkalender \u201eFaszination Afrika\u201c.\",\"breadcrumb\":{\"@id\":\"https:\\\/\\\/www.viaprinto.de\\\/blog\\\/jachalke-voss-motivkalender\\\/#breadcrumb\"},\"inLanguage\":\"de\",\"potentialAction\":[{\"@type\":\"ReadAction\",\"target\":[\"https:\\\/\\\/www.viaprinto.de\\\/blog\\\/jachalke-voss-motivkalender\\\/\"]}]},{\"@type\":\"ImageObject\",\"inLanguage\":\"de\",\"@id\":\"https:\\\/\\\/www.viaprinto.de\\\/blog\\\/jachalke-voss-motivkalender\\\/#primaryimage\",\"url\":\"https:\\\/\\\/www.viaprinto.de\\\/blog\\\/wp-content\\\/uploads\\\/2013\\\/11\\\/motivkalender_jachalke_voss_faszination_afrika-1024x7761-1.jpg\",\"contentUrl\":\"https:\\\/\\\/www.viaprinto.de\\\/blog\\\/wp-content\\\/uploads\\\/2013\\\/11\\\/motivkalender_jachalke_voss_faszination_afrika-1024x7761-1.jpg\",\"width\":1024,\"height\":776},{\"@type\":\"BreadcrumbList\",\"@id\":\"https:\\\/\\\/www.viaprinto.de\\\/blog\\\/jachalke-voss-motivkalender\\\/#breadcrumb\",\"itemListElement\":[{\"@type\":\"ListItem\",\"position\":1,\"name\":\"Startseite\",\"item\":\"https:\\\/\\\/www.viaprinto.de\\\/blog\\\/\"},{\"@type\":\"ListItem\",\"position\":2,\"name\":\"Im Portr\u00e4t: Doris Jachalke und Michael Vo\u00df mit ihrem Motivkalender \u201eFaszination Afrika\u201c.\"}]},{\"@type\":\"WebSite\",\"@id\":\"https:\\\/\\\/www.viaprinto.de\\\/blog\\\/#website\",\"url\":\"https:\\\/\\\/www.viaprinto.de\\\/blog\\\/\",\"name\":\"viaprinto Blog | Alles \u00fcber den Druck\",\"description\":\"\",\"publisher\":{\"@id\":\"https:\\\/\\\/www.viaprinto.de\\\/blog\\\/#organization\"},\"potentialAction\":[{\"@type\":\"SearchAction\",\"target\":{\"@type\":\"EntryPoint\",\"urlTemplate\":\"https:\\\/\\\/www.viaprinto.de\\\/blog\\\/?s={search_term_string}\"},\"query-input\":{\"@type\":\"PropertyValueSpecification\",\"valueRequired\":true,\"valueName\":\"search_term_string\"}}],\"inLanguage\":\"de\"},{\"@type\":\"Organization\",\"@id\":\"https:\\\/\\\/www.viaprinto.de\\\/blog\\\/#organization\",\"name\":\"viaprinto\",\"url\":\"https:\\\/\\\/www.viaprinto.de\\\/blog\\\/\",\"logo\":{\"@type\":\"ImageObject\",\"inLanguage\":\"de\",\"@id\":\"https:\\\/\\\/www.viaprinto.de\\\/blog\\\/#\\\/schema\\\/logo\\\/image\\\/\",\"url\":\"https:\\\/\\\/www.viaprinto.de\\\/blog\\\/wp-content\\\/uploads\\\/2022\\\/12\\\/viaprinto-blog-logo.svg\",\"contentUrl\":\"https:\\\/\\\/www.viaprinto.de\\\/blog\\\/wp-content\\\/uploads\\\/2022\\\/12\\\/viaprinto-blog-logo.svg\",\"caption\":\"viaprinto\"},\"image\":{\"@id\":\"https:\\\/\\\/www.viaprinto.de\\\/blog\\\/#\\\/schema\\\/logo\\\/image\\\/\"},\"sameAs\":[\"https:\\\/\\\/www.linkedin.com\\\/company\\\/viaprinto\"]},{\"@type\":\"Person\",\"@id\":\"https:\\\/\\\/www.viaprinto.de\\\/blog\\\/#\\\/schema\\\/person\\\/6a8f659dcc14fafe8739fabdb8f6e18e\",\"name\":\"Daniela K\u00fcper\",\"url\":\"https:\\\/\\\/www.viaprinto.de\\\/blog\\\/author\\\/daniela-kueperviaprinto-de\\\/\"}]}<\/script>\n<!-- \/ Yoast SEO plugin. -->","yoast_head_json":{"title":"Doris Jachalke und Michael Vo\u00df | \u201eFaszination Afrika\u201c | viaprinto Blog","description":"viaprinto Blog | Im Portr\u00e4t: Doris Jachalke und Michael Vo\u00df mit ihrem Motivkalender \u201eFaszination Afrika\u201c.","robots":{"index":"index","follow":"follow","max-snippet":"max-snippet:-1","max-image-preview":"max-image-preview:large","max-video-preview":"max-video-preview:-1"},"canonical":"https:\/\/www.viaprinto.de\/blog\/jachalke-voss-motivkalender\/","og_locale":"de_DE","og_type":"article","og_title":"Doris Jachalke und Michael Vo\u00df | \u201eFaszination Afrika\u201c | viaprinto Blog","og_description":"viaprinto Blog | Im Portr\u00e4t: Doris Jachalke und Michael Vo\u00df mit ihrem Motivkalender \u201eFaszination Afrika\u201c.","og_url":"https:\/\/www.viaprinto.de\/blog\/jachalke-voss-motivkalender\/","og_site_name":"viaprinto Blog | Alles \u00fcber den Druck","article_published_time":"2013-11-08T09:29:08+00:00","og_image":[{"width":1024,"height":776,"url":"https:\/\/www.viaprinto.de\/blog\/wp-content\/uploads\/2013\/11\/motivkalender_jachalke_voss_faszination_afrika-1024x7761-1.jpg","type":"image\/jpeg"}],"author":"Daniela K\u00fcper","schema":{"@context":"https:\/\/schema.org","@graph":[{"@type":"Article","@id":"https:\/\/www.viaprinto.de\/blog\/jachalke-voss-motivkalender\/#article","isPartOf":{"@id":"https:\/\/www.viaprinto.de\/blog\/jachalke-voss-motivkalender\/"},"author":{"name":"Daniela K\u00fcper","@id":"https:\/\/www.viaprinto.de\/blog\/#\/schema\/person\/6a8f659dcc14fafe8739fabdb8f6e18e"},"headline":"Im Portr\u00e4t: Doris Jachalke und Michael Vo\u00df mit ihrem Motivkalender \u201eFaszination Afrika\u201c.","datePublished":"2013-11-08T09:29:08+00:00","mainEntityOfPage":{"@id":"https:\/\/www.viaprinto.de\/blog\/jachalke-voss-motivkalender\/"},"wordCount":282,"commentCount":0,"publisher":{"@id":"https:\/\/www.viaprinto.de\/blog\/#organization"},"image":{"@id":"https:\/\/www.viaprinto.de\/blog\/jachalke-voss-motivkalender\/#primaryimage"},"thumbnailUrl":"https:\/\/www.viaprinto.de\/blog\/wp-content\/uploads\/2013\/11\/motivkalender_jachalke_voss_faszination_afrika-1024x7761-1.jpg","articleSection":["Produkte"],"inLanguage":"de","potentialAction":[{"@type":"CommentAction","name":"Comment","target":["https:\/\/www.viaprinto.de\/blog\/jachalke-voss-motivkalender\/#respond"]}]},{"@type":"WebPage","@id":"https:\/\/www.viaprinto.de\/blog\/jachalke-voss-motivkalender\/","url":"https:\/\/www.viaprinto.de\/blog\/jachalke-voss-motivkalender\/","name":"Doris Jachalke und Michael Vo\u00df | \u201eFaszination Afrika\u201c | viaprinto Blog","isPartOf":{"@id":"https:\/\/www.viaprinto.de\/blog\/#website"},"primaryImageOfPage":{"@id":"https:\/\/www.viaprinto.de\/blog\/jachalke-voss-motivkalender\/#primaryimage"},"image":{"@id":"https:\/\/www.viaprinto.de\/blog\/jachalke-voss-motivkalender\/#primaryimage"},"thumbnailUrl":"https:\/\/www.viaprinto.de\/blog\/wp-content\/uploads\/2013\/11\/motivkalender_jachalke_voss_faszination_afrika-1024x7761-1.jpg","description":"viaprinto Blog | Im Portr\u00e4t: Doris Jachalke und Michael Vo\u00df mit ihrem Motivkalender \u201eFaszination Afrika\u201c.","breadcrumb":{"@id":"https:\/\/www.viaprinto.de\/blog\/jachalke-voss-motivkalender\/#breadcrumb"},"inLanguage":"de","potentialAction":[{"@type":"ReadAction","target":["https:\/\/www.viaprinto.de\/blog\/jachalke-voss-motivkalender\/"]}]},{"@type":"ImageObject","inLanguage":"de","@id":"https:\/\/www.viaprinto.de\/blog\/jachalke-voss-motivkalender\/#primaryimage","url":"https:\/\/www.viaprinto.de\/blog\/wp-content\/uploads\/2013\/11\/motivkalender_jachalke_voss_faszination_afrika-1024x7761-1.jpg","contentUrl":"https:\/\/www.viaprinto.de\/blog\/wp-content\/uploads\/2013\/11\/motivkalender_jachalke_voss_faszination_afrika-1024x7761-1.jpg","width":1024,"height":776},{"@type":"BreadcrumbList","@id":"https:\/\/www.viaprinto.de\/blog\/jachalke-voss-motivkalender\/#breadcrumb","itemListElement":[{"@type":"ListItem","position":1,"name":"Startseite","item":"https:\/\/www.viaprinto.de\/blog\/"},{"@type":"ListItem","position":2,"name":"Im Portr\u00e4t: Doris Jachalke und Michael Vo\u00df mit ihrem Motivkalender \u201eFaszination Afrika\u201c."}]},{"@type":"WebSite","@id":"https:\/\/www.viaprinto.de\/blog\/#website","url":"https:\/\/www.viaprinto.de\/blog\/","name":"viaprinto Blog | Alles \u00fcber den Druck","description":"","publisher":{"@id":"https:\/\/www.viaprinto.de\/blog\/#organization"},"potentialAction":[{"@type":"SearchAction","target":{"@type":"EntryPoint","urlTemplate":"https:\/\/www.viaprinto.de\/blog\/?s={search_term_string}"},"query-input":{"@type":"PropertyValueSpecification","valueRequired":true,"valueName":"search_term_string"}}],"inLanguage":"de"},{"@type":"Organization","@id":"https:\/\/www.viaprinto.de\/blog\/#organization","name":"viaprinto","url":"https:\/\/www.viaprinto.de\/blog\/","logo":{"@type":"ImageObject","inLanguage":"de","@id":"https:\/\/www.viaprinto.de\/blog\/#\/schema\/logo\/image\/","url":"https:\/\/www.viaprinto.de\/blog\/wp-content\/uploads\/2022\/12\/viaprinto-blog-logo.svg","contentUrl":"https:\/\/www.viaprinto.de\/blog\/wp-content\/uploads\/2022\/12\/viaprinto-blog-logo.svg","caption":"viaprinto"},"image":{"@id":"https:\/\/www.viaprinto.de\/blog\/#\/schema\/logo\/image\/"},"sameAs":["https:\/\/www.linkedin.com\/company\/viaprinto"]},{"@type":"Person","@id":"https:\/\/www.viaprinto.de\/blog\/#\/schema\/person\/6a8f659dcc14fafe8739fabdb8f6e18e","name":"Daniela K\u00fcper","url":"https:\/\/www.viaprinto.de\/blog\/author\/daniela-kueperviaprinto-de\/"}]}},"mfb_rest_fields":["title","yoast_head","yoast_head_json"],"_links":{"self":[{"href":"https:\/\/www.viaprinto.de\/blog\/wp-json\/wp\/v2\/posts\/4089","targetHints":{"allow":["GET"]}}],"collection":[{"href":"https:\/\/www.viaprinto.de\/blog\/wp-json\/wp\/v2\/posts"}],"about":[{"href":"https:\/\/www.viaprinto.de\/blog\/wp-json\/wp\/v2\/types\/post"}],"author":[{"embeddable":true,"href":"https:\/\/www.viaprinto.de\/blog\/wp-json\/wp\/v2\/users\/5"}],"replies":[{"embeddable":true,"href":"https:\/\/www.viaprinto.de\/blog\/wp-json\/wp\/v2\/comments?post=4089"}],"version-history":[{"count":0,"href":"https:\/\/www.viaprinto.de\/blog\/wp-json\/wp\/v2\/posts\/4089\/revisions"}],"wp:featuredmedia":[{"embeddable":true,"href":"https:\/\/www.viaprinto.de\/blog\/wp-json\/wp\/v2\/media\/7439"}],"wp:attachment":[{"href":"https:\/\/www.viaprinto.de\/blog\/wp-json\/wp\/v2\/media?parent=4089"}],"wp:term":[{"taxonomy":"category","embeddable":true,"href":"https:\/\/www.viaprinto.de\/blog\/wp-json\/wp\/v2\/categories?post=4089"},{"taxonomy":"post_tag","embeddable":true,"href":"https:\/\/www.viaprinto.de\/blog\/wp-json\/wp\/v2\/tags?post=4089"}],"curies":[{"name":"wp","href":"https:\/\/api.w.org\/{rel}","templated":true}]}}