{"id":19841,"date":"2025-11-24T08:17:00","date_gmt":"2025-11-24T07:17:00","guid":{"rendered":"https:\/\/www.viaprinto.de\/blog\/?p=19841"},"modified":"2026-03-19T11:07:38","modified_gmt":"2026-03-19T10:07:38","slug":"machen-sie-ihren-namen-zum-programm","status":"publish","type":"post","link":"https:\/\/www.viaprinto.de\/blog\/machen-sie-ihren-namen-zum-programm\/","title":{"rendered":"Machen Sie Ihren Namen zum Programm"},"content":{"rendered":"\n<p>Edel, elegant, stylisch oder modern \u2013 wie Sie sich pr\u00e4sentieren, ist allein Ihre Wahl. Wie wollen Sie sich nach au\u00dfen hin geben? Wof\u00fcr steht Ihr Unternehmen? Welche Werte wollen Sie Ihren Kunden und Kundinnen vermitteln?<\/p>\n\n\n\n<p>Oft ist es schon der erste Eindruck, der bleibt. Besonders im gesch\u00e4ftlichen Alltag, sei es auf Messen, bei Veranstaltungen oder im vertrieblichen Kundenkontakt, ist es nicht nur wichtig sich f\u00fcr den Moment zu pr\u00e4sentieren, sondern nachhaltig im Ged\u00e4chtnis zu bleiben \u2013 und sich einen Namen zu machen.<\/p>\n\n\n\n<p><strong>Wie gelingt das am besten?<\/strong><\/p>\n\n\n\n<p>In erster Linie nat\u00fcrlich durch einen pers\u00f6nlichen Kontakt, den das Gegen\u00fcber nicht nur als ansprechend, sondern als sympathisch und vertrauensvoll empfindet. Um danach etwas in der Hand zu haben, was die Person mitnehmen kann, bieten sich beispielsweise Visitenkarten an. Praktisch, rechteckig, gut!<\/p>\n\n\n\n<p>Sorgen Sie mit dem passenden Design daf\u00fcr, dass Ihr Name Programm ist: Veredelungen, auff\u00e4llige Farben, schlichte Designs \u2013 fast alles ist m\u00f6glich, sofern Sie es sich vorstellen k\u00f6nnen.<\/p>\n\n\n\n<p><\/p>\n\n\n\n<p><strong>Unsere Empfehlungen<\/strong><\/p>\n\n\n\n<p>Damit Sie sich nicht nur in den Gedanken, sondern auch in den Unterlagen Ihres Gegen\u00fcbers verewigen k\u00f6nnen, haben wir mehrere Optionen f\u00fcr Sie in unserem Portfolio:<br><\/p>\n\n\n\n<ol class=\"wp-block-list\"><\/ol>\n\n\n\n<div class=\"wp-block-media-text is-stacked-on-mobile\"><figure class=\"wp-block-media-text__media\"><a href=\"https:\/\/www.viaprinto.de\/visitenkarten\"><img loading=\"lazy\" decoding=\"async\" width=\"1024\" height=\"681\" src=\"https:\/\/www.viaprinto.de\/blog\/wp-content\/uploads\/2025\/03\/visitenkarten-liegend-800x532px-@2x-1024x681.jpg\" alt=\"Zu sehen sind drei Visitenkarten, die im Anschnitt auf einem Tisch liegen. Eine Visitenkarte ist quer bedruckt, die andere Hochkante, die dritte hat abgerundete Ecken.\" class=\"wp-image-19439 size-full\" srcset=\"https:\/\/www.viaprinto.de\/blog\/wp-content\/uploads\/2025\/03\/visitenkarten-liegend-800x532px-@2x-1024x681.jpg 1024w, https:\/\/www.viaprinto.de\/blog\/wp-content\/uploads\/2025\/03\/visitenkarten-liegend-800x532px-@2x-300x200.jpg 300w, https:\/\/www.viaprinto.de\/blog\/wp-content\/uploads\/2025\/03\/visitenkarten-liegend-800x532px-@2x-768x511.jpg 768w, https:\/\/www.viaprinto.de\/blog\/wp-content\/uploads\/2025\/03\/visitenkarten-liegend-800x532px-@2x-1536x1021.jpg 1536w, https:\/\/www.viaprinto.de\/blog\/wp-content\/uploads\/2025\/03\/visitenkarten-liegend-800x532px-@2x.jpg 1600w\" sizes=\"auto, (max-width: 1024px) 100vw, 1024px\" \/><\/a><\/figure><div class=\"wp-block-media-text__content\">\n<p><strong><a href=\"https:\/\/www.viaprinto.de\/visitenkarten\">Visitenkarten:<\/a><\/strong><br>Mit oder ohne Rundung, mit oder ohne Veredelung, im praktischen Geldb\u00f6rsen-Format. Im Hoch- oder Querformat, 16 Grammaturen f\u00fcr den klassischen \u201eFingerabdruck\u201c Ihres Unternehmens.<\/p>\n<\/div><\/div>\n\n\n\n<figure class=\"wp-block-gallery has-nested-images columns-default is-cropped wp-block-gallery-1 is-layout-flex wp-block-gallery-is-layout-flex\">\n<figure class=\"wp-block-image size-large\"><img loading=\"lazy\" decoding=\"async\" width=\"1024\" height=\"768\" data-id=\"19430\" src=\"https:\/\/www.viaprinto.de\/blog\/wp-content\/uploads\/2025\/03\/visitenkarten-heissfolie-silber-800x600px-@2x-1024x768.jpg\" alt=\"Zu sehen ist eine rechteckige Visitenkarte mit der Veredelungsoption &quot;Hei\u00dffolie silber&quot;, mit der das mittig gesetzte Logo hervorgehoben ist\" class=\"wp-image-19430\" srcset=\"https:\/\/www.viaprinto.de\/blog\/wp-content\/uploads\/2025\/03\/visitenkarten-heissfolie-silber-800x600px-@2x-1024x768.jpg 1024w, https:\/\/www.viaprinto.de\/blog\/wp-content\/uploads\/2025\/03\/visitenkarten-heissfolie-silber-800x600px-@2x-300x225.jpg 300w, https:\/\/www.viaprinto.de\/blog\/wp-content\/uploads\/2025\/03\/visitenkarten-heissfolie-silber-800x600px-@2x-768x576.jpg 768w, https:\/\/www.viaprinto.de\/blog\/wp-content\/uploads\/2025\/03\/visitenkarten-heissfolie-silber-800x600px-@2x-1536x1152.jpg 1536w, https:\/\/www.viaprinto.de\/blog\/wp-content\/uploads\/2025\/03\/visitenkarten-heissfolie-silber-800x600px-@2x.jpg 1600w\" sizes=\"auto, (max-width: 1024px) 100vw, 1024px\" \/><\/figure>\n\n\n\n<figure class=\"wp-block-image size-large\"><img loading=\"lazy\" decoding=\"async\" width=\"1024\" height=\"768\" data-id=\"19429\" src=\"https:\/\/www.viaprinto.de\/blog\/wp-content\/uploads\/2025\/03\/visitenkarten-heissfolie-gold-800x600px-@2x-1024x768.jpg\" alt=\"Zu sehen ist eine rechteckige Visitenkarte mit der Veredelungsoption &quot;Hei\u00dffolie Gold&quot;, mit der das mittig gesetzte Logo hervorgehoben ist\" class=\"wp-image-19429\" srcset=\"https:\/\/www.viaprinto.de\/blog\/wp-content\/uploads\/2025\/03\/visitenkarten-heissfolie-gold-800x600px-@2x-1024x768.jpg 1024w, https:\/\/www.viaprinto.de\/blog\/wp-content\/uploads\/2025\/03\/visitenkarten-heissfolie-gold-800x600px-@2x-300x225.jpg 300w, https:\/\/www.viaprinto.de\/blog\/wp-content\/uploads\/2025\/03\/visitenkarten-heissfolie-gold-800x600px-@2x-768x576.jpg 768w, https:\/\/www.viaprinto.de\/blog\/wp-content\/uploads\/2025\/03\/visitenkarten-heissfolie-gold-800x600px-@2x-1536x1152.jpg 1536w, https:\/\/www.viaprinto.de\/blog\/wp-content\/uploads\/2025\/03\/visitenkarten-heissfolie-gold-800x600px-@2x.jpg 1600w\" sizes=\"auto, (max-width: 1024px) 100vw, 1024px\" \/><\/figure>\n\n\n\n<figure class=\"wp-block-image size-large\"><img loading=\"lazy\" decoding=\"async\" width=\"1024\" height=\"768\" data-id=\"19427\" src=\"https:\/\/www.viaprinto.de\/blog\/wp-content\/uploads\/2025\/03\/visitenkarten-relieflack-800x600px-@2x-1024x768.jpg\" alt=\"Zu sehen ist eine rechteckige Visitenkarte mit der Veredelungsoption &quot;partieller Relieflack&quot;, mit der das mittig gesetzte Logo hervorgehoben ist\" class=\"wp-image-19427\" srcset=\"https:\/\/www.viaprinto.de\/blog\/wp-content\/uploads\/2025\/03\/visitenkarten-relieflack-800x600px-@2x-1024x768.jpg 1024w, https:\/\/www.viaprinto.de\/blog\/wp-content\/uploads\/2025\/03\/visitenkarten-relieflack-800x600px-@2x-300x225.jpg 300w, https:\/\/www.viaprinto.de\/blog\/wp-content\/uploads\/2025\/03\/visitenkarten-relieflack-800x600px-@2x-768x576.jpg 768w, https:\/\/www.viaprinto.de\/blog\/wp-content\/uploads\/2025\/03\/visitenkarten-relieflack-800x600px-@2x-1536x1152.jpg 1536w, https:\/\/www.viaprinto.de\/blog\/wp-content\/uploads\/2025\/03\/visitenkarten-relieflack-800x600px-@2x.jpg 1600w\" sizes=\"auto, (max-width: 1024px) 100vw, 1024px\" \/><\/figure>\n\n\n\n<figure class=\"wp-block-image size-large\"><img loading=\"lazy\" decoding=\"async\" width=\"1024\" height=\"768\" data-id=\"19428\" src=\"https:\/\/www.viaprinto.de\/blog\/wp-content\/uploads\/2025\/03\/visitenkarten-letterpress-800x600px-@2x-1024x768.jpg\" alt=\"Zu sehen ist eine rechteckige Visitenkarte mit der Veredelungsoption &quot;Letterpress&quot;, mit der das mittig gesetzte Logo hervorgehoben ist\" class=\"wp-image-19428\" srcset=\"https:\/\/www.viaprinto.de\/blog\/wp-content\/uploads\/2025\/03\/visitenkarten-letterpress-800x600px-@2x-1024x768.jpg 1024w, https:\/\/www.viaprinto.de\/blog\/wp-content\/uploads\/2025\/03\/visitenkarten-letterpress-800x600px-@2x-300x225.jpg 300w, https:\/\/www.viaprinto.de\/blog\/wp-content\/uploads\/2025\/03\/visitenkarten-letterpress-800x600px-@2x-768x576.jpg 768w, https:\/\/www.viaprinto.de\/blog\/wp-content\/uploads\/2025\/03\/visitenkarten-letterpress-800x600px-@2x-1536x1152.jpg 1536w, https:\/\/www.viaprinto.de\/blog\/wp-content\/uploads\/2025\/03\/visitenkarten-letterpress-800x600px-@2x.jpg 1600w\" sizes=\"auto, (max-width: 1024px) 100vw, 1024px\" \/><\/figure>\n\n\n\n<figure class=\"wp-block-image size-large\"><img loading=\"lazy\" decoding=\"async\" width=\"800\" height=\"600\" data-id=\"19425\" src=\"https:\/\/www.viaprinto.de\/blog\/wp-content\/uploads\/2025\/03\/visitenkarten-quer-400x300px-@2x.jpg\" alt=\"Zu sehen ist eine Visitenkarte mit einem mittig platzierten Logo, darunter der Schriftzug &quot;Moritz Mainhardt&quot;\" class=\"wp-image-19425\" srcset=\"https:\/\/www.viaprinto.de\/blog\/wp-content\/uploads\/2025\/03\/visitenkarten-quer-400x300px-@2x.jpg 800w, https:\/\/www.viaprinto.de\/blog\/wp-content\/uploads\/2025\/03\/visitenkarten-quer-400x300px-@2x-300x225.jpg 300w, https:\/\/www.viaprinto.de\/blog\/wp-content\/uploads\/2025\/03\/visitenkarten-quer-400x300px-@2x-768x576.jpg 768w\" sizes=\"auto, (max-width: 800px) 100vw, 800px\" \/><\/figure>\n\n\n\n<figure class=\"wp-block-image size-large\"><img loading=\"lazy\" decoding=\"async\" width=\"1024\" height=\"768\" data-id=\"19424\" src=\"https:\/\/www.viaprinto.de\/blog\/wp-content\/uploads\/2025\/03\/visitenkarten-abgerundet-800x600px-@2x-1024x768.jpg\" alt=\"Zu sehen ist eine Visitenkarte, deren Ecken abgerundet sind.\" class=\"wp-image-19424\" srcset=\"https:\/\/www.viaprinto.de\/blog\/wp-content\/uploads\/2025\/03\/visitenkarten-abgerundet-800x600px-@2x-1024x768.jpg 1024w, https:\/\/www.viaprinto.de\/blog\/wp-content\/uploads\/2025\/03\/visitenkarten-abgerundet-800x600px-@2x-300x225.jpg 300w, https:\/\/www.viaprinto.de\/blog\/wp-content\/uploads\/2025\/03\/visitenkarten-abgerundet-800x600px-@2x-768x576.jpg 768w, https:\/\/www.viaprinto.de\/blog\/wp-content\/uploads\/2025\/03\/visitenkarten-abgerundet-800x600px-@2x-1536x1152.jpg 1536w, https:\/\/www.viaprinto.de\/blog\/wp-content\/uploads\/2025\/03\/visitenkarten-abgerundet-800x600px-@2x.jpg 1600w\" sizes=\"auto, (max-width: 1024px) 100vw, 1024px\" \/><\/figure>\n<\/figure>\n\n\n\n<p><\/p>\n\n\n\n<div class=\"wp-block-media-text has-media-on-the-right is-stacked-on-mobile\"><div class=\"wp-block-media-text__content\">\n<p><strong><a href=\"https:\/\/www.viaprinto.de\/klappvisitenkarten\">Klapp-Visitenkarten:<\/a><\/strong><br>Klappe, die Erste! Und die Wichtigste!<br>Mehr Platz f\u00fcr Kontaktdaten, besonders auff\u00e4llig und au\u00dfergew\u00f6hnlich.<\/p>\n<\/div><figure class=\"wp-block-media-text__media\"><a href=\"https:\/\/www.viaprinto.de\/klappvisitenkarten\"><img loading=\"lazy\" decoding=\"async\" width=\"800\" height=\"600\" src=\"https:\/\/www.viaprinto.de\/blog\/wp-content\/uploads\/2025\/11\/klapp-visitenkarten-mitte-@2x.jpg\" alt=\"\" class=\"wp-image-19845 size-full\" srcset=\"https:\/\/www.viaprinto.de\/blog\/wp-content\/uploads\/2025\/11\/klapp-visitenkarten-mitte-@2x.jpg 800w, https:\/\/www.viaprinto.de\/blog\/wp-content\/uploads\/2025\/11\/klapp-visitenkarten-mitte-@2x-300x225.jpg 300w, https:\/\/www.viaprinto.de\/blog\/wp-content\/uploads\/2025\/11\/klapp-visitenkarten-mitte-@2x-768x576.jpg 768w\" sizes=\"auto, (max-width: 800px) 100vw, 800px\" \/><\/a><\/figure><\/div>\n\n\n\n<div class=\"wp-block-media-text is-stacked-on-mobile\"><figure class=\"wp-block-media-text__media\"><a href=\"https:\/\/www.viaprinto.de\/farbkernvisitenkarten\"><img loading=\"lazy\" decoding=\"async\" width=\"800\" height=\"600\" src=\"https:\/\/www.viaprinto.de\/blog\/wp-content\/uploads\/2025\/11\/farbkern-visitenkarten-mitte-@2x.jpg\" alt=\"\" class=\"wp-image-19847 size-full\" srcset=\"https:\/\/www.viaprinto.de\/blog\/wp-content\/uploads\/2025\/11\/farbkern-visitenkarten-mitte-@2x.jpg 800w, https:\/\/www.viaprinto.de\/blog\/wp-content\/uploads\/2025\/11\/farbkern-visitenkarten-mitte-@2x-300x225.jpg 300w, https:\/\/www.viaprinto.de\/blog\/wp-content\/uploads\/2025\/11\/farbkern-visitenkarten-mitte-@2x-768x576.jpg 768w\" sizes=\"auto, (max-width: 800px) 100vw, 800px\" \/><\/a><\/figure><div class=\"wp-block-media-text__content\">\n<p><strong><a href=\"https:\/\/www.viaprinto.de\/farbkernvisitenkarten\">Farbkernvisitenkarten:<\/a><\/strong><br>Akzentreiche Variante, mit der Sie Farbe bekennen! Acht verschiedene Varianten, eine Grammatur von 750 g\/m\u00b2. Farbkern im Sandwich. So werden Sie nicht vergessen.<\/p>\n<\/div><\/div>\n\n\n\n<div class=\"wp-block-media-text has-media-on-the-right is-stacked-on-mobile\"><div class=\"wp-block-media-text__content\">\n<p><strong><a href=\"https:\/\/www.viaprinto.de\/plastikkarten\">Plastikkarten:<\/a><\/strong><br>Darf es etwas fester sein? Eine aufmerksamkeitsstarke Variante, die sicher nicht jede*r Konkurrent*in vorweisen kann. Warum nicht einfach mal eine ansprechende Plastikkarte als Aush\u00e4ngeschild?<\/p>\n<\/div><figure class=\"wp-block-media-text__media\"><a href=\"https:\/\/www.viaprinto.de\/plastikkarten\"><img loading=\"lazy\" decoding=\"async\" width=\"800\" height=\"600\" src=\"https:\/\/www.viaprinto.de\/blog\/wp-content\/uploads\/2025\/11\/plastikkarten-mitte-1-@2x.jpg\" alt=\"\" class=\"wp-image-19849 size-full\" srcset=\"https:\/\/www.viaprinto.de\/blog\/wp-content\/uploads\/2025\/11\/plastikkarten-mitte-1-@2x.jpg 800w, https:\/\/www.viaprinto.de\/blog\/wp-content\/uploads\/2025\/11\/plastikkarten-mitte-1-@2x-300x225.jpg 300w, https:\/\/www.viaprinto.de\/blog\/wp-content\/uploads\/2025\/11\/plastikkarten-mitte-1-@2x-768x576.jpg 768w\" sizes=\"auto, (max-width: 800px) 100vw, 800px\" \/><\/a><\/figure><\/div>\n\n\n\n<div class=\"wp-block-media-text is-stacked-on-mobile\"><figure class=\"wp-block-media-text__media\"><a href=\"https:\/\/www.viaprinto.de\/stempel\"><img loading=\"lazy\" decoding=\"async\" width=\"800\" height=\"600\" src=\"https:\/\/www.viaprinto.de\/blog\/wp-content\/uploads\/2025\/11\/trodat-printy-composing-400x300px-@2x.jpg\" alt=\"\" class=\"wp-image-19853 size-full\" srcset=\"https:\/\/www.viaprinto.de\/blog\/wp-content\/uploads\/2025\/11\/trodat-printy-composing-400x300px-@2x.jpg 800w, https:\/\/www.viaprinto.de\/blog\/wp-content\/uploads\/2025\/11\/trodat-printy-composing-400x300px-@2x-300x225.jpg 300w, https:\/\/www.viaprinto.de\/blog\/wp-content\/uploads\/2025\/11\/trodat-printy-composing-400x300px-@2x-768x576.jpg 768w\" sizes=\"auto, (max-width: 800px) 100vw, 800px\" \/><\/a><\/figure><div class=\"wp-block-media-text__content\">\n<p><strong><a href=\"https:\/\/www.viaprinto.de\/stempel\">Stempel:<\/a><\/strong><br>Eine innovative Idee, die Sie auch nachhaltig umsetzen k\u00f6nnen: packen Sie statt eines Stapels Visitenkarten doch gerne einen Stempel mit Ihrem Logo und Ihren Kontaktdaten ein. Die printy-Serie von Trodat ist Ihr optimaler Begleiter auch au\u00dferhalb des B\u00fcros.<\/p>\n<\/div><\/div>\n\n\n\n<figure class=\"wp-block-gallery has-nested-images columns-4 is-cropped wp-block-gallery-2 is-layout-flex wp-block-gallery-is-layout-flex\">\n<figure class=\"wp-block-image size-large\"><img loading=\"lazy\" decoding=\"async\" width=\"800\" height=\"600\" data-id=\"19846\" src=\"https:\/\/www.viaprinto.de\/blog\/wp-content\/uploads\/2025\/11\/klapp-visitenkarten-links-@2x.jpg\" alt=\"\" class=\"wp-image-19846\" srcset=\"https:\/\/www.viaprinto.de\/blog\/wp-content\/uploads\/2025\/11\/klapp-visitenkarten-links-@2x.jpg 800w, https:\/\/www.viaprinto.de\/blog\/wp-content\/uploads\/2025\/11\/klapp-visitenkarten-links-@2x-300x225.jpg 300w, https:\/\/www.viaprinto.de\/blog\/wp-content\/uploads\/2025\/11\/klapp-visitenkarten-links-@2x-768x576.jpg 768w\" sizes=\"auto, (max-width: 800px) 100vw, 800px\" \/><\/figure>\n\n\n\n<figure class=\"wp-block-image size-large\"><img loading=\"lazy\" decoding=\"async\" width=\"800\" height=\"600\" data-id=\"19848\" src=\"https:\/\/www.viaprinto.de\/blog\/wp-content\/uploads\/2025\/11\/farbkern-visitenkarten-rechts-@2x.jpg\" alt=\"\" class=\"wp-image-19848\" srcset=\"https:\/\/www.viaprinto.de\/blog\/wp-content\/uploads\/2025\/11\/farbkern-visitenkarten-rechts-@2x.jpg 800w, https:\/\/www.viaprinto.de\/blog\/wp-content\/uploads\/2025\/11\/farbkern-visitenkarten-rechts-@2x-300x225.jpg 300w, https:\/\/www.viaprinto.de\/blog\/wp-content\/uploads\/2025\/11\/farbkern-visitenkarten-rechts-@2x-768x576.jpg 768w\" sizes=\"auto, (max-width: 800px) 100vw, 800px\" \/><\/figure>\n\n\n\n<figure class=\"wp-block-image size-large\"><img loading=\"lazy\" decoding=\"async\" width=\"800\" height=\"600\" data-id=\"19850\" src=\"https:\/\/www.viaprinto.de\/blog\/wp-content\/uploads\/2025\/11\/plastikkarten-silber-800x600px-@2x.jpg\" alt=\"\" class=\"wp-image-19850\" srcset=\"https:\/\/www.viaprinto.de\/blog\/wp-content\/uploads\/2025\/11\/plastikkarten-silber-800x600px-@2x.jpg 800w, https:\/\/www.viaprinto.de\/blog\/wp-content\/uploads\/2025\/11\/plastikkarten-silber-800x600px-@2x-300x225.jpg 300w, https:\/\/www.viaprinto.de\/blog\/wp-content\/uploads\/2025\/11\/plastikkarten-silber-800x600px-@2x-768x576.jpg 768w\" sizes=\"auto, (max-width: 800px) 100vw, 800px\" \/><\/figure>\n\n\n\n<figure class=\"wp-block-image size-large\"><img loading=\"lazy\" decoding=\"async\" width=\"560\" height=\"420\" data-id=\"19854\" src=\"https:\/\/www.viaprinto.de\/blog\/wp-content\/uploads\/2025\/11\/werbecontainer-stempel-560x420px-@2x.jpg\" alt=\"\" class=\"wp-image-19854\" srcset=\"https:\/\/www.viaprinto.de\/blog\/wp-content\/uploads\/2025\/11\/werbecontainer-stempel-560x420px-@2x.jpg 560w, https:\/\/www.viaprinto.de\/blog\/wp-content\/uploads\/2025\/11\/werbecontainer-stempel-560x420px-@2x-300x225.jpg 300w\" sizes=\"auto, (max-width: 560px) 100vw, 560px\" \/><\/figure>\n<\/figure>\n\n\n\n<p><\/p>\n\n\n\n<p>Egal f\u00fcr welche M\u00f6glichkeit Sie sich entscheiden: Kreieren Sie das passende Layout, bauen Sie Ihr Corporate Design ein und machen Sie aus Ihrem Namen das Programm f\u00fcr Professionalit\u00e4t, Qualit\u00e4t und Kundenn\u00e4he!<\/p>\n","protected":false},"excerpt":{"rendered":"<p>Edel, elegant, stylisch oder modern \u2013 wie Sie sich pr\u00e4sentieren, ist allein Ihre Wahl. Wie wollen Sie sich nach au\u00dfen hin geben? Wof\u00fcr steht Ihr Unternehmen? Welche Werte wollen Sie Ihren Kunden und Kundinnen vermitteln? Oft ist es schon der erste Eindruck, der bleibt. Besonders im gesch\u00e4ftlichen Alltag, sei es auf Messen, bei Veranstaltungen oder [&hellip;]<\/p>\n","protected":false},"author":8,"featured_media":19843,"comment_status":"closed","ping_status":"closed","sticky":false,"template":"","format":"standard","meta":{"_acf_changed":false,"inline_featured_image":false,"footnotes":""},"categories":[693,8],"tags":[62,630,243,246],"class_list":["post-19841","post","type-post","status-publish","format-standard","has-post-thumbnail","hentry","category-geschaeftsausstattung","category-produkte","tag-geschaeftsausstattung","tag-stempel","tag-veredelung","tag-visitenkarten"],"mb":[],"acf":[],"yoast_head":"<!-- This site is optimized with the Yoast SEO plugin v27.4 - https:\/\/yoast.com\/product\/yoast-seo-wordpress\/ -->\n<title>Machen Sie Ihren Namen zum Programm | viaprinto Blog | Alles \u00fcber den Druck<\/title>\n<meta name=\"robots\" content=\"index, follow, max-snippet:-1, max-image-preview:large, max-video-preview:-1\" \/>\n<link rel=\"canonical\" href=\"https:\/\/www.viaprinto.de\/blog\/machen-sie-ihren-namen-zum-programm\/\" \/>\n<meta property=\"og:locale\" content=\"de_DE\" \/>\n<meta property=\"og:type\" content=\"article\" \/>\n<meta property=\"og:title\" content=\"Machen Sie Ihren Namen zum Programm | viaprinto Blog | Alles \u00fcber den Druck\" \/>\n<meta property=\"og:description\" content=\"Edel, elegant, stylisch oder modern \u2013 wie Sie sich pr\u00e4sentieren, ist allein Ihre Wahl. Wie wollen Sie sich nach au\u00dfen hin geben? Wof\u00fcr steht Ihr Unternehmen? Welche Werte wollen Sie Ihren Kunden und Kundinnen vermitteln? Oft ist es schon der erste Eindruck, der bleibt. Besonders im gesch\u00e4ftlichen Alltag, sei es auf Messen, bei Veranstaltungen oder [&hellip;]\" \/>\n<meta property=\"og:url\" content=\"https:\/\/www.viaprinto.de\/blog\/machen-sie-ihren-namen-zum-programm\/\" \/>\n<meta property=\"og:site_name\" content=\"viaprinto Blog | Alles \u00fcber den Druck\" \/>\n<meta property=\"article:published_time\" content=\"2025-11-24T07:17:00+00:00\" \/>\n<meta property=\"article:modified_time\" content=\"2026-03-19T10:07:38+00:00\" \/>\n<meta property=\"og:image\" content=\"https:\/\/www.viaprinto.de\/blog\/wp-content\/uploads\/2025\/11\/blogheader-visitenkarten-und-co-1690x642px-@2x.webp\" \/>\n\t<meta property=\"og:image:width\" content=\"1690\" \/>\n\t<meta property=\"og:image:height\" content=\"642\" \/>\n\t<meta property=\"og:image:type\" content=\"image\/webp\" \/>\n<meta name=\"author\" content=\"Sarah Sassenhagen\" \/>\n<script type=\"application\/ld+json\" class=\"yoast-schema-graph\">{\"@context\":\"https:\\\/\\\/schema.org\",\"@graph\":[{\"@type\":\"Article\",\"@id\":\"https:\\\/\\\/www.viaprinto.de\\\/blog\\\/machen-sie-ihren-namen-zum-programm\\\/#article\",\"isPartOf\":{\"@id\":\"https:\\\/\\\/www.viaprinto.de\\\/blog\\\/machen-sie-ihren-namen-zum-programm\\\/\"},\"author\":{\"name\":\"Sarah Sassenhagen\",\"@id\":\"https:\\\/\\\/www.viaprinto.de\\\/blog\\\/#\\\/schema\\\/person\\\/1aa19d31063bc939317c758ceb8b7c16\"},\"headline\":\"Machen Sie Ihren Namen zum Programm\",\"datePublished\":\"2025-11-24T07:17:00+00:00\",\"dateModified\":\"2026-03-19T10:07:38+00:00\",\"mainEntityOfPage\":{\"@id\":\"https:\\\/\\\/www.viaprinto.de\\\/blog\\\/machen-sie-ihren-namen-zum-programm\\\/\"},\"wordCount\":380,\"publisher\":{\"@id\":\"https:\\\/\\\/www.viaprinto.de\\\/blog\\\/#organization\"},\"image\":{\"@id\":\"https:\\\/\\\/www.viaprinto.de\\\/blog\\\/machen-sie-ihren-namen-zum-programm\\\/#primaryimage\"},\"thumbnailUrl\":\"https:\\\/\\\/www.viaprinto.de\\\/blog\\\/wp-content\\\/uploads\\\/2025\\\/11\\\/blogheader-visitenkarten-und-co-1690x642px-@2x.webp\",\"keywords\":[\"Gesch\u00e4ftsausstattung\",\"stempel\",\"Veredelung\",\"Visitenkarten\"],\"articleSection\":[\"Gesch\u00e4ftsausstattung\",\"Produkte\"],\"inLanguage\":\"de\"},{\"@type\":\"WebPage\",\"@id\":\"https:\\\/\\\/www.viaprinto.de\\\/blog\\\/machen-sie-ihren-namen-zum-programm\\\/\",\"url\":\"https:\\\/\\\/www.viaprinto.de\\\/blog\\\/machen-sie-ihren-namen-zum-programm\\\/\",\"name\":\"Machen Sie Ihren Namen zum Programm | viaprinto Blog | Alles \u00fcber den Druck\",\"isPartOf\":{\"@id\":\"https:\\\/\\\/www.viaprinto.de\\\/blog\\\/#website\"},\"primaryImageOfPage\":{\"@id\":\"https:\\\/\\\/www.viaprinto.de\\\/blog\\\/machen-sie-ihren-namen-zum-programm\\\/#primaryimage\"},\"image\":{\"@id\":\"https:\\\/\\\/www.viaprinto.de\\\/blog\\\/machen-sie-ihren-namen-zum-programm\\\/#primaryimage\"},\"thumbnailUrl\":\"https:\\\/\\\/www.viaprinto.de\\\/blog\\\/wp-content\\\/uploads\\\/2025\\\/11\\\/blogheader-visitenkarten-und-co-1690x642px-@2x.webp\",\"breadcrumb\":{\"@id\":\"https:\\\/\\\/www.viaprinto.de\\\/blog\\\/machen-sie-ihren-namen-zum-programm\\\/#breadcrumb\"},\"inLanguage\":\"de\",\"potentialAction\":[{\"@type\":\"ReadAction\",\"target\":[\"https:\\\/\\\/www.viaprinto.de\\\/blog\\\/machen-sie-ihren-namen-zum-programm\\\/\"]}]},{\"@type\":\"ImageObject\",\"inLanguage\":\"de\",\"@id\":\"https:\\\/\\\/www.viaprinto.de\\\/blog\\\/machen-sie-ihren-namen-zum-programm\\\/#primaryimage\",\"url\":\"https:\\\/\\\/www.viaprinto.de\\\/blog\\\/wp-content\\\/uploads\\\/2025\\\/11\\\/blogheader-visitenkarten-und-co-1690x642px-@2x.webp\",\"contentUrl\":\"https:\\\/\\\/www.viaprinto.de\\\/blog\\\/wp-content\\\/uploads\\\/2025\\\/11\\\/blogheader-visitenkarten-und-co-1690x642px-@2x.webp\",\"width\":1690,\"height\":642},{\"@type\":\"BreadcrumbList\",\"@id\":\"https:\\\/\\\/www.viaprinto.de\\\/blog\\\/machen-sie-ihren-namen-zum-programm\\\/#breadcrumb\",\"itemListElement\":[{\"@type\":\"ListItem\",\"position\":1,\"name\":\"Startseite\",\"item\":\"https:\\\/\\\/www.viaprinto.de\\\/blog\\\/\"},{\"@type\":\"ListItem\",\"position\":2,\"name\":\"Machen Sie Ihren Namen zum Programm\"}]},{\"@type\":\"WebSite\",\"@id\":\"https:\\\/\\\/www.viaprinto.de\\\/blog\\\/#website\",\"url\":\"https:\\\/\\\/www.viaprinto.de\\\/blog\\\/\",\"name\":\"viaprinto Blog | Alles \u00fcber den Druck\",\"description\":\"\",\"publisher\":{\"@id\":\"https:\\\/\\\/www.viaprinto.de\\\/blog\\\/#organization\"},\"potentialAction\":[{\"@type\":\"SearchAction\",\"target\":{\"@type\":\"EntryPoint\",\"urlTemplate\":\"https:\\\/\\\/www.viaprinto.de\\\/blog\\\/?s={search_term_string}\"},\"query-input\":{\"@type\":\"PropertyValueSpecification\",\"valueRequired\":true,\"valueName\":\"search_term_string\"}}],\"inLanguage\":\"de\"},{\"@type\":\"Organization\",\"@id\":\"https:\\\/\\\/www.viaprinto.de\\\/blog\\\/#organization\",\"name\":\"viaprinto\",\"url\":\"https:\\\/\\\/www.viaprinto.de\\\/blog\\\/\",\"logo\":{\"@type\":\"ImageObject\",\"inLanguage\":\"de\",\"@id\":\"https:\\\/\\\/www.viaprinto.de\\\/blog\\\/#\\\/schema\\\/logo\\\/image\\\/\",\"url\":\"https:\\\/\\\/www.viaprinto.de\\\/blog\\\/wp-content\\\/uploads\\\/2022\\\/12\\\/viaprinto-blog-logo.svg\",\"contentUrl\":\"https:\\\/\\\/www.viaprinto.de\\\/blog\\\/wp-content\\\/uploads\\\/2022\\\/12\\\/viaprinto-blog-logo.svg\",\"caption\":\"viaprinto\"},\"image\":{\"@id\":\"https:\\\/\\\/www.viaprinto.de\\\/blog\\\/#\\\/schema\\\/logo\\\/image\\\/\"},\"sameAs\":[\"https:\\\/\\\/www.linkedin.com\\\/company\\\/viaprinto\"]},{\"@type\":\"Person\",\"@id\":\"https:\\\/\\\/www.viaprinto.de\\\/blog\\\/#\\\/schema\\\/person\\\/1aa19d31063bc939317c758ceb8b7c16\",\"name\":\"Sarah Sassenhagen\",\"url\":\"https:\\\/\\\/www.viaprinto.de\\\/blog\\\/author\\\/sarah-sassenhagenviaprinto-de\\\/\"}]}<\/script>\n<!-- \/ Yoast SEO plugin. -->","yoast_head_json":{"title":"Machen Sie Ihren Namen zum Programm | viaprinto Blog | Alles \u00fcber den Druck","robots":{"index":"index","follow":"follow","max-snippet":"max-snippet:-1","max-image-preview":"max-image-preview:large","max-video-preview":"max-video-preview:-1"},"canonical":"https:\/\/www.viaprinto.de\/blog\/machen-sie-ihren-namen-zum-programm\/","og_locale":"de_DE","og_type":"article","og_title":"Machen Sie Ihren Namen zum Programm | viaprinto Blog | Alles \u00fcber den Druck","og_description":"Edel, elegant, stylisch oder modern \u2013 wie Sie sich pr\u00e4sentieren, ist allein Ihre Wahl. Wie wollen Sie sich nach au\u00dfen hin geben? Wof\u00fcr steht Ihr Unternehmen? Welche Werte wollen Sie Ihren Kunden und Kundinnen vermitteln? Oft ist es schon der erste Eindruck, der bleibt. Besonders im gesch\u00e4ftlichen Alltag, sei es auf Messen, bei Veranstaltungen oder [&hellip;]","og_url":"https:\/\/www.viaprinto.de\/blog\/machen-sie-ihren-namen-zum-programm\/","og_site_name":"viaprinto Blog | Alles \u00fcber den Druck","article_published_time":"2025-11-24T07:17:00+00:00","article_modified_time":"2026-03-19T10:07:38+00:00","og_image":[{"width":1690,"height":642,"url":"https:\/\/www.viaprinto.de\/blog\/wp-content\/uploads\/2025\/11\/blogheader-visitenkarten-und-co-1690x642px-@2x.webp","type":"image\/webp"}],"author":"Sarah Sassenhagen","schema":{"@context":"https:\/\/schema.org","@graph":[{"@type":"Article","@id":"https:\/\/www.viaprinto.de\/blog\/machen-sie-ihren-namen-zum-programm\/#article","isPartOf":{"@id":"https:\/\/www.viaprinto.de\/blog\/machen-sie-ihren-namen-zum-programm\/"},"author":{"name":"Sarah Sassenhagen","@id":"https:\/\/www.viaprinto.de\/blog\/#\/schema\/person\/1aa19d31063bc939317c758ceb8b7c16"},"headline":"Machen Sie Ihren Namen zum Programm","datePublished":"2025-11-24T07:17:00+00:00","dateModified":"2026-03-19T10:07:38+00:00","mainEntityOfPage":{"@id":"https:\/\/www.viaprinto.de\/blog\/machen-sie-ihren-namen-zum-programm\/"},"wordCount":380,"publisher":{"@id":"https:\/\/www.viaprinto.de\/blog\/#organization"},"image":{"@id":"https:\/\/www.viaprinto.de\/blog\/machen-sie-ihren-namen-zum-programm\/#primaryimage"},"thumbnailUrl":"https:\/\/www.viaprinto.de\/blog\/wp-content\/uploads\/2025\/11\/blogheader-visitenkarten-und-co-1690x642px-@2x.webp","keywords":["Gesch\u00e4ftsausstattung","stempel","Veredelung","Visitenkarten"],"articleSection":["Gesch\u00e4ftsausstattung","Produkte"],"inLanguage":"de"},{"@type":"WebPage","@id":"https:\/\/www.viaprinto.de\/blog\/machen-sie-ihren-namen-zum-programm\/","url":"https:\/\/www.viaprinto.de\/blog\/machen-sie-ihren-namen-zum-programm\/","name":"Machen Sie Ihren Namen zum Programm | viaprinto Blog | Alles \u00fcber den Druck","isPartOf":{"@id":"https:\/\/www.viaprinto.de\/blog\/#website"},"primaryImageOfPage":{"@id":"https:\/\/www.viaprinto.de\/blog\/machen-sie-ihren-namen-zum-programm\/#primaryimage"},"image":{"@id":"https:\/\/www.viaprinto.de\/blog\/machen-sie-ihren-namen-zum-programm\/#primaryimage"},"thumbnailUrl":"https:\/\/www.viaprinto.de\/blog\/wp-content\/uploads\/2025\/11\/blogheader-visitenkarten-und-co-1690x642px-@2x.webp","breadcrumb":{"@id":"https:\/\/www.viaprinto.de\/blog\/machen-sie-ihren-namen-zum-programm\/#breadcrumb"},"inLanguage":"de","potentialAction":[{"@type":"ReadAction","target":["https:\/\/www.viaprinto.de\/blog\/machen-sie-ihren-namen-zum-programm\/"]}]},{"@type":"ImageObject","inLanguage":"de","@id":"https:\/\/www.viaprinto.de\/blog\/machen-sie-ihren-namen-zum-programm\/#primaryimage","url":"https:\/\/www.viaprinto.de\/blog\/wp-content\/uploads\/2025\/11\/blogheader-visitenkarten-und-co-1690x642px-@2x.webp","contentUrl":"https:\/\/www.viaprinto.de\/blog\/wp-content\/uploads\/2025\/11\/blogheader-visitenkarten-und-co-1690x642px-@2x.webp","width":1690,"height":642},{"@type":"BreadcrumbList","@id":"https:\/\/www.viaprinto.de\/blog\/machen-sie-ihren-namen-zum-programm\/#breadcrumb","itemListElement":[{"@type":"ListItem","position":1,"name":"Startseite","item":"https:\/\/www.viaprinto.de\/blog\/"},{"@type":"ListItem","position":2,"name":"Machen Sie Ihren Namen zum Programm"}]},{"@type":"WebSite","@id":"https:\/\/www.viaprinto.de\/blog\/#website","url":"https:\/\/www.viaprinto.de\/blog\/","name":"viaprinto Blog | Alles \u00fcber den Druck","description":"","publisher":{"@id":"https:\/\/www.viaprinto.de\/blog\/#organization"},"potentialAction":[{"@type":"SearchAction","target":{"@type":"EntryPoint","urlTemplate":"https:\/\/www.viaprinto.de\/blog\/?s={search_term_string}"},"query-input":{"@type":"PropertyValueSpecification","valueRequired":true,"valueName":"search_term_string"}}],"inLanguage":"de"},{"@type":"Organization","@id":"https:\/\/www.viaprinto.de\/blog\/#organization","name":"viaprinto","url":"https:\/\/www.viaprinto.de\/blog\/","logo":{"@type":"ImageObject","inLanguage":"de","@id":"https:\/\/www.viaprinto.de\/blog\/#\/schema\/logo\/image\/","url":"https:\/\/www.viaprinto.de\/blog\/wp-content\/uploads\/2022\/12\/viaprinto-blog-logo.svg","contentUrl":"https:\/\/www.viaprinto.de\/blog\/wp-content\/uploads\/2022\/12\/viaprinto-blog-logo.svg","caption":"viaprinto"},"image":{"@id":"https:\/\/www.viaprinto.de\/blog\/#\/schema\/logo\/image\/"},"sameAs":["https:\/\/www.linkedin.com\/company\/viaprinto"]},{"@type":"Person","@id":"https:\/\/www.viaprinto.de\/blog\/#\/schema\/person\/1aa19d31063bc939317c758ceb8b7c16","name":"Sarah Sassenhagen","url":"https:\/\/www.viaprinto.de\/blog\/author\/sarah-sassenhagenviaprinto-de\/"}]}},"mfb_rest_fields":["title","yoast_head","yoast_head_json"],"_links":{"self":[{"href":"https:\/\/www.viaprinto.de\/blog\/wp-json\/wp\/v2\/posts\/19841","targetHints":{"allow":["GET"]}}],"collection":[{"href":"https:\/\/www.viaprinto.de\/blog\/wp-json\/wp\/v2\/posts"}],"about":[{"href":"https:\/\/www.viaprinto.de\/blog\/wp-json\/wp\/v2\/types\/post"}],"author":[{"embeddable":true,"href":"https:\/\/www.viaprinto.de\/blog\/wp-json\/wp\/v2\/users\/8"}],"replies":[{"embeddable":true,"href":"https:\/\/www.viaprinto.de\/blog\/wp-json\/wp\/v2\/comments?post=19841"}],"version-history":[{"count":8,"href":"https:\/\/www.viaprinto.de\/blog\/wp-json\/wp\/v2\/posts\/19841\/revisions"}],"predecessor-version":[{"id":19860,"href":"https:\/\/www.viaprinto.de\/blog\/wp-json\/wp\/v2\/posts\/19841\/revisions\/19860"}],"wp:featuredmedia":[{"embeddable":true,"href":"https:\/\/www.viaprinto.de\/blog\/wp-json\/wp\/v2\/media\/19843"}],"wp:attachment":[{"href":"https:\/\/www.viaprinto.de\/blog\/wp-json\/wp\/v2\/media?parent=19841"}],"wp:term":[{"taxonomy":"category","embeddable":true,"href":"https:\/\/www.viaprinto.de\/blog\/wp-json\/wp\/v2\/categories?post=19841"},{"taxonomy":"post_tag","embeddable":true,"href":"https:\/\/www.viaprinto.de\/blog\/wp-json\/wp\/v2\/tags?post=19841"}],"curies":[{"name":"wp","href":"https:\/\/api.w.org\/{rel}","templated":true}]}}