{"id":19591,"date":"2025-06-18T11:37:00","date_gmt":"2025-06-18T09:37:00","guid":{"rendered":"https:\/\/www.viaprinto.de\/blog\/?p=19591"},"modified":"2026-03-19T13:37:47","modified_gmt":"2026-03-19T12:37:47","slug":"stift-an-kalender","status":"publish","type":"post","link":"https:\/\/www.viaprinto.de\/blog\/stift-an-kalender\/","title":{"rendered":"An die Stifte, zu den Kalendern, los!"},"content":{"rendered":"\n<p>Es reicht oft nicht, zu wissen, wann genau ein bestimmter Termin stattfindet oder welches Datum auf welchen Tag f\u00e4llt. Gerade f\u00fcr die diejenigen, die Offline-Kalender benutzen ist es wichtig, auch mal Stichpunkte zu Terminen aufzuschreiben, oder erste Gedanken zu einem bestimmen Tag zu notieren. Hier kommen unsere Kalender, die extra-Felder f\u00fcr Notizen haben, ins Spiel:<\/p>\n\n\n\n<h2 class=\"wp-block-heading\">Die Terminkalender &#8211; stumme Diener im Querformat.<\/h2>\n\n\n\n<p>Dezent, weil man ihn einfach zuklappen kann, und voll beladen mit Geschichten hinter jeder hineingekritzelten Notiz, kommt dieses Schreibtisch-Accessoire daher &#8211; flach und im Querformat. Zugeklappt bietet das Deckblatt im Format 304 x 107 mm und auf hochwertigem 350 g Postkarten- oder Recyclingpapier Platz f\u00fcr moderne Designs, witzige Illustrationen und nat\u00fcrlich Werbung.&nbsp;Die R\u00fcckenpappe ist etwas l\u00e4nger (304 x 135 mm), so dass ein schmaler Streifen von drei Zentimetern hervorschaut und das Deckblatt zugeklappt optisch verl\u00e4ngern kann. Ein dauerhaft sichtbares Logo w\u00fcrde sich hier wohl f\u00fchlen. Mit zwei Dateien in der Produktkonfiguration k\u00f6nnen Sie dem <a href=\"https:\/\/www.viaprinto.de\/terminkalender\">Terminkalender <\/a>so eine eigene Note verleihen.<\/p>\n\n\n\n<p>Ab Auflage 25, in zwei Layoutfarben erh\u00e4ltlich<\/p>\n\n\n\n<figure class=\"wp-block-image aligncenter size-full\"><a href=\"https:\/\/www.viaprinto.de\/blog\/wp-content\/uploads\/2024\/05\/terminkalender-mitte-@2x.jpg\" data-rel=\"lightbox-image-0\" data-rl_title=\"\" data-rl_caption=\"\" title=\"\"><img loading=\"lazy\" decoding=\"async\" width=\"800\" height=\"600\" src=\"https:\/\/www.viaprinto.de\/blog\/wp-content\/uploads\/2024\/05\/terminkalender-mitte-@2x.jpg\" alt=\"Zwei Terminkalender \u00fcbereinander\" class=\"wp-image-18948\" srcset=\"https:\/\/www.viaprinto.de\/blog\/wp-content\/uploads\/2024\/05\/terminkalender-mitte-@2x.jpg 800w, https:\/\/www.viaprinto.de\/blog\/wp-content\/uploads\/2024\/05\/terminkalender-mitte-@2x-300x225.jpg 300w, https:\/\/www.viaprinto.de\/blog\/wp-content\/uploads\/2024\/05\/terminkalender-mitte-@2x-768x576.jpg 768w\" sizes=\"auto, (max-width: 800px) 100vw, 800px\" \/><\/a><\/figure>\n\n\n\n<h2 class=\"wp-block-heading\">Buchkalender Hardcover \u2013 kein Strom, viel Platz zum Scribbeln.<\/h2>\n\n\n\n<p>Nutzen Sie den <a href=\"https:\/\/www.viaprinto.de\/buchkalender\">viaprinto-Buchkalender<\/a> ganz klassisch, ohne Akku, Ladekabel und Display, denn Terminieren und Entwerfen gehen mit Ruhe und einem k\u00fchlen Kopf am besten. Mit diesem Planer geben wir Ihnen genau das passende Instrument an die Hand.<\/p>\n\n\n\n<p>Wochenlayout, Lesezeichen, perforierten Eselsohren zum Abtrennen und Stiftschlaufe \u2013 nicht mehr und nicht weniger sind n\u00f6tig, um stilvoll und effektiv arbeiten zu k\u00f6nnen.<\/p>\n\n\n\n<p>Jetzt bestellen und individuell anpassen, ab Auflage 25 bis 1.000 Exemplare bestellbar.<\/p>\n\n\n\n<figure class=\"wp-block-image aligncenter size-full\"><a href=\"https:\/\/www.viaprinto.de\/blog\/wp-content\/uploads\/2024\/05\/buchkalender-hardcover-mitte-@2x.jpg\" data-rel=\"lightbox-image-1\" data-rl_title=\"\" data-rl_caption=\"\" title=\"\"><img loading=\"lazy\" decoding=\"async\" width=\"800\" height=\"600\" src=\"https:\/\/www.viaprinto.de\/blog\/wp-content\/uploads\/2024\/05\/buchkalender-hardcover-mitte-@2x.jpg\" alt=\"Drei Buchkalender von denen einer offen aufgeschlagen zwischen zweien liegt.\" class=\"wp-image-18950\" srcset=\"https:\/\/www.viaprinto.de\/blog\/wp-content\/uploads\/2024\/05\/buchkalender-hardcover-mitte-@2x.jpg 800w, https:\/\/www.viaprinto.de\/blog\/wp-content\/uploads\/2024\/05\/buchkalender-hardcover-mitte-@2x-300x225.jpg 300w, https:\/\/www.viaprinto.de\/blog\/wp-content\/uploads\/2024\/05\/buchkalender-hardcover-mitte-@2x-768x576.jpg 768w\" sizes=\"auto, (max-width: 800px) 100vw, 800px\" \/><\/a><\/figure>\n\n\n\n<p><\/p>\n\n\n\n<h2 class=\"wp-block-heading\">Die Streifenkalender \u2013 die klare Linie an der Wand (und im Kopf)<\/h2>\n\n\n\n<p>Ein schmaler Streifen mit einem Monat oder ein etwas breiterer Streifen mit drei Monaten zur Ansicht stehen bereit zur Bestellung. Neben den Daten ist jeweils eine Zeile Platz f\u00fcr Ihre handschriftlichen Notizen.<\/p>\n\n\n\n<p>Der bedruckbare Kalenderkopf unseres <a href=\"https:\/\/www.viaprinto.de\/streifenkalender\">Streifenkalenders <\/a>besteht aus robustem Postkartenpapier (400 g\/m\u00b2) und bleibt das ganze Jahr \u00fcber pr\u00e4sent im Blick des Betrachters. Ausreichend Platz bietet er f\u00fcr Ihr Logo, Ihre Botschaft oder Ihre Kontaktdaten, die Ihre Kunden und Gesch\u00e4ftspartner so immer vor Augen haben.<\/p>\n\n\n\n<p>Seien Sie bei der gesamten Gestaltung achtsam, denn immerhin h\u00e4ngt der Kalender 365 Tage an der Wand.<\/p>\n\n\n\n<figure class=\"wp-block-image aligncenter size-large\"><a href=\"https:\/\/www.viaprinto.de\/blog\/wp-content\/uploads\/2022\/09\/blogheader-streifenkalender-neue-variante-1690x642px-@2x-1.jpg\" data-rel=\"lightbox-image-2\" data-rl_title=\"\" data-rl_caption=\"\" title=\"\"><img loading=\"lazy\" decoding=\"async\" width=\"1024\" height=\"389\" src=\"https:\/\/www.viaprinto.de\/blog\/wp-content\/uploads\/2022\/09\/blogheader-streifenkalender-neue-variante-1690x642px-@2x-1-1024x389.jpg\" alt=\"\" class=\"wp-image-17071\" srcset=\"https:\/\/www.viaprinto.de\/blog\/wp-content\/uploads\/2022\/09\/blogheader-streifenkalender-neue-variante-1690x642px-@2x-1-1024x389.jpg 1024w, https:\/\/www.viaprinto.de\/blog\/wp-content\/uploads\/2022\/09\/blogheader-streifenkalender-neue-variante-1690x642px-@2x-1-300x114.jpg 300w, https:\/\/www.viaprinto.de\/blog\/wp-content\/uploads\/2022\/09\/blogheader-streifenkalender-neue-variante-1690x642px-@2x-1-768x292.jpg 768w, https:\/\/www.viaprinto.de\/blog\/wp-content\/uploads\/2022\/09\/blogheader-streifenkalender-neue-variante-1690x642px-@2x-1-1536x583.jpg 1536w, https:\/\/www.viaprinto.de\/blog\/wp-content\/uploads\/2022\/09\/blogheader-streifenkalender-neue-variante-1690x642px-@2x-1.jpg 1690w\" sizes=\"auto, (max-width: 1024px) 100vw, 1024px\" \/><\/a><\/figure>\n\n\n\n<h2 class=\"wp-block-heading\">Die Jahresplaner \u2013 im Poster-Format zum Erfolg.<\/h2>\n\n\n\n<p>In sechs Formaten und auf Bilderdruckpapier in verschiedenen Grammaturen k\u00f6nnen Sie hier den Tagen per Stift zuordnen, was ansteht. Die Urlaubsplanung des Teams, wichtige Deadlines oder weltbewegende Meetings \u2013 auf ein Jahr verteilt. Mehr \u00dcberblick geht nicht!<\/p>\n\n\n\n<p>Versehen Sie den <a href=\"https:\/\/www.viaprinto.de\/jahresplaner\">Jahresplaner <\/a>im oberen Bereich mit Ihrem Logo oder Firmen-CI \u2013 das macht den Planer zum idealen Werbegeschenk.<\/p>\n\n\n\n<p>Sie bekommen unseren \u201ePoster Boy\u201c per Overnight, wenn Sie es eilig haben und ab Auflage 25 bis zu 200.000 St\u00fcck.<\/p>\n\n\n\n<div class=\"wp-block-buttons is-content-justification-center is-layout-flex wp-container-core-buttons-is-layout-a89b3969 wp-block-buttons-is-layout-flex\">\n<div class=\"wp-block-button\"><a class=\"wp-block-button__link has-background-color has-text-color has-background has-link-color wp-element-button\" href=\"https:\/\/www.viaprinto.de\/hilfe\/layout-downloads\/kalendarien\/jahresplaner.html\" style=\"border-radius:100px;background-color:#f3651b\">zu den Kalendarien<\/a><\/div>\n<\/div>\n\n\n\n<figure class=\"wp-block-image aligncenter size-full\"><a href=\"https:\/\/www.viaprinto.de\/blog\/wp-content\/uploads\/2024\/05\/jahresplaner-mitte-@2x.jpg\" data-rel=\"lightbox-image-3\" data-rl_title=\"\" data-rl_caption=\"\" title=\"\"><img loading=\"lazy\" decoding=\"async\" width=\"800\" height=\"600\" src=\"https:\/\/www.viaprinto.de\/blog\/wp-content\/uploads\/2024\/05\/jahresplaner-mitte-@2x.jpg\" alt=\"Wandkalender halb aufgerollt.\" class=\"wp-image-18942\" srcset=\"https:\/\/www.viaprinto.de\/blog\/wp-content\/uploads\/2024\/05\/jahresplaner-mitte-@2x.jpg 800w, https:\/\/www.viaprinto.de\/blog\/wp-content\/uploads\/2024\/05\/jahresplaner-mitte-@2x-300x225.jpg 300w, https:\/\/www.viaprinto.de\/blog\/wp-content\/uploads\/2024\/05\/jahresplaner-mitte-@2x-768x576.jpg 768w\" sizes=\"auto, (max-width: 800px) 100vw, 800px\" \/><\/a><\/figure>\n\n\n\n<h2 class=\"wp-block-heading\">Die Schreibtischunterlagen \u2013 zur\u00fcckhaltend und doch entscheidend.<\/h2>\n\n\n\n<p>Unser Kalender, der sich h\u00f6chst-dezent im B\u00fcro zeigt. Gut, dass er da ist. Denn als <a href=\"https:\/\/www.viaprinto.de\/schreibtischunterlagen\">Schreibtischunterlage <\/a>l\u00e4sst er sich so lange mit Telefonnummern, Gespr\u00e4chsnotizen, gro\u00dfen Ideen beschreiben, bis sich keine freie Ecke mehr finden l\u00e4sst. Wenn es soweit ist, rei\u00dfen Sie kurzerhand das oberste, volle Blatt ab und haben nun wieder freie Bahn zum Notieren. Zu alle dem kommt, dass am unteren Rand das jahresaktuelle Kalendarium zu sehen ist. Ihr Logo, Claim, Unternehmensservice sind immer Blick auf dem Schreibtisch. Ein Rundum-Sorglos-Kalender, wenn man so will.<\/p>\n\n\n\n<p>Die Unterlagen k\u00f6nnen mit FSC\u00ae-zertifizierten Papieren konfiguriert werden. Mit dem Multi-Versand k\u00f6nnen mehrere Empf\u00e4nger gleichzeitig erreicht werden.<\/p>\n\n\n\n<div class=\"wp-block-buttons is-content-justification-center is-layout-flex wp-container-core-buttons-is-layout-a89b3969 wp-block-buttons-is-layout-flex\">\n<div class=\"wp-block-button\"><a class=\"wp-block-button__link has-background-color has-text-color has-background has-link-color wp-element-button\" href=\"https:\/\/www.viaprinto.de\/hilfe\/layout-downloads\/kalendarien\/schreibtischunterlagen.html\" style=\"border-radius:100px;background-color:#f3651b\">zu den Kalendarien<\/a><\/div>\n<\/div>\n\n\n\n<figure class=\"wp-block-image aligncenter size-large\"><a href=\"https:\/\/www.viaprinto.de\/blog\/wp-content\/uploads\/2025\/04\/schreibtischunterlage-mitte-800x600px-@2x.jpg\" data-rel=\"lightbox-image-4\" data-rl_title=\"\" data-rl_caption=\"\" title=\"\"><img loading=\"lazy\" decoding=\"async\" width=\"1024\" height=\"768\" src=\"https:\/\/www.viaprinto.de\/blog\/wp-content\/uploads\/2025\/04\/schreibtischunterlage-mitte-800x600px-@2x-1024x768.jpg\" alt=\"Zu sehen ist eine Schreibtischunterlage mit einem Stift und einem Lineal\" class=\"wp-image-19489\" srcset=\"https:\/\/www.viaprinto.de\/blog\/wp-content\/uploads\/2025\/04\/schreibtischunterlage-mitte-800x600px-@2x-1024x768.jpg 1024w, https:\/\/www.viaprinto.de\/blog\/wp-content\/uploads\/2025\/04\/schreibtischunterlage-mitte-800x600px-@2x-300x225.jpg 300w, https:\/\/www.viaprinto.de\/blog\/wp-content\/uploads\/2025\/04\/schreibtischunterlage-mitte-800x600px-@2x-768x576.jpg 768w, https:\/\/www.viaprinto.de\/blog\/wp-content\/uploads\/2025\/04\/schreibtischunterlage-mitte-800x600px-@2x-1536x1152.jpg 1536w, https:\/\/www.viaprinto.de\/blog\/wp-content\/uploads\/2025\/04\/schreibtischunterlage-mitte-800x600px-@2x.jpg 1600w\" sizes=\"auto, (max-width: 1024px) 100vw, 1024px\" \/><\/a><\/figure>\n\n\n\n<p><\/p>\n","protected":false},"excerpt":{"rendered":"<p>Gerade f\u00fcr die diejenigen, die Offline-Kalender benutzen ist es wichtig, Stichpunkte zu Terminen aufzuschreiben, die nicht digital sind. Wir stellen vor&#8230;<\/p>\n","protected":false},"author":7,"featured_media":19599,"comment_status":"closed","ping_status":"closed","sticky":false,"template":"","format":"standard","meta":{"_acf_changed":false,"inline_featured_image":false,"footnotes":""},"categories":[71,614],"tags":[597,521,683,686,684,84,685,363],"class_list":["post-19591","post","type-post","status-publish","format-standard","has-post-thumbnail","hentry","category-gestaltung","category-kalender-produkte-von-viaprinto","tag-analog","tag-buchkalender","tag-jahresplaner","tag-offline","tag-schreiben","tag-schreibtischunterlagen","tag-stift","tag-terminkalender"],"mb":[],"acf":[],"yoast_head":"<!-- This site is optimized with the Yoast SEO plugin v27.4 - https:\/\/yoast.com\/product\/yoast-seo-wordpress\/ -->\n<title>An die Stifte, zu den Kalendern, los! | viaprinto Blog<\/title>\n<meta name=\"description\" content=\"Jetzt kommen unsere Kalender, die extra-Felder f\u00fcr Notizen haben, ins Spiel. \u2713 Terminkalender \u2713 Buchkalender Hardcover \u2713 Streifenkalender...\" \/>\n<meta name=\"robots\" content=\"index, follow, max-snippet:-1, max-image-preview:large, max-video-preview:-1\" \/>\n<link rel=\"canonical\" href=\"https:\/\/www.viaprinto.de\/blog\/stift-an-kalender\/\" \/>\n<meta property=\"og:locale\" content=\"de_DE\" \/>\n<meta property=\"og:type\" content=\"article\" \/>\n<meta property=\"og:title\" content=\"An die Stifte, zu den Kalendern, los! | viaprinto Blog\" \/>\n<meta property=\"og:description\" content=\"Jetzt kommen unsere Kalender, die extra-Felder f\u00fcr Notizen haben, ins Spiel. \u2713 Terminkalender \u2713 Buchkalender Hardcover \u2713 Streifenkalender...\" \/>\n<meta property=\"og:url\" content=\"https:\/\/www.viaprinto.de\/blog\/stift-an-kalender\/\" \/>\n<meta property=\"og:site_name\" content=\"viaprinto Blog | Alles \u00fcber den Druck\" \/>\n<meta property=\"article:published_time\" content=\"2025-06-18T09:37:00+00:00\" \/>\n<meta property=\"article:modified_time\" content=\"2026-03-19T12:37:47+00:00\" \/>\n<meta property=\"og:image\" content=\"https:\/\/www.viaprinto.de\/blog\/wp-content\/uploads\/2025\/06\/blogheader-buchkalender-notizbuecher-hardcover-1690x642px-@2x.jpg\" \/>\n\t<meta property=\"og:image:width\" content=\"1690\" \/>\n\t<meta property=\"og:image:height\" content=\"642\" \/>\n\t<meta property=\"og:image:type\" content=\"image\/jpeg\" \/>\n<meta name=\"author\" content=\"Isabel J\u00f6dicke\" \/>\n<script type=\"application\/ld+json\" class=\"yoast-schema-graph\">{\"@context\":\"https:\\\/\\\/schema.org\",\"@graph\":[{\"@type\":\"Article\",\"@id\":\"https:\\\/\\\/www.viaprinto.de\\\/blog\\\/stift-an-kalender\\\/#article\",\"isPartOf\":{\"@id\":\"https:\\\/\\\/www.viaprinto.de\\\/blog\\\/stift-an-kalender\\\/\"},\"author\":{\"name\":\"Isabel J\u00f6dicke\",\"@id\":\"https:\\\/\\\/www.viaprinto.de\\\/blog\\\/#\\\/schema\\\/person\\\/3c99507c1660c1f0bef1f76812fb55d9\"},\"headline\":\"An die Stifte, zu den Kalendern, los!\",\"datePublished\":\"2025-06-18T09:37:00+00:00\",\"dateModified\":\"2026-03-19T12:37:47+00:00\",\"mainEntityOfPage\":{\"@id\":\"https:\\\/\\\/www.viaprinto.de\\\/blog\\\/stift-an-kalender\\\/\"},\"wordCount\":579,\"publisher\":{\"@id\":\"https:\\\/\\\/www.viaprinto.de\\\/blog\\\/#organization\"},\"image\":{\"@id\":\"https:\\\/\\\/www.viaprinto.de\\\/blog\\\/stift-an-kalender\\\/#primaryimage\"},\"thumbnailUrl\":\"https:\\\/\\\/www.viaprinto.de\\\/blog\\\/wp-content\\\/uploads\\\/2025\\\/06\\\/blogheader-buchkalender-notizbuecher-hardcover-1690x642px-@2x.jpg\",\"keywords\":[\"analog\",\"Buchkalender\",\"jahresplaner\",\"offline\",\"schreiben\",\"Schreibtischunterlagen\",\"stift\",\"Terminkalender\"],\"articleSection\":[\"Gestaltung\",\"Kalender\"],\"inLanguage\":\"de\"},{\"@type\":\"WebPage\",\"@id\":\"https:\\\/\\\/www.viaprinto.de\\\/blog\\\/stift-an-kalender\\\/\",\"url\":\"https:\\\/\\\/www.viaprinto.de\\\/blog\\\/stift-an-kalender\\\/\",\"name\":\"An die Stifte, zu den Kalendern, los! | viaprinto Blog\",\"isPartOf\":{\"@id\":\"https:\\\/\\\/www.viaprinto.de\\\/blog\\\/#website\"},\"primaryImageOfPage\":{\"@id\":\"https:\\\/\\\/www.viaprinto.de\\\/blog\\\/stift-an-kalender\\\/#primaryimage\"},\"image\":{\"@id\":\"https:\\\/\\\/www.viaprinto.de\\\/blog\\\/stift-an-kalender\\\/#primaryimage\"},\"thumbnailUrl\":\"https:\\\/\\\/www.viaprinto.de\\\/blog\\\/wp-content\\\/uploads\\\/2025\\\/06\\\/blogheader-buchkalender-notizbuecher-hardcover-1690x642px-@2x.jpg\",\"description\":\"Jetzt kommen unsere Kalender, die extra-Felder f\u00fcr Notizen haben, ins Spiel. \u2713 Terminkalender \u2713 Buchkalender Hardcover \u2713 Streifenkalender...\",\"breadcrumb\":{\"@id\":\"https:\\\/\\\/www.viaprinto.de\\\/blog\\\/stift-an-kalender\\\/#breadcrumb\"},\"inLanguage\":\"de\",\"potentialAction\":[{\"@type\":\"ReadAction\",\"target\":[\"https:\\\/\\\/www.viaprinto.de\\\/blog\\\/stift-an-kalender\\\/\"]}]},{\"@type\":\"ImageObject\",\"inLanguage\":\"de\",\"@id\":\"https:\\\/\\\/www.viaprinto.de\\\/blog\\\/stift-an-kalender\\\/#primaryimage\",\"url\":\"https:\\\/\\\/www.viaprinto.de\\\/blog\\\/wp-content\\\/uploads\\\/2025\\\/06\\\/blogheader-buchkalender-notizbuecher-hardcover-1690x642px-@2x.jpg\",\"contentUrl\":\"https:\\\/\\\/www.viaprinto.de\\\/blog\\\/wp-content\\\/uploads\\\/2025\\\/06\\\/blogheader-buchkalender-notizbuecher-hardcover-1690x642px-@2x.jpg\",\"width\":1690,\"height\":642,\"caption\":\"Verschiedene Notizb\u00fccher mit Hardcover, aufgeschlagen oder geschlossen stehend.\"},{\"@type\":\"BreadcrumbList\",\"@id\":\"https:\\\/\\\/www.viaprinto.de\\\/blog\\\/stift-an-kalender\\\/#breadcrumb\",\"itemListElement\":[{\"@type\":\"ListItem\",\"position\":1,\"name\":\"Startseite\",\"item\":\"https:\\\/\\\/www.viaprinto.de\\\/blog\\\/\"},{\"@type\":\"ListItem\",\"position\":2,\"name\":\"An die Stifte, zu den Kalendern, los!\"}]},{\"@type\":\"WebSite\",\"@id\":\"https:\\\/\\\/www.viaprinto.de\\\/blog\\\/#website\",\"url\":\"https:\\\/\\\/www.viaprinto.de\\\/blog\\\/\",\"name\":\"viaprinto Blog | Alles \u00fcber den Druck\",\"description\":\"\",\"publisher\":{\"@id\":\"https:\\\/\\\/www.viaprinto.de\\\/blog\\\/#organization\"},\"potentialAction\":[{\"@type\":\"SearchAction\",\"target\":{\"@type\":\"EntryPoint\",\"urlTemplate\":\"https:\\\/\\\/www.viaprinto.de\\\/blog\\\/?s={search_term_string}\"},\"query-input\":{\"@type\":\"PropertyValueSpecification\",\"valueRequired\":true,\"valueName\":\"search_term_string\"}}],\"inLanguage\":\"de\"},{\"@type\":\"Organization\",\"@id\":\"https:\\\/\\\/www.viaprinto.de\\\/blog\\\/#organization\",\"name\":\"viaprinto\",\"url\":\"https:\\\/\\\/www.viaprinto.de\\\/blog\\\/\",\"logo\":{\"@type\":\"ImageObject\",\"inLanguage\":\"de\",\"@id\":\"https:\\\/\\\/www.viaprinto.de\\\/blog\\\/#\\\/schema\\\/logo\\\/image\\\/\",\"url\":\"https:\\\/\\\/www.viaprinto.de\\\/blog\\\/wp-content\\\/uploads\\\/2022\\\/12\\\/viaprinto-blog-logo.svg\",\"contentUrl\":\"https:\\\/\\\/www.viaprinto.de\\\/blog\\\/wp-content\\\/uploads\\\/2022\\\/12\\\/viaprinto-blog-logo.svg\",\"caption\":\"viaprinto\"},\"image\":{\"@id\":\"https:\\\/\\\/www.viaprinto.de\\\/blog\\\/#\\\/schema\\\/logo\\\/image\\\/\"},\"sameAs\":[\"https:\\\/\\\/www.linkedin.com\\\/company\\\/viaprinto\"]},{\"@type\":\"Person\",\"@id\":\"https:\\\/\\\/www.viaprinto.de\\\/blog\\\/#\\\/schema\\\/person\\\/3c99507c1660c1f0bef1f76812fb55d9\",\"name\":\"Isabel J\u00f6dicke\",\"url\":\"https:\\\/\\\/www.viaprinto.de\\\/blog\\\/author\\\/isabel-joedickeviaprinto-de\\\/\"}]}<\/script>\n<!-- \/ Yoast SEO plugin. -->","yoast_head_json":{"title":"An die Stifte, zu den Kalendern, los! | viaprinto Blog","description":"Jetzt kommen unsere Kalender, die extra-Felder f\u00fcr Notizen haben, ins Spiel. \u2713 Terminkalender \u2713 Buchkalender Hardcover \u2713 Streifenkalender...","robots":{"index":"index","follow":"follow","max-snippet":"max-snippet:-1","max-image-preview":"max-image-preview:large","max-video-preview":"max-video-preview:-1"},"canonical":"https:\/\/www.viaprinto.de\/blog\/stift-an-kalender\/","og_locale":"de_DE","og_type":"article","og_title":"An die Stifte, zu den Kalendern, los! | viaprinto Blog","og_description":"Jetzt kommen unsere Kalender, die extra-Felder f\u00fcr Notizen haben, ins Spiel. \u2713 Terminkalender \u2713 Buchkalender Hardcover \u2713 Streifenkalender...","og_url":"https:\/\/www.viaprinto.de\/blog\/stift-an-kalender\/","og_site_name":"viaprinto Blog | Alles \u00fcber den Druck","article_published_time":"2025-06-18T09:37:00+00:00","article_modified_time":"2026-03-19T12:37:47+00:00","og_image":[{"width":1690,"height":642,"url":"https:\/\/www.viaprinto.de\/blog\/wp-content\/uploads\/2025\/06\/blogheader-buchkalender-notizbuecher-hardcover-1690x642px-@2x.jpg","type":"image\/jpeg"}],"author":"Isabel J\u00f6dicke","schema":{"@context":"https:\/\/schema.org","@graph":[{"@type":"Article","@id":"https:\/\/www.viaprinto.de\/blog\/stift-an-kalender\/#article","isPartOf":{"@id":"https:\/\/www.viaprinto.de\/blog\/stift-an-kalender\/"},"author":{"name":"Isabel J\u00f6dicke","@id":"https:\/\/www.viaprinto.de\/blog\/#\/schema\/person\/3c99507c1660c1f0bef1f76812fb55d9"},"headline":"An die Stifte, zu den Kalendern, los!","datePublished":"2025-06-18T09:37:00+00:00","dateModified":"2026-03-19T12:37:47+00:00","mainEntityOfPage":{"@id":"https:\/\/www.viaprinto.de\/blog\/stift-an-kalender\/"},"wordCount":579,"publisher":{"@id":"https:\/\/www.viaprinto.de\/blog\/#organization"},"image":{"@id":"https:\/\/www.viaprinto.de\/blog\/stift-an-kalender\/#primaryimage"},"thumbnailUrl":"https:\/\/www.viaprinto.de\/blog\/wp-content\/uploads\/2025\/06\/blogheader-buchkalender-notizbuecher-hardcover-1690x642px-@2x.jpg","keywords":["analog","Buchkalender","jahresplaner","offline","schreiben","Schreibtischunterlagen","stift","Terminkalender"],"articleSection":["Gestaltung","Kalender"],"inLanguage":"de"},{"@type":"WebPage","@id":"https:\/\/www.viaprinto.de\/blog\/stift-an-kalender\/","url":"https:\/\/www.viaprinto.de\/blog\/stift-an-kalender\/","name":"An die Stifte, zu den Kalendern, los! | viaprinto Blog","isPartOf":{"@id":"https:\/\/www.viaprinto.de\/blog\/#website"},"primaryImageOfPage":{"@id":"https:\/\/www.viaprinto.de\/blog\/stift-an-kalender\/#primaryimage"},"image":{"@id":"https:\/\/www.viaprinto.de\/blog\/stift-an-kalender\/#primaryimage"},"thumbnailUrl":"https:\/\/www.viaprinto.de\/blog\/wp-content\/uploads\/2025\/06\/blogheader-buchkalender-notizbuecher-hardcover-1690x642px-@2x.jpg","description":"Jetzt kommen unsere Kalender, die extra-Felder f\u00fcr Notizen haben, ins Spiel. \u2713 Terminkalender \u2713 Buchkalender Hardcover \u2713 Streifenkalender...","breadcrumb":{"@id":"https:\/\/www.viaprinto.de\/blog\/stift-an-kalender\/#breadcrumb"},"inLanguage":"de","potentialAction":[{"@type":"ReadAction","target":["https:\/\/www.viaprinto.de\/blog\/stift-an-kalender\/"]}]},{"@type":"ImageObject","inLanguage":"de","@id":"https:\/\/www.viaprinto.de\/blog\/stift-an-kalender\/#primaryimage","url":"https:\/\/www.viaprinto.de\/blog\/wp-content\/uploads\/2025\/06\/blogheader-buchkalender-notizbuecher-hardcover-1690x642px-@2x.jpg","contentUrl":"https:\/\/www.viaprinto.de\/blog\/wp-content\/uploads\/2025\/06\/blogheader-buchkalender-notizbuecher-hardcover-1690x642px-@2x.jpg","width":1690,"height":642,"caption":"Verschiedene Notizb\u00fccher mit Hardcover, aufgeschlagen oder geschlossen stehend."},{"@type":"BreadcrumbList","@id":"https:\/\/www.viaprinto.de\/blog\/stift-an-kalender\/#breadcrumb","itemListElement":[{"@type":"ListItem","position":1,"name":"Startseite","item":"https:\/\/www.viaprinto.de\/blog\/"},{"@type":"ListItem","position":2,"name":"An die Stifte, zu den Kalendern, los!"}]},{"@type":"WebSite","@id":"https:\/\/www.viaprinto.de\/blog\/#website","url":"https:\/\/www.viaprinto.de\/blog\/","name":"viaprinto Blog | Alles \u00fcber den Druck","description":"","publisher":{"@id":"https:\/\/www.viaprinto.de\/blog\/#organization"},"potentialAction":[{"@type":"SearchAction","target":{"@type":"EntryPoint","urlTemplate":"https:\/\/www.viaprinto.de\/blog\/?s={search_term_string}"},"query-input":{"@type":"PropertyValueSpecification","valueRequired":true,"valueName":"search_term_string"}}],"inLanguage":"de"},{"@type":"Organization","@id":"https:\/\/www.viaprinto.de\/blog\/#organization","name":"viaprinto","url":"https:\/\/www.viaprinto.de\/blog\/","logo":{"@type":"ImageObject","inLanguage":"de","@id":"https:\/\/www.viaprinto.de\/blog\/#\/schema\/logo\/image\/","url":"https:\/\/www.viaprinto.de\/blog\/wp-content\/uploads\/2022\/12\/viaprinto-blog-logo.svg","contentUrl":"https:\/\/www.viaprinto.de\/blog\/wp-content\/uploads\/2022\/12\/viaprinto-blog-logo.svg","caption":"viaprinto"},"image":{"@id":"https:\/\/www.viaprinto.de\/blog\/#\/schema\/logo\/image\/"},"sameAs":["https:\/\/www.linkedin.com\/company\/viaprinto"]},{"@type":"Person","@id":"https:\/\/www.viaprinto.de\/blog\/#\/schema\/person\/3c99507c1660c1f0bef1f76812fb55d9","name":"Isabel J\u00f6dicke","url":"https:\/\/www.viaprinto.de\/blog\/author\/isabel-joedickeviaprinto-de\/"}]}},"mfb_rest_fields":["title","yoast_head","yoast_head_json"],"_links":{"self":[{"href":"https:\/\/www.viaprinto.de\/blog\/wp-json\/wp\/v2\/posts\/19591","targetHints":{"allow":["GET"]}}],"collection":[{"href":"https:\/\/www.viaprinto.de\/blog\/wp-json\/wp\/v2\/posts"}],"about":[{"href":"https:\/\/www.viaprinto.de\/blog\/wp-json\/wp\/v2\/types\/post"}],"author":[{"embeddable":true,"href":"https:\/\/www.viaprinto.de\/blog\/wp-json\/wp\/v2\/users\/7"}],"replies":[{"embeddable":true,"href":"https:\/\/www.viaprinto.de\/blog\/wp-json\/wp\/v2\/comments?post=19591"}],"version-history":[{"count":8,"href":"https:\/\/www.viaprinto.de\/blog\/wp-json\/wp\/v2\/posts\/19591\/revisions"}],"predecessor-version":[{"id":19624,"href":"https:\/\/www.viaprinto.de\/blog\/wp-json\/wp\/v2\/posts\/19591\/revisions\/19624"}],"wp:featuredmedia":[{"embeddable":true,"href":"https:\/\/www.viaprinto.de\/blog\/wp-json\/wp\/v2\/media\/19599"}],"wp:attachment":[{"href":"https:\/\/www.viaprinto.de\/blog\/wp-json\/wp\/v2\/media?parent=19591"}],"wp:term":[{"taxonomy":"category","embeddable":true,"href":"https:\/\/www.viaprinto.de\/blog\/wp-json\/wp\/v2\/categories?post=19591"},{"taxonomy":"post_tag","embeddable":true,"href":"https:\/\/www.viaprinto.de\/blog\/wp-json\/wp\/v2\/tags?post=19591"}],"curies":[{"name":"wp","href":"https:\/\/api.w.org\/{rel}","templated":true}]}}