{"id":19585,"date":"2025-07-03T09:00:00","date_gmt":"2025-07-03T07:00:00","guid":{"rendered":"https:\/\/www.viaprinto.de\/blog\/?p=19585"},"modified":"2026-03-13T11:16:21","modified_gmt":"2026-03-13T10:16:21","slug":"adventskalender-geschichte","status":"publish","type":"post","link":"https:\/\/www.viaprinto.de\/blog\/adventskalender-geschichte\/","title":{"rendered":"Adventskalender: Eine Geschichte der Bindung"},"content":{"rendered":"\n<p>\u201eWann ist endlich Weihnachten?\u201c, damit nervten schon vor 150 Jahren Kinder ihre Eltern. Deshalb durften zur \u00dcberbr\u00fcckung der langen, dunklen Adventszeit die Kinder auf dem Land pro Tag einen Halm aus Stroh unter das Jesuskind in der Dorfkirche legen oder die 24 Kreidestriche an der Zimmert\u00fcr wegwischen. Sp\u00e4ter brachten findige Verleger die Adventskalender heraus \u2013 zun\u00e4chst aus Papier und frommen Bibelversen oder als Uhr, die jeden Tag weitergestellt wurden und so die nahe Ankunft des Jesuskindes anzeigten.<\/p>\n\n\n\n<h2 class=\"wp-block-heading\">Nach dem Mangel: mit Schokolade gef\u00fcllt <\/h2>\n\n\n\n<p>Nach Kriegen und Mangel kamen in den 50er Jahren die mit Schokolade gef\u00fcllten Adventskalender, die wir heutzutage, inzwischen hoch professionalisiert, hier bei viaprinto anbieten. Zugegeben \u2013 so romantisch kommen sie nicht mehr daher, daf\u00fcr aber in ausgefallenen Formen mit jeder Menge Platz f\u00fcr ausgefeilte Designs, moderne Farbgebung und F\u00fcllungen, die \u00fcber blo\u00dfe Schokolade hinausgehen.<\/p>\n\n\n\n<figure class=\"wp-block-image aligncenter size-full\"><img loading=\"lazy\" decoding=\"async\" width=\"800\" height=\"533\" src=\"https:\/\/www.viaprinto.de\/blog\/wp-content\/uploads\/2018\/10\/SE7A0008-800x600px-1.jpg\" alt=\"Adventskalender Ferrero\" class=\"wp-image-12612\" srcset=\"https:\/\/www.viaprinto.de\/blog\/wp-content\/uploads\/2018\/10\/SE7A0008-800x600px-1.jpg 800w, https:\/\/www.viaprinto.de\/blog\/wp-content\/uploads\/2018\/10\/SE7A0008-800x600px-1-300x200.jpg 300w, https:\/\/www.viaprinto.de\/blog\/wp-content\/uploads\/2018\/10\/SE7A0008-800x600px-1-768x512.jpg 768w\" sizes=\"auto, (max-width: 800px) 100vw, 800px\" \/><figcaption class=\"wp-element-caption\">Alle unsere Adventskalender sind FSC\u00ae-zertifiziert. Das Inlay des Adventskalenders Ferrero besteht zu 100 % aus biologisch abbaubaren Rohstoffen und kann auf dem Kompost oder in der Biotonne entsorgt werden.<\/figcaption><\/figure>\n\n\n\n<h2 class=\"wp-block-heading\">Die viaprinto-Adventskalender ab sofort<\/h2>\n\n\n\n<p>Werfen Sie doch mal einen Blick in unsere <a href=\"https:\/\/www.viaprinto.de\/adventskalender\">Adventskalender-Kollektion<\/a> aus Stern, Klassisch oder W\u00fcrfel. Denn ab sofort k\u00f6nnen die viaprinto-Adventskalender individualisiert und auch wieder bestellt, das hei\u00dft, vorbestellt werden. Denn: Damit der schokoladige Inhalt formsch\u00f6n und geschmackvoll ab 1. Dezember genossen werden kann, l\u00e4uft die Produktion und der Versand erst im September an. Wie genau die Kundenansprache und -bindung mit Adventskalendern funktioniert, erkl\u00e4ren wir hier: <a href=\"https:\/\/www.viaprinto.de\/blog\/adventskalender-im-marketing-mix-ja\/\">Adventskalender im Marketing-Mix<\/a>.<\/p>\n\n\n\n<p>Es bleibt Ihnen also noch etwas Zeit, die Gestaltung der Adventskalender zu konzipieren und in Druckdaten zu bringen, unsere <a href=\"https:\/\/www.viaprinto.de\/hilfe\/layout-downloads\/produkt-layouts\/adventskalender.html\">Layoutvorlagen mit weihnachtlichen Motiven<\/a> helfen Ihnen bei der Vorbereitung.<\/p>\n\n\n\n<p style=\"border-radius:0px\"><\/p>\n\n\n\n<p><\/p>\n","protected":false},"excerpt":{"rendered":"<p>Erfahren Sie hier etwas \u00fcber die Geschichte der Adventskalender und werfen Sie doch mal einen Blick in unsere eigene Kollektion aus Stern, Klassisch oder W\u00fcrfel. Denn ab sofort k\u00f6nnen die viaprinto-Adventskalender individualisiert und auch wieder bestellt, das hei\u00dft, vorbestellt werden.<\/p>\n","protected":false},"author":7,"featured_media":19586,"comment_status":"closed","ping_status":"closed","sticky":false,"template":"","format":"standard","meta":{"_acf_changed":false,"inline_featured_image":false,"footnotes":""},"categories":[614,57],"tags":[680,682,571,679,681,480],"class_list":["post-19585","post","type-post","status-publish","format-standard","has-post-thumbnail","hentry","category-kalender-produkte-von-viaprinto","category-marketing","tag-abbaubar","tag-ferrero","tag-layoutvorlagen","tag-rohstoffe","tag-schokolade","tag-weihnachten"],"mb":[],"acf":[],"yoast_head":"<!-- This site is optimized with the Yoast SEO plugin v27.4 - https:\/\/yoast.com\/product\/yoast-seo-wordpress\/ -->\n<title>Adventskalender: Eine Geschichte der Bindung | viaprinto<\/title>\n<meta name=\"description\" content=\"Welche Geschichte hat der Adventskalender? | Erfahren Sie mehr im viaprinto-Blog.\" \/>\n<meta name=\"robots\" content=\"index, follow, max-snippet:-1, max-image-preview:large, max-video-preview:-1\" \/>\n<link rel=\"canonical\" href=\"https:\/\/www.viaprinto.de\/blog\/adventskalender-geschichte\/\" \/>\n<meta property=\"og:locale\" content=\"de_DE\" \/>\n<meta property=\"og:type\" content=\"article\" \/>\n<meta property=\"og:title\" content=\"Adventskalender: Eine Geschichte der Bindung | viaprinto\" \/>\n<meta property=\"og:description\" content=\"Welche Geschichte hat der Adventskalender? | Erfahren Sie mehr im viaprinto-Blog.\" \/>\n<meta property=\"og:url\" content=\"https:\/\/www.viaprinto.de\/blog\/adventskalender-geschichte\/\" \/>\n<meta property=\"og:site_name\" content=\"viaprinto Blog | Alles \u00fcber den Druck\" \/>\n<meta property=\"article:published_time\" content=\"2025-07-03T07:00:00+00:00\" \/>\n<meta property=\"article:modified_time\" content=\"2026-03-13T10:16:21+00:00\" \/>\n<meta property=\"og:image\" content=\"https:\/\/www.viaprinto.de\/blog\/wp-content\/uploads\/2025\/06\/blogheader-adventskalender-historie-1690x642px-@2x.jpg\" \/>\n\t<meta property=\"og:image:width\" content=\"1690\" \/>\n\t<meta property=\"og:image:height\" content=\"642\" \/>\n\t<meta property=\"og:image:type\" content=\"image\/jpeg\" \/>\n<meta name=\"author\" content=\"Isabel J\u00f6dicke\" \/>\n<script type=\"application\/ld+json\" class=\"yoast-schema-graph\">{\"@context\":\"https:\\\/\\\/schema.org\",\"@graph\":[{\"@type\":\"Article\",\"@id\":\"https:\\\/\\\/www.viaprinto.de\\\/blog\\\/adventskalender-geschichte\\\/#article\",\"isPartOf\":{\"@id\":\"https:\\\/\\\/www.viaprinto.de\\\/blog\\\/adventskalender-geschichte\\\/\"},\"author\":{\"name\":\"Isabel J\u00f6dicke\",\"@id\":\"https:\\\/\\\/www.viaprinto.de\\\/blog\\\/#\\\/schema\\\/person\\\/3c99507c1660c1f0bef1f76812fb55d9\"},\"headline\":\"Adventskalender: Eine Geschichte der Bindung\",\"datePublished\":\"2025-07-03T07:00:00+00:00\",\"dateModified\":\"2026-03-13T10:16:21+00:00\",\"mainEntityOfPage\":{\"@id\":\"https:\\\/\\\/www.viaprinto.de\\\/blog\\\/adventskalender-geschichte\\\/\"},\"wordCount\":281,\"publisher\":{\"@id\":\"https:\\\/\\\/www.viaprinto.de\\\/blog\\\/#organization\"},\"image\":{\"@id\":\"https:\\\/\\\/www.viaprinto.de\\\/blog\\\/adventskalender-geschichte\\\/#primaryimage\"},\"thumbnailUrl\":\"https:\\\/\\\/www.viaprinto.de\\\/blog\\\/wp-content\\\/uploads\\\/2025\\\/06\\\/blogheader-adventskalender-historie-1690x642px-@2x.jpg\",\"keywords\":[\"abbaubar\",\"Ferrero\",\"Layoutvorlagen\",\"Rohstoffe\",\"Schokolade\",\"Weihnachten\"],\"articleSection\":[\"Kalender\",\"Marketing\"],\"inLanguage\":\"de\"},{\"@type\":\"WebPage\",\"@id\":\"https:\\\/\\\/www.viaprinto.de\\\/blog\\\/adventskalender-geschichte\\\/\",\"url\":\"https:\\\/\\\/www.viaprinto.de\\\/blog\\\/adventskalender-geschichte\\\/\",\"name\":\"Adventskalender: Eine Geschichte der Bindung | viaprinto\",\"isPartOf\":{\"@id\":\"https:\\\/\\\/www.viaprinto.de\\\/blog\\\/#website\"},\"primaryImageOfPage\":{\"@id\":\"https:\\\/\\\/www.viaprinto.de\\\/blog\\\/adventskalender-geschichte\\\/#primaryimage\"},\"image\":{\"@id\":\"https:\\\/\\\/www.viaprinto.de\\\/blog\\\/adventskalender-geschichte\\\/#primaryimage\"},\"thumbnailUrl\":\"https:\\\/\\\/www.viaprinto.de\\\/blog\\\/wp-content\\\/uploads\\\/2025\\\/06\\\/blogheader-adventskalender-historie-1690x642px-@2x.jpg\",\"description\":\"Welche Geschichte hat der Adventskalender? | Erfahren Sie mehr im viaprinto-Blog.\",\"breadcrumb\":{\"@id\":\"https:\\\/\\\/www.viaprinto.de\\\/blog\\\/adventskalender-geschichte\\\/#breadcrumb\"},\"inLanguage\":\"de\",\"potentialAction\":[{\"@type\":\"ReadAction\",\"target\":[\"https:\\\/\\\/www.viaprinto.de\\\/blog\\\/adventskalender-geschichte\\\/\"]}]},{\"@type\":\"ImageObject\",\"inLanguage\":\"de\",\"@id\":\"https:\\\/\\\/www.viaprinto.de\\\/blog\\\/adventskalender-geschichte\\\/#primaryimage\",\"url\":\"https:\\\/\\\/www.viaprinto.de\\\/blog\\\/wp-content\\\/uploads\\\/2025\\\/06\\\/blogheader-adventskalender-historie-1690x642px-@2x.jpg\",\"contentUrl\":\"https:\\\/\\\/www.viaprinto.de\\\/blog\\\/wp-content\\\/uploads\\\/2025\\\/06\\\/blogheader-adventskalender-historie-1690x642px-@2x.jpg\",\"width\":1690,\"height\":642,\"caption\":\"Adventskalender aus Schokoladenpralinen\"},{\"@type\":\"BreadcrumbList\",\"@id\":\"https:\\\/\\\/www.viaprinto.de\\\/blog\\\/adventskalender-geschichte\\\/#breadcrumb\",\"itemListElement\":[{\"@type\":\"ListItem\",\"position\":1,\"name\":\"Startseite\",\"item\":\"https:\\\/\\\/www.viaprinto.de\\\/blog\\\/\"},{\"@type\":\"ListItem\",\"position\":2,\"name\":\"Adventskalender: Eine Geschichte der Bindung\"}]},{\"@type\":\"WebSite\",\"@id\":\"https:\\\/\\\/www.viaprinto.de\\\/blog\\\/#website\",\"url\":\"https:\\\/\\\/www.viaprinto.de\\\/blog\\\/\",\"name\":\"viaprinto Blog | Alles \u00fcber den Druck\",\"description\":\"\",\"publisher\":{\"@id\":\"https:\\\/\\\/www.viaprinto.de\\\/blog\\\/#organization\"},\"potentialAction\":[{\"@type\":\"SearchAction\",\"target\":{\"@type\":\"EntryPoint\",\"urlTemplate\":\"https:\\\/\\\/www.viaprinto.de\\\/blog\\\/?s={search_term_string}\"},\"query-input\":{\"@type\":\"PropertyValueSpecification\",\"valueRequired\":true,\"valueName\":\"search_term_string\"}}],\"inLanguage\":\"de\"},{\"@type\":\"Organization\",\"@id\":\"https:\\\/\\\/www.viaprinto.de\\\/blog\\\/#organization\",\"name\":\"viaprinto\",\"url\":\"https:\\\/\\\/www.viaprinto.de\\\/blog\\\/\",\"logo\":{\"@type\":\"ImageObject\",\"inLanguage\":\"de\",\"@id\":\"https:\\\/\\\/www.viaprinto.de\\\/blog\\\/#\\\/schema\\\/logo\\\/image\\\/\",\"url\":\"https:\\\/\\\/www.viaprinto.de\\\/blog\\\/wp-content\\\/uploads\\\/2022\\\/12\\\/viaprinto-blog-logo.svg\",\"contentUrl\":\"https:\\\/\\\/www.viaprinto.de\\\/blog\\\/wp-content\\\/uploads\\\/2022\\\/12\\\/viaprinto-blog-logo.svg\",\"caption\":\"viaprinto\"},\"image\":{\"@id\":\"https:\\\/\\\/www.viaprinto.de\\\/blog\\\/#\\\/schema\\\/logo\\\/image\\\/\"},\"sameAs\":[\"https:\\\/\\\/www.linkedin.com\\\/company\\\/viaprinto\"]},{\"@type\":\"Person\",\"@id\":\"https:\\\/\\\/www.viaprinto.de\\\/blog\\\/#\\\/schema\\\/person\\\/3c99507c1660c1f0bef1f76812fb55d9\",\"name\":\"Isabel J\u00f6dicke\",\"url\":\"https:\\\/\\\/www.viaprinto.de\\\/blog\\\/author\\\/isabel-joedickeviaprinto-de\\\/\"}]}<\/script>\n<!-- \/ Yoast SEO plugin. -->","yoast_head_json":{"title":"Adventskalender: Eine Geschichte der Bindung | viaprinto","description":"Welche Geschichte hat der Adventskalender? | Erfahren Sie mehr im viaprinto-Blog.","robots":{"index":"index","follow":"follow","max-snippet":"max-snippet:-1","max-image-preview":"max-image-preview:large","max-video-preview":"max-video-preview:-1"},"canonical":"https:\/\/www.viaprinto.de\/blog\/adventskalender-geschichte\/","og_locale":"de_DE","og_type":"article","og_title":"Adventskalender: Eine Geschichte der Bindung | viaprinto","og_description":"Welche Geschichte hat der Adventskalender? | Erfahren Sie mehr im viaprinto-Blog.","og_url":"https:\/\/www.viaprinto.de\/blog\/adventskalender-geschichte\/","og_site_name":"viaprinto Blog | Alles \u00fcber den Druck","article_published_time":"2025-07-03T07:00:00+00:00","article_modified_time":"2026-03-13T10:16:21+00:00","og_image":[{"width":1690,"height":642,"url":"https:\/\/www.viaprinto.de\/blog\/wp-content\/uploads\/2025\/06\/blogheader-adventskalender-historie-1690x642px-@2x.jpg","type":"image\/jpeg"}],"author":"Isabel J\u00f6dicke","schema":{"@context":"https:\/\/schema.org","@graph":[{"@type":"Article","@id":"https:\/\/www.viaprinto.de\/blog\/adventskalender-geschichte\/#article","isPartOf":{"@id":"https:\/\/www.viaprinto.de\/blog\/adventskalender-geschichte\/"},"author":{"name":"Isabel J\u00f6dicke","@id":"https:\/\/www.viaprinto.de\/blog\/#\/schema\/person\/3c99507c1660c1f0bef1f76812fb55d9"},"headline":"Adventskalender: Eine Geschichte der Bindung","datePublished":"2025-07-03T07:00:00+00:00","dateModified":"2026-03-13T10:16:21+00:00","mainEntityOfPage":{"@id":"https:\/\/www.viaprinto.de\/blog\/adventskalender-geschichte\/"},"wordCount":281,"publisher":{"@id":"https:\/\/www.viaprinto.de\/blog\/#organization"},"image":{"@id":"https:\/\/www.viaprinto.de\/blog\/adventskalender-geschichte\/#primaryimage"},"thumbnailUrl":"https:\/\/www.viaprinto.de\/blog\/wp-content\/uploads\/2025\/06\/blogheader-adventskalender-historie-1690x642px-@2x.jpg","keywords":["abbaubar","Ferrero","Layoutvorlagen","Rohstoffe","Schokolade","Weihnachten"],"articleSection":["Kalender","Marketing"],"inLanguage":"de"},{"@type":"WebPage","@id":"https:\/\/www.viaprinto.de\/blog\/adventskalender-geschichte\/","url":"https:\/\/www.viaprinto.de\/blog\/adventskalender-geschichte\/","name":"Adventskalender: Eine Geschichte der Bindung | viaprinto","isPartOf":{"@id":"https:\/\/www.viaprinto.de\/blog\/#website"},"primaryImageOfPage":{"@id":"https:\/\/www.viaprinto.de\/blog\/adventskalender-geschichte\/#primaryimage"},"image":{"@id":"https:\/\/www.viaprinto.de\/blog\/adventskalender-geschichte\/#primaryimage"},"thumbnailUrl":"https:\/\/www.viaprinto.de\/blog\/wp-content\/uploads\/2025\/06\/blogheader-adventskalender-historie-1690x642px-@2x.jpg","description":"Welche Geschichte hat der Adventskalender? | Erfahren Sie mehr im viaprinto-Blog.","breadcrumb":{"@id":"https:\/\/www.viaprinto.de\/blog\/adventskalender-geschichte\/#breadcrumb"},"inLanguage":"de","potentialAction":[{"@type":"ReadAction","target":["https:\/\/www.viaprinto.de\/blog\/adventskalender-geschichte\/"]}]},{"@type":"ImageObject","inLanguage":"de","@id":"https:\/\/www.viaprinto.de\/blog\/adventskalender-geschichte\/#primaryimage","url":"https:\/\/www.viaprinto.de\/blog\/wp-content\/uploads\/2025\/06\/blogheader-adventskalender-historie-1690x642px-@2x.jpg","contentUrl":"https:\/\/www.viaprinto.de\/blog\/wp-content\/uploads\/2025\/06\/blogheader-adventskalender-historie-1690x642px-@2x.jpg","width":1690,"height":642,"caption":"Adventskalender aus Schokoladenpralinen"},{"@type":"BreadcrumbList","@id":"https:\/\/www.viaprinto.de\/blog\/adventskalender-geschichte\/#breadcrumb","itemListElement":[{"@type":"ListItem","position":1,"name":"Startseite","item":"https:\/\/www.viaprinto.de\/blog\/"},{"@type":"ListItem","position":2,"name":"Adventskalender: Eine Geschichte der Bindung"}]},{"@type":"WebSite","@id":"https:\/\/www.viaprinto.de\/blog\/#website","url":"https:\/\/www.viaprinto.de\/blog\/","name":"viaprinto Blog | Alles \u00fcber den Druck","description":"","publisher":{"@id":"https:\/\/www.viaprinto.de\/blog\/#organization"},"potentialAction":[{"@type":"SearchAction","target":{"@type":"EntryPoint","urlTemplate":"https:\/\/www.viaprinto.de\/blog\/?s={search_term_string}"},"query-input":{"@type":"PropertyValueSpecification","valueRequired":true,"valueName":"search_term_string"}}],"inLanguage":"de"},{"@type":"Organization","@id":"https:\/\/www.viaprinto.de\/blog\/#organization","name":"viaprinto","url":"https:\/\/www.viaprinto.de\/blog\/","logo":{"@type":"ImageObject","inLanguage":"de","@id":"https:\/\/www.viaprinto.de\/blog\/#\/schema\/logo\/image\/","url":"https:\/\/www.viaprinto.de\/blog\/wp-content\/uploads\/2022\/12\/viaprinto-blog-logo.svg","contentUrl":"https:\/\/www.viaprinto.de\/blog\/wp-content\/uploads\/2022\/12\/viaprinto-blog-logo.svg","caption":"viaprinto"},"image":{"@id":"https:\/\/www.viaprinto.de\/blog\/#\/schema\/logo\/image\/"},"sameAs":["https:\/\/www.linkedin.com\/company\/viaprinto"]},{"@type":"Person","@id":"https:\/\/www.viaprinto.de\/blog\/#\/schema\/person\/3c99507c1660c1f0bef1f76812fb55d9","name":"Isabel J\u00f6dicke","url":"https:\/\/www.viaprinto.de\/blog\/author\/isabel-joedickeviaprinto-de\/"}]}},"mfb_rest_fields":["title","yoast_head","yoast_head_json"],"_links":{"self":[{"href":"https:\/\/www.viaprinto.de\/blog\/wp-json\/wp\/v2\/posts\/19585","targetHints":{"allow":["GET"]}}],"collection":[{"href":"https:\/\/www.viaprinto.de\/blog\/wp-json\/wp\/v2\/posts"}],"about":[{"href":"https:\/\/www.viaprinto.de\/blog\/wp-json\/wp\/v2\/types\/post"}],"author":[{"embeddable":true,"href":"https:\/\/www.viaprinto.de\/blog\/wp-json\/wp\/v2\/users\/7"}],"replies":[{"embeddable":true,"href":"https:\/\/www.viaprinto.de\/blog\/wp-json\/wp\/v2\/comments?post=19585"}],"version-history":[{"count":6,"href":"https:\/\/www.viaprinto.de\/blog\/wp-json\/wp\/v2\/posts\/19585\/revisions"}],"predecessor-version":[{"id":19633,"href":"https:\/\/www.viaprinto.de\/blog\/wp-json\/wp\/v2\/posts\/19585\/revisions\/19633"}],"wp:featuredmedia":[{"embeddable":true,"href":"https:\/\/www.viaprinto.de\/blog\/wp-json\/wp\/v2\/media\/19586"}],"wp:attachment":[{"href":"https:\/\/www.viaprinto.de\/blog\/wp-json\/wp\/v2\/media?parent=19585"}],"wp:term":[{"taxonomy":"category","embeddable":true,"href":"https:\/\/www.viaprinto.de\/blog\/wp-json\/wp\/v2\/categories?post=19585"},{"taxonomy":"post_tag","embeddable":true,"href":"https:\/\/www.viaprinto.de\/blog\/wp-json\/wp\/v2\/tags?post=19585"}],"curies":[{"name":"wp","href":"https:\/\/api.w.org\/{rel}","templated":true}]}}