{"id":19531,"date":"2025-05-21T08:20:11","date_gmt":"2025-05-21T06:20:11","guid":{"rendered":"https:\/\/www.viaprinto.de\/blog\/?p=19531"},"modified":"2026-03-13T10:47:46","modified_gmt":"2026-03-13T09:47:46","slug":"kalendarien-2026","status":"publish","type":"post","link":"https:\/\/www.viaprinto.de\/blog\/kalendarien-2026\/","title":{"rendered":"Gute Planung ist die halbe Miete"},"content":{"rendered":"\n<p>Schon jetzt im Mai k\u00f6nnen Sie sich in Ruhe auf das neue Jahr vorbereiten. Wie? Indem Sie die neuen <a href=\"https:\/\/www.viaprinto.de\/hilfe\/layout-downloads\/kalendarien\/index.html\">Kalendarien <\/a>f\u00fcr Ihre Wunschkalender 2026 nutzen! Mit ihnen k\u00f6nnen Sie individuelle Kalender f\u00fcr das eigene B\u00fcro, das Ihrer Gesch\u00e4ftspartner und f\u00fcr Ihre Kundschaft erstellen. Insgesamt stehen daf\u00fcr f\u00fcnf Kalender-Varianten zur Verf\u00fcgung:<\/p>\n\n\n\n<ul class=\"wp-block-list\">\n<li><a href=\"https:\/\/www.viaprinto.de\/hilfe\/layout-downloads\/kalendarien\/wandkalender.html\" target=\"_blank\" rel=\"noreferrer noopener\">Wandkalender<\/a><\/li>\n\n\n\n<li><a href=\"https:\/\/www.viaprinto.de\/hilfe\/layout-downloads\/kalendarien\/tischkalender-motiv.html\" target=\"_blank\" rel=\"noreferrer noopener\">Tischkalender Motiv<\/a><\/li>\n\n\n\n<li><a href=\"https:\/\/www.viaprinto.de\/hilfe\/layout-downloads\/kalendarien\/taschenkalender.html\" target=\"_blank\" rel=\"noreferrer noopener\">Taschenkalender<\/a><\/li>\n\n\n\n<li><a href=\"https:\/\/www.viaprinto.de\/hilfe\/layout-downloads\/kalendarien\/jahresplaner.html\" target=\"_blank\" rel=\"noreferrer noopener\">Jahresplaner<\/a>&nbsp;<\/li>\n\n\n\n<li><a href=\"https:\/\/www.viaprinto.de\/hilfe\/layout-downloads\/kalendarien\/schreibtischunterlagen.html\" target=\"_blank\" rel=\"noreferrer noopener\">Schreibtischunterlagen<\/a><\/li>\n<\/ul>\n\n\n\n<div class=\"wp-block-buttons is-content-justification-center is-layout-flex wp-container-core-buttons-is-layout-a89b3969 wp-block-buttons-is-layout-flex\">\n<div class=\"wp-block-button\"><a class=\"wp-block-button__link has-background-color has-text-color has-background has-link-color has-medium-font-size has-custom-font-size wp-element-button\" href=\"https:\/\/www.viaprinto.de\/hilfe\/layout-downloads\/kalendarien\/index.html\" style=\"border-radius:50px;background-color:#f3651b;padding-top:var(--wp--preset--spacing--30);padding-right:var(--wp--preset--spacing--40);padding-bottom:var(--wp--preset--spacing--30);padding-left:var(--wp--preset--spacing--40)\">zum Kalendarien-Download<\/a><\/div>\n<\/div>\n\n\n\n<figure class=\"wp-block-gallery has-nested-images columns-3 is-cropped wp-block-gallery-1 is-layout-flex wp-block-gallery-is-layout-flex\" style=\"border-style:none;border-width:0px;border-radius:0px\">\n<figure class=\"wp-block-image size-large\"><a href=\"https:\/\/www.viaprinto.de\/blog\/wp-content\/uploads\/2024\/05\/wandkalender-rechts-@2x.jpg\" data-rel=\"lightbox-image-0\" data-rl_title=\"\" data-rl_caption=\"\"><img loading=\"lazy\" decoding=\"async\" width=\"800\" height=\"600\" data-id=\"18938\" src=\"https:\/\/www.viaprinto.de\/blog\/wp-content\/uploads\/2024\/05\/wandkalender-rechts-@2x.jpg\" alt=\"\" class=\"wp-image-18938\" title=\"\" srcset=\"https:\/\/www.viaprinto.de\/blog\/wp-content\/uploads\/2024\/05\/wandkalender-rechts-@2x.jpg 800w, https:\/\/www.viaprinto.de\/blog\/wp-content\/uploads\/2024\/05\/wandkalender-rechts-@2x-300x225.jpg 300w, https:\/\/www.viaprinto.de\/blog\/wp-content\/uploads\/2024\/05\/wandkalender-rechts-@2x-768x576.jpg 768w\" sizes=\"auto, (max-width: 800px) 100vw, 800px\" \/><\/a><figcaption class=\"wp-element-caption\">Wandkalender<\/figcaption><\/figure>\n\n\n\n<figure class=\"wp-block-image size-large\"><a href=\"https:\/\/www.viaprinto.de\/blog\/wp-content\/uploads\/2024\/05\/tischkalender-motiv-mw-content-2-@2x.jpg\" data-rel=\"lightbox-image-1\" data-rl_title=\"\" data-rl_caption=\"\" title=\"\"><img loading=\"lazy\" decoding=\"async\" width=\"800\" height=\"532\" data-id=\"18946\" src=\"https:\/\/www.viaprinto.de\/blog\/wp-content\/uploads\/2024\/05\/tischkalender-motiv-mw-content-2-@2x.jpg\" alt=\"\" class=\"wp-image-18946\" srcset=\"https:\/\/www.viaprinto.de\/blog\/wp-content\/uploads\/2024\/05\/tischkalender-motiv-mw-content-2-@2x.jpg 800w, https:\/\/www.viaprinto.de\/blog\/wp-content\/uploads\/2024\/05\/tischkalender-motiv-mw-content-2-@2x-300x200.jpg 300w, https:\/\/www.viaprinto.de\/blog\/wp-content\/uploads\/2024\/05\/tischkalender-motiv-mw-content-2-@2x-768x511.jpg 768w\" sizes=\"auto, (max-width: 800px) 100vw, 800px\" \/><\/a><figcaption class=\"wp-element-caption\">Tischkalender Motiv<\/figcaption><\/figure>\n\n\n\n<figure class=\"wp-block-image size-large\"><a href=\"https:\/\/www.viaprinto.de\/blog\/wp-content\/uploads\/2024\/05\/taschenkalender-mitte-@2x.jpg\" data-rel=\"lightbox-image-2\" data-rl_title=\"\" data-rl_caption=\"\" title=\"\"><img loading=\"lazy\" decoding=\"async\" width=\"800\" height=\"600\" data-id=\"18949\" src=\"https:\/\/www.viaprinto.de\/blog\/wp-content\/uploads\/2024\/05\/taschenkalender-mitte-@2x.jpg\" alt=\"\" class=\"wp-image-18949\" srcset=\"https:\/\/www.viaprinto.de\/blog\/wp-content\/uploads\/2024\/05\/taschenkalender-mitte-@2x.jpg 800w, https:\/\/www.viaprinto.de\/blog\/wp-content\/uploads\/2024\/05\/taschenkalender-mitte-@2x-300x225.jpg 300w, https:\/\/www.viaprinto.de\/blog\/wp-content\/uploads\/2024\/05\/taschenkalender-mitte-@2x-768x576.jpg 768w\" sizes=\"auto, (max-width: 800px) 100vw, 800px\" \/><\/a><figcaption class=\"wp-element-caption\">Taschenkalender<\/figcaption><\/figure>\n\n\n\n<figure class=\"wp-block-image size-large\"><a href=\"https:\/\/www.viaprinto.de\/blog\/wp-content\/uploads\/2024\/05\/jahresplaner-mitte-@2x.jpg\" data-rel=\"lightbox-image-3\" data-rl_title=\"\" data-rl_caption=\"\" title=\"\"><img loading=\"lazy\" decoding=\"async\" width=\"800\" height=\"600\" data-id=\"18942\" src=\"https:\/\/www.viaprinto.de\/blog\/wp-content\/uploads\/2024\/05\/jahresplaner-mitte-@2x.jpg\" alt=\"\" class=\"wp-image-18942\" srcset=\"https:\/\/www.viaprinto.de\/blog\/wp-content\/uploads\/2024\/05\/jahresplaner-mitte-@2x.jpg 800w, https:\/\/www.viaprinto.de\/blog\/wp-content\/uploads\/2024\/05\/jahresplaner-mitte-@2x-300x225.jpg 300w, https:\/\/www.viaprinto.de\/blog\/wp-content\/uploads\/2024\/05\/jahresplaner-mitte-@2x-768x576.jpg 768w\" sizes=\"auto, (max-width: 800px) 100vw, 800px\" \/><\/a><figcaption class=\"wp-element-caption\">Jahresplaner<\/figcaption><\/figure>\n<\/figure>\n\n\n\n<p>F\u00fcr diese stehen alle w\u00e4hlbaren Formate als <a href=\"https:\/\/www.viaprinto.de\/hilfe\/layout-downloads\/kalendarien\/index.html\">Kalendarium-Download<\/a> zur Verf\u00fcgung. Einmal den Daten-Ordner heruntergeladen enth\u00e4lt er unterschiedliche Dateiformate, die kompatibel mit Programmen wie Office, InDesign oder Photoshop sind:<\/p>\n\n\n\n<figure class=\"wp-block-image aligncenter size-full\"><img loading=\"lazy\" decoding=\"async\" width=\"394\" height=\"302\" src=\"https:\/\/www.viaprinto.de\/blog\/wp-content\/uploads\/2016\/07\/Schritte-Kalendarien-1.png\" alt=\"Schritte-Kalendarien \u00a9 viaprinto\" class=\"wp-image-9210\" srcset=\"https:\/\/www.viaprinto.de\/blog\/wp-content\/uploads\/2016\/07\/Schritte-Kalendarien-1.png 394w, https:\/\/www.viaprinto.de\/blog\/wp-content\/uploads\/2016\/07\/Schritte-Kalendarien-1-300x230.png 300w\" sizes=\"auto, (max-width: 394px) 100vw, 394px\" \/><\/figure>\n","protected":false},"excerpt":{"rendered":"<p>Auch wenn Sie noch kein Termin-Guru sind, k\u00f6nnen Sie es ja noch werden. \u00dcberraschen Sie alle \u2013 unsere neuen Kalendarien unserer gro\u00dfen Kalenderkollektion helfen Ihnen bei der Planung!<\/p>\n","protected":false},"author":7,"featured_media":19532,"comment_status":"closed","ping_status":"closed","sticky":false,"template":"","format":"standard","meta":{"_acf_changed":false,"inline_featured_image":false,"footnotes":""},"categories":[614,21],"tags":[262,41,39],"class_list":["post-19531","post","type-post","status-publish","format-standard","has-post-thumbnail","hentry","category-kalender-produkte-von-viaprinto","category-service","tag-buero","tag-kalender","tag-planer"],"mb":[],"acf":[],"yoast_head":"<!-- This site is optimized with the Yoast SEO plugin v27.4 - https:\/\/yoast.com\/product\/yoast-seo-wordpress\/ -->\n<title>Gute Planung ist die halbe Miete | viaprinto Blog<\/title>\n<meta name=\"description\" content=\"Schon jetzt k\u00f6nnen Sie sich in Ruhe auf das neue Jahr vorbereiten. Wie? Indem Sie die neuen Kalendarien f\u00fcr Ihre Wunschkalender 2026 nutzen!\" \/>\n<meta name=\"robots\" content=\"index, follow, max-snippet:-1, max-image-preview:large, max-video-preview:-1\" \/>\n<link rel=\"canonical\" href=\"https:\/\/www.viaprinto.de\/blog\/kalendarien-2026\/\" \/>\n<meta property=\"og:locale\" content=\"de_DE\" \/>\n<meta property=\"og:type\" content=\"article\" \/>\n<meta property=\"og:title\" content=\"Gute Planung ist die halbe Miete | viaprinto Blog\" \/>\n<meta property=\"og:description\" content=\"Schon jetzt k\u00f6nnen Sie sich in Ruhe auf das neue Jahr vorbereiten. Wie? Indem Sie die neuen Kalendarien f\u00fcr Ihre Wunschkalender 2026 nutzen!\" \/>\n<meta property=\"og:url\" content=\"https:\/\/www.viaprinto.de\/blog\/kalendarien-2026\/\" \/>\n<meta property=\"og:site_name\" content=\"viaprinto Blog | Alles \u00fcber den Druck\" \/>\n<meta property=\"article:published_time\" content=\"2025-05-21T06:20:11+00:00\" \/>\n<meta property=\"article:modified_time\" content=\"2026-03-13T09:47:46+00:00\" \/>\n<meta property=\"og:image\" content=\"https:\/\/www.viaprinto.de\/blog\/wp-content\/uploads\/2025\/04\/blogheader-kalendarien-2026-1690x642px-@2x.jpg\" \/>\n\t<meta property=\"og:image:width\" content=\"1690\" \/>\n\t<meta property=\"og:image:height\" content=\"642\" \/>\n\t<meta property=\"og:image:type\" content=\"image\/jpeg\" \/>\n<meta name=\"author\" content=\"Isabel J\u00f6dicke\" \/>\n<script type=\"application\/ld+json\" class=\"yoast-schema-graph\">{\"@context\":\"https:\\\/\\\/schema.org\",\"@graph\":[{\"@type\":\"Article\",\"@id\":\"https:\\\/\\\/www.viaprinto.de\\\/blog\\\/kalendarien-2026\\\/#article\",\"isPartOf\":{\"@id\":\"https:\\\/\\\/www.viaprinto.de\\\/blog\\\/kalendarien-2026\\\/\"},\"author\":{\"name\":\"Isabel J\u00f6dicke\",\"@id\":\"https:\\\/\\\/www.viaprinto.de\\\/blog\\\/#\\\/schema\\\/person\\\/3c99507c1660c1f0bef1f76812fb55d9\"},\"headline\":\"Gute Planung ist die halbe Miete\",\"datePublished\":\"2025-05-21T06:20:11+00:00\",\"dateModified\":\"2026-03-13T09:47:46+00:00\",\"mainEntityOfPage\":{\"@id\":\"https:\\\/\\\/www.viaprinto.de\\\/blog\\\/kalendarien-2026\\\/\"},\"wordCount\":111,\"publisher\":{\"@id\":\"https:\\\/\\\/www.viaprinto.de\\\/blog\\\/#organization\"},\"image\":{\"@id\":\"https:\\\/\\\/www.viaprinto.de\\\/blog\\\/kalendarien-2026\\\/#primaryimage\"},\"thumbnailUrl\":\"https:\\\/\\\/www.viaprinto.de\\\/blog\\\/wp-content\\\/uploads\\\/2025\\\/04\\\/blogheader-kalendarien-2026-1690x642px-@2x.jpg\",\"keywords\":[\"B\u00fcro\",\"Kalender\",\"Planer\"],\"articleSection\":[\"Kalender\",\"Service\"],\"inLanguage\":\"de\"},{\"@type\":\"WebPage\",\"@id\":\"https:\\\/\\\/www.viaprinto.de\\\/blog\\\/kalendarien-2026\\\/\",\"url\":\"https:\\\/\\\/www.viaprinto.de\\\/blog\\\/kalendarien-2026\\\/\",\"name\":\"Gute Planung ist die halbe Miete | viaprinto Blog\",\"isPartOf\":{\"@id\":\"https:\\\/\\\/www.viaprinto.de\\\/blog\\\/#website\"},\"primaryImageOfPage\":{\"@id\":\"https:\\\/\\\/www.viaprinto.de\\\/blog\\\/kalendarien-2026\\\/#primaryimage\"},\"image\":{\"@id\":\"https:\\\/\\\/www.viaprinto.de\\\/blog\\\/kalendarien-2026\\\/#primaryimage\"},\"thumbnailUrl\":\"https:\\\/\\\/www.viaprinto.de\\\/blog\\\/wp-content\\\/uploads\\\/2025\\\/04\\\/blogheader-kalendarien-2026-1690x642px-@2x.jpg\",\"description\":\"Schon jetzt k\u00f6nnen Sie sich in Ruhe auf das neue Jahr vorbereiten. Wie? Indem Sie die neuen Kalendarien f\u00fcr Ihre Wunschkalender 2026 nutzen!\",\"breadcrumb\":{\"@id\":\"https:\\\/\\\/www.viaprinto.de\\\/blog\\\/kalendarien-2026\\\/#breadcrumb\"},\"inLanguage\":\"de\",\"potentialAction\":[{\"@type\":\"ReadAction\",\"target\":[\"https:\\\/\\\/www.viaprinto.de\\\/blog\\\/kalendarien-2026\\\/\"]}]},{\"@type\":\"ImageObject\",\"inLanguage\":\"de\",\"@id\":\"https:\\\/\\\/www.viaprinto.de\\\/blog\\\/kalendarien-2026\\\/#primaryimage\",\"url\":\"https:\\\/\\\/www.viaprinto.de\\\/blog\\\/wp-content\\\/uploads\\\/2025\\\/04\\\/blogheader-kalendarien-2026-1690x642px-@2x.jpg\",\"contentUrl\":\"https:\\\/\\\/www.viaprinto.de\\\/blog\\\/wp-content\\\/uploads\\\/2025\\\/04\\\/blogheader-kalendarien-2026-1690x642px-@2x.jpg\",\"width\":1690,\"height\":642,\"caption\":\"Tischkalender Metall mit dem magnetischen Datumsschieber auf dem Kalenderblatt\"},{\"@type\":\"BreadcrumbList\",\"@id\":\"https:\\\/\\\/www.viaprinto.de\\\/blog\\\/kalendarien-2026\\\/#breadcrumb\",\"itemListElement\":[{\"@type\":\"ListItem\",\"position\":1,\"name\":\"Startseite\",\"item\":\"https:\\\/\\\/www.viaprinto.de\\\/blog\\\/\"},{\"@type\":\"ListItem\",\"position\":2,\"name\":\"Gute Planung ist die halbe Miete\"}]},{\"@type\":\"WebSite\",\"@id\":\"https:\\\/\\\/www.viaprinto.de\\\/blog\\\/#website\",\"url\":\"https:\\\/\\\/www.viaprinto.de\\\/blog\\\/\",\"name\":\"viaprinto Blog | Alles \u00fcber den Druck\",\"description\":\"\",\"publisher\":{\"@id\":\"https:\\\/\\\/www.viaprinto.de\\\/blog\\\/#organization\"},\"potentialAction\":[{\"@type\":\"SearchAction\",\"target\":{\"@type\":\"EntryPoint\",\"urlTemplate\":\"https:\\\/\\\/www.viaprinto.de\\\/blog\\\/?s={search_term_string}\"},\"query-input\":{\"@type\":\"PropertyValueSpecification\",\"valueRequired\":true,\"valueName\":\"search_term_string\"}}],\"inLanguage\":\"de\"},{\"@type\":\"Organization\",\"@id\":\"https:\\\/\\\/www.viaprinto.de\\\/blog\\\/#organization\",\"name\":\"viaprinto\",\"url\":\"https:\\\/\\\/www.viaprinto.de\\\/blog\\\/\",\"logo\":{\"@type\":\"ImageObject\",\"inLanguage\":\"de\",\"@id\":\"https:\\\/\\\/www.viaprinto.de\\\/blog\\\/#\\\/schema\\\/logo\\\/image\\\/\",\"url\":\"https:\\\/\\\/www.viaprinto.de\\\/blog\\\/wp-content\\\/uploads\\\/2022\\\/12\\\/viaprinto-blog-logo.svg\",\"contentUrl\":\"https:\\\/\\\/www.viaprinto.de\\\/blog\\\/wp-content\\\/uploads\\\/2022\\\/12\\\/viaprinto-blog-logo.svg\",\"caption\":\"viaprinto\"},\"image\":{\"@id\":\"https:\\\/\\\/www.viaprinto.de\\\/blog\\\/#\\\/schema\\\/logo\\\/image\\\/\"},\"sameAs\":[\"https:\\\/\\\/www.linkedin.com\\\/company\\\/viaprinto\"]},{\"@type\":\"Person\",\"@id\":\"https:\\\/\\\/www.viaprinto.de\\\/blog\\\/#\\\/schema\\\/person\\\/3c99507c1660c1f0bef1f76812fb55d9\",\"name\":\"Isabel J\u00f6dicke\",\"url\":\"https:\\\/\\\/www.viaprinto.de\\\/blog\\\/author\\\/isabel-joedickeviaprinto-de\\\/\"}]}<\/script>\n<!-- \/ Yoast SEO plugin. -->","yoast_head_json":{"title":"Gute Planung ist die halbe Miete | viaprinto Blog","description":"Schon jetzt k\u00f6nnen Sie sich in Ruhe auf das neue Jahr vorbereiten. Wie? Indem Sie die neuen Kalendarien f\u00fcr Ihre Wunschkalender 2026 nutzen!","robots":{"index":"index","follow":"follow","max-snippet":"max-snippet:-1","max-image-preview":"max-image-preview:large","max-video-preview":"max-video-preview:-1"},"canonical":"https:\/\/www.viaprinto.de\/blog\/kalendarien-2026\/","og_locale":"de_DE","og_type":"article","og_title":"Gute Planung ist die halbe Miete | viaprinto Blog","og_description":"Schon jetzt k\u00f6nnen Sie sich in Ruhe auf das neue Jahr vorbereiten. Wie? Indem Sie die neuen Kalendarien f\u00fcr Ihre Wunschkalender 2026 nutzen!","og_url":"https:\/\/www.viaprinto.de\/blog\/kalendarien-2026\/","og_site_name":"viaprinto Blog | Alles \u00fcber den Druck","article_published_time":"2025-05-21T06:20:11+00:00","article_modified_time":"2026-03-13T09:47:46+00:00","og_image":[{"width":1690,"height":642,"url":"https:\/\/www.viaprinto.de\/blog\/wp-content\/uploads\/2025\/04\/blogheader-kalendarien-2026-1690x642px-@2x.jpg","type":"image\/jpeg"}],"author":"Isabel J\u00f6dicke","schema":{"@context":"https:\/\/schema.org","@graph":[{"@type":"Article","@id":"https:\/\/www.viaprinto.de\/blog\/kalendarien-2026\/#article","isPartOf":{"@id":"https:\/\/www.viaprinto.de\/blog\/kalendarien-2026\/"},"author":{"name":"Isabel J\u00f6dicke","@id":"https:\/\/www.viaprinto.de\/blog\/#\/schema\/person\/3c99507c1660c1f0bef1f76812fb55d9"},"headline":"Gute Planung ist die halbe Miete","datePublished":"2025-05-21T06:20:11+00:00","dateModified":"2026-03-13T09:47:46+00:00","mainEntityOfPage":{"@id":"https:\/\/www.viaprinto.de\/blog\/kalendarien-2026\/"},"wordCount":111,"publisher":{"@id":"https:\/\/www.viaprinto.de\/blog\/#organization"},"image":{"@id":"https:\/\/www.viaprinto.de\/blog\/kalendarien-2026\/#primaryimage"},"thumbnailUrl":"https:\/\/www.viaprinto.de\/blog\/wp-content\/uploads\/2025\/04\/blogheader-kalendarien-2026-1690x642px-@2x.jpg","keywords":["B\u00fcro","Kalender","Planer"],"articleSection":["Kalender","Service"],"inLanguage":"de"},{"@type":"WebPage","@id":"https:\/\/www.viaprinto.de\/blog\/kalendarien-2026\/","url":"https:\/\/www.viaprinto.de\/blog\/kalendarien-2026\/","name":"Gute Planung ist die halbe Miete | viaprinto Blog","isPartOf":{"@id":"https:\/\/www.viaprinto.de\/blog\/#website"},"primaryImageOfPage":{"@id":"https:\/\/www.viaprinto.de\/blog\/kalendarien-2026\/#primaryimage"},"image":{"@id":"https:\/\/www.viaprinto.de\/blog\/kalendarien-2026\/#primaryimage"},"thumbnailUrl":"https:\/\/www.viaprinto.de\/blog\/wp-content\/uploads\/2025\/04\/blogheader-kalendarien-2026-1690x642px-@2x.jpg","description":"Schon jetzt k\u00f6nnen Sie sich in Ruhe auf das neue Jahr vorbereiten. Wie? Indem Sie die neuen Kalendarien f\u00fcr Ihre Wunschkalender 2026 nutzen!","breadcrumb":{"@id":"https:\/\/www.viaprinto.de\/blog\/kalendarien-2026\/#breadcrumb"},"inLanguage":"de","potentialAction":[{"@type":"ReadAction","target":["https:\/\/www.viaprinto.de\/blog\/kalendarien-2026\/"]}]},{"@type":"ImageObject","inLanguage":"de","@id":"https:\/\/www.viaprinto.de\/blog\/kalendarien-2026\/#primaryimage","url":"https:\/\/www.viaprinto.de\/blog\/wp-content\/uploads\/2025\/04\/blogheader-kalendarien-2026-1690x642px-@2x.jpg","contentUrl":"https:\/\/www.viaprinto.de\/blog\/wp-content\/uploads\/2025\/04\/blogheader-kalendarien-2026-1690x642px-@2x.jpg","width":1690,"height":642,"caption":"Tischkalender Metall mit dem magnetischen Datumsschieber auf dem Kalenderblatt"},{"@type":"BreadcrumbList","@id":"https:\/\/www.viaprinto.de\/blog\/kalendarien-2026\/#breadcrumb","itemListElement":[{"@type":"ListItem","position":1,"name":"Startseite","item":"https:\/\/www.viaprinto.de\/blog\/"},{"@type":"ListItem","position":2,"name":"Gute Planung ist die halbe Miete"}]},{"@type":"WebSite","@id":"https:\/\/www.viaprinto.de\/blog\/#website","url":"https:\/\/www.viaprinto.de\/blog\/","name":"viaprinto Blog | Alles \u00fcber den Druck","description":"","publisher":{"@id":"https:\/\/www.viaprinto.de\/blog\/#organization"},"potentialAction":[{"@type":"SearchAction","target":{"@type":"EntryPoint","urlTemplate":"https:\/\/www.viaprinto.de\/blog\/?s={search_term_string}"},"query-input":{"@type":"PropertyValueSpecification","valueRequired":true,"valueName":"search_term_string"}}],"inLanguage":"de"},{"@type":"Organization","@id":"https:\/\/www.viaprinto.de\/blog\/#organization","name":"viaprinto","url":"https:\/\/www.viaprinto.de\/blog\/","logo":{"@type":"ImageObject","inLanguage":"de","@id":"https:\/\/www.viaprinto.de\/blog\/#\/schema\/logo\/image\/","url":"https:\/\/www.viaprinto.de\/blog\/wp-content\/uploads\/2022\/12\/viaprinto-blog-logo.svg","contentUrl":"https:\/\/www.viaprinto.de\/blog\/wp-content\/uploads\/2022\/12\/viaprinto-blog-logo.svg","caption":"viaprinto"},"image":{"@id":"https:\/\/www.viaprinto.de\/blog\/#\/schema\/logo\/image\/"},"sameAs":["https:\/\/www.linkedin.com\/company\/viaprinto"]},{"@type":"Person","@id":"https:\/\/www.viaprinto.de\/blog\/#\/schema\/person\/3c99507c1660c1f0bef1f76812fb55d9","name":"Isabel J\u00f6dicke","url":"https:\/\/www.viaprinto.de\/blog\/author\/isabel-joedickeviaprinto-de\/"}]}},"mfb_rest_fields":["title","yoast_head","yoast_head_json"],"_links":{"self":[{"href":"https:\/\/www.viaprinto.de\/blog\/wp-json\/wp\/v2\/posts\/19531","targetHints":{"allow":["GET"]}}],"collection":[{"href":"https:\/\/www.viaprinto.de\/blog\/wp-json\/wp\/v2\/posts"}],"about":[{"href":"https:\/\/www.viaprinto.de\/blog\/wp-json\/wp\/v2\/types\/post"}],"author":[{"embeddable":true,"href":"https:\/\/www.viaprinto.de\/blog\/wp-json\/wp\/v2\/users\/7"}],"replies":[{"embeddable":true,"href":"https:\/\/www.viaprinto.de\/blog\/wp-json\/wp\/v2\/comments?post=19531"}],"version-history":[{"count":6,"href":"https:\/\/www.viaprinto.de\/blog\/wp-json\/wp\/v2\/posts\/19531\/revisions"}],"predecessor-version":[{"id":19570,"href":"https:\/\/www.viaprinto.de\/blog\/wp-json\/wp\/v2\/posts\/19531\/revisions\/19570"}],"wp:featuredmedia":[{"embeddable":true,"href":"https:\/\/www.viaprinto.de\/blog\/wp-json\/wp\/v2\/media\/19532"}],"wp:attachment":[{"href":"https:\/\/www.viaprinto.de\/blog\/wp-json\/wp\/v2\/media?parent=19531"}],"wp:term":[{"taxonomy":"category","embeddable":true,"href":"https:\/\/www.viaprinto.de\/blog\/wp-json\/wp\/v2\/categories?post=19531"},{"taxonomy":"post_tag","embeddable":true,"href":"https:\/\/www.viaprinto.de\/blog\/wp-json\/wp\/v2\/tags?post=19531"}],"curies":[{"name":"wp","href":"https:\/\/api.w.org\/{rel}","templated":true}]}}