{"id":19365,"date":"2025-02-26T07:18:00","date_gmt":"2025-02-26T06:18:00","guid":{"rendered":"https:\/\/www.viaprinto.de\/blog\/?p=19365"},"modified":"2025-02-27T13:26:10","modified_gmt":"2025-02-27T12:26:10","slug":"messewaende","status":"publish","type":"post","link":"https:\/\/www.viaprinto.de\/blog\/messewaende\/","title":{"rendered":"Jetzt wird es gro\u00df \u2013 und leuchtend"},"content":{"rendered":"\n<p>Ab sofort ist ihre Pr\u00e4senz und Ausstattung f\u00fcr Messen, Pressetermine oder der Aufwertung gro\u00dfer Pr\u00e4sentationsfl\u00e4chen komplett, denn viaprinto hat sie endlich im Portfolio: <a href=\"https:\/\/www.viaprinto.de\/messewaende-messetheken\">Messew\u00e4nde<\/a>!!! Neben den klassischen Modellen haben wir nun auch unser erstes Produkt mit Strom, es ist selbstleuchtend, an Bord \u2013 Messew\u00e4nde mit LED-Hinterleuchtung! Mehr Strahlkraft f\u00fcr Werbung geht nicht!<\/p>\n\n\n\n<figure class=\"wp-block-gallery has-nested-images columns-4 is-cropped wp-block-gallery-1 is-layout-flex wp-block-gallery-is-layout-flex\">\n<figure class=\"wp-block-image size-large\"><a href=\"https:\/\/www.viaprinto.de\/blog\/wp-content\/uploads\/2025\/02\/beitragsgrafiken-messewand-textil-960x540px-@2x.jpg\" data-rel=\"lightbox-image-0\" data-rl_title=\"\" data-rl_caption=\"\" title=\"\"><img loading=\"lazy\" decoding=\"async\" width=\"1024\" height=\"576\" data-id=\"19369\" src=\"https:\/\/www.viaprinto.de\/blog\/wp-content\/uploads\/2025\/02\/beitragsgrafiken-messewand-textil-960x540px-@2x-1024x576.jpg\" alt=\"Messewand Textil\" class=\"wp-image-19369\" srcset=\"https:\/\/www.viaprinto.de\/blog\/wp-content\/uploads\/2025\/02\/beitragsgrafiken-messewand-textil-960x540px-@2x-1024x576.jpg 1024w, https:\/\/www.viaprinto.de\/blog\/wp-content\/uploads\/2025\/02\/beitragsgrafiken-messewand-textil-960x540px-@2x-300x169.jpg 300w, https:\/\/www.viaprinto.de\/blog\/wp-content\/uploads\/2025\/02\/beitragsgrafiken-messewand-textil-960x540px-@2x-768x432.jpg 768w, https:\/\/www.viaprinto.de\/blog\/wp-content\/uploads\/2025\/02\/beitragsgrafiken-messewand-textil-960x540px-@2x-1536x864.jpg 1536w, https:\/\/www.viaprinto.de\/blog\/wp-content\/uploads\/2025\/02\/beitragsgrafiken-messewand-textil-960x540px-@2x.jpg 1920w\" sizes=\"auto, (max-width: 1024px) 100vw, 1024px\" \/><\/a><\/figure>\n\n\n\n<figure class=\"wp-block-image size-large\"><a href=\"https:\/\/www.viaprinto.de\/blog\/wp-content\/uploads\/2025\/02\/beitragsgrafiken-pixlip-pop-960x540px-@2x.jpg\" data-rel=\"lightbox-image-1\" data-rl_title=\"\" data-rl_caption=\"\" title=\"\"><img loading=\"lazy\" decoding=\"async\" width=\"1024\" height=\"576\" data-id=\"19371\" src=\"https:\/\/www.viaprinto.de\/blog\/wp-content\/uploads\/2025\/02\/beitragsgrafiken-pixlip-pop-960x540px-@2x-1024x576.jpg\" alt=\"Messewand Aufsteller Pixlip Pop mit LED-Beleuchtung\" class=\"wp-image-19371\" srcset=\"https:\/\/www.viaprinto.de\/blog\/wp-content\/uploads\/2025\/02\/beitragsgrafiken-pixlip-pop-960x540px-@2x-1024x576.jpg 1024w, https:\/\/www.viaprinto.de\/blog\/wp-content\/uploads\/2025\/02\/beitragsgrafiken-pixlip-pop-960x540px-@2x-300x169.jpg 300w, https:\/\/www.viaprinto.de\/blog\/wp-content\/uploads\/2025\/02\/beitragsgrafiken-pixlip-pop-960x540px-@2x-768x432.jpg 768w, https:\/\/www.viaprinto.de\/blog\/wp-content\/uploads\/2025\/02\/beitragsgrafiken-pixlip-pop-960x540px-@2x-1536x864.jpg 1536w, https:\/\/www.viaprinto.de\/blog\/wp-content\/uploads\/2025\/02\/beitragsgrafiken-pixlip-pop-960x540px-@2x.jpg 1920w\" sizes=\"auto, (max-width: 1024px) 100vw, 1024px\" \/><\/a><\/figure>\n\n\n\n<figure class=\"wp-block-image size-large\"><a href=\"https:\/\/www.viaprinto.de\/blog\/wp-content\/uploads\/2025\/02\/beitragsgrafiken-messewand-pvc-960x540px-@2x.jpg\" data-rel=\"lightbox-image-2\" data-rl_title=\"\" data-rl_caption=\"\" title=\"\"><img loading=\"lazy\" decoding=\"async\" width=\"1024\" height=\"576\" data-id=\"19368\" src=\"https:\/\/www.viaprinto.de\/blog\/wp-content\/uploads\/2025\/02\/beitragsgrafiken-messewand-pvc-960x540px-@2x-1024x576.jpg\" alt=\"Messewand PVC\" class=\"wp-image-19368\" srcset=\"https:\/\/www.viaprinto.de\/blog\/wp-content\/uploads\/2025\/02\/beitragsgrafiken-messewand-pvc-960x540px-@2x-1024x576.jpg 1024w, https:\/\/www.viaprinto.de\/blog\/wp-content\/uploads\/2025\/02\/beitragsgrafiken-messewand-pvc-960x540px-@2x-300x169.jpg 300w, https:\/\/www.viaprinto.de\/blog\/wp-content\/uploads\/2025\/02\/beitragsgrafiken-messewand-pvc-960x540px-@2x-768x432.jpg 768w, https:\/\/www.viaprinto.de\/blog\/wp-content\/uploads\/2025\/02\/beitragsgrafiken-messewand-pvc-960x540px-@2x-1536x864.jpg 1536w, https:\/\/www.viaprinto.de\/blog\/wp-content\/uploads\/2025\/02\/beitragsgrafiken-messewand-pvc-960x540px-@2x.jpg 1920w\" sizes=\"auto, (max-width: 1024px) 100vw, 1024px\" \/><\/a><\/figure>\n\n\n\n<figure class=\"wp-block-image size-large\"><a href=\"https:\/\/www.viaprinto.de\/blog\/wp-content\/uploads\/2025\/02\/beitragsgrafiken-pixlip-go-960x540px-@2x.jpg\" data-rel=\"lightbox-image-3\" data-rl_title=\"\" data-rl_caption=\"\" title=\"\"><img loading=\"lazy\" decoding=\"async\" width=\"1024\" height=\"576\" data-id=\"19370\" src=\"https:\/\/www.viaprinto.de\/blog\/wp-content\/uploads\/2025\/02\/beitragsgrafiken-pixlip-go-960x540px-@2x-1024x576.jpg\" alt=\"Messewand Pixlip Go Lightbox mit LED-Beleuchtung\" class=\"wp-image-19370\" srcset=\"https:\/\/www.viaprinto.de\/blog\/wp-content\/uploads\/2025\/02\/beitragsgrafiken-pixlip-go-960x540px-@2x-1024x576.jpg 1024w, https:\/\/www.viaprinto.de\/blog\/wp-content\/uploads\/2025\/02\/beitragsgrafiken-pixlip-go-960x540px-@2x-300x169.jpg 300w, https:\/\/www.viaprinto.de\/blog\/wp-content\/uploads\/2025\/02\/beitragsgrafiken-pixlip-go-960x540px-@2x-768x432.jpg 768w, https:\/\/www.viaprinto.de\/blog\/wp-content\/uploads\/2025\/02\/beitragsgrafiken-pixlip-go-960x540px-@2x-1536x864.jpg 1536w, https:\/\/www.viaprinto.de\/blog\/wp-content\/uploads\/2025\/02\/beitragsgrafiken-pixlip-go-960x540px-@2x.jpg 1920w\" sizes=\"auto, (max-width: 1024px) 100vw, 1024px\" \/><\/a><\/figure>\n<\/figure>\n\n\n\n<p>Unsere vier neuen Systeme sind kinderleicht im Aufbau, vorkonfektioniert und werden mit praktischer Transporttasche geliefert. Und so sehen sie aus:<\/p>\n\n\n\n<h2 class=\"wp-block-heading\">Messewand Textil<\/h2>\n\n\n\n<ul class=\"wp-block-list\">\n<li>Wand gerade<\/li>\n\n\n\n<li>Druckbild l\u00e4uft \u00fcber die Flanken<\/li>\n\n\n\n<li>ausziehbares Metallgestell<\/li>\n\n\n\n<li>eine Stoffbahn mit Klettanschl\u00fcssen am Gestell<\/li>\n\n\n\n<li>Material: schwer entflammbares 250 g Polyestergewebe<\/li>\n\n\n\n<li>227 cm hoch, 227 cm oder 302 cm breit<\/li>\n<\/ul>\n\n\n\n<figure class=\"wp-block-image size-full is-style-default\"><a href=\"https:\/\/www.viaprinto.de\/blog\/wp-content\/uploads\/2025\/02\/beitragsgrafiken-messewand-textil-960x540px-@2x.jpg\" data-rel=\"lightbox-image-4\" data-rl_title=\"\" data-rl_caption=\"\" title=\"\"><img loading=\"lazy\" decoding=\"async\" width=\"1920\" height=\"1080\" src=\"https:\/\/www.viaprinto.de\/blog\/wp-content\/uploads\/2025\/02\/beitragsgrafiken-messewand-textil-960x540px-@2x.jpg\" alt=\"Messewand Textil\" class=\"wp-image-19369\" srcset=\"https:\/\/www.viaprinto.de\/blog\/wp-content\/uploads\/2025\/02\/beitragsgrafiken-messewand-textil-960x540px-@2x.jpg 1920w, https:\/\/www.viaprinto.de\/blog\/wp-content\/uploads\/2025\/02\/beitragsgrafiken-messewand-textil-960x540px-@2x-300x169.jpg 300w, https:\/\/www.viaprinto.de\/blog\/wp-content\/uploads\/2025\/02\/beitragsgrafiken-messewand-textil-960x540px-@2x-1024x576.jpg 1024w, https:\/\/www.viaprinto.de\/blog\/wp-content\/uploads\/2025\/02\/beitragsgrafiken-messewand-textil-960x540px-@2x-768x432.jpg 768w, https:\/\/www.viaprinto.de\/blog\/wp-content\/uploads\/2025\/02\/beitragsgrafiken-messewand-textil-960x540px-@2x-1536x864.jpg 1536w\" sizes=\"auto, (max-width: 1920px) 100vw, 1920px\" \/><\/a><\/figure>\n\n\n\n<h2 class=\"wp-block-heading\">Messewand PVC<\/h2>\n\n\n\n<ul class=\"wp-block-list\">\n<li>Wand konkav geschwungen<\/li>\n\n\n\n<li>Druckbild verl\u00e4uft \u00fcber abgerundete Flanken<\/li>\n\n\n\n<li>ausziehbares Metallgestell<\/li>\n\n\n\n<li>400 \u00b5m Hart-PVC-Folie mit Magnetbahnen<\/li>\n\n\n\n<li>224 cm hoch, 192 cm oder 301 cm breit<\/li>\n<\/ul>\n\n\n\n<figure class=\"wp-block-image size-full\"><a href=\"https:\/\/www.viaprinto.de\/blog\/wp-content\/uploads\/2025\/02\/beitragsgrafiken-messewand-pvc-960x540px-@2x.jpg\" data-rel=\"lightbox-image-5\" data-rl_title=\"\" data-rl_caption=\"\" title=\"\"><img loading=\"lazy\" decoding=\"async\" width=\"1920\" height=\"1080\" src=\"https:\/\/www.viaprinto.de\/blog\/wp-content\/uploads\/2025\/02\/beitragsgrafiken-messewand-pvc-960x540px-@2x.jpg\" alt=\"Messewand PVC\" class=\"wp-image-19368\" srcset=\"https:\/\/www.viaprinto.de\/blog\/wp-content\/uploads\/2025\/02\/beitragsgrafiken-messewand-pvc-960x540px-@2x.jpg 1920w, https:\/\/www.viaprinto.de\/blog\/wp-content\/uploads\/2025\/02\/beitragsgrafiken-messewand-pvc-960x540px-@2x-300x169.jpg 300w, https:\/\/www.viaprinto.de\/blog\/wp-content\/uploads\/2025\/02\/beitragsgrafiken-messewand-pvc-960x540px-@2x-1024x576.jpg 1024w, https:\/\/www.viaprinto.de\/blog\/wp-content\/uploads\/2025\/02\/beitragsgrafiken-messewand-pvc-960x540px-@2x-768x432.jpg 768w, https:\/\/www.viaprinto.de\/blog\/wp-content\/uploads\/2025\/02\/beitragsgrafiken-messewand-pvc-960x540px-@2x-1536x864.jpg 1536w\" sizes=\"auto, (max-width: 1920px) 100vw, 1920px\" \/><\/a><\/figure>\n\n\n\n<h2 class=\"wp-block-heading\">Messewand Pixlip Pop\u00ae<\/h2>\n\n\n\n<ul class=\"wp-block-list\">\n<li>leuchtendes Pop Up-Display<\/li>\n\n\n\n<li>200 cm hoch, 85 cm breit<\/li>\n\n\n\n<li>einseitig-farbig bedrucktes Polyester-Gewebe<\/li>\n\n\n\n<li>fester Spannrahmen mit LED-Leuchten<\/li>\n\n\n\n<li>R\u00fcckseite mit lichtundurchl\u00e4ssigem Blockoutmaterial<\/li>\n\n\n\n<li>Lieferung: all-in mit Tasche<\/li>\n<\/ul>\n\n\n\n<figure class=\"wp-block-image size-full\"><img loading=\"lazy\" decoding=\"async\" width=\"1920\" height=\"1080\" src=\"https:\/\/www.viaprinto.de\/blog\/wp-content\/uploads\/2025\/02\/beitragsgrafiken-pixlip-pop-960x540px-@2x.jpg\" alt=\"Messewand Aufsteller Pixlip Pop mit LED-Beleuchtung\" class=\"wp-image-19371\" srcset=\"https:\/\/www.viaprinto.de\/blog\/wp-content\/uploads\/2025\/02\/beitragsgrafiken-pixlip-pop-960x540px-@2x.jpg 1920w, https:\/\/www.viaprinto.de\/blog\/wp-content\/uploads\/2025\/02\/beitragsgrafiken-pixlip-pop-960x540px-@2x-300x169.jpg 300w, https:\/\/www.viaprinto.de\/blog\/wp-content\/uploads\/2025\/02\/beitragsgrafiken-pixlip-pop-960x540px-@2x-1024x576.jpg 1024w, https:\/\/www.viaprinto.de\/blog\/wp-content\/uploads\/2025\/02\/beitragsgrafiken-pixlip-pop-960x540px-@2x-768x432.jpg 768w, https:\/\/www.viaprinto.de\/blog\/wp-content\/uploads\/2025\/02\/beitragsgrafiken-pixlip-pop-960x540px-@2x-1536x864.jpg 1536w\" sizes=\"auto, (max-width: 1920px) 100vw, 1920px\" \/><\/figure>\n\n\n\n<h2 class=\"wp-block-heading\">Messewand Pixlip Go Lightbox\u00ae<\/h2>\n\n\n\n<ul class=\"wp-block-list\">\n<li>auf Vorder- und R\u00fcckseite leuchtendes Display<\/li>\n\n\n\n<li>LED-Zwischenwand l\u00e4sst Druck erstrahlen<\/li>\n\n\n\n<li>in f\u00fcnf Gr\u00f6\u00dfen je 225 cm hoch und 85 cm, 100 cm, 185 cm, 200 cm, 300 cm breit<\/li>\n<\/ul>\n\n\n\n<figure class=\"wp-block-image size-full is-style-default\"><a href=\"https:\/\/www.viaprinto.de\/blog\/wp-content\/uploads\/2025\/02\/beitragsgrafiken-pixlip-go-960x540px-@2x.jpg\" data-rel=\"lightbox-image-6\" data-rl_title=\"\" data-rl_caption=\"\" title=\"\"><img loading=\"lazy\" decoding=\"async\" width=\"1920\" height=\"1080\" src=\"https:\/\/www.viaprinto.de\/blog\/wp-content\/uploads\/2025\/02\/beitragsgrafiken-pixlip-go-960x540px-@2x.jpg\" alt=\"Messewand Pixlip Go Lightbox mit LED-Beleuchtung\" class=\"wp-image-19370\" srcset=\"https:\/\/www.viaprinto.de\/blog\/wp-content\/uploads\/2025\/02\/beitragsgrafiken-pixlip-go-960x540px-@2x.jpg 1920w, https:\/\/www.viaprinto.de\/blog\/wp-content\/uploads\/2025\/02\/beitragsgrafiken-pixlip-go-960x540px-@2x-300x169.jpg 300w, https:\/\/www.viaprinto.de\/blog\/wp-content\/uploads\/2025\/02\/beitragsgrafiken-pixlip-go-960x540px-@2x-1024x576.jpg 1024w, https:\/\/www.viaprinto.de\/blog\/wp-content\/uploads\/2025\/02\/beitragsgrafiken-pixlip-go-960x540px-@2x-768x432.jpg 768w, https:\/\/www.viaprinto.de\/blog\/wp-content\/uploads\/2025\/02\/beitragsgrafiken-pixlip-go-960x540px-@2x-1536x864.jpg 1536w\" sizes=\"auto, (max-width: 1920px) 100vw, 1920px\" \/><\/a><\/figure>\n\n\n\n<div class=\"wp-block-buttons is-content-justification-center is-layout-flex wp-container-core-buttons-is-layout-a89b3969 wp-block-buttons-is-layout-flex\">\n<div class=\"wp-block-button has-custom-font-size has-medium-font-size\"><a class=\"wp-block-button__link has-background-color has-luminous-vivid-orange-background-color has-text-color has-background has-link-color wp-element-button\" href=\"https:\/\/www.viaprinto.de\/messewaende-messetheken\" style=\"border-style:none;border-width:0px;border-radius:64px;padding-top:var(--wp--preset--spacing--50);padding-right:var(--wp--preset--spacing--60);padding-bottom:var(--wp--preset--spacing--50);padding-left:var(--wp--preset--spacing--60)\">zu den Messew\u00e4nden<\/a><\/div>\n<\/div>\n\n\n\n<p><\/p>\n","protected":false},"excerpt":{"rendered":"<p>Ab sofort ist ihre Pr\u00e4senz und Ausstattung f\u00fcr Messen, Pressetermine oder der Aufwertung gro\u00dfer Pr\u00e4sentationsfl\u00e4chen komplett, denn viaprinto hat sie endlich im Portfolio: Messew\u00e4nde!!! Neben den klassischen Modellen haben wir nun auch unser erstes Produkt mit Strom, es ist selbstleuchtend, an Bord \u2013 Messew\u00e4nde mit LED-Hinterleuchtung! Mehr Strahlkraft f\u00fcr Werbung geht nicht! Unsere vier neuen [&hellip;]<\/p>\n","protected":false},"author":7,"featured_media":19367,"comment_status":"closed","ping_status":"closed","sticky":false,"template":"","format":"standard","meta":{"_acf_changed":false,"inline_featured_image":false,"footnotes":""},"categories":[7,8,633],"tags":[672,673,442,178,671],"class_list":["post-19365","post","type-post","status-publish","format-standard","has-post-thumbnail","hentry","category-news","category-produkte","category-werbetechnik","tag-ausstellung","tag-besucher","tag-event","tag-messe","tag-messewand"],"mb":[],"acf":[],"yoast_head":"<!-- This site is optimized with the Yoast SEO plugin v27.4 - https:\/\/yoast.com\/product\/yoast-seo-wordpress\/ -->\n<title>Jetzt wird es gro\u00df \u2013 und leuchtend | viaprinto Blog | Alles \u00fcber den Druck<\/title>\n<meta name=\"robots\" content=\"index, follow, max-snippet:-1, max-image-preview:large, max-video-preview:-1\" \/>\n<link rel=\"canonical\" href=\"https:\/\/www.viaprinto.de\/blog\/messewaende\/\" \/>\n<meta property=\"og:locale\" content=\"de_DE\" \/>\n<meta property=\"og:type\" content=\"article\" \/>\n<meta property=\"og:title\" content=\"Jetzt wird es gro\u00df \u2013 und leuchtend | viaprinto Blog | Alles \u00fcber den Druck\" \/>\n<meta property=\"og:description\" content=\"Ab sofort ist ihre Pr\u00e4senz und Ausstattung f\u00fcr Messen, Pressetermine oder der Aufwertung gro\u00dfer Pr\u00e4sentationsfl\u00e4chen komplett, denn viaprinto hat sie endlich im Portfolio: Messew\u00e4nde!!! Neben den klassischen Modellen haben wir nun auch unser erstes Produkt mit Strom, es ist selbstleuchtend, an Bord \u2013 Messew\u00e4nde mit LED-Hinterleuchtung! Mehr Strahlkraft f\u00fcr Werbung geht nicht! Unsere vier neuen [&hellip;]\" \/>\n<meta property=\"og:url\" content=\"https:\/\/www.viaprinto.de\/blog\/messewaende\/\" \/>\n<meta property=\"og:site_name\" content=\"viaprinto Blog | Alles \u00fcber den Druck\" \/>\n<meta property=\"article:published_time\" content=\"2025-02-26T06:18:00+00:00\" \/>\n<meta property=\"article:modified_time\" content=\"2025-02-27T12:26:10+00:00\" \/>\n<meta property=\"og:image\" content=\"https:\/\/www.viaprinto.de\/blog\/wp-content\/uploads\/2025\/02\/blogheader-messewaende-1690x642px-@2x.jpg\" \/>\n\t<meta property=\"og:image:width\" content=\"1690\" \/>\n\t<meta property=\"og:image:height\" content=\"642\" \/>\n\t<meta property=\"og:image:type\" content=\"image\/jpeg\" \/>\n<meta name=\"author\" content=\"Isabel J\u00f6dicke\" \/>\n<script type=\"application\/ld+json\" class=\"yoast-schema-graph\">{\"@context\":\"https:\\\/\\\/schema.org\",\"@graph\":[{\"@type\":\"Article\",\"@id\":\"https:\\\/\\\/www.viaprinto.de\\\/blog\\\/messewaende\\\/#article\",\"isPartOf\":{\"@id\":\"https:\\\/\\\/www.viaprinto.de\\\/blog\\\/messewaende\\\/\"},\"author\":{\"name\":\"Isabel J\u00f6dicke\",\"@id\":\"https:\\\/\\\/www.viaprinto.de\\\/blog\\\/#\\\/schema\\\/person\\\/3c99507c1660c1f0bef1f76812fb55d9\"},\"headline\":\"Jetzt wird es gro\u00df \u2013 und leuchtend\",\"datePublished\":\"2025-02-26T06:18:00+00:00\",\"dateModified\":\"2025-02-27T12:26:10+00:00\",\"mainEntityOfPage\":{\"@id\":\"https:\\\/\\\/www.viaprinto.de\\\/blog\\\/messewaende\\\/\"},\"wordCount\":200,\"publisher\":{\"@id\":\"https:\\\/\\\/www.viaprinto.de\\\/blog\\\/#organization\"},\"image\":{\"@id\":\"https:\\\/\\\/www.viaprinto.de\\\/blog\\\/messewaende\\\/#primaryimage\"},\"thumbnailUrl\":\"https:\\\/\\\/www.viaprinto.de\\\/blog\\\/wp-content\\\/uploads\\\/2025\\\/02\\\/blogheader-messewaende-1690x642px-@2x.jpg\",\"keywords\":[\"Ausstellung\",\"Besucher\",\"event\",\"Messe\",\"Messewand\"],\"articleSection\":[\"News\",\"Produkte\",\"Werbetechnik\"],\"inLanguage\":\"de\"},{\"@type\":\"WebPage\",\"@id\":\"https:\\\/\\\/www.viaprinto.de\\\/blog\\\/messewaende\\\/\",\"url\":\"https:\\\/\\\/www.viaprinto.de\\\/blog\\\/messewaende\\\/\",\"name\":\"Jetzt wird es gro\u00df \u2013 und leuchtend | viaprinto Blog | Alles \u00fcber den Druck\",\"isPartOf\":{\"@id\":\"https:\\\/\\\/www.viaprinto.de\\\/blog\\\/#website\"},\"primaryImageOfPage\":{\"@id\":\"https:\\\/\\\/www.viaprinto.de\\\/blog\\\/messewaende\\\/#primaryimage\"},\"image\":{\"@id\":\"https:\\\/\\\/www.viaprinto.de\\\/blog\\\/messewaende\\\/#primaryimage\"},\"thumbnailUrl\":\"https:\\\/\\\/www.viaprinto.de\\\/blog\\\/wp-content\\\/uploads\\\/2025\\\/02\\\/blogheader-messewaende-1690x642px-@2x.jpg\",\"breadcrumb\":{\"@id\":\"https:\\\/\\\/www.viaprinto.de\\\/blog\\\/messewaende\\\/#breadcrumb\"},\"inLanguage\":\"de\",\"potentialAction\":[{\"@type\":\"ReadAction\",\"target\":[\"https:\\\/\\\/www.viaprinto.de\\\/blog\\\/messewaende\\\/\"]}]},{\"@type\":\"ImageObject\",\"inLanguage\":\"de\",\"@id\":\"https:\\\/\\\/www.viaprinto.de\\\/blog\\\/messewaende\\\/#primaryimage\",\"url\":\"https:\\\/\\\/www.viaprinto.de\\\/blog\\\/wp-content\\\/uploads\\\/2025\\\/02\\\/blogheader-messewaende-1690x642px-@2x.jpg\",\"contentUrl\":\"https:\\\/\\\/www.viaprinto.de\\\/blog\\\/wp-content\\\/uploads\\\/2025\\\/02\\\/blogheader-messewaende-1690x642px-@2x.jpg\",\"width\":1690,\"height\":642,\"caption\":\"Drei Messew\u00e4nde\"},{\"@type\":\"BreadcrumbList\",\"@id\":\"https:\\\/\\\/www.viaprinto.de\\\/blog\\\/messewaende\\\/#breadcrumb\",\"itemListElement\":[{\"@type\":\"ListItem\",\"position\":1,\"name\":\"Startseite\",\"item\":\"https:\\\/\\\/www.viaprinto.de\\\/blog\\\/\"},{\"@type\":\"ListItem\",\"position\":2,\"name\":\"Jetzt wird es gro\u00df \u2013 und leuchtend\"}]},{\"@type\":\"WebSite\",\"@id\":\"https:\\\/\\\/www.viaprinto.de\\\/blog\\\/#website\",\"url\":\"https:\\\/\\\/www.viaprinto.de\\\/blog\\\/\",\"name\":\"viaprinto Blog | Alles \u00fcber den Druck\",\"description\":\"\",\"publisher\":{\"@id\":\"https:\\\/\\\/www.viaprinto.de\\\/blog\\\/#organization\"},\"potentialAction\":[{\"@type\":\"SearchAction\",\"target\":{\"@type\":\"EntryPoint\",\"urlTemplate\":\"https:\\\/\\\/www.viaprinto.de\\\/blog\\\/?s={search_term_string}\"},\"query-input\":{\"@type\":\"PropertyValueSpecification\",\"valueRequired\":true,\"valueName\":\"search_term_string\"}}],\"inLanguage\":\"de\"},{\"@type\":\"Organization\",\"@id\":\"https:\\\/\\\/www.viaprinto.de\\\/blog\\\/#organization\",\"name\":\"viaprinto\",\"url\":\"https:\\\/\\\/www.viaprinto.de\\\/blog\\\/\",\"logo\":{\"@type\":\"ImageObject\",\"inLanguage\":\"de\",\"@id\":\"https:\\\/\\\/www.viaprinto.de\\\/blog\\\/#\\\/schema\\\/logo\\\/image\\\/\",\"url\":\"https:\\\/\\\/www.viaprinto.de\\\/blog\\\/wp-content\\\/uploads\\\/2022\\\/12\\\/viaprinto-blog-logo.svg\",\"contentUrl\":\"https:\\\/\\\/www.viaprinto.de\\\/blog\\\/wp-content\\\/uploads\\\/2022\\\/12\\\/viaprinto-blog-logo.svg\",\"caption\":\"viaprinto\"},\"image\":{\"@id\":\"https:\\\/\\\/www.viaprinto.de\\\/blog\\\/#\\\/schema\\\/logo\\\/image\\\/\"},\"sameAs\":[\"https:\\\/\\\/www.linkedin.com\\\/company\\\/viaprinto\"]},{\"@type\":\"Person\",\"@id\":\"https:\\\/\\\/www.viaprinto.de\\\/blog\\\/#\\\/schema\\\/person\\\/3c99507c1660c1f0bef1f76812fb55d9\",\"name\":\"Isabel J\u00f6dicke\",\"url\":\"https:\\\/\\\/www.viaprinto.de\\\/blog\\\/author\\\/isabel-joedickeviaprinto-de\\\/\"}]}<\/script>\n<!-- \/ Yoast SEO plugin. -->","yoast_head_json":{"title":"Jetzt wird es gro\u00df \u2013 und leuchtend | viaprinto Blog | Alles \u00fcber den Druck","robots":{"index":"index","follow":"follow","max-snippet":"max-snippet:-1","max-image-preview":"max-image-preview:large","max-video-preview":"max-video-preview:-1"},"canonical":"https:\/\/www.viaprinto.de\/blog\/messewaende\/","og_locale":"de_DE","og_type":"article","og_title":"Jetzt wird es gro\u00df \u2013 und leuchtend | viaprinto Blog | Alles \u00fcber den Druck","og_description":"Ab sofort ist ihre Pr\u00e4senz und Ausstattung f\u00fcr Messen, Pressetermine oder der Aufwertung gro\u00dfer Pr\u00e4sentationsfl\u00e4chen komplett, denn viaprinto hat sie endlich im Portfolio: Messew\u00e4nde!!! Neben den klassischen Modellen haben wir nun auch unser erstes Produkt mit Strom, es ist selbstleuchtend, an Bord \u2013 Messew\u00e4nde mit LED-Hinterleuchtung! Mehr Strahlkraft f\u00fcr Werbung geht nicht! Unsere vier neuen [&hellip;]","og_url":"https:\/\/www.viaprinto.de\/blog\/messewaende\/","og_site_name":"viaprinto Blog | Alles \u00fcber den Druck","article_published_time":"2025-02-26T06:18:00+00:00","article_modified_time":"2025-02-27T12:26:10+00:00","og_image":[{"width":1690,"height":642,"url":"https:\/\/www.viaprinto.de\/blog\/wp-content\/uploads\/2025\/02\/blogheader-messewaende-1690x642px-@2x.jpg","type":"image\/jpeg"}],"author":"Isabel J\u00f6dicke","schema":{"@context":"https:\/\/schema.org","@graph":[{"@type":"Article","@id":"https:\/\/www.viaprinto.de\/blog\/messewaende\/#article","isPartOf":{"@id":"https:\/\/www.viaprinto.de\/blog\/messewaende\/"},"author":{"name":"Isabel J\u00f6dicke","@id":"https:\/\/www.viaprinto.de\/blog\/#\/schema\/person\/3c99507c1660c1f0bef1f76812fb55d9"},"headline":"Jetzt wird es gro\u00df \u2013 und leuchtend","datePublished":"2025-02-26T06:18:00+00:00","dateModified":"2025-02-27T12:26:10+00:00","mainEntityOfPage":{"@id":"https:\/\/www.viaprinto.de\/blog\/messewaende\/"},"wordCount":200,"publisher":{"@id":"https:\/\/www.viaprinto.de\/blog\/#organization"},"image":{"@id":"https:\/\/www.viaprinto.de\/blog\/messewaende\/#primaryimage"},"thumbnailUrl":"https:\/\/www.viaprinto.de\/blog\/wp-content\/uploads\/2025\/02\/blogheader-messewaende-1690x642px-@2x.jpg","keywords":["Ausstellung","Besucher","event","Messe","Messewand"],"articleSection":["News","Produkte","Werbetechnik"],"inLanguage":"de"},{"@type":"WebPage","@id":"https:\/\/www.viaprinto.de\/blog\/messewaende\/","url":"https:\/\/www.viaprinto.de\/blog\/messewaende\/","name":"Jetzt wird es gro\u00df \u2013 und leuchtend | viaprinto Blog | Alles \u00fcber den Druck","isPartOf":{"@id":"https:\/\/www.viaprinto.de\/blog\/#website"},"primaryImageOfPage":{"@id":"https:\/\/www.viaprinto.de\/blog\/messewaende\/#primaryimage"},"image":{"@id":"https:\/\/www.viaprinto.de\/blog\/messewaende\/#primaryimage"},"thumbnailUrl":"https:\/\/www.viaprinto.de\/blog\/wp-content\/uploads\/2025\/02\/blogheader-messewaende-1690x642px-@2x.jpg","breadcrumb":{"@id":"https:\/\/www.viaprinto.de\/blog\/messewaende\/#breadcrumb"},"inLanguage":"de","potentialAction":[{"@type":"ReadAction","target":["https:\/\/www.viaprinto.de\/blog\/messewaende\/"]}]},{"@type":"ImageObject","inLanguage":"de","@id":"https:\/\/www.viaprinto.de\/blog\/messewaende\/#primaryimage","url":"https:\/\/www.viaprinto.de\/blog\/wp-content\/uploads\/2025\/02\/blogheader-messewaende-1690x642px-@2x.jpg","contentUrl":"https:\/\/www.viaprinto.de\/blog\/wp-content\/uploads\/2025\/02\/blogheader-messewaende-1690x642px-@2x.jpg","width":1690,"height":642,"caption":"Drei Messew\u00e4nde"},{"@type":"BreadcrumbList","@id":"https:\/\/www.viaprinto.de\/blog\/messewaende\/#breadcrumb","itemListElement":[{"@type":"ListItem","position":1,"name":"Startseite","item":"https:\/\/www.viaprinto.de\/blog\/"},{"@type":"ListItem","position":2,"name":"Jetzt wird es gro\u00df \u2013 und leuchtend"}]},{"@type":"WebSite","@id":"https:\/\/www.viaprinto.de\/blog\/#website","url":"https:\/\/www.viaprinto.de\/blog\/","name":"viaprinto Blog | Alles \u00fcber den Druck","description":"","publisher":{"@id":"https:\/\/www.viaprinto.de\/blog\/#organization"},"potentialAction":[{"@type":"SearchAction","target":{"@type":"EntryPoint","urlTemplate":"https:\/\/www.viaprinto.de\/blog\/?s={search_term_string}"},"query-input":{"@type":"PropertyValueSpecification","valueRequired":true,"valueName":"search_term_string"}}],"inLanguage":"de"},{"@type":"Organization","@id":"https:\/\/www.viaprinto.de\/blog\/#organization","name":"viaprinto","url":"https:\/\/www.viaprinto.de\/blog\/","logo":{"@type":"ImageObject","inLanguage":"de","@id":"https:\/\/www.viaprinto.de\/blog\/#\/schema\/logo\/image\/","url":"https:\/\/www.viaprinto.de\/blog\/wp-content\/uploads\/2022\/12\/viaprinto-blog-logo.svg","contentUrl":"https:\/\/www.viaprinto.de\/blog\/wp-content\/uploads\/2022\/12\/viaprinto-blog-logo.svg","caption":"viaprinto"},"image":{"@id":"https:\/\/www.viaprinto.de\/blog\/#\/schema\/logo\/image\/"},"sameAs":["https:\/\/www.linkedin.com\/company\/viaprinto"]},{"@type":"Person","@id":"https:\/\/www.viaprinto.de\/blog\/#\/schema\/person\/3c99507c1660c1f0bef1f76812fb55d9","name":"Isabel J\u00f6dicke","url":"https:\/\/www.viaprinto.de\/blog\/author\/isabel-joedickeviaprinto-de\/"}]}},"mfb_rest_fields":["title","yoast_head","yoast_head_json"],"_links":{"self":[{"href":"https:\/\/www.viaprinto.de\/blog\/wp-json\/wp\/v2\/posts\/19365","targetHints":{"allow":["GET"]}}],"collection":[{"href":"https:\/\/www.viaprinto.de\/blog\/wp-json\/wp\/v2\/posts"}],"about":[{"href":"https:\/\/www.viaprinto.de\/blog\/wp-json\/wp\/v2\/types\/post"}],"author":[{"embeddable":true,"href":"https:\/\/www.viaprinto.de\/blog\/wp-json\/wp\/v2\/users\/7"}],"replies":[{"embeddable":true,"href":"https:\/\/www.viaprinto.de\/blog\/wp-json\/wp\/v2\/comments?post=19365"}],"version-history":[{"count":4,"href":"https:\/\/www.viaprinto.de\/blog\/wp-json\/wp\/v2\/posts\/19365\/revisions"}],"predecessor-version":[{"id":19382,"href":"https:\/\/www.viaprinto.de\/blog\/wp-json\/wp\/v2\/posts\/19365\/revisions\/19382"}],"wp:featuredmedia":[{"embeddable":true,"href":"https:\/\/www.viaprinto.de\/blog\/wp-json\/wp\/v2\/media\/19367"}],"wp:attachment":[{"href":"https:\/\/www.viaprinto.de\/blog\/wp-json\/wp\/v2\/media?parent=19365"}],"wp:term":[{"taxonomy":"category","embeddable":true,"href":"https:\/\/www.viaprinto.de\/blog\/wp-json\/wp\/v2\/categories?post=19365"},{"taxonomy":"post_tag","embeddable":true,"href":"https:\/\/www.viaprinto.de\/blog\/wp-json\/wp\/v2\/tags?post=19365"}],"curies":[{"name":"wp","href":"https:\/\/api.w.org\/{rel}","templated":true}]}}