{"id":19145,"date":"2024-08-14T16:49:14","date_gmt":"2024-08-14T14:49:14","guid":{"rendered":"https:\/\/www.viaprinto.de\/blog\/?p=19145"},"modified":"2026-03-13T10:22:25","modified_gmt":"2026-03-13T09:22:25","slug":"fuer-tisch-und-tasche","status":"publish","type":"post","link":"https:\/\/www.viaprinto.de\/blog\/fuer-tisch-und-tasche\/","title":{"rendered":"F\u00fcr Tisch und Tasche"},"content":{"rendered":"\n<p>Wer viel unterwegs ist oder h\u00e4ufig zwischen mobilem Arbeiten und dem B\u00fcro wechselt, kann seine Termine trotzdem immer bei sich haben. Mit Kalendern, die entweder auf dem Tisch oder in der Tasche eine gute Figur machen.<br>Wer Kalender als Werbegeschenke sowohl an seine Kunden und Kundinnen als auch an Gesch\u00e4ftspartnerinnen und Gesch\u00e4ftspartner vergibt, bleibt zudem an 365 Tagen j\u00e4hrlich im Blick \u2013 mit individueller Gestaltung.<\/p>\n\n\n\n<figure class=\"wp-block-gallery has-nested-images columns-default is-cropped wp-block-gallery-1 is-layout-flex wp-block-gallery-is-layout-flex\">\n<figure class=\"wp-block-image size-large\"><img loading=\"lazy\" decoding=\"async\" width=\"800\" height=\"532\" data-id=\"18946\" src=\"https:\/\/www.viaprinto.de\/blog\/wp-content\/uploads\/2024\/05\/tischkalender-motiv-mw-content-2-@2x.jpg\" alt=\"\" class=\"wp-image-18946\" srcset=\"https:\/\/www.viaprinto.de\/blog\/wp-content\/uploads\/2024\/05\/tischkalender-motiv-mw-content-2-@2x.jpg 800w, https:\/\/www.viaprinto.de\/blog\/wp-content\/uploads\/2024\/05\/tischkalender-motiv-mw-content-2-@2x-300x200.jpg 300w, https:\/\/www.viaprinto.de\/blog\/wp-content\/uploads\/2024\/05\/tischkalender-motiv-mw-content-2-@2x-768x511.jpg 768w\" sizes=\"auto, (max-width: 800px) 100vw, 800px\" \/><\/figure>\n\n\n\n<figure class=\"wp-block-image size-large\"><img loading=\"lazy\" decoding=\"async\" width=\"800\" height=\"532\" data-id=\"18945\" src=\"https:\/\/www.viaprinto.de\/blog\/wp-content\/uploads\/2024\/05\/tischkalender-mini-mw-content-1-@2x.jpg\" alt=\"\" class=\"wp-image-18945\" srcset=\"https:\/\/www.viaprinto.de\/blog\/wp-content\/uploads\/2024\/05\/tischkalender-mini-mw-content-1-@2x.jpg 800w, https:\/\/www.viaprinto.de\/blog\/wp-content\/uploads\/2024\/05\/tischkalender-mini-mw-content-1-@2x-300x200.jpg 300w, https:\/\/www.viaprinto.de\/blog\/wp-content\/uploads\/2024\/05\/tischkalender-mini-mw-content-1-@2x-768x511.jpg 768w\" sizes=\"auto, (max-width: 800px) 100vw, 800px\" \/><\/figure>\n\n\n\n<figure class=\"wp-block-image size-large\"><img loading=\"lazy\" decoding=\"async\" width=\"800\" height=\"600\" data-id=\"18947\" src=\"https:\/\/www.viaprinto.de\/blog\/wp-content\/uploads\/2024\/05\/tischkalender-metall-mitte-@2x.jpg\" alt=\"\" class=\"wp-image-18947\" srcset=\"https:\/\/www.viaprinto.de\/blog\/wp-content\/uploads\/2024\/05\/tischkalender-metall-mitte-@2x.jpg 800w, https:\/\/www.viaprinto.de\/blog\/wp-content\/uploads\/2024\/05\/tischkalender-metall-mitte-@2x-300x225.jpg 300w, https:\/\/www.viaprinto.de\/blog\/wp-content\/uploads\/2024\/05\/tischkalender-metall-mitte-@2x-768x576.jpg 768w\" sizes=\"auto, (max-width: 800px) 100vw, 800px\" \/><\/figure>\n\n\n\n<figure class=\"wp-block-image size-large\"><img loading=\"lazy\" decoding=\"async\" width=\"800\" height=\"600\" data-id=\"18948\" src=\"https:\/\/www.viaprinto.de\/blog\/wp-content\/uploads\/2024\/05\/terminkalender-mitte-@2x.jpg\" alt=\"\" class=\"wp-image-18948\" srcset=\"https:\/\/www.viaprinto.de\/blog\/wp-content\/uploads\/2024\/05\/terminkalender-mitte-@2x.jpg 800w, https:\/\/www.viaprinto.de\/blog\/wp-content\/uploads\/2024\/05\/terminkalender-mitte-@2x-300x225.jpg 300w, https:\/\/www.viaprinto.de\/blog\/wp-content\/uploads\/2024\/05\/terminkalender-mitte-@2x-768x576.jpg 768w\" sizes=\"auto, (max-width: 800px) 100vw, 800px\" \/><\/figure>\n<\/figure>\n\n\n\n<h2 class=\"wp-block-heading\">F\u00fcr den Tisch<\/h2>\n\n\n\n<p>Unser <a href=\"\/kalender-vielfalt\">Kalender-Portfolio<\/a> bietet eine gro\u00dfe Vielfalt an <a href=\"http:\/\/www.viaprinto.de\/tischkalender\">Tischkalendern<\/a> f\u00fcr jeden Geschmacke. Da h\u00e4tten wir den Tischkalender Metall, der sich durch seine Standhaftigkeit und seinen vielseitigen Einsatz als wahrer Alltagshelfer entpuppt. Erh\u00e4ltlich ist er in diversen Farben auf pulverbeschichtetem Feinblech sowie als geb\u00fcrstete Edelstahl-Variante.<\/p>\n\n\n\n<p>Mit dem <a href=\"http:\/\/www.viaprinto.de\/tischkalender\">Tischkalender Motiv<\/a> stehen Ihnen 12 Monate zur individualisierbaren Verf\u00fcgung. Lassen Sie Bilder oder Worte sprechen, die neben einem ansprechenden Kalenderblock Platz finden. So k\u00f6nnen Sie sowohl Ihren Betrieb und Ihre Produkte als auch Ihre Botschaft ad\u00e4quat vermitteln.<\/p>\n\n\n\n<p><a href=\"http:\/\/www.viaprinto.de\/terminkalender\">Terminkalender<\/a> und <a href=\"http:\/\/www.viaprinto.de\/schreibtischunterlage\">Schreibtischunterlage<\/a> bieten nicht nur Platz f\u00fcr Ideen, Notizen und Termine, sondern laden auch zum kreativen Scribblen ein. Auf dem Tisch liegend sind sie immer griffbereit und somit Ged\u00e4chtnisst\u00fctzen par excellence.<\/p>\n\n\n\n<figure class=\"wp-block-gallery has-nested-images columns-default is-cropped wp-block-gallery-2 is-layout-flex wp-block-gallery-is-layout-flex\">\n<figure class=\"wp-block-image size-large\"><img loading=\"lazy\" decoding=\"async\" width=\"768\" height=\"564\" data-id=\"16057\" src=\"https:\/\/www.viaprinto.de\/blog\/wp-content\/uploads\/2021\/08\/buchkalender-hardcover-mw-content-1-@2x-1.jpg\" alt=\"\" class=\"wp-image-16057\" srcset=\"https:\/\/www.viaprinto.de\/blog\/wp-content\/uploads\/2021\/08\/buchkalender-hardcover-mw-content-1-@2x-1.jpg 768w, https:\/\/www.viaprinto.de\/blog\/wp-content\/uploads\/2021\/08\/buchkalender-hardcover-mw-content-1-@2x-1-300x220.jpg 300w\" sizes=\"auto, (max-width: 768px) 100vw, 768px\" \/><\/figure>\n\n\n\n<figure class=\"wp-block-image size-large\"><img loading=\"lazy\" decoding=\"async\" width=\"800\" height=\"600\" data-id=\"16056\" src=\"https:\/\/www.viaprinto.de\/blog\/wp-content\/uploads\/2021\/08\/buchkalender-hardcover-rechts-@2x-1.jpg\" alt=\"\" class=\"wp-image-16056\" srcset=\"https:\/\/www.viaprinto.de\/blog\/wp-content\/uploads\/2021\/08\/buchkalender-hardcover-rechts-@2x-1.jpg 800w, https:\/\/www.viaprinto.de\/blog\/wp-content\/uploads\/2021\/08\/buchkalender-hardcover-rechts-@2x-1-300x225.jpg 300w, https:\/\/www.viaprinto.de\/blog\/wp-content\/uploads\/2021\/08\/buchkalender-hardcover-rechts-@2x-1-768x576.jpg 768w\" sizes=\"auto, (max-width: 800px) 100vw, 800px\" \/><\/figure>\n\n\n\n<figure class=\"wp-block-image size-large\"><img loading=\"lazy\" decoding=\"async\" width=\"768\" height=\"564\" data-id=\"16055\" src=\"https:\/\/www.viaprinto.de\/blog\/wp-content\/uploads\/2021\/08\/buchkalender-notizbuecher-hardcover-mw-content-3-@2x-1.jpg\" alt=\"\" class=\"wp-image-16055\" srcset=\"https:\/\/www.viaprinto.de\/blog\/wp-content\/uploads\/2021\/08\/buchkalender-notizbuecher-hardcover-mw-content-3-@2x-1.jpg 768w, https:\/\/www.viaprinto.de\/blog\/wp-content\/uploads\/2021\/08\/buchkalender-notizbuecher-hardcover-mw-content-3-@2x-1-300x220.jpg 300w\" sizes=\"auto, (max-width: 768px) 100vw, 768px\" \/><\/figure>\n<\/figure>\n\n\n\n<h2 class=\"wp-block-heading\">F\u00fcr die Tasche<\/h2>\n\n\n\n<p>Mit siebent\u00e4gigem Kalendarium auf zwei Seiten macht der <a href=\"https:\/\/www.viaprinto.de\/buchkalender\">Buchkalender Hardcover<\/a> eine gute Figur in jeder Tasche. Die harte Schale sch\u00fctzt dabei den exklusiven Kern. Ausgestattet zudem mit einem Notizteil und in der Premium-Variante mit einem Gummiband und einer exklusiven Stiftschlaufe.<\/p>\n\n\n\n<p>Der <a href=\"https:\/\/www.viaprinto.de\/taschenkalender\">Taschenkalender<\/a> passt mit seiner handlichen und praktischen Gr\u00f6\u00dfe nicht nur in jede Tasche, sondern auch in jede Geldb\u00f6rse. Ein ganzes Jahr bildet sich hier in Visitenkartengr\u00f6\u00dfe ab \u2013 mit Ihrem Logo als Hingucker.<\/p>\n\n\n\n<p>Weitere Kalender finden Sie in unserem Kalender-Portfolio: <a href=\"https:\/\/www.viaprinto.de\/kalender-vielfalt\">Kalender-Vielfalt<\/a>.<\/p>\n","protected":false},"excerpt":{"rendered":"<p>Wer viel unterwegs ist oder h\u00e4ufig zwischen mobilem Arbeiten und dem B\u00fcro wechselt, kann seine Termine trotzdem immer bei sich haben. Mit Kalendern, die entweder auf dem Tisch oder in der Tasche eine gute Figur machen.Wer Kalender als Werbegeschenke sowohl an seine Kunden und Kundinnen als auch an Gesch\u00e4ftspartnerinnen und Gesch\u00e4ftspartner vergibt, bleibt zudem an [&hellip;]<\/p>\n","protected":false},"author":8,"featured_media":19148,"comment_status":"closed","ping_status":"closed","sticky":false,"template":"","format":"standard","meta":{"_acf_changed":false,"inline_featured_image":false,"footnotes":""},"categories":[614,8],"tags":[521,41,341],"class_list":["post-19145","post","type-post","status-publish","format-standard","has-post-thumbnail","hentry","category-kalender-produkte-von-viaprinto","category-produkte","tag-buchkalender","tag-kalender","tag-tischkalender"],"mb":[],"acf":[],"yoast_head":"<!-- This site is optimized with the Yoast SEO plugin v27.4 - https:\/\/yoast.com\/product\/yoast-seo-wordpress\/ -->\n<title>Tisch- und Taschenkalender im individuellen Design<\/title>\n<meta name=\"description\" content=\"Entdecken Sie unsere Kalender-Produkte f\u00fcr Tisch und Tasche im individuellen Design. | viaprinto Blog\" \/>\n<meta name=\"robots\" content=\"index, follow, max-snippet:-1, max-image-preview:large, max-video-preview:-1\" \/>\n<link rel=\"canonical\" href=\"https:\/\/www.viaprinto.de\/blog\/fuer-tisch-und-tasche\/\" \/>\n<meta property=\"og:locale\" content=\"de_DE\" \/>\n<meta property=\"og:type\" content=\"article\" \/>\n<meta property=\"og:title\" content=\"Tisch- und Taschenkalender im individuellen Design\" \/>\n<meta property=\"og:description\" content=\"Entdecken Sie unsere Kalender-Produkte f\u00fcr Tisch und Tasche im individuellen Design. | viaprinto Blog\" \/>\n<meta property=\"og:url\" content=\"https:\/\/www.viaprinto.de\/blog\/fuer-tisch-und-tasche\/\" \/>\n<meta property=\"og:site_name\" content=\"viaprinto Blog | Alles \u00fcber den Druck\" \/>\n<meta property=\"article:published_time\" content=\"2024-08-14T14:49:14+00:00\" \/>\n<meta property=\"article:modified_time\" content=\"2026-03-13T09:22:25+00:00\" \/>\n<meta property=\"og:image\" content=\"https:\/\/www.viaprinto.de\/blog\/wp-content\/uploads\/2024\/08\/blogheader-tisch-und-tasche-1690x642px-@2x.jpg\" \/>\n\t<meta property=\"og:image:width\" content=\"1690\" \/>\n\t<meta property=\"og:image:height\" content=\"642\" \/>\n\t<meta property=\"og:image:type\" content=\"image\/jpeg\" \/>\n<meta name=\"author\" content=\"Sarah Sassenhagen\" \/>\n<script type=\"application\/ld+json\" class=\"yoast-schema-graph\">{\"@context\":\"https:\\\/\\\/schema.org\",\"@graph\":[{\"@type\":\"Article\",\"@id\":\"https:\\\/\\\/www.viaprinto.de\\\/blog\\\/fuer-tisch-und-tasche\\\/#article\",\"isPartOf\":{\"@id\":\"https:\\\/\\\/www.viaprinto.de\\\/blog\\\/fuer-tisch-und-tasche\\\/\"},\"author\":{\"name\":\"Sarah Sassenhagen\",\"@id\":\"https:\\\/\\\/www.viaprinto.de\\\/blog\\\/#\\\/schema\\\/person\\\/1aa19d31063bc939317c758ceb8b7c16\"},\"headline\":\"F\u00fcr Tisch und Tasche\",\"datePublished\":\"2024-08-14T14:49:14+00:00\",\"dateModified\":\"2026-03-13T09:22:25+00:00\",\"mainEntityOfPage\":{\"@id\":\"https:\\\/\\\/www.viaprinto.de\\\/blog\\\/fuer-tisch-und-tasche\\\/\"},\"wordCount\":291,\"publisher\":{\"@id\":\"https:\\\/\\\/www.viaprinto.de\\\/blog\\\/#organization\"},\"image\":{\"@id\":\"https:\\\/\\\/www.viaprinto.de\\\/blog\\\/fuer-tisch-und-tasche\\\/#primaryimage\"},\"thumbnailUrl\":\"https:\\\/\\\/www.viaprinto.de\\\/blog\\\/wp-content\\\/uploads\\\/2024\\\/08\\\/blogheader-tisch-und-tasche-1690x642px-@2x.jpg\",\"keywords\":[\"Buchkalender\",\"Kalender\",\"Tischkalender\"],\"articleSection\":[\"Kalender\",\"Produkte\"],\"inLanguage\":\"de\"},{\"@type\":\"WebPage\",\"@id\":\"https:\\\/\\\/www.viaprinto.de\\\/blog\\\/fuer-tisch-und-tasche\\\/\",\"url\":\"https:\\\/\\\/www.viaprinto.de\\\/blog\\\/fuer-tisch-und-tasche\\\/\",\"name\":\"Tisch- und Taschenkalender im individuellen Design\",\"isPartOf\":{\"@id\":\"https:\\\/\\\/www.viaprinto.de\\\/blog\\\/#website\"},\"primaryImageOfPage\":{\"@id\":\"https:\\\/\\\/www.viaprinto.de\\\/blog\\\/fuer-tisch-und-tasche\\\/#primaryimage\"},\"image\":{\"@id\":\"https:\\\/\\\/www.viaprinto.de\\\/blog\\\/fuer-tisch-und-tasche\\\/#primaryimage\"},\"thumbnailUrl\":\"https:\\\/\\\/www.viaprinto.de\\\/blog\\\/wp-content\\\/uploads\\\/2024\\\/08\\\/blogheader-tisch-und-tasche-1690x642px-@2x.jpg\",\"description\":\"Entdecken Sie unsere Kalender-Produkte f\u00fcr Tisch und Tasche im individuellen Design. | viaprinto Blog\",\"breadcrumb\":{\"@id\":\"https:\\\/\\\/www.viaprinto.de\\\/blog\\\/fuer-tisch-und-tasche\\\/#breadcrumb\"},\"inLanguage\":\"de\",\"potentialAction\":[{\"@type\":\"ReadAction\",\"target\":[\"https:\\\/\\\/www.viaprinto.de\\\/blog\\\/fuer-tisch-und-tasche\\\/\"]}]},{\"@type\":\"ImageObject\",\"inLanguage\":\"de\",\"@id\":\"https:\\\/\\\/www.viaprinto.de\\\/blog\\\/fuer-tisch-und-tasche\\\/#primaryimage\",\"url\":\"https:\\\/\\\/www.viaprinto.de\\\/blog\\\/wp-content\\\/uploads\\\/2024\\\/08\\\/blogheader-tisch-und-tasche-1690x642px-@2x.jpg\",\"contentUrl\":\"https:\\\/\\\/www.viaprinto.de\\\/blog\\\/wp-content\\\/uploads\\\/2024\\\/08\\\/blogheader-tisch-und-tasche-1690x642px-@2x.jpg\",\"width\":1690,\"height\":642},{\"@type\":\"BreadcrumbList\",\"@id\":\"https:\\\/\\\/www.viaprinto.de\\\/blog\\\/fuer-tisch-und-tasche\\\/#breadcrumb\",\"itemListElement\":[{\"@type\":\"ListItem\",\"position\":1,\"name\":\"Startseite\",\"item\":\"https:\\\/\\\/www.viaprinto.de\\\/blog\\\/\"},{\"@type\":\"ListItem\",\"position\":2,\"name\":\"F\u00fcr Tisch und Tasche\"}]},{\"@type\":\"WebSite\",\"@id\":\"https:\\\/\\\/www.viaprinto.de\\\/blog\\\/#website\",\"url\":\"https:\\\/\\\/www.viaprinto.de\\\/blog\\\/\",\"name\":\"viaprinto Blog | Alles \u00fcber den Druck\",\"description\":\"\",\"publisher\":{\"@id\":\"https:\\\/\\\/www.viaprinto.de\\\/blog\\\/#organization\"},\"potentialAction\":[{\"@type\":\"SearchAction\",\"target\":{\"@type\":\"EntryPoint\",\"urlTemplate\":\"https:\\\/\\\/www.viaprinto.de\\\/blog\\\/?s={search_term_string}\"},\"query-input\":{\"@type\":\"PropertyValueSpecification\",\"valueRequired\":true,\"valueName\":\"search_term_string\"}}],\"inLanguage\":\"de\"},{\"@type\":\"Organization\",\"@id\":\"https:\\\/\\\/www.viaprinto.de\\\/blog\\\/#organization\",\"name\":\"viaprinto\",\"url\":\"https:\\\/\\\/www.viaprinto.de\\\/blog\\\/\",\"logo\":{\"@type\":\"ImageObject\",\"inLanguage\":\"de\",\"@id\":\"https:\\\/\\\/www.viaprinto.de\\\/blog\\\/#\\\/schema\\\/logo\\\/image\\\/\",\"url\":\"https:\\\/\\\/www.viaprinto.de\\\/blog\\\/wp-content\\\/uploads\\\/2022\\\/12\\\/viaprinto-blog-logo.svg\",\"contentUrl\":\"https:\\\/\\\/www.viaprinto.de\\\/blog\\\/wp-content\\\/uploads\\\/2022\\\/12\\\/viaprinto-blog-logo.svg\",\"caption\":\"viaprinto\"},\"image\":{\"@id\":\"https:\\\/\\\/www.viaprinto.de\\\/blog\\\/#\\\/schema\\\/logo\\\/image\\\/\"},\"sameAs\":[\"https:\\\/\\\/www.linkedin.com\\\/company\\\/viaprinto\"]},{\"@type\":\"Person\",\"@id\":\"https:\\\/\\\/www.viaprinto.de\\\/blog\\\/#\\\/schema\\\/person\\\/1aa19d31063bc939317c758ceb8b7c16\",\"name\":\"Sarah Sassenhagen\",\"url\":\"https:\\\/\\\/www.viaprinto.de\\\/blog\\\/author\\\/sarah-sassenhagenviaprinto-de\\\/\"}]}<\/script>\n<!-- \/ Yoast SEO plugin. -->","yoast_head_json":{"title":"Tisch- und Taschenkalender im individuellen Design","description":"Entdecken Sie unsere Kalender-Produkte f\u00fcr Tisch und Tasche im individuellen Design. | viaprinto Blog","robots":{"index":"index","follow":"follow","max-snippet":"max-snippet:-1","max-image-preview":"max-image-preview:large","max-video-preview":"max-video-preview:-1"},"canonical":"https:\/\/www.viaprinto.de\/blog\/fuer-tisch-und-tasche\/","og_locale":"de_DE","og_type":"article","og_title":"Tisch- und Taschenkalender im individuellen Design","og_description":"Entdecken Sie unsere Kalender-Produkte f\u00fcr Tisch und Tasche im individuellen Design. | viaprinto Blog","og_url":"https:\/\/www.viaprinto.de\/blog\/fuer-tisch-und-tasche\/","og_site_name":"viaprinto Blog | Alles \u00fcber den Druck","article_published_time":"2024-08-14T14:49:14+00:00","article_modified_time":"2026-03-13T09:22:25+00:00","og_image":[{"width":1690,"height":642,"url":"https:\/\/www.viaprinto.de\/blog\/wp-content\/uploads\/2024\/08\/blogheader-tisch-und-tasche-1690x642px-@2x.jpg","type":"image\/jpeg"}],"author":"Sarah Sassenhagen","schema":{"@context":"https:\/\/schema.org","@graph":[{"@type":"Article","@id":"https:\/\/www.viaprinto.de\/blog\/fuer-tisch-und-tasche\/#article","isPartOf":{"@id":"https:\/\/www.viaprinto.de\/blog\/fuer-tisch-und-tasche\/"},"author":{"name":"Sarah Sassenhagen","@id":"https:\/\/www.viaprinto.de\/blog\/#\/schema\/person\/1aa19d31063bc939317c758ceb8b7c16"},"headline":"F\u00fcr Tisch und Tasche","datePublished":"2024-08-14T14:49:14+00:00","dateModified":"2026-03-13T09:22:25+00:00","mainEntityOfPage":{"@id":"https:\/\/www.viaprinto.de\/blog\/fuer-tisch-und-tasche\/"},"wordCount":291,"publisher":{"@id":"https:\/\/www.viaprinto.de\/blog\/#organization"},"image":{"@id":"https:\/\/www.viaprinto.de\/blog\/fuer-tisch-und-tasche\/#primaryimage"},"thumbnailUrl":"https:\/\/www.viaprinto.de\/blog\/wp-content\/uploads\/2024\/08\/blogheader-tisch-und-tasche-1690x642px-@2x.jpg","keywords":["Buchkalender","Kalender","Tischkalender"],"articleSection":["Kalender","Produkte"],"inLanguage":"de"},{"@type":"WebPage","@id":"https:\/\/www.viaprinto.de\/blog\/fuer-tisch-und-tasche\/","url":"https:\/\/www.viaprinto.de\/blog\/fuer-tisch-und-tasche\/","name":"Tisch- und Taschenkalender im individuellen Design","isPartOf":{"@id":"https:\/\/www.viaprinto.de\/blog\/#website"},"primaryImageOfPage":{"@id":"https:\/\/www.viaprinto.de\/blog\/fuer-tisch-und-tasche\/#primaryimage"},"image":{"@id":"https:\/\/www.viaprinto.de\/blog\/fuer-tisch-und-tasche\/#primaryimage"},"thumbnailUrl":"https:\/\/www.viaprinto.de\/blog\/wp-content\/uploads\/2024\/08\/blogheader-tisch-und-tasche-1690x642px-@2x.jpg","description":"Entdecken Sie unsere Kalender-Produkte f\u00fcr Tisch und Tasche im individuellen Design. | viaprinto Blog","breadcrumb":{"@id":"https:\/\/www.viaprinto.de\/blog\/fuer-tisch-und-tasche\/#breadcrumb"},"inLanguage":"de","potentialAction":[{"@type":"ReadAction","target":["https:\/\/www.viaprinto.de\/blog\/fuer-tisch-und-tasche\/"]}]},{"@type":"ImageObject","inLanguage":"de","@id":"https:\/\/www.viaprinto.de\/blog\/fuer-tisch-und-tasche\/#primaryimage","url":"https:\/\/www.viaprinto.de\/blog\/wp-content\/uploads\/2024\/08\/blogheader-tisch-und-tasche-1690x642px-@2x.jpg","contentUrl":"https:\/\/www.viaprinto.de\/blog\/wp-content\/uploads\/2024\/08\/blogheader-tisch-und-tasche-1690x642px-@2x.jpg","width":1690,"height":642},{"@type":"BreadcrumbList","@id":"https:\/\/www.viaprinto.de\/blog\/fuer-tisch-und-tasche\/#breadcrumb","itemListElement":[{"@type":"ListItem","position":1,"name":"Startseite","item":"https:\/\/www.viaprinto.de\/blog\/"},{"@type":"ListItem","position":2,"name":"F\u00fcr Tisch und Tasche"}]},{"@type":"WebSite","@id":"https:\/\/www.viaprinto.de\/blog\/#website","url":"https:\/\/www.viaprinto.de\/blog\/","name":"viaprinto Blog | Alles \u00fcber den Druck","description":"","publisher":{"@id":"https:\/\/www.viaprinto.de\/blog\/#organization"},"potentialAction":[{"@type":"SearchAction","target":{"@type":"EntryPoint","urlTemplate":"https:\/\/www.viaprinto.de\/blog\/?s={search_term_string}"},"query-input":{"@type":"PropertyValueSpecification","valueRequired":true,"valueName":"search_term_string"}}],"inLanguage":"de"},{"@type":"Organization","@id":"https:\/\/www.viaprinto.de\/blog\/#organization","name":"viaprinto","url":"https:\/\/www.viaprinto.de\/blog\/","logo":{"@type":"ImageObject","inLanguage":"de","@id":"https:\/\/www.viaprinto.de\/blog\/#\/schema\/logo\/image\/","url":"https:\/\/www.viaprinto.de\/blog\/wp-content\/uploads\/2022\/12\/viaprinto-blog-logo.svg","contentUrl":"https:\/\/www.viaprinto.de\/blog\/wp-content\/uploads\/2022\/12\/viaprinto-blog-logo.svg","caption":"viaprinto"},"image":{"@id":"https:\/\/www.viaprinto.de\/blog\/#\/schema\/logo\/image\/"},"sameAs":["https:\/\/www.linkedin.com\/company\/viaprinto"]},{"@type":"Person","@id":"https:\/\/www.viaprinto.de\/blog\/#\/schema\/person\/1aa19d31063bc939317c758ceb8b7c16","name":"Sarah Sassenhagen","url":"https:\/\/www.viaprinto.de\/blog\/author\/sarah-sassenhagenviaprinto-de\/"}]}},"mfb_rest_fields":["title","yoast_head","yoast_head_json"],"_links":{"self":[{"href":"https:\/\/www.viaprinto.de\/blog\/wp-json\/wp\/v2\/posts\/19145","targetHints":{"allow":["GET"]}}],"collection":[{"href":"https:\/\/www.viaprinto.de\/blog\/wp-json\/wp\/v2\/posts"}],"about":[{"href":"https:\/\/www.viaprinto.de\/blog\/wp-json\/wp\/v2\/types\/post"}],"author":[{"embeddable":true,"href":"https:\/\/www.viaprinto.de\/blog\/wp-json\/wp\/v2\/users\/8"}],"replies":[{"embeddable":true,"href":"https:\/\/www.viaprinto.de\/blog\/wp-json\/wp\/v2\/comments?post=19145"}],"version-history":[{"count":2,"href":"https:\/\/www.viaprinto.de\/blog\/wp-json\/wp\/v2\/posts\/19145\/revisions"}],"predecessor-version":[{"id":19147,"href":"https:\/\/www.viaprinto.de\/blog\/wp-json\/wp\/v2\/posts\/19145\/revisions\/19147"}],"wp:featuredmedia":[{"embeddable":true,"href":"https:\/\/www.viaprinto.de\/blog\/wp-json\/wp\/v2\/media\/19148"}],"wp:attachment":[{"href":"https:\/\/www.viaprinto.de\/blog\/wp-json\/wp\/v2\/media?parent=19145"}],"wp:term":[{"taxonomy":"category","embeddable":true,"href":"https:\/\/www.viaprinto.de\/blog\/wp-json\/wp\/v2\/categories?post=19145"},{"taxonomy":"post_tag","embeddable":true,"href":"https:\/\/www.viaprinto.de\/blog\/wp-json\/wp\/v2\/tags?post=19145"}],"curies":[{"name":"wp","href":"https:\/\/api.w.org\/{rel}","templated":true}]}}