{"id":1898,"date":"2013-02-05T10:52:23","date_gmt":"2013-02-05T09:52:23","guid":{"rendered":"https:\/\/www.viaprinto.de\/blog\/?p=1898"},"modified":"2013-02-05T10:52:23","modified_gmt":"2013-02-05T09:52:23","slug":"premiere-der-ir2013-viaprinto-begleitet-auftakt-der-branchen-konferenz","status":"publish","type":"post","link":"https:\/\/www.viaprinto.de\/blog\/premiere-der-ir2013-viaprinto-begleitet-auftakt-der-branchen-konferenz\/","title":{"rendered":"Premiere der IR2013 \u2013 viaprinto begleitet Auftakt der Branchen-Konferenz."},"content":{"rendered":"<p><a href=\"https:\/\/www.viaprinto.de\/blog\/wp-content\/uploads\/2013\/02\/Stefan_Zenker_mybet_Holding_300_300.jpg\" data-rel=\"lightbox-image-0\" data-rl_title=\"\" data-rl_caption=\"\"><img loading=\"lazy\" decoding=\"async\" class=\"alignleft size-thumbnail wp-image-1860\" title=\"\" src=\"https:\/\/www.viaprinto.de\/blog\/wp-content\/uploads\/2013\/02\/Stefan_Zenker_mybet_Holding_300_300.jpg\" alt=\"\" width=\"150\" height=\"150\" \/><\/a><em>Am 24. Januar 2013 hat sie stattgefunden: die erste Investor Relations Konferenz \u201eIR2013\u201c im Hotel Hessischer Hof in Frankfurt am Main. Die von der cometis AG und dem IR Club ins Leben gerufene Veranstaltung nutzten rund 160 Teilnehmer zum Austausch unter IR-Managern, Finanzvorst\u00e4nden und Branchen-Experten.<\/em><\/p>\n<p>Sowohl fachliche als auch pers\u00f6nliche Themen standen im Mittelpunkt von Vortragsreihen und Panel-Diskussionen. So moderierte viaprinto Gesch\u00e4ftsf\u00fchrer Dr. Gerd Dussler die Fachvortr\u00e4ge \u201eK\u00f6rpersprache: Richtiges Auftreten, richtige Signale\u201c und \u201eNutzenorientierte Presentation-Skills\u201c. Letzterer verdeutlichte die zwingende Notwendigkeit, eine gelungene Pr\u00e4sentation durch hochwertige Print-Produkte zu erg\u00e4nzen.<\/p>\n<p>Doch viaprinto macht nicht nur Pr\u00e4sentieren zum haptischen Erlebnis: Der stete Wandel im Kapitalmarkt sowie steigende Anforderungen an Informations- &amp; Dokumentationspflichten zwingen IR-Manager und Analysten, \u00e4u\u00dferst kurzfristig hochwertige Branchenunterlagen ver\u00f6ffentlichen zu k\u00f6nnen. Mit viaprinto gelingt dies schnell und einfach.<\/p>\n<p>\u201eDank extrem kurzer Lieferzeiten bietet viaprinto einen entscheidenden Mehrwert was Aktualit\u00e4t und Qualit\u00e4t unserer gedruckten Informationen angeht. Und falls doch mal n\u00f6tig, k\u00f6nnen wir jederzeit auf unseren pers\u00f6nlichen Ansprechpartner z\u00e4hlen\u201c, sagt Stefan Zenker, Investor Relations &amp; Corporate Communications der mybet Holding SE.<\/p>\n<p>Als Sponsor der IR2013 hatte viaprinto auch die Produktion des spiralgebundenen Arbeitsbuches \u00fcbernommen, welches neben Profilen von Veranstalter, Referenten und Moderatoren auch die Portraits aller Sponsoren und Partner sowie ausreichend Platz f\u00fcr pers\u00f6nliche Notizen enth\u00e4lt.<\/p>\n<p>(Abbildung: Stefan Zenker, Investor Relations &amp; Corporate Communications, mybet Holding SE\u2013 Foto von viaprinto.)<\/p>\n","protected":false},"excerpt":{"rendered":"<p>Am 24. Januar 2013 hat sie stattgefunden: die erste Investor Relations Konferenz \u201eIR2013\u201c im Hotel Hessischer Hof in Frankfurt am Main. Die von der cometis AG und dem IR Club ins Leben gerufene Veranstaltung nutzten rund 160 Teilnehmer zum Austausch unter IR-Managern, Finanzvorst\u00e4nden und Branchen-Experten.<\/p>\n","protected":false},"author":5,"featured_media":0,"comment_status":"open","ping_status":"open","sticky":false,"template":"","format":"standard","meta":{"_acf_changed":false,"inline_featured_image":false,"footnotes":""},"categories":[22],"tags":[],"class_list":["post-1898","post","type-post","status-publish","format-standard","hentry","category-termine"],"mb":[],"acf":[],"yoast_head":"<!-- This site is optimized with the Yoast SEO plugin v27.4 - https:\/\/yoast.com\/product\/yoast-seo-wordpress\/ -->\n<title>Investor Relations Konferenz \u201eIR2013\u201c | viaprinto Blog<\/title>\n<meta name=\"description\" content=\"viaprinto Blog | Premiere der IR2013 | viaprinto begleitet Auftakt der Branchen-Konferenz und \u00fcbernimmt als Sponsor Produktion des Arbeitsbuches.\" \/>\n<meta name=\"robots\" content=\"index, follow, max-snippet:-1, max-image-preview:large, max-video-preview:-1\" \/>\n<link rel=\"canonical\" href=\"https:\/\/www.viaprinto.de\/blog\/premiere-der-ir2013-viaprinto-begleitet-auftakt-der-branchen-konferenz\/\" \/>\n<meta property=\"og:locale\" content=\"de_DE\" \/>\n<meta property=\"og:type\" content=\"article\" \/>\n<meta property=\"og:title\" content=\"Investor Relations Konferenz \u201eIR2013\u201c | viaprinto Blog\" \/>\n<meta property=\"og:description\" content=\"viaprinto Blog | Premiere der IR2013 | viaprinto begleitet Auftakt der Branchen-Konferenz und \u00fcbernimmt als Sponsor Produktion des Arbeitsbuches.\" \/>\n<meta property=\"og:url\" content=\"https:\/\/www.viaprinto.de\/blog\/premiere-der-ir2013-viaprinto-begleitet-auftakt-der-branchen-konferenz\/\" \/>\n<meta property=\"og:site_name\" content=\"viaprinto Blog | Alles \u00fcber den Druck\" \/>\n<meta property=\"article:published_time\" content=\"2013-02-05T09:52:23+00:00\" \/>\n<meta property=\"og:image\" content=\"https:\/\/www.viaprinto.de\/blog\/wp-content\/uploads\/2013\/02\/Stefan_Zenker_mybet_Holding_300_300.jpg\" \/>\n<meta name=\"author\" content=\"Daniela K\u00fcper\" \/>\n<script type=\"application\/ld+json\" class=\"yoast-schema-graph\">{\"@context\":\"https:\\\/\\\/schema.org\",\"@graph\":[{\"@type\":\"Article\",\"@id\":\"https:\\\/\\\/www.viaprinto.de\\\/blog\\\/premiere-der-ir2013-viaprinto-begleitet-auftakt-der-branchen-konferenz\\\/#article\",\"isPartOf\":{\"@id\":\"https:\\\/\\\/www.viaprinto.de\\\/blog\\\/premiere-der-ir2013-viaprinto-begleitet-auftakt-der-branchen-konferenz\\\/\"},\"author\":{\"name\":\"Daniela K\u00fcper\",\"@id\":\"https:\\\/\\\/www.viaprinto.de\\\/blog\\\/#\\\/schema\\\/person\\\/6a8f659dcc14fafe8739fabdb8f6e18e\"},\"headline\":\"Premiere der IR2013 \u2013 viaprinto begleitet Auftakt der Branchen-Konferenz.\",\"datePublished\":\"2013-02-05T09:52:23+00:00\",\"mainEntityOfPage\":{\"@id\":\"https:\\\/\\\/www.viaprinto.de\\\/blog\\\/premiere-der-ir2013-viaprinto-begleitet-auftakt-der-branchen-konferenz\\\/\"},\"wordCount\":244,\"commentCount\":0,\"publisher\":{\"@id\":\"https:\\\/\\\/www.viaprinto.de\\\/blog\\\/#organization\"},\"image\":{\"@id\":\"https:\\\/\\\/www.viaprinto.de\\\/blog\\\/premiere-der-ir2013-viaprinto-begleitet-auftakt-der-branchen-konferenz\\\/#primaryimage\"},\"thumbnailUrl\":\"https:\\\/\\\/www.viaprinto.de\\\/blog\\\/wp-content\\\/uploads\\\/2013\\\/02\\\/Stefan_Zenker_mybet_Holding_300_300.jpg\",\"articleSection\":[\"Termine\"],\"inLanguage\":\"de\",\"potentialAction\":[{\"@type\":\"CommentAction\",\"name\":\"Comment\",\"target\":[\"https:\\\/\\\/www.viaprinto.de\\\/blog\\\/premiere-der-ir2013-viaprinto-begleitet-auftakt-der-branchen-konferenz\\\/#respond\"]}]},{\"@type\":\"WebPage\",\"@id\":\"https:\\\/\\\/www.viaprinto.de\\\/blog\\\/premiere-der-ir2013-viaprinto-begleitet-auftakt-der-branchen-konferenz\\\/\",\"url\":\"https:\\\/\\\/www.viaprinto.de\\\/blog\\\/premiere-der-ir2013-viaprinto-begleitet-auftakt-der-branchen-konferenz\\\/\",\"name\":\"Investor Relations Konferenz \u201eIR2013\u201c | viaprinto Blog\",\"isPartOf\":{\"@id\":\"https:\\\/\\\/www.viaprinto.de\\\/blog\\\/#website\"},\"primaryImageOfPage\":{\"@id\":\"https:\\\/\\\/www.viaprinto.de\\\/blog\\\/premiere-der-ir2013-viaprinto-begleitet-auftakt-der-branchen-konferenz\\\/#primaryimage\"},\"image\":{\"@id\":\"https:\\\/\\\/www.viaprinto.de\\\/blog\\\/premiere-der-ir2013-viaprinto-begleitet-auftakt-der-branchen-konferenz\\\/#primaryimage\"},\"thumbnailUrl\":\"https:\\\/\\\/www.viaprinto.de\\\/blog\\\/wp-content\\\/uploads\\\/2013\\\/02\\\/Stefan_Zenker_mybet_Holding_300_300.jpg\",\"description\":\"viaprinto Blog | Premiere der IR2013 | viaprinto begleitet Auftakt der Branchen-Konferenz und \u00fcbernimmt als Sponsor Produktion des Arbeitsbuches.\",\"breadcrumb\":{\"@id\":\"https:\\\/\\\/www.viaprinto.de\\\/blog\\\/premiere-der-ir2013-viaprinto-begleitet-auftakt-der-branchen-konferenz\\\/#breadcrumb\"},\"inLanguage\":\"de\",\"potentialAction\":[{\"@type\":\"ReadAction\",\"target\":[\"https:\\\/\\\/www.viaprinto.de\\\/blog\\\/premiere-der-ir2013-viaprinto-begleitet-auftakt-der-branchen-konferenz\\\/\"]}]},{\"@type\":\"ImageObject\",\"inLanguage\":\"de\",\"@id\":\"https:\\\/\\\/www.viaprinto.de\\\/blog\\\/premiere-der-ir2013-viaprinto-begleitet-auftakt-der-branchen-konferenz\\\/#primaryimage\",\"url\":\"https:\\\/\\\/www.viaprinto.de\\\/blog\\\/wp-content\\\/uploads\\\/2013\\\/02\\\/Stefan_Zenker_mybet_Holding_300_300.jpg\",\"contentUrl\":\"https:\\\/\\\/www.viaprinto.de\\\/blog\\\/wp-content\\\/uploads\\\/2013\\\/02\\\/Stefan_Zenker_mybet_Holding_300_300.jpg\"},{\"@type\":\"BreadcrumbList\",\"@id\":\"https:\\\/\\\/www.viaprinto.de\\\/blog\\\/premiere-der-ir2013-viaprinto-begleitet-auftakt-der-branchen-konferenz\\\/#breadcrumb\",\"itemListElement\":[{\"@type\":\"ListItem\",\"position\":1,\"name\":\"Startseite\",\"item\":\"https:\\\/\\\/www.viaprinto.de\\\/blog\\\/\"},{\"@type\":\"ListItem\",\"position\":2,\"name\":\"Premiere der IR2013 \u2013 viaprinto begleitet Auftakt der Branchen-Konferenz.\"}]},{\"@type\":\"WebSite\",\"@id\":\"https:\\\/\\\/www.viaprinto.de\\\/blog\\\/#website\",\"url\":\"https:\\\/\\\/www.viaprinto.de\\\/blog\\\/\",\"name\":\"viaprinto Blog | Alles \u00fcber den Druck\",\"description\":\"\",\"publisher\":{\"@id\":\"https:\\\/\\\/www.viaprinto.de\\\/blog\\\/#organization\"},\"potentialAction\":[{\"@type\":\"SearchAction\",\"target\":{\"@type\":\"EntryPoint\",\"urlTemplate\":\"https:\\\/\\\/www.viaprinto.de\\\/blog\\\/?s={search_term_string}\"},\"query-input\":{\"@type\":\"PropertyValueSpecification\",\"valueRequired\":true,\"valueName\":\"search_term_string\"}}],\"inLanguage\":\"de\"},{\"@type\":\"Organization\",\"@id\":\"https:\\\/\\\/www.viaprinto.de\\\/blog\\\/#organization\",\"name\":\"viaprinto\",\"url\":\"https:\\\/\\\/www.viaprinto.de\\\/blog\\\/\",\"logo\":{\"@type\":\"ImageObject\",\"inLanguage\":\"de\",\"@id\":\"https:\\\/\\\/www.viaprinto.de\\\/blog\\\/#\\\/schema\\\/logo\\\/image\\\/\",\"url\":\"https:\\\/\\\/www.viaprinto.de\\\/blog\\\/wp-content\\\/uploads\\\/2022\\\/12\\\/viaprinto-blog-logo.svg\",\"contentUrl\":\"https:\\\/\\\/www.viaprinto.de\\\/blog\\\/wp-content\\\/uploads\\\/2022\\\/12\\\/viaprinto-blog-logo.svg\",\"caption\":\"viaprinto\"},\"image\":{\"@id\":\"https:\\\/\\\/www.viaprinto.de\\\/blog\\\/#\\\/schema\\\/logo\\\/image\\\/\"},\"sameAs\":[\"https:\\\/\\\/www.linkedin.com\\\/company\\\/viaprinto\"]},{\"@type\":\"Person\",\"@id\":\"https:\\\/\\\/www.viaprinto.de\\\/blog\\\/#\\\/schema\\\/person\\\/6a8f659dcc14fafe8739fabdb8f6e18e\",\"name\":\"Daniela K\u00fcper\",\"url\":\"https:\\\/\\\/www.viaprinto.de\\\/blog\\\/author\\\/daniela-kueperviaprinto-de\\\/\"}]}<\/script>\n<!-- \/ Yoast SEO plugin. -->","yoast_head_json":{"title":"Investor Relations Konferenz \u201eIR2013\u201c | viaprinto Blog","description":"viaprinto Blog | Premiere der IR2013 | viaprinto begleitet Auftakt der Branchen-Konferenz und \u00fcbernimmt als Sponsor Produktion des Arbeitsbuches.","robots":{"index":"index","follow":"follow","max-snippet":"max-snippet:-1","max-image-preview":"max-image-preview:large","max-video-preview":"max-video-preview:-1"},"canonical":"https:\/\/www.viaprinto.de\/blog\/premiere-der-ir2013-viaprinto-begleitet-auftakt-der-branchen-konferenz\/","og_locale":"de_DE","og_type":"article","og_title":"Investor Relations Konferenz \u201eIR2013\u201c | viaprinto Blog","og_description":"viaprinto Blog | Premiere der IR2013 | viaprinto begleitet Auftakt der Branchen-Konferenz und \u00fcbernimmt als Sponsor Produktion des Arbeitsbuches.","og_url":"https:\/\/www.viaprinto.de\/blog\/premiere-der-ir2013-viaprinto-begleitet-auftakt-der-branchen-konferenz\/","og_site_name":"viaprinto Blog | Alles \u00fcber den Druck","article_published_time":"2013-02-05T09:52:23+00:00","og_image":[{"url":"https:\/\/www.viaprinto.de\/blog\/wp-content\/uploads\/2013\/02\/Stefan_Zenker_mybet_Holding_300_300.jpg","type":"","width":"","height":""}],"author":"Daniela K\u00fcper","schema":{"@context":"https:\/\/schema.org","@graph":[{"@type":"Article","@id":"https:\/\/www.viaprinto.de\/blog\/premiere-der-ir2013-viaprinto-begleitet-auftakt-der-branchen-konferenz\/#article","isPartOf":{"@id":"https:\/\/www.viaprinto.de\/blog\/premiere-der-ir2013-viaprinto-begleitet-auftakt-der-branchen-konferenz\/"},"author":{"name":"Daniela K\u00fcper","@id":"https:\/\/www.viaprinto.de\/blog\/#\/schema\/person\/6a8f659dcc14fafe8739fabdb8f6e18e"},"headline":"Premiere der IR2013 \u2013 viaprinto begleitet Auftakt der Branchen-Konferenz.","datePublished":"2013-02-05T09:52:23+00:00","mainEntityOfPage":{"@id":"https:\/\/www.viaprinto.de\/blog\/premiere-der-ir2013-viaprinto-begleitet-auftakt-der-branchen-konferenz\/"},"wordCount":244,"commentCount":0,"publisher":{"@id":"https:\/\/www.viaprinto.de\/blog\/#organization"},"image":{"@id":"https:\/\/www.viaprinto.de\/blog\/premiere-der-ir2013-viaprinto-begleitet-auftakt-der-branchen-konferenz\/#primaryimage"},"thumbnailUrl":"https:\/\/www.viaprinto.de\/blog\/wp-content\/uploads\/2013\/02\/Stefan_Zenker_mybet_Holding_300_300.jpg","articleSection":["Termine"],"inLanguage":"de","potentialAction":[{"@type":"CommentAction","name":"Comment","target":["https:\/\/www.viaprinto.de\/blog\/premiere-der-ir2013-viaprinto-begleitet-auftakt-der-branchen-konferenz\/#respond"]}]},{"@type":"WebPage","@id":"https:\/\/www.viaprinto.de\/blog\/premiere-der-ir2013-viaprinto-begleitet-auftakt-der-branchen-konferenz\/","url":"https:\/\/www.viaprinto.de\/blog\/premiere-der-ir2013-viaprinto-begleitet-auftakt-der-branchen-konferenz\/","name":"Investor Relations Konferenz \u201eIR2013\u201c | viaprinto Blog","isPartOf":{"@id":"https:\/\/www.viaprinto.de\/blog\/#website"},"primaryImageOfPage":{"@id":"https:\/\/www.viaprinto.de\/blog\/premiere-der-ir2013-viaprinto-begleitet-auftakt-der-branchen-konferenz\/#primaryimage"},"image":{"@id":"https:\/\/www.viaprinto.de\/blog\/premiere-der-ir2013-viaprinto-begleitet-auftakt-der-branchen-konferenz\/#primaryimage"},"thumbnailUrl":"https:\/\/www.viaprinto.de\/blog\/wp-content\/uploads\/2013\/02\/Stefan_Zenker_mybet_Holding_300_300.jpg","description":"viaprinto Blog | Premiere der IR2013 | viaprinto begleitet Auftakt der Branchen-Konferenz und \u00fcbernimmt als Sponsor Produktion des Arbeitsbuches.","breadcrumb":{"@id":"https:\/\/www.viaprinto.de\/blog\/premiere-der-ir2013-viaprinto-begleitet-auftakt-der-branchen-konferenz\/#breadcrumb"},"inLanguage":"de","potentialAction":[{"@type":"ReadAction","target":["https:\/\/www.viaprinto.de\/blog\/premiere-der-ir2013-viaprinto-begleitet-auftakt-der-branchen-konferenz\/"]}]},{"@type":"ImageObject","inLanguage":"de","@id":"https:\/\/www.viaprinto.de\/blog\/premiere-der-ir2013-viaprinto-begleitet-auftakt-der-branchen-konferenz\/#primaryimage","url":"https:\/\/www.viaprinto.de\/blog\/wp-content\/uploads\/2013\/02\/Stefan_Zenker_mybet_Holding_300_300.jpg","contentUrl":"https:\/\/www.viaprinto.de\/blog\/wp-content\/uploads\/2013\/02\/Stefan_Zenker_mybet_Holding_300_300.jpg"},{"@type":"BreadcrumbList","@id":"https:\/\/www.viaprinto.de\/blog\/premiere-der-ir2013-viaprinto-begleitet-auftakt-der-branchen-konferenz\/#breadcrumb","itemListElement":[{"@type":"ListItem","position":1,"name":"Startseite","item":"https:\/\/www.viaprinto.de\/blog\/"},{"@type":"ListItem","position":2,"name":"Premiere der IR2013 \u2013 viaprinto begleitet Auftakt der Branchen-Konferenz."}]},{"@type":"WebSite","@id":"https:\/\/www.viaprinto.de\/blog\/#website","url":"https:\/\/www.viaprinto.de\/blog\/","name":"viaprinto Blog | Alles \u00fcber den Druck","description":"","publisher":{"@id":"https:\/\/www.viaprinto.de\/blog\/#organization"},"potentialAction":[{"@type":"SearchAction","target":{"@type":"EntryPoint","urlTemplate":"https:\/\/www.viaprinto.de\/blog\/?s={search_term_string}"},"query-input":{"@type":"PropertyValueSpecification","valueRequired":true,"valueName":"search_term_string"}}],"inLanguage":"de"},{"@type":"Organization","@id":"https:\/\/www.viaprinto.de\/blog\/#organization","name":"viaprinto","url":"https:\/\/www.viaprinto.de\/blog\/","logo":{"@type":"ImageObject","inLanguage":"de","@id":"https:\/\/www.viaprinto.de\/blog\/#\/schema\/logo\/image\/","url":"https:\/\/www.viaprinto.de\/blog\/wp-content\/uploads\/2022\/12\/viaprinto-blog-logo.svg","contentUrl":"https:\/\/www.viaprinto.de\/blog\/wp-content\/uploads\/2022\/12\/viaprinto-blog-logo.svg","caption":"viaprinto"},"image":{"@id":"https:\/\/www.viaprinto.de\/blog\/#\/schema\/logo\/image\/"},"sameAs":["https:\/\/www.linkedin.com\/company\/viaprinto"]},{"@type":"Person","@id":"https:\/\/www.viaprinto.de\/blog\/#\/schema\/person\/6a8f659dcc14fafe8739fabdb8f6e18e","name":"Daniela K\u00fcper","url":"https:\/\/www.viaprinto.de\/blog\/author\/daniela-kueperviaprinto-de\/"}]}},"mfb_rest_fields":["title","yoast_head","yoast_head_json"],"_links":{"self":[{"href":"https:\/\/www.viaprinto.de\/blog\/wp-json\/wp\/v2\/posts\/1898","targetHints":{"allow":["GET"]}}],"collection":[{"href":"https:\/\/www.viaprinto.de\/blog\/wp-json\/wp\/v2\/posts"}],"about":[{"href":"https:\/\/www.viaprinto.de\/blog\/wp-json\/wp\/v2\/types\/post"}],"author":[{"embeddable":true,"href":"https:\/\/www.viaprinto.de\/blog\/wp-json\/wp\/v2\/users\/5"}],"replies":[{"embeddable":true,"href":"https:\/\/www.viaprinto.de\/blog\/wp-json\/wp\/v2\/comments?post=1898"}],"version-history":[{"count":0,"href":"https:\/\/www.viaprinto.de\/blog\/wp-json\/wp\/v2\/posts\/1898\/revisions"}],"wp:attachment":[{"href":"https:\/\/www.viaprinto.de\/blog\/wp-json\/wp\/v2\/media?parent=1898"}],"wp:term":[{"taxonomy":"category","embeddable":true,"href":"https:\/\/www.viaprinto.de\/blog\/wp-json\/wp\/v2\/categories?post=1898"},{"taxonomy":"post_tag","embeddable":true,"href":"https:\/\/www.viaprinto.de\/blog\/wp-json\/wp\/v2\/tags?post=1898"}],"curies":[{"name":"wp","href":"https:\/\/api.w.org\/{rel}","templated":true}]}}