{"id":18937,"date":"2024-06-10T10:17:00","date_gmt":"2024-06-10T08:17:00","guid":{"rendered":"https:\/\/www.viaprinto.de\/blog\/?p=18937"},"modified":"2024-06-10T09:17:45","modified_gmt":"2024-06-10T07:17:45","slug":"planbar-mit-system","status":"publish","type":"post","link":"https:\/\/www.viaprinto.de\/blog\/planbar-mit-system\/","title":{"rendered":"Planbar mit System"},"content":{"rendered":"\n<p>Finden Sie bei viaprinto das passende Tool f\u00fcr Ihre Terminplanung: In unserem <a href=\"https:\/\/www.viaprinto.de\/kalender-vielfalt\" target=\"_blank\" rel=\"noreferrer noopener\">Portfolio <\/a>bieten wir Ihnen eine reichhaltige Vielfalt an Kalendern f\u00fcr die Wand, den Tisch oder die Tasche. Diese machen sich ganz hervorragend im eigenen B\u00fcro oder als Werbegeschenk f\u00fcr Gesch\u00e4ftspartner und -partnerinnen sowie Kunden und Kundinnen.<\/p>\n\n\n\n<p><strong>An der Wand<\/strong><\/p>\n\n\n\n<p>Ob bilderreich mit unseren <a href=\"https:\/\/www.viaprinto.de\/kalender\" target=\"_blank\" rel=\"noreferrer noopener\">Wandkalendern <\/a>oder aber kopflastig mit unseren <a href=\"https:\/\/www.viaprinto.de\/monatskalender\" target=\"_blank\" rel=\"noreferrer noopener\">Mehrmonats-Kalendern<\/a>: Gestalten Sie die praktischen Werbetr\u00e4ger und behalten Sie Ihre Termine im Blick: Mit dem Jahresplaner sogar bis zu 12 Monate lang.<\/p>\n\n\n\n<figure class=\"wp-block-gallery has-nested-images columns-default is-cropped wp-block-gallery-1 is-layout-flex wp-block-gallery-is-layout-flex\">\n<figure class=\"wp-block-image size-large\"><img loading=\"lazy\" decoding=\"async\" width=\"800\" height=\"600\" data-id=\"18938\" src=\"https:\/\/www.viaprinto.de\/blog\/wp-content\/uploads\/2024\/05\/wandkalender-rechts-@2x.jpg\" alt=\"\" class=\"wp-image-18938\" srcset=\"https:\/\/www.viaprinto.de\/blog\/wp-content\/uploads\/2024\/05\/wandkalender-rechts-@2x.jpg 800w, https:\/\/www.viaprinto.de\/blog\/wp-content\/uploads\/2024\/05\/wandkalender-rechts-@2x-300x225.jpg 300w, https:\/\/www.viaprinto.de\/blog\/wp-content\/uploads\/2024\/05\/wandkalender-rechts-@2x-768x576.jpg 768w\" sizes=\"auto, (max-width: 800px) 100vw, 800px\" \/><figcaption class=\"wp-element-caption\">Wandkalender mit bis zu 15 Seiten<\/figcaption><\/figure>\n\n\n\n<figure class=\"wp-block-image size-large\"><img loading=\"lazy\" decoding=\"async\" width=\"800\" height=\"600\" data-id=\"18939\" src=\"https:\/\/www.viaprinto.de\/blog\/wp-content\/uploads\/2024\/05\/drei-monats-kalender-mitte-@2x.jpg\" alt=\"\" class=\"wp-image-18939\" srcset=\"https:\/\/www.viaprinto.de\/blog\/wp-content\/uploads\/2024\/05\/drei-monats-kalender-mitte-@2x.jpg 800w, https:\/\/www.viaprinto.de\/blog\/wp-content\/uploads\/2024\/05\/drei-monats-kalender-mitte-@2x-300x225.jpg 300w, https:\/\/www.viaprinto.de\/blog\/wp-content\/uploads\/2024\/05\/drei-monats-kalender-mitte-@2x-768x576.jpg 768w\" sizes=\"auto, (max-width: 800px) 100vw, 800px\" \/><figcaption class=\"wp-element-caption\">Drei-Monats-Kalender<\/figcaption><\/figure>\n\n\n\n<figure class=\"wp-block-image size-large\"><img loading=\"lazy\" decoding=\"async\" width=\"800\" height=\"600\" data-id=\"18940\" src=\"https:\/\/www.viaprinto.de\/blog\/wp-content\/uploads\/2024\/05\/vier-monats-kalender-mitte-@2x.jpg\" alt=\"\" class=\"wp-image-18940\" srcset=\"https:\/\/www.viaprinto.de\/blog\/wp-content\/uploads\/2024\/05\/vier-monats-kalender-mitte-@2x.jpg 800w, https:\/\/www.viaprinto.de\/blog\/wp-content\/uploads\/2024\/05\/vier-monats-kalender-mitte-@2x-300x225.jpg 300w, https:\/\/www.viaprinto.de\/blog\/wp-content\/uploads\/2024\/05\/vier-monats-kalender-mitte-@2x-768x576.jpg 768w\" sizes=\"auto, (max-width: 800px) 100vw, 800px\" \/><figcaption class=\"wp-element-caption\">Vier-Monats-Kalender<\/figcaption><\/figure>\n\n\n\n<figure class=\"wp-block-image size-large\"><img loading=\"lazy\" decoding=\"async\" width=\"800\" height=\"600\" data-id=\"18941\" src=\"https:\/\/www.viaprinto.de\/blog\/wp-content\/uploads\/2024\/05\/5-monats-kalender-mitte-@2x.jpg\" alt=\"\" class=\"wp-image-18941\" srcset=\"https:\/\/www.viaprinto.de\/blog\/wp-content\/uploads\/2024\/05\/5-monats-kalender-mitte-@2x.jpg 800w, https:\/\/www.viaprinto.de\/blog\/wp-content\/uploads\/2024\/05\/5-monats-kalender-mitte-@2x-300x225.jpg 300w, https:\/\/www.viaprinto.de\/blog\/wp-content\/uploads\/2024\/05\/5-monats-kalender-mitte-@2x-768x576.jpg 768w\" sizes=\"auto, (max-width: 800px) 100vw, 800px\" \/><figcaption class=\"wp-element-caption\">F\u00fcnf-Monats-Kalender<\/figcaption><\/figure>\n\n\n\n<figure class=\"wp-block-image size-large\"><img loading=\"lazy\" decoding=\"async\" width=\"800\" height=\"600\" data-id=\"18942\" src=\"https:\/\/www.viaprinto.de\/blog\/wp-content\/uploads\/2024\/05\/jahresplaner-mitte-@2x.jpg\" alt=\"\" class=\"wp-image-18942\" srcset=\"https:\/\/www.viaprinto.de\/blog\/wp-content\/uploads\/2024\/05\/jahresplaner-mitte-@2x.jpg 800w, https:\/\/www.viaprinto.de\/blog\/wp-content\/uploads\/2024\/05\/jahresplaner-mitte-@2x-300x225.jpg 300w, https:\/\/www.viaprinto.de\/blog\/wp-content\/uploads\/2024\/05\/jahresplaner-mitte-@2x-768x576.jpg 768w\" sizes=\"auto, (max-width: 800px) 100vw, 800px\" \/><figcaption class=\"wp-element-caption\">Jahresplaner<\/figcaption><\/figure>\n\n\n\n<figure class=\"wp-block-image size-large\"><img loading=\"lazy\" decoding=\"async\" width=\"800\" height=\"600\" data-id=\"18943\" src=\"https:\/\/www.viaprinto.de\/blog\/wp-content\/uploads\/2024\/05\/streifenkalender-rechts-@2x.jpg\" alt=\"\" class=\"wp-image-18943\" srcset=\"https:\/\/www.viaprinto.de\/blog\/wp-content\/uploads\/2024\/05\/streifenkalender-rechts-@2x.jpg 800w, https:\/\/www.viaprinto.de\/blog\/wp-content\/uploads\/2024\/05\/streifenkalender-rechts-@2x-300x225.jpg 300w, https:\/\/www.viaprinto.de\/blog\/wp-content\/uploads\/2024\/05\/streifenkalender-rechts-@2x-768x576.jpg 768w\" sizes=\"auto, (max-width: 800px) 100vw, 800px\" \/><figcaption class=\"wp-element-caption\">Streifenkalender<\/figcaption><\/figure>\n<\/figure>\n\n\n\n\n\n<p><strong>Auf dem Tisch<\/strong><\/p>\n\n\n\n<p><a href=\"https:\/\/www.viaprinto.de\/tischkalender\" target=\"_blank\" rel=\"noreferrer noopener\">Tischkalender<\/a>, <a href=\"https:\/\/www.viaprinto.de\/terminkalender\" target=\"_blank\" rel=\"noreferrer noopener\">Terminkalender <\/a>oder <a href=\"https:\/\/www.viaprinto.de\/schreibtischunterlagen\" target=\"_blank\" rel=\"noreferrer noopener\">Schreibtischunterlagen <\/a>\u2013 direkt neben Tastatur und Maus machen Terminplaner eine gute Figur, sind gut zug\u00e4nglich und eignen sich auch f\u00fcr die pers\u00f6nlichen Termine, die nicht jeder sehen soll.<\/p>\n\n\n\n<figure class=\"wp-block-gallery has-nested-images columns-default is-cropped wp-block-gallery-2 is-layout-flex wp-block-gallery-is-layout-flex\">\n<figure class=\"wp-block-image size-large\"><img loading=\"lazy\" decoding=\"async\" width=\"800\" height=\"600\" data-id=\"18944\" src=\"https:\/\/www.viaprinto.de\/blog\/wp-content\/uploads\/2024\/05\/tischkalender-mitte-@2x.jpg\" alt=\"\" class=\"wp-image-18944\" srcset=\"https:\/\/www.viaprinto.de\/blog\/wp-content\/uploads\/2024\/05\/tischkalender-mitte-@2x.jpg 800w, https:\/\/www.viaprinto.de\/blog\/wp-content\/uploads\/2024\/05\/tischkalender-mitte-@2x-300x225.jpg 300w, https:\/\/www.viaprinto.de\/blog\/wp-content\/uploads\/2024\/05\/tischkalender-mitte-@2x-768x576.jpg 768w\" sizes=\"auto, (max-width: 800px) 100vw, 800px\" \/><\/figure>\n\n\n\n<figure class=\"wp-block-image size-large\"><img loading=\"lazy\" decoding=\"async\" width=\"800\" height=\"532\" data-id=\"18945\" src=\"https:\/\/www.viaprinto.de\/blog\/wp-content\/uploads\/2024\/05\/tischkalender-mini-mw-content-1-@2x.jpg\" alt=\"\" class=\"wp-image-18945\" srcset=\"https:\/\/www.viaprinto.de\/blog\/wp-content\/uploads\/2024\/05\/tischkalender-mini-mw-content-1-@2x.jpg 800w, https:\/\/www.viaprinto.de\/blog\/wp-content\/uploads\/2024\/05\/tischkalender-mini-mw-content-1-@2x-300x200.jpg 300w, https:\/\/www.viaprinto.de\/blog\/wp-content\/uploads\/2024\/05\/tischkalender-mini-mw-content-1-@2x-768x511.jpg 768w\" sizes=\"auto, (max-width: 800px) 100vw, 800px\" \/><figcaption class=\"wp-element-caption\">Tischkalender Mini<\/figcaption><\/figure>\n\n\n\n<figure class=\"wp-block-image size-large\"><img loading=\"lazy\" decoding=\"async\" width=\"800\" height=\"532\" data-id=\"18946\" src=\"https:\/\/www.viaprinto.de\/blog\/wp-content\/uploads\/2024\/05\/tischkalender-motiv-mw-content-2-@2x.jpg\" alt=\"\" class=\"wp-image-18946\" srcset=\"https:\/\/www.viaprinto.de\/blog\/wp-content\/uploads\/2024\/05\/tischkalender-motiv-mw-content-2-@2x.jpg 800w, https:\/\/www.viaprinto.de\/blog\/wp-content\/uploads\/2024\/05\/tischkalender-motiv-mw-content-2-@2x-300x200.jpg 300w, https:\/\/www.viaprinto.de\/blog\/wp-content\/uploads\/2024\/05\/tischkalender-motiv-mw-content-2-@2x-768x511.jpg 768w\" sizes=\"auto, (max-width: 800px) 100vw, 800px\" \/><figcaption class=\"wp-element-caption\">Tischkalender Motiv<\/figcaption><\/figure>\n\n\n\n<figure class=\"wp-block-image size-large\"><img loading=\"lazy\" decoding=\"async\" width=\"800\" height=\"600\" data-id=\"18947\" src=\"https:\/\/www.viaprinto.de\/blog\/wp-content\/uploads\/2024\/05\/tischkalender-metall-mitte-@2x.jpg\" alt=\"\" class=\"wp-image-18947\" srcset=\"https:\/\/www.viaprinto.de\/blog\/wp-content\/uploads\/2024\/05\/tischkalender-metall-mitte-@2x.jpg 800w, https:\/\/www.viaprinto.de\/blog\/wp-content\/uploads\/2024\/05\/tischkalender-metall-mitte-@2x-300x225.jpg 300w, https:\/\/www.viaprinto.de\/blog\/wp-content\/uploads\/2024\/05\/tischkalender-metall-mitte-@2x-768x576.jpg 768w\" sizes=\"auto, (max-width: 800px) 100vw, 800px\" \/><figcaption class=\"wp-element-caption\">Tischkalender Metall<\/figcaption><\/figure>\n\n\n\n<figure class=\"wp-block-image size-large\"><img loading=\"lazy\" decoding=\"async\" width=\"800\" height=\"600\" data-id=\"18948\" src=\"https:\/\/www.viaprinto.de\/blog\/wp-content\/uploads\/2024\/05\/terminkalender-mitte-@2x.jpg\" alt=\"\" class=\"wp-image-18948\" srcset=\"https:\/\/www.viaprinto.de\/blog\/wp-content\/uploads\/2024\/05\/terminkalender-mitte-@2x.jpg 800w, https:\/\/www.viaprinto.de\/blog\/wp-content\/uploads\/2024\/05\/terminkalender-mitte-@2x-300x225.jpg 300w, https:\/\/www.viaprinto.de\/blog\/wp-content\/uploads\/2024\/05\/terminkalender-mitte-@2x-768x576.jpg 768w\" sizes=\"auto, (max-width: 800px) 100vw, 800px\" \/><figcaption class=\"wp-element-caption\">Terminkalender<\/figcaption><\/figure>\n<\/figure>\n\n\n\n\n\n<p><strong>In der Tasche<\/strong><\/p>\n\n\n\n<p>Auch unterwegs sind Sie immer auf dem Laufenden mit <a href=\"https:\/\/www.viaprinto.de\/buchkalender\" target=\"_blank\" rel=\"noreferrer noopener\">Buch<\/a>&#8211; und <a href=\"https:\/\/www.viaprinto.de\/taschenkalender\" target=\"_blank\" rel=\"noreferrer noopener\">Taschenkalendern<\/a>. Immer dabei und immer auf dem neuesten Stand.<\/p>\n\n\n\n<figure class=\"wp-block-gallery has-nested-images columns-default is-cropped wp-block-gallery-3 is-layout-flex wp-block-gallery-is-layout-flex\">\n<figure class=\"wp-block-image size-large\"><img loading=\"lazy\" decoding=\"async\" width=\"800\" height=\"600\" data-id=\"18950\" src=\"https:\/\/www.viaprinto.de\/blog\/wp-content\/uploads\/2024\/05\/buchkalender-hardcover-mitte-@2x.jpg\" alt=\"\" class=\"wp-image-18950\" srcset=\"https:\/\/www.viaprinto.de\/blog\/wp-content\/uploads\/2024\/05\/buchkalender-hardcover-mitte-@2x.jpg 800w, https:\/\/www.viaprinto.de\/blog\/wp-content\/uploads\/2024\/05\/buchkalender-hardcover-mitte-@2x-300x225.jpg 300w, https:\/\/www.viaprinto.de\/blog\/wp-content\/uploads\/2024\/05\/buchkalender-hardcover-mitte-@2x-768x576.jpg 768w\" sizes=\"auto, (max-width: 800px) 100vw, 800px\" \/><figcaption class=\"wp-element-caption\">Buchkalender Hardcover<\/figcaption><\/figure>\n\n\n\n<figure class=\"wp-block-image size-large\"><img loading=\"lazy\" decoding=\"async\" width=\"800\" height=\"600\" data-id=\"18949\" src=\"https:\/\/www.viaprinto.de\/blog\/wp-content\/uploads\/2024\/05\/taschenkalender-mitte-@2x.jpg\" alt=\"\" class=\"wp-image-18949\" srcset=\"https:\/\/www.viaprinto.de\/blog\/wp-content\/uploads\/2024\/05\/taschenkalender-mitte-@2x.jpg 800w, https:\/\/www.viaprinto.de\/blog\/wp-content\/uploads\/2024\/05\/taschenkalender-mitte-@2x-300x225.jpg 300w, https:\/\/www.viaprinto.de\/blog\/wp-content\/uploads\/2024\/05\/taschenkalender-mitte-@2x-768x576.jpg 768w\" sizes=\"auto, (max-width: 800px) 100vw, 800px\" \/><figcaption class=\"wp-element-caption\">Taschenkalender<\/figcaption><\/figure>\n<\/figure>\n\n\n\n\n\n<p>Mehr Informationen zu den einzelnen Kalendern finden Sie auch auf <a href=\"http:\/\/www.viaprinto.de\/kalender-vielfalt\" target=\"_blank\" rel=\"noreferrer noopener\">unserem Portal<\/a>.<\/p>\n","protected":false},"excerpt":{"rendered":"<p>Finden Sie bei viaprinto das passende Tool f\u00fcr Ihre Terminplanung: In unserem Portfolio bieten wir Ihnen eine reichhaltige Vielfalt an Kalendern f\u00fcr die Wand, den Tisch oder die Tasche.<\/p>\n","protected":false},"author":8,"featured_media":18952,"comment_status":"closed","ping_status":"closed","sticky":false,"template":"","format":"standard","meta":{"_acf_changed":false,"inline_featured_image":false,"footnotes":""},"categories":[614],"tags":[521,41,341,56],"class_list":["post-18937","post","type-post","status-publish","format-standard","has-post-thumbnail","hentry","category-kalender-produkte-von-viaprinto","tag-buchkalender","tag-kalender","tag-tischkalender","tag-wandkalender"],"mb":[],"acf":[],"yoast_head":"<!-- This site is optimized with the Yoast SEO plugin v27.4 - https:\/\/yoast.com\/product\/yoast-seo-wordpress\/ -->\n<title>Planbar mit System | viaprinto Blog | Alles \u00fcber den Druck<\/title>\n<meta name=\"robots\" content=\"index, follow, max-snippet:-1, max-image-preview:large, max-video-preview:-1\" \/>\n<link rel=\"canonical\" href=\"https:\/\/www.viaprinto.de\/blog\/planbar-mit-system\/\" \/>\n<meta property=\"og:locale\" content=\"de_DE\" \/>\n<meta property=\"og:type\" content=\"article\" \/>\n<meta property=\"og:title\" content=\"Planbar mit System | viaprinto Blog | Alles \u00fcber den Druck\" \/>\n<meta property=\"og:description\" content=\"Finden Sie bei viaprinto das passende Tool f\u00fcr Ihre Terminplanung: In unserem Portfolio bieten wir Ihnen eine reichhaltige Vielfalt an Kalendern f\u00fcr die Wand, den Tisch oder die Tasche.\" \/>\n<meta property=\"og:url\" content=\"https:\/\/www.viaprinto.de\/blog\/planbar-mit-system\/\" \/>\n<meta property=\"og:site_name\" content=\"viaprinto Blog | Alles \u00fcber den Druck\" \/>\n<meta property=\"article:published_time\" content=\"2024-06-10T08:17:00+00:00\" \/>\n<meta property=\"og:image\" content=\"https:\/\/www.viaprinto.de\/blog\/wp-content\/uploads\/2024\/05\/blogheader-kalender-2024-1690x642px-@2x.jpg\" \/>\n\t<meta property=\"og:image:width\" content=\"1690\" \/>\n\t<meta property=\"og:image:height\" content=\"642\" \/>\n\t<meta property=\"og:image:type\" content=\"image\/jpeg\" \/>\n<meta name=\"author\" content=\"Sarah Sassenhagen\" \/>\n<script type=\"application\/ld+json\" class=\"yoast-schema-graph\">{\"@context\":\"https:\\\/\\\/schema.org\",\"@graph\":[{\"@type\":\"Article\",\"@id\":\"https:\\\/\\\/www.viaprinto.de\\\/blog\\\/planbar-mit-system\\\/#article\",\"isPartOf\":{\"@id\":\"https:\\\/\\\/www.viaprinto.de\\\/blog\\\/planbar-mit-system\\\/\"},\"author\":{\"name\":\"Sarah Sassenhagen\",\"@id\":\"https:\\\/\\\/www.viaprinto.de\\\/blog\\\/#\\\/schema\\\/person\\\/1aa19d31063bc939317c758ceb8b7c16\"},\"headline\":\"Planbar mit System\",\"datePublished\":\"2024-06-10T08:17:00+00:00\",\"mainEntityOfPage\":{\"@id\":\"https:\\\/\\\/www.viaprinto.de\\\/blog\\\/planbar-mit-system\\\/\"},\"wordCount\":183,\"publisher\":{\"@id\":\"https:\\\/\\\/www.viaprinto.de\\\/blog\\\/#organization\"},\"image\":{\"@id\":\"https:\\\/\\\/www.viaprinto.de\\\/blog\\\/planbar-mit-system\\\/#primaryimage\"},\"thumbnailUrl\":\"https:\\\/\\\/www.viaprinto.de\\\/blog\\\/wp-content\\\/uploads\\\/2024\\\/05\\\/blogheader-kalender-2024-1690x642px-@2x.jpg\",\"keywords\":[\"Buchkalender\",\"Kalender\",\"Tischkalender\",\"Wandkalender\"],\"articleSection\":[\"Kalender\"],\"inLanguage\":\"de\"},{\"@type\":\"WebPage\",\"@id\":\"https:\\\/\\\/www.viaprinto.de\\\/blog\\\/planbar-mit-system\\\/\",\"url\":\"https:\\\/\\\/www.viaprinto.de\\\/blog\\\/planbar-mit-system\\\/\",\"name\":\"Planbar mit System | viaprinto Blog | Alles \u00fcber den Druck\",\"isPartOf\":{\"@id\":\"https:\\\/\\\/www.viaprinto.de\\\/blog\\\/#website\"},\"primaryImageOfPage\":{\"@id\":\"https:\\\/\\\/www.viaprinto.de\\\/blog\\\/planbar-mit-system\\\/#primaryimage\"},\"image\":{\"@id\":\"https:\\\/\\\/www.viaprinto.de\\\/blog\\\/planbar-mit-system\\\/#primaryimage\"},\"thumbnailUrl\":\"https:\\\/\\\/www.viaprinto.de\\\/blog\\\/wp-content\\\/uploads\\\/2024\\\/05\\\/blogheader-kalender-2024-1690x642px-@2x.jpg\",\"breadcrumb\":{\"@id\":\"https:\\\/\\\/www.viaprinto.de\\\/blog\\\/planbar-mit-system\\\/#breadcrumb\"},\"inLanguage\":\"de\",\"potentialAction\":[{\"@type\":\"ReadAction\",\"target\":[\"https:\\\/\\\/www.viaprinto.de\\\/blog\\\/planbar-mit-system\\\/\"]}]},{\"@type\":\"ImageObject\",\"inLanguage\":\"de\",\"@id\":\"https:\\\/\\\/www.viaprinto.de\\\/blog\\\/planbar-mit-system\\\/#primaryimage\",\"url\":\"https:\\\/\\\/www.viaprinto.de\\\/blog\\\/wp-content\\\/uploads\\\/2024\\\/05\\\/blogheader-kalender-2024-1690x642px-@2x.jpg\",\"contentUrl\":\"https:\\\/\\\/www.viaprinto.de\\\/blog\\\/wp-content\\\/uploads\\\/2024\\\/05\\\/blogheader-kalender-2024-1690x642px-@2x.jpg\",\"width\":1690,\"height\":642},{\"@type\":\"BreadcrumbList\",\"@id\":\"https:\\\/\\\/www.viaprinto.de\\\/blog\\\/planbar-mit-system\\\/#breadcrumb\",\"itemListElement\":[{\"@type\":\"ListItem\",\"position\":1,\"name\":\"Startseite\",\"item\":\"https:\\\/\\\/www.viaprinto.de\\\/blog\\\/\"},{\"@type\":\"ListItem\",\"position\":2,\"name\":\"Planbar mit System\"}]},{\"@type\":\"WebSite\",\"@id\":\"https:\\\/\\\/www.viaprinto.de\\\/blog\\\/#website\",\"url\":\"https:\\\/\\\/www.viaprinto.de\\\/blog\\\/\",\"name\":\"viaprinto Blog | Alles \u00fcber den Druck\",\"description\":\"\",\"publisher\":{\"@id\":\"https:\\\/\\\/www.viaprinto.de\\\/blog\\\/#organization\"},\"potentialAction\":[{\"@type\":\"SearchAction\",\"target\":{\"@type\":\"EntryPoint\",\"urlTemplate\":\"https:\\\/\\\/www.viaprinto.de\\\/blog\\\/?s={search_term_string}\"},\"query-input\":{\"@type\":\"PropertyValueSpecification\",\"valueRequired\":true,\"valueName\":\"search_term_string\"}}],\"inLanguage\":\"de\"},{\"@type\":\"Organization\",\"@id\":\"https:\\\/\\\/www.viaprinto.de\\\/blog\\\/#organization\",\"name\":\"viaprinto\",\"url\":\"https:\\\/\\\/www.viaprinto.de\\\/blog\\\/\",\"logo\":{\"@type\":\"ImageObject\",\"inLanguage\":\"de\",\"@id\":\"https:\\\/\\\/www.viaprinto.de\\\/blog\\\/#\\\/schema\\\/logo\\\/image\\\/\",\"url\":\"https:\\\/\\\/www.viaprinto.de\\\/blog\\\/wp-content\\\/uploads\\\/2022\\\/12\\\/viaprinto-blog-logo.svg\",\"contentUrl\":\"https:\\\/\\\/www.viaprinto.de\\\/blog\\\/wp-content\\\/uploads\\\/2022\\\/12\\\/viaprinto-blog-logo.svg\",\"caption\":\"viaprinto\"},\"image\":{\"@id\":\"https:\\\/\\\/www.viaprinto.de\\\/blog\\\/#\\\/schema\\\/logo\\\/image\\\/\"},\"sameAs\":[\"https:\\\/\\\/www.linkedin.com\\\/company\\\/viaprinto\"]},{\"@type\":\"Person\",\"@id\":\"https:\\\/\\\/www.viaprinto.de\\\/blog\\\/#\\\/schema\\\/person\\\/1aa19d31063bc939317c758ceb8b7c16\",\"name\":\"Sarah Sassenhagen\",\"url\":\"https:\\\/\\\/www.viaprinto.de\\\/blog\\\/author\\\/sarah-sassenhagenviaprinto-de\\\/\"}]}<\/script>\n<!-- \/ Yoast SEO plugin. -->","yoast_head_json":{"title":"Planbar mit System | viaprinto Blog | Alles \u00fcber den Druck","robots":{"index":"index","follow":"follow","max-snippet":"max-snippet:-1","max-image-preview":"max-image-preview:large","max-video-preview":"max-video-preview:-1"},"canonical":"https:\/\/www.viaprinto.de\/blog\/planbar-mit-system\/","og_locale":"de_DE","og_type":"article","og_title":"Planbar mit System | viaprinto Blog | Alles \u00fcber den Druck","og_description":"Finden Sie bei viaprinto das passende Tool f\u00fcr Ihre Terminplanung: In unserem Portfolio bieten wir Ihnen eine reichhaltige Vielfalt an Kalendern f\u00fcr die Wand, den Tisch oder die Tasche.","og_url":"https:\/\/www.viaprinto.de\/blog\/planbar-mit-system\/","og_site_name":"viaprinto Blog | Alles \u00fcber den Druck","article_published_time":"2024-06-10T08:17:00+00:00","og_image":[{"width":1690,"height":642,"url":"https:\/\/www.viaprinto.de\/blog\/wp-content\/uploads\/2024\/05\/blogheader-kalender-2024-1690x642px-@2x.jpg","type":"image\/jpeg"}],"author":"Sarah Sassenhagen","schema":{"@context":"https:\/\/schema.org","@graph":[{"@type":"Article","@id":"https:\/\/www.viaprinto.de\/blog\/planbar-mit-system\/#article","isPartOf":{"@id":"https:\/\/www.viaprinto.de\/blog\/planbar-mit-system\/"},"author":{"name":"Sarah Sassenhagen","@id":"https:\/\/www.viaprinto.de\/blog\/#\/schema\/person\/1aa19d31063bc939317c758ceb8b7c16"},"headline":"Planbar mit System","datePublished":"2024-06-10T08:17:00+00:00","mainEntityOfPage":{"@id":"https:\/\/www.viaprinto.de\/blog\/planbar-mit-system\/"},"wordCount":183,"publisher":{"@id":"https:\/\/www.viaprinto.de\/blog\/#organization"},"image":{"@id":"https:\/\/www.viaprinto.de\/blog\/planbar-mit-system\/#primaryimage"},"thumbnailUrl":"https:\/\/www.viaprinto.de\/blog\/wp-content\/uploads\/2024\/05\/blogheader-kalender-2024-1690x642px-@2x.jpg","keywords":["Buchkalender","Kalender","Tischkalender","Wandkalender"],"articleSection":["Kalender"],"inLanguage":"de"},{"@type":"WebPage","@id":"https:\/\/www.viaprinto.de\/blog\/planbar-mit-system\/","url":"https:\/\/www.viaprinto.de\/blog\/planbar-mit-system\/","name":"Planbar mit System | viaprinto Blog | Alles \u00fcber den Druck","isPartOf":{"@id":"https:\/\/www.viaprinto.de\/blog\/#website"},"primaryImageOfPage":{"@id":"https:\/\/www.viaprinto.de\/blog\/planbar-mit-system\/#primaryimage"},"image":{"@id":"https:\/\/www.viaprinto.de\/blog\/planbar-mit-system\/#primaryimage"},"thumbnailUrl":"https:\/\/www.viaprinto.de\/blog\/wp-content\/uploads\/2024\/05\/blogheader-kalender-2024-1690x642px-@2x.jpg","breadcrumb":{"@id":"https:\/\/www.viaprinto.de\/blog\/planbar-mit-system\/#breadcrumb"},"inLanguage":"de","potentialAction":[{"@type":"ReadAction","target":["https:\/\/www.viaprinto.de\/blog\/planbar-mit-system\/"]}]},{"@type":"ImageObject","inLanguage":"de","@id":"https:\/\/www.viaprinto.de\/blog\/planbar-mit-system\/#primaryimage","url":"https:\/\/www.viaprinto.de\/blog\/wp-content\/uploads\/2024\/05\/blogheader-kalender-2024-1690x642px-@2x.jpg","contentUrl":"https:\/\/www.viaprinto.de\/blog\/wp-content\/uploads\/2024\/05\/blogheader-kalender-2024-1690x642px-@2x.jpg","width":1690,"height":642},{"@type":"BreadcrumbList","@id":"https:\/\/www.viaprinto.de\/blog\/planbar-mit-system\/#breadcrumb","itemListElement":[{"@type":"ListItem","position":1,"name":"Startseite","item":"https:\/\/www.viaprinto.de\/blog\/"},{"@type":"ListItem","position":2,"name":"Planbar mit System"}]},{"@type":"WebSite","@id":"https:\/\/www.viaprinto.de\/blog\/#website","url":"https:\/\/www.viaprinto.de\/blog\/","name":"viaprinto Blog | Alles \u00fcber den Druck","description":"","publisher":{"@id":"https:\/\/www.viaprinto.de\/blog\/#organization"},"potentialAction":[{"@type":"SearchAction","target":{"@type":"EntryPoint","urlTemplate":"https:\/\/www.viaprinto.de\/blog\/?s={search_term_string}"},"query-input":{"@type":"PropertyValueSpecification","valueRequired":true,"valueName":"search_term_string"}}],"inLanguage":"de"},{"@type":"Organization","@id":"https:\/\/www.viaprinto.de\/blog\/#organization","name":"viaprinto","url":"https:\/\/www.viaprinto.de\/blog\/","logo":{"@type":"ImageObject","inLanguage":"de","@id":"https:\/\/www.viaprinto.de\/blog\/#\/schema\/logo\/image\/","url":"https:\/\/www.viaprinto.de\/blog\/wp-content\/uploads\/2022\/12\/viaprinto-blog-logo.svg","contentUrl":"https:\/\/www.viaprinto.de\/blog\/wp-content\/uploads\/2022\/12\/viaprinto-blog-logo.svg","caption":"viaprinto"},"image":{"@id":"https:\/\/www.viaprinto.de\/blog\/#\/schema\/logo\/image\/"},"sameAs":["https:\/\/www.linkedin.com\/company\/viaprinto"]},{"@type":"Person","@id":"https:\/\/www.viaprinto.de\/blog\/#\/schema\/person\/1aa19d31063bc939317c758ceb8b7c16","name":"Sarah Sassenhagen","url":"https:\/\/www.viaprinto.de\/blog\/author\/sarah-sassenhagenviaprinto-de\/"}]}},"mfb_rest_fields":["title","yoast_head","yoast_head_json"],"_links":{"self":[{"href":"https:\/\/www.viaprinto.de\/blog\/wp-json\/wp\/v2\/posts\/18937","targetHints":{"allow":["GET"]}}],"collection":[{"href":"https:\/\/www.viaprinto.de\/blog\/wp-json\/wp\/v2\/posts"}],"about":[{"href":"https:\/\/www.viaprinto.de\/blog\/wp-json\/wp\/v2\/types\/post"}],"author":[{"embeddable":true,"href":"https:\/\/www.viaprinto.de\/blog\/wp-json\/wp\/v2\/users\/8"}],"replies":[{"embeddable":true,"href":"https:\/\/www.viaprinto.de\/blog\/wp-json\/wp\/v2\/comments?post=18937"}],"version-history":[{"count":3,"href":"https:\/\/www.viaprinto.de\/blog\/wp-json\/wp\/v2\/posts\/18937\/revisions"}],"predecessor-version":[{"id":18962,"href":"https:\/\/www.viaprinto.de\/blog\/wp-json\/wp\/v2\/posts\/18937\/revisions\/18962"}],"wp:featuredmedia":[{"embeddable":true,"href":"https:\/\/www.viaprinto.de\/blog\/wp-json\/wp\/v2\/media\/18952"}],"wp:attachment":[{"href":"https:\/\/www.viaprinto.de\/blog\/wp-json\/wp\/v2\/media?parent=18937"}],"wp:term":[{"taxonomy":"category","embeddable":true,"href":"https:\/\/www.viaprinto.de\/blog\/wp-json\/wp\/v2\/categories?post=18937"},{"taxonomy":"post_tag","embeddable":true,"href":"https:\/\/www.viaprinto.de\/blog\/wp-json\/wp\/v2\/tags?post=18937"}],"curies":[{"name":"wp","href":"https:\/\/api.w.org\/{rel}","templated":true}]}}