{"id":18273,"date":"2023-11-23T09:00:00","date_gmt":"2023-11-23T08:00:00","guid":{"rendered":"https:\/\/www.viaprinto.de\/blog\/?p=18273"},"modified":"2024-05-10T15:20:16","modified_gmt":"2024-05-10T13:20:16","slug":"wozu-veredeln","status":"publish","type":"post","link":"https:\/\/www.viaprinto.de\/blog\/wozu-veredeln\/","title":{"rendered":"Wozu veredeln? viaprinto gibt Antworten"},"content":{"rendered":"\n<p>Kurz vor dem Jahresende ist das Thema <a href=\"https:\/\/www.viaprinto.de\/hilfe\/produkt-konfigurieren\/veredelung\/index.html\" target=\"_blank\" rel=\"noreferrer noopener\">Veredeln <\/a>ganz hoch im Kurs. Schlie\u00dflich geht es darum, Danksagungen oder Weihnachtsgr\u00fc\u00dfe an Kunden und Partner mit etwas mehr Glamour auszurichten. Doch welchen Zweck erf\u00fcllen Veredelungen bei Druckprodukten eigentlich noch?<\/p>\n\n\n\n<h2 class=\"wp-block-heading\">Schutz und hohe Lebensdauer<\/h2>\n\n\n\n<p>Eine vollfl\u00e4chige Veredelung erh\u00f6ht die Lebensdauer, denn das Druckprodukt wird damit robuster gegen\u00fcber \u00e4u\u00dferen Einfl\u00fcssen. Vor allem f\u00fcr Printprodukte, die im Gastronomiebereich verwendet werden, ist das wichtig. <a href=\"https:\/\/www.viaprinto.de\/speisekarten-drucken\" target=\"_blank\" rel=\"noreferrer noopener\">Speisekarten<\/a>, <a href=\"https:\/\/www.viaprinto.de\/tischaufsteller\" target=\"_blank\" rel=\"noreferrer noopener\">Aufsteller<\/a>, <a href=\"https:\/\/www.viaprinto.de\/imbissflyer\" target=\"_blank\" rel=\"noreferrer noopener\">Imbissflyer <\/a>\u2013 alles sollte abwischbar sein, auch wenn es nicht den hundertprozentigen Schutz gibt.<\/p>\n\n\n\n<figure class=\"wp-block-gallery has-nested-images columns-default is-cropped wp-block-gallery-1 is-layout-flex wp-block-gallery-is-layout-flex\">\n<figure class=\"wp-block-image size-large\"><img loading=\"lazy\" decoding=\"async\" width=\"800\" height=\"600\" data-id=\"16948\" src=\"https:\/\/www.viaprinto.de\/blog\/wp-content\/uploads\/2022\/07\/imbissflyer-einbruchfalz-rechts-@2x-1.jpg\" alt=\"\" class=\"wp-image-16948\" srcset=\"https:\/\/www.viaprinto.de\/blog\/wp-content\/uploads\/2022\/07\/imbissflyer-einbruchfalz-rechts-@2x-1.jpg 800w, https:\/\/www.viaprinto.de\/blog\/wp-content\/uploads\/2022\/07\/imbissflyer-einbruchfalz-rechts-@2x-1-300x225.jpg 300w, https:\/\/www.viaprinto.de\/blog\/wp-content\/uploads\/2022\/07\/imbissflyer-einbruchfalz-rechts-@2x-1-768x576.jpg 768w\" sizes=\"auto, (max-width: 800px) 100vw, 800px\" \/><\/figure>\n\n\n\n<figure class=\"wp-block-image size-large\"><img loading=\"lazy\" decoding=\"async\" width=\"1024\" height=\"585\" data-id=\"17642\" src=\"https:\/\/www.viaprinto.de\/blog\/wp-content\/uploads\/2023\/03\/draufsicht-tischaufsteller-1024x585.jpg\" alt=\"\" class=\"wp-image-17642\" srcset=\"https:\/\/www.viaprinto.de\/blog\/wp-content\/uploads\/2023\/03\/draufsicht-tischaufsteller-1024x585.jpg 1024w, https:\/\/www.viaprinto.de\/blog\/wp-content\/uploads\/2023\/03\/draufsicht-tischaufsteller-300x171.jpg 300w, https:\/\/www.viaprinto.de\/blog\/wp-content\/uploads\/2023\/03\/draufsicht-tischaufsteller-768x439.jpg 768w, https:\/\/www.viaprinto.de\/blog\/wp-content\/uploads\/2023\/03\/draufsicht-tischaufsteller.jpg 1400w\" sizes=\"auto, (max-width: 1024px) 100vw, 1024px\" \/><\/figure>\n<\/figure>\n\n\n\n<p>Das Abscheuern von Druckfarbe gegen unbedruckte wei\u00dfe Papierfl\u00e4chen ist eine erhebliche Qualit\u00e4tseinbu\u00dfe. Aber die Auflage kann mit einer Vollfl\u00e4chenlackierung aus Dispersionslack gerettet werden, auch wenn damit der Mattcharakter der unbedruckten Papierfl\u00e4che beeintr\u00e4chtigt wird.<\/p>\n\n\n\n<h2 class=\"wp-block-heading\">Das gilt es zu beachten<\/h2>\n\n\n\n<p>Sowohl bei der vollfl\u00e4chigen als auch bei der partiellen Veredelung kommt es darauf an, dass in der Druckerei der gew\u00fcnschte Effekt tats\u00e4chlich umgesetzt werden kann, dass das Handwerk sitzt, sonst kehrt sich der gut gedachte Effekt in sein Gegenteil um und das Printprodukt wirkt billig. Veredelungstechnisch gibt es bei der partiellen Variante deswegen Einschr\u00e4nkungen: Erst ab einer bestimmten Schriftgr\u00f6\u00dfe und einer gewissen Linienst\u00e4rke kann Spotlack oder Hei\u00dffolie realisiert werden. Unser <a href=\"https:\/\/www.viaprinto.de\/feature\/profi-datencheck\/index.html\" target=\"_blank\" rel=\"noreferrer noopener\">Profi-Datencheck <\/a>oder auch das Team vom Kundenservice geben dazu Empfehlungen, damit ein ansprechendes Ergebnis herauskommt. Das Problem ist einfach erkl\u00e4rt: W\u00e4hlt man zu d\u00fcnne Linien oder zu kleine Schriftgr\u00f6\u00dfen aus, k\u00f6nnen die einzelnen Elemente im Druck mit Folie zusammenlaufen und man kann am Ende nichts erkennen. Bei Folie oder Relieflack sollte man zudem nicht randabfallend arbeiten, weil sonst der Lack oder die Folie bl\u00e4ttert.<\/p>\n","protected":false},"excerpt":{"rendered":"<p>Kurz vor dem Jahresende ist das Thema Veredeln ganz hoch im Kurs. Schlie\u00dflich geht es darum, Danksagungen oder Weihnachtsgr\u00fc\u00dfe an Kunden und Partner mit etwas mehr Glamour auszurichten. Doch welchen Zweck erf\u00fcllen Veredelungen bei Druckprodukten eigentlich noch?<\/p>\n","protected":false},"author":7,"featured_media":18287,"comment_status":"closed","ping_status":"closed","sticky":false,"template":"","format":"standard","meta":{"_acf_changed":false,"inline_featured_image":false,"footnotes":""},"categories":[412],"tags":[627,629,240,69,628],"class_list":["post-18273","post","type-post","status-publish","format-standard","has-post-thumbnail","hentry","category-features","tag-farbabrieb","tag-glamour","tag-hochglanz","tag-partielle-veredelungen","tag-schutz"],"mb":[],"acf":[],"yoast_head":"<!-- This site is optimized with the Yoast SEO plugin v27.4 - https:\/\/yoast.com\/product\/yoast-seo-wordpress\/ -->\n<title>Wozu veredeln? | viaprinto Blog<\/title>\n<meta name=\"description\" content=\"viaprinto Blog | Warum werden Druckprodukte veredelt? \u25b6 Schutz und hohe Lebensdauer. \u25b6 Hier finden Sie weitere Antworten.\" \/>\n<meta name=\"robots\" content=\"index, follow, max-snippet:-1, max-image-preview:large, max-video-preview:-1\" \/>\n<link rel=\"canonical\" href=\"https:\/\/www.viaprinto.de\/blog\/wozu-veredeln\/\" \/>\n<meta property=\"og:locale\" content=\"de_DE\" \/>\n<meta property=\"og:type\" content=\"article\" \/>\n<meta property=\"og:title\" content=\"Wozu veredeln? | viaprinto Blog\" \/>\n<meta property=\"og:description\" content=\"viaprinto Blog | Warum werden Druckprodukte veredelt? \u25b6 Schutz und hohe Lebensdauer. \u25b6 Hier finden Sie weitere Antworten.\" \/>\n<meta property=\"og:url\" content=\"https:\/\/www.viaprinto.de\/blog\/wozu-veredeln\/\" \/>\n<meta property=\"og:site_name\" content=\"viaprinto Blog | Alles \u00fcber den Druck\" \/>\n<meta property=\"article:published_time\" content=\"2023-11-23T08:00:00+00:00\" \/>\n<meta property=\"article:modified_time\" content=\"2024-05-10T13:20:16+00:00\" \/>\n<meta property=\"og:image\" content=\"https:\/\/www.viaprinto.de\/blog\/wp-content\/uploads\/2023\/10\/blogheader-partielle-veredelungen-abriebfest-1690x642px-@2x.jpg\" \/>\n\t<meta property=\"og:image:width\" content=\"1690\" \/>\n\t<meta property=\"og:image:height\" content=\"642\" \/>\n\t<meta property=\"og:image:type\" content=\"image\/jpeg\" \/>\n<meta name=\"author\" content=\"Isabel J\u00f6dicke\" \/>\n<script type=\"application\/ld+json\" class=\"yoast-schema-graph\">{\"@context\":\"https:\\\/\\\/schema.org\",\"@graph\":[{\"@type\":\"Article\",\"@id\":\"https:\\\/\\\/www.viaprinto.de\\\/blog\\\/wozu-veredeln\\\/#article\",\"isPartOf\":{\"@id\":\"https:\\\/\\\/www.viaprinto.de\\\/blog\\\/wozu-veredeln\\\/\"},\"author\":{\"name\":\"Isabel J\u00f6dicke\",\"@id\":\"https:\\\/\\\/www.viaprinto.de\\\/blog\\\/#\\\/schema\\\/person\\\/3c99507c1660c1f0bef1f76812fb55d9\"},\"headline\":\"Wozu veredeln? viaprinto gibt Antworten\",\"datePublished\":\"2023-11-23T08:00:00+00:00\",\"dateModified\":\"2024-05-10T13:20:16+00:00\",\"mainEntityOfPage\":{\"@id\":\"https:\\\/\\\/www.viaprinto.de\\\/blog\\\/wozu-veredeln\\\/\"},\"wordCount\":289,\"publisher\":{\"@id\":\"https:\\\/\\\/www.viaprinto.de\\\/blog\\\/#organization\"},\"image\":{\"@id\":\"https:\\\/\\\/www.viaprinto.de\\\/blog\\\/wozu-veredeln\\\/#primaryimage\"},\"thumbnailUrl\":\"https:\\\/\\\/www.viaprinto.de\\\/blog\\\/wp-content\\\/uploads\\\/2023\\\/10\\\/blogheader-partielle-veredelungen-abriebfest-1690x642px-@2x.jpg\",\"keywords\":[\"Farbabrieb\",\"Glamour\",\"Hochglanz\",\"partielle Veredelungen\",\"Schutz\"],\"articleSection\":[\"Features\"],\"inLanguage\":\"de\"},{\"@type\":\"WebPage\",\"@id\":\"https:\\\/\\\/www.viaprinto.de\\\/blog\\\/wozu-veredeln\\\/\",\"url\":\"https:\\\/\\\/www.viaprinto.de\\\/blog\\\/wozu-veredeln\\\/\",\"name\":\"Wozu veredeln? | viaprinto Blog\",\"isPartOf\":{\"@id\":\"https:\\\/\\\/www.viaprinto.de\\\/blog\\\/#website\"},\"primaryImageOfPage\":{\"@id\":\"https:\\\/\\\/www.viaprinto.de\\\/blog\\\/wozu-veredeln\\\/#primaryimage\"},\"image\":{\"@id\":\"https:\\\/\\\/www.viaprinto.de\\\/blog\\\/wozu-veredeln\\\/#primaryimage\"},\"thumbnailUrl\":\"https:\\\/\\\/www.viaprinto.de\\\/blog\\\/wp-content\\\/uploads\\\/2023\\\/10\\\/blogheader-partielle-veredelungen-abriebfest-1690x642px-@2x.jpg\",\"description\":\"viaprinto Blog | Warum werden Druckprodukte veredelt? \u25b6 Schutz und hohe Lebensdauer. \u25b6 Hier finden Sie weitere Antworten.\",\"breadcrumb\":{\"@id\":\"https:\\\/\\\/www.viaprinto.de\\\/blog\\\/wozu-veredeln\\\/#breadcrumb\"},\"inLanguage\":\"de\",\"potentialAction\":[{\"@type\":\"ReadAction\",\"target\":[\"https:\\\/\\\/www.viaprinto.de\\\/blog\\\/wozu-veredeln\\\/\"]}]},{\"@type\":\"ImageObject\",\"inLanguage\":\"de\",\"@id\":\"https:\\\/\\\/www.viaprinto.de\\\/blog\\\/wozu-veredeln\\\/#primaryimage\",\"url\":\"https:\\\/\\\/www.viaprinto.de\\\/blog\\\/wp-content\\\/uploads\\\/2023\\\/10\\\/blogheader-partielle-veredelungen-abriebfest-1690x642px-@2x.jpg\",\"contentUrl\":\"https:\\\/\\\/www.viaprinto.de\\\/blog\\\/wp-content\\\/uploads\\\/2023\\\/10\\\/blogheader-partielle-veredelungen-abriebfest-1690x642px-@2x.jpg\",\"width\":1690,\"height\":642},{\"@type\":\"BreadcrumbList\",\"@id\":\"https:\\\/\\\/www.viaprinto.de\\\/blog\\\/wozu-veredeln\\\/#breadcrumb\",\"itemListElement\":[{\"@type\":\"ListItem\",\"position\":1,\"name\":\"Startseite\",\"item\":\"https:\\\/\\\/www.viaprinto.de\\\/blog\\\/\"},{\"@type\":\"ListItem\",\"position\":2,\"name\":\"Wozu veredeln? viaprinto gibt Antworten\"}]},{\"@type\":\"WebSite\",\"@id\":\"https:\\\/\\\/www.viaprinto.de\\\/blog\\\/#website\",\"url\":\"https:\\\/\\\/www.viaprinto.de\\\/blog\\\/\",\"name\":\"viaprinto Blog | Alles \u00fcber den Druck\",\"description\":\"\",\"publisher\":{\"@id\":\"https:\\\/\\\/www.viaprinto.de\\\/blog\\\/#organization\"},\"potentialAction\":[{\"@type\":\"SearchAction\",\"target\":{\"@type\":\"EntryPoint\",\"urlTemplate\":\"https:\\\/\\\/www.viaprinto.de\\\/blog\\\/?s={search_term_string}\"},\"query-input\":{\"@type\":\"PropertyValueSpecification\",\"valueRequired\":true,\"valueName\":\"search_term_string\"}}],\"inLanguage\":\"de\"},{\"@type\":\"Organization\",\"@id\":\"https:\\\/\\\/www.viaprinto.de\\\/blog\\\/#organization\",\"name\":\"viaprinto\",\"url\":\"https:\\\/\\\/www.viaprinto.de\\\/blog\\\/\",\"logo\":{\"@type\":\"ImageObject\",\"inLanguage\":\"de\",\"@id\":\"https:\\\/\\\/www.viaprinto.de\\\/blog\\\/#\\\/schema\\\/logo\\\/image\\\/\",\"url\":\"https:\\\/\\\/www.viaprinto.de\\\/blog\\\/wp-content\\\/uploads\\\/2022\\\/12\\\/viaprinto-blog-logo.svg\",\"contentUrl\":\"https:\\\/\\\/www.viaprinto.de\\\/blog\\\/wp-content\\\/uploads\\\/2022\\\/12\\\/viaprinto-blog-logo.svg\",\"caption\":\"viaprinto\"},\"image\":{\"@id\":\"https:\\\/\\\/www.viaprinto.de\\\/blog\\\/#\\\/schema\\\/logo\\\/image\\\/\"},\"sameAs\":[\"https:\\\/\\\/www.linkedin.com\\\/company\\\/viaprinto\"]},{\"@type\":\"Person\",\"@id\":\"https:\\\/\\\/www.viaprinto.de\\\/blog\\\/#\\\/schema\\\/person\\\/3c99507c1660c1f0bef1f76812fb55d9\",\"name\":\"Isabel J\u00f6dicke\",\"url\":\"https:\\\/\\\/www.viaprinto.de\\\/blog\\\/author\\\/isabel-joedickeviaprinto-de\\\/\"}]}<\/script>\n<!-- \/ Yoast SEO plugin. -->","yoast_head_json":{"title":"Wozu veredeln? | viaprinto Blog","description":"viaprinto Blog | Warum werden Druckprodukte veredelt? \u25b6 Schutz und hohe Lebensdauer. \u25b6 Hier finden Sie weitere Antworten.","robots":{"index":"index","follow":"follow","max-snippet":"max-snippet:-1","max-image-preview":"max-image-preview:large","max-video-preview":"max-video-preview:-1"},"canonical":"https:\/\/www.viaprinto.de\/blog\/wozu-veredeln\/","og_locale":"de_DE","og_type":"article","og_title":"Wozu veredeln? | viaprinto Blog","og_description":"viaprinto Blog | Warum werden Druckprodukte veredelt? \u25b6 Schutz und hohe Lebensdauer. \u25b6 Hier finden Sie weitere Antworten.","og_url":"https:\/\/www.viaprinto.de\/blog\/wozu-veredeln\/","og_site_name":"viaprinto Blog | Alles \u00fcber den Druck","article_published_time":"2023-11-23T08:00:00+00:00","article_modified_time":"2024-05-10T13:20:16+00:00","og_image":[{"width":1690,"height":642,"url":"https:\/\/www.viaprinto.de\/blog\/wp-content\/uploads\/2023\/10\/blogheader-partielle-veredelungen-abriebfest-1690x642px-@2x.jpg","type":"image\/jpeg"}],"author":"Isabel J\u00f6dicke","schema":{"@context":"https:\/\/schema.org","@graph":[{"@type":"Article","@id":"https:\/\/www.viaprinto.de\/blog\/wozu-veredeln\/#article","isPartOf":{"@id":"https:\/\/www.viaprinto.de\/blog\/wozu-veredeln\/"},"author":{"name":"Isabel J\u00f6dicke","@id":"https:\/\/www.viaprinto.de\/blog\/#\/schema\/person\/3c99507c1660c1f0bef1f76812fb55d9"},"headline":"Wozu veredeln? viaprinto gibt Antworten","datePublished":"2023-11-23T08:00:00+00:00","dateModified":"2024-05-10T13:20:16+00:00","mainEntityOfPage":{"@id":"https:\/\/www.viaprinto.de\/blog\/wozu-veredeln\/"},"wordCount":289,"publisher":{"@id":"https:\/\/www.viaprinto.de\/blog\/#organization"},"image":{"@id":"https:\/\/www.viaprinto.de\/blog\/wozu-veredeln\/#primaryimage"},"thumbnailUrl":"https:\/\/www.viaprinto.de\/blog\/wp-content\/uploads\/2023\/10\/blogheader-partielle-veredelungen-abriebfest-1690x642px-@2x.jpg","keywords":["Farbabrieb","Glamour","Hochglanz","partielle Veredelungen","Schutz"],"articleSection":["Features"],"inLanguage":"de"},{"@type":"WebPage","@id":"https:\/\/www.viaprinto.de\/blog\/wozu-veredeln\/","url":"https:\/\/www.viaprinto.de\/blog\/wozu-veredeln\/","name":"Wozu veredeln? | viaprinto Blog","isPartOf":{"@id":"https:\/\/www.viaprinto.de\/blog\/#website"},"primaryImageOfPage":{"@id":"https:\/\/www.viaprinto.de\/blog\/wozu-veredeln\/#primaryimage"},"image":{"@id":"https:\/\/www.viaprinto.de\/blog\/wozu-veredeln\/#primaryimage"},"thumbnailUrl":"https:\/\/www.viaprinto.de\/blog\/wp-content\/uploads\/2023\/10\/blogheader-partielle-veredelungen-abriebfest-1690x642px-@2x.jpg","description":"viaprinto Blog | Warum werden Druckprodukte veredelt? \u25b6 Schutz und hohe Lebensdauer. \u25b6 Hier finden Sie weitere Antworten.","breadcrumb":{"@id":"https:\/\/www.viaprinto.de\/blog\/wozu-veredeln\/#breadcrumb"},"inLanguage":"de","potentialAction":[{"@type":"ReadAction","target":["https:\/\/www.viaprinto.de\/blog\/wozu-veredeln\/"]}]},{"@type":"ImageObject","inLanguage":"de","@id":"https:\/\/www.viaprinto.de\/blog\/wozu-veredeln\/#primaryimage","url":"https:\/\/www.viaprinto.de\/blog\/wp-content\/uploads\/2023\/10\/blogheader-partielle-veredelungen-abriebfest-1690x642px-@2x.jpg","contentUrl":"https:\/\/www.viaprinto.de\/blog\/wp-content\/uploads\/2023\/10\/blogheader-partielle-veredelungen-abriebfest-1690x642px-@2x.jpg","width":1690,"height":642},{"@type":"BreadcrumbList","@id":"https:\/\/www.viaprinto.de\/blog\/wozu-veredeln\/#breadcrumb","itemListElement":[{"@type":"ListItem","position":1,"name":"Startseite","item":"https:\/\/www.viaprinto.de\/blog\/"},{"@type":"ListItem","position":2,"name":"Wozu veredeln? viaprinto gibt Antworten"}]},{"@type":"WebSite","@id":"https:\/\/www.viaprinto.de\/blog\/#website","url":"https:\/\/www.viaprinto.de\/blog\/","name":"viaprinto Blog | Alles \u00fcber den Druck","description":"","publisher":{"@id":"https:\/\/www.viaprinto.de\/blog\/#organization"},"potentialAction":[{"@type":"SearchAction","target":{"@type":"EntryPoint","urlTemplate":"https:\/\/www.viaprinto.de\/blog\/?s={search_term_string}"},"query-input":{"@type":"PropertyValueSpecification","valueRequired":true,"valueName":"search_term_string"}}],"inLanguage":"de"},{"@type":"Organization","@id":"https:\/\/www.viaprinto.de\/blog\/#organization","name":"viaprinto","url":"https:\/\/www.viaprinto.de\/blog\/","logo":{"@type":"ImageObject","inLanguage":"de","@id":"https:\/\/www.viaprinto.de\/blog\/#\/schema\/logo\/image\/","url":"https:\/\/www.viaprinto.de\/blog\/wp-content\/uploads\/2022\/12\/viaprinto-blog-logo.svg","contentUrl":"https:\/\/www.viaprinto.de\/blog\/wp-content\/uploads\/2022\/12\/viaprinto-blog-logo.svg","caption":"viaprinto"},"image":{"@id":"https:\/\/www.viaprinto.de\/blog\/#\/schema\/logo\/image\/"},"sameAs":["https:\/\/www.linkedin.com\/company\/viaprinto"]},{"@type":"Person","@id":"https:\/\/www.viaprinto.de\/blog\/#\/schema\/person\/3c99507c1660c1f0bef1f76812fb55d9","name":"Isabel J\u00f6dicke","url":"https:\/\/www.viaprinto.de\/blog\/author\/isabel-joedickeviaprinto-de\/"}]}},"mfb_rest_fields":["title","yoast_head","yoast_head_json"],"_links":{"self":[{"href":"https:\/\/www.viaprinto.de\/blog\/wp-json\/wp\/v2\/posts\/18273","targetHints":{"allow":["GET"]}}],"collection":[{"href":"https:\/\/www.viaprinto.de\/blog\/wp-json\/wp\/v2\/posts"}],"about":[{"href":"https:\/\/www.viaprinto.de\/blog\/wp-json\/wp\/v2\/types\/post"}],"author":[{"embeddable":true,"href":"https:\/\/www.viaprinto.de\/blog\/wp-json\/wp\/v2\/users\/7"}],"replies":[{"embeddable":true,"href":"https:\/\/www.viaprinto.de\/blog\/wp-json\/wp\/v2\/comments?post=18273"}],"version-history":[{"count":6,"href":"https:\/\/www.viaprinto.de\/blog\/wp-json\/wp\/v2\/posts\/18273\/revisions"}],"predecessor-version":[{"id":18290,"href":"https:\/\/www.viaprinto.de\/blog\/wp-json\/wp\/v2\/posts\/18273\/revisions\/18290"}],"wp:featuredmedia":[{"embeddable":true,"href":"https:\/\/www.viaprinto.de\/blog\/wp-json\/wp\/v2\/media\/18287"}],"wp:attachment":[{"href":"https:\/\/www.viaprinto.de\/blog\/wp-json\/wp\/v2\/media?parent=18273"}],"wp:term":[{"taxonomy":"category","embeddable":true,"href":"https:\/\/www.viaprinto.de\/blog\/wp-json\/wp\/v2\/categories?post=18273"},{"taxonomy":"post_tag","embeddable":true,"href":"https:\/\/www.viaprinto.de\/blog\/wp-json\/wp\/v2\/tags?post=18273"}],"curies":[{"name":"wp","href":"https:\/\/api.w.org\/{rel}","templated":true}]}}