{"id":18256,"date":"2023-10-26T09:21:00","date_gmt":"2023-10-26T07:21:00","guid":{"rendered":"https:\/\/www.viaprinto.de\/blog\/?p=18256"},"modified":"2025-05-14T13:07:58","modified_gmt":"2025-05-14T11:07:58","slug":"kalenderplanung-2024","status":"publish","type":"post","link":"https:\/\/www.viaprinto.de\/blog\/kalenderplanung-2024\/","title":{"rendered":"Lassen Sie sich keinen Strich durch die Kalenderplanung machen"},"content":{"rendered":"\n<p>Es ist kaum zu glauben, aber wahr: Das neue Jahr beginnt schon in etwas mehr als zwei Monaten. Grausig die Vorstellung, man st\u00fcnde am ersten Arbeitstag des neuen Jahres im B\u00fcro \u2013 und \u2013 kein &#8211; aktueller \u2013 Kalender \u2013 h\u00e4ngt \u2013 an \u2013 der \u2013 Wand! Damit dieser Fiebertraum nicht Wahrheit wird, bestellen Sie am besten jetzt die passenden Planer f\u00fcr Ihr Team im B\u00fcro, Ihre Gesch\u00e4ftspartnerschaften und Kundinnen und Kunden als Arbeits- oder Werbemittel. Noch ist die Zeit daf\u00fcr da. Doch: ein hohes Bestellaufkommen und m\u00f6glicherweise verz\u00f6gerte Lieferzeiten k\u00f6nnten Ihrer Kalenderplanung schon bald einen Strich durch die Rechnung machen.<\/p>\n\n\n\n<p>F\u00fcr eine qualitativ wertige Produktion setzt viaprinto bei Kalenderbestellungen, abh\u00e4ngig vom Produkt, vier bis 19 Tage Lieferzeit an. Also schnell, werfen Sie jetzt einen Blick auf unser Kalenderportfolio, sortiert nach Auflagem\u00f6glichkeit, und lassen Sie sich inspirieren:<\/p>\n\n\n\n<p>F\u00fcr die, die keinen gro\u00dfen Verteiler bedienen, haben wir den <a href=\"https:\/\/www.viaprinto.de\/kalender\" target=\"_blank\" rel=\"noreferrer noopener\">Wandkalender <\/a>oder den <a href=\"https:\/\/www.viaprinto.de\/-\/?SERIES=desk-diary\" target=\"_blank\" rel=\"noreferrer noopener\">Tischkalener Motiv<\/a> bereits ab <strong>Auflage 1<\/strong>:<\/p>\n\n\n\n<figure class=\"wp-block-gallery has-nested-images columns-2 is-cropped wp-block-gallery-1 is-layout-flex wp-block-gallery-is-layout-flex\">\n<figure class=\"wp-block-image size-full\"><a href=\"https:\/\/www.viaprinto.de\/blog\/wp-content\/uploads\/2020\/11\/wandkalender-mitte-@2x-1.jpg\" data-rel=\"lightbox-image-0\" data-rl_title=\"\" data-rl_caption=\"\" title=\"\"><img loading=\"lazy\" decoding=\"async\" width=\"800\" height=\"600\" data-id=\"15325\" src=\"https:\/\/www.viaprinto.de\/blog\/wp-content\/uploads\/2020\/11\/wandkalender-mitte-@2x-1.jpg\" alt=\"\" class=\"wp-image-15325\" srcset=\"https:\/\/www.viaprinto.de\/blog\/wp-content\/uploads\/2020\/11\/wandkalender-mitte-@2x-1.jpg 800w, https:\/\/www.viaprinto.de\/blog\/wp-content\/uploads\/2020\/11\/wandkalender-mitte-@2x-1-300x225.jpg 300w, https:\/\/www.viaprinto.de\/blog\/wp-content\/uploads\/2020\/11\/wandkalender-mitte-@2x-1-768x576.jpg 768w\" sizes=\"auto, (max-width: 800px) 100vw, 800px\" \/><\/a><figcaption class=\"wp-element-caption\">Wandkalender<\/figcaption><\/figure>\n\n\n\n<figure class=\"wp-block-image size-full\"><a href=\"https:\/\/www.viaprinto.de\/blog\/wp-content\/uploads\/2020\/07\/tischkalender-motiv-mitte-@2x-1.jpg\" data-rel=\"lightbox-image-1\" data-rl_title=\"\" data-rl_caption=\"\" title=\"\"><img loading=\"lazy\" decoding=\"async\" width=\"800\" height=\"600\" data-id=\"14906\" src=\"https:\/\/www.viaprinto.de\/blog\/wp-content\/uploads\/2020\/07\/tischkalender-motiv-mitte-@2x-1.jpg\" alt=\"\" class=\"wp-image-14906\" srcset=\"https:\/\/www.viaprinto.de\/blog\/wp-content\/uploads\/2020\/07\/tischkalender-motiv-mitte-@2x-1.jpg 800w, https:\/\/www.viaprinto.de\/blog\/wp-content\/uploads\/2020\/07\/tischkalender-motiv-mitte-@2x-1-300x225.jpg 300w, https:\/\/www.viaprinto.de\/blog\/wp-content\/uploads\/2020\/07\/tischkalender-motiv-mitte-@2x-1-768x576.jpg 768w\" sizes=\"auto, (max-width: 800px) 100vw, 800px\" \/><\/a><figcaption class=\"wp-element-caption\">Tischkalender Motiv<\/figcaption><\/figure>\n<\/figure>\n\n\n\n\n\n<p>Schon ab <strong>Auflage 10<\/strong> k\u00f6nnen unsere <a href=\"https:\/\/www.viaprinto.de\/taschenkalender\" target=\"_blank\" rel=\"noreferrer noopener\">Taschenkalender<\/a> und <a href=\"https:\/\/www.viaprinto.de\/-\/?SERIES=metal-desk-diary\" target=\"_blank\" rel=\"noreferrer noopener\">Tischkalender Metall<\/a> geordert werden:<\/p>\n\n\n\n<figure class=\"wp-block-gallery has-nested-images columns-default is-cropped wp-block-gallery-2 is-layout-flex wp-block-gallery-is-layout-flex\">\n<figure class=\"wp-block-image size-large\"><img loading=\"lazy\" decoding=\"async\" width=\"800\" height=\"600\" data-id=\"15324\" src=\"https:\/\/www.viaprinto.de\/blog\/wp-content\/uploads\/2020\/11\/taschenkalender-links-@2x-1.jpg\" alt=\"\" class=\"wp-image-15324\" srcset=\"https:\/\/www.viaprinto.de\/blog\/wp-content\/uploads\/2020\/11\/taschenkalender-links-@2x-1.jpg 800w, https:\/\/www.viaprinto.de\/blog\/wp-content\/uploads\/2020\/11\/taschenkalender-links-@2x-1-300x225.jpg 300w, https:\/\/www.viaprinto.de\/blog\/wp-content\/uploads\/2020\/11\/taschenkalender-links-@2x-1-768x576.jpg 768w\" sizes=\"auto, (max-width: 800px) 100vw, 800px\" \/><figcaption class=\"wp-element-caption\">Taschenkalender<\/figcaption><\/figure>\n\n\n\n<figure class=\"wp-block-image size-large\"><img loading=\"lazy\" decoding=\"async\" width=\"800\" height=\"600\" data-id=\"14015\" src=\"https:\/\/www.viaprinto.de\/blog\/wp-content\/uploads\/2019\/10\/tischkalender-metall-mitte-@2x-1.jpg\" alt=\"\" class=\"wp-image-14015\" srcset=\"https:\/\/www.viaprinto.de\/blog\/wp-content\/uploads\/2019\/10\/tischkalender-metall-mitte-@2x-1.jpg 800w, https:\/\/www.viaprinto.de\/blog\/wp-content\/uploads\/2019\/10\/tischkalender-metall-mitte-@2x-1-300x225.jpg 300w, https:\/\/www.viaprinto.de\/blog\/wp-content\/uploads\/2019\/10\/tischkalender-metall-mitte-@2x-1-768x576.jpg 768w\" sizes=\"auto, (max-width: 800px) 100vw, 800px\" \/><figcaption class=\"wp-element-caption\">Tischkalender Metall<\/figcaption><\/figure>\n<\/figure>\n\n\n\n\n\n<p>Ab <strong>Auflage 25<\/strong> gibt es <a href=\"https:\/\/www.viaprinto.de\/monatskalender\" target=\"_blank\" rel=\"noreferrer noopener\">Mehrmonats-Kalender<\/a>, <a href=\"https:\/\/www.viaprinto.de\/terminkalender\" target=\"_blank\" rel=\"noreferrer noopener\">Terminkalender<\/a>, <a href=\"https:\/\/www.viaprinto.de\/buchkalender\" target=\"_blank\" rel=\"noreferrer noopener\">Buchkalender<\/a>, <a href=\"https:\/\/www.viaprinto.de\/streifenkalender\" target=\"_blank\" rel=\"noreferrer noopener\">Streifenkalender<\/a>, <a href=\"https:\/\/www.viaprinto.de\/jahresplaner\" target=\"_blank\" rel=\"noreferrer noopener\">Jahresplaner <\/a>und <a href=\"https:\/\/www.viaprinto.de\/-\/?SERIES=mini-desk-diary\" target=\"_blank\" rel=\"noreferrer noopener\">Tischkalender Mini<\/a>:<\/p>\n\n\n\n<figure class=\"wp-block-gallery has-nested-images columns-4 is-cropped wp-block-gallery-3 is-layout-flex wp-block-gallery-is-layout-flex\">\n<figure class=\"wp-block-image size-large\"><a href=\"https:\/\/www.viaprinto.de\/blog\/wp-content\/uploads\/2022\/07\/5-monats-kalender-neue-varianten-1-800x580px-@2x-1.jpg\" data-rel=\"lightbox-image-2\" data-rl_title=\"\" data-rl_caption=\"\" title=\"\"><img loading=\"lazy\" decoding=\"async\" width=\"1024\" height=\"742\" data-id=\"16911\" src=\"https:\/\/www.viaprinto.de\/blog\/wp-content\/uploads\/2022\/07\/5-monats-kalender-neue-varianten-1-800x580px-@2x-1-1024x742.jpg\" alt=\"\" class=\"wp-image-16911\" srcset=\"https:\/\/www.viaprinto.de\/blog\/wp-content\/uploads\/2022\/07\/5-monats-kalender-neue-varianten-1-800x580px-@2x-1-1024x742.jpg 1024w, https:\/\/www.viaprinto.de\/blog\/wp-content\/uploads\/2022\/07\/5-monats-kalender-neue-varianten-1-800x580px-@2x-1-300x218.jpg 300w, https:\/\/www.viaprinto.de\/blog\/wp-content\/uploads\/2022\/07\/5-monats-kalender-neue-varianten-1-800x580px-@2x-1-768x557.jpg 768w, https:\/\/www.viaprinto.de\/blog\/wp-content\/uploads\/2022\/07\/5-monats-kalender-neue-varianten-1-800x580px-@2x-1-1536x1114.jpg 1536w, https:\/\/www.viaprinto.de\/blog\/wp-content\/uploads\/2022\/07\/5-monats-kalender-neue-varianten-1-800x580px-@2x-1.jpg 1600w\" sizes=\"auto, (max-width: 1024px) 100vw, 1024px\" \/><\/a><figcaption class=\"wp-element-caption\">Mehrmonats-Kalender<\/figcaption><\/figure>\n\n\n\n<figure class=\"wp-block-image size-large\"><a href=\"https:\/\/www.viaprinto.de\/blog\/wp-content\/uploads\/2021\/08\/buchkalender-hardcover-mw-content-1-@2x-1.jpg\" data-rel=\"lightbox-image-3\" data-rl_title=\"\" data-rl_caption=\"\" title=\"\"><img loading=\"lazy\" decoding=\"async\" width=\"768\" height=\"564\" data-id=\"16057\" src=\"https:\/\/www.viaprinto.de\/blog\/wp-content\/uploads\/2021\/08\/buchkalender-hardcover-mw-content-1-@2x-1.jpg\" alt=\"\" class=\"wp-image-16057\" srcset=\"https:\/\/www.viaprinto.de\/blog\/wp-content\/uploads\/2021\/08\/buchkalender-hardcover-mw-content-1-@2x-1.jpg 768w, https:\/\/www.viaprinto.de\/blog\/wp-content\/uploads\/2021\/08\/buchkalender-hardcover-mw-content-1-@2x-1-300x220.jpg 300w\" sizes=\"auto, (max-width: 768px) 100vw, 768px\" \/><\/a><figcaption class=\"wp-element-caption\">Buchkalender<\/figcaption><\/figure>\n\n\n\n<figure class=\"wp-block-image size-large\"><a href=\"https:\/\/www.viaprinto.de\/blog\/wp-content\/uploads\/2020\/09\/terminkalender-mitte-@2x-1.jpg\" data-rel=\"lightbox-image-4\" data-rl_title=\"\" data-rl_caption=\"\" title=\"\"><img loading=\"lazy\" decoding=\"async\" width=\"800\" height=\"600\" data-id=\"15137\" src=\"https:\/\/www.viaprinto.de\/blog\/wp-content\/uploads\/2020\/09\/terminkalender-mitte-@2x-1.jpg\" alt=\"\" class=\"wp-image-15137\" srcset=\"https:\/\/www.viaprinto.de\/blog\/wp-content\/uploads\/2020\/09\/terminkalender-mitte-@2x-1.jpg 800w, https:\/\/www.viaprinto.de\/blog\/wp-content\/uploads\/2020\/09\/terminkalender-mitte-@2x-1-300x225.jpg 300w, https:\/\/www.viaprinto.de\/blog\/wp-content\/uploads\/2020\/09\/terminkalender-mitte-@2x-1-768x576.jpg 768w\" sizes=\"auto, (max-width: 800px) 100vw, 800px\" \/><\/a><figcaption class=\"wp-element-caption\">Tischkalender<\/figcaption><\/figure>\n\n\n\n<figure class=\"wp-block-image size-large\"><a href=\"https:\/\/www.viaprinto.de\/blog\/wp-content\/uploads\/2019\/05\/blogheader-streifenkalender-a-1690x642px-@2x-1.jpg\" data-rel=\"lightbox-image-5\" data-rl_title=\"\" data-rl_caption=\"\" title=\"\"><img loading=\"lazy\" decoding=\"async\" width=\"1024\" height=\"389\" data-id=\"13526\" src=\"https:\/\/www.viaprinto.de\/blog\/wp-content\/uploads\/2019\/05\/blogheader-streifenkalender-a-1690x642px-@2x-1-1024x389.jpg\" alt=\"Blogheader Produkteinf\u00fchrung Streifenkalender\" class=\"wp-image-13526\" srcset=\"https:\/\/www.viaprinto.de\/blog\/wp-content\/uploads\/2019\/05\/blogheader-streifenkalender-a-1690x642px-@2x-1-1024x389.jpg 1024w, https:\/\/www.viaprinto.de\/blog\/wp-content\/uploads\/2019\/05\/blogheader-streifenkalender-a-1690x642px-@2x-1-300x114.jpg 300w, https:\/\/www.viaprinto.de\/blog\/wp-content\/uploads\/2019\/05\/blogheader-streifenkalender-a-1690x642px-@2x-1-768x292.jpg 768w, https:\/\/www.viaprinto.de\/blog\/wp-content\/uploads\/2019\/05\/blogheader-streifenkalender-a-1690x642px-@2x-1-1536x583.jpg 1536w, https:\/\/www.viaprinto.de\/blog\/wp-content\/uploads\/2019\/05\/blogheader-streifenkalender-a-1690x642px-@2x-1.jpg 1690w\" sizes=\"auto, (max-width: 1024px) 100vw, 1024px\" \/><\/a><figcaption class=\"wp-element-caption\">Streifenkalender<\/figcaption><\/figure>\n\n\n\n<figure class=\"wp-block-image size-large\"><a href=\"https:\/\/www.viaprinto.de\/blog\/wp-content\/uploads\/2018\/05\/tischkalender_mini_mw_content_1_x2-1.jpg\" data-rel=\"lightbox-image-6\" data-rl_title=\"\" data-rl_caption=\"\" title=\"\"><img loading=\"lazy\" decoding=\"async\" width=\"800\" height=\"532\" data-id=\"11865\" src=\"https:\/\/www.viaprinto.de\/blog\/wp-content\/uploads\/2018\/05\/tischkalender_mini_mw_content_1_x2-1.jpg\" alt=\"\" class=\"wp-image-11865\" srcset=\"https:\/\/www.viaprinto.de\/blog\/wp-content\/uploads\/2018\/05\/tischkalender_mini_mw_content_1_x2-1.jpg 800w, https:\/\/www.viaprinto.de\/blog\/wp-content\/uploads\/2018\/05\/tischkalender_mini_mw_content_1_x2-1-300x200.jpg 300w, https:\/\/www.viaprinto.de\/blog\/wp-content\/uploads\/2018\/05\/tischkalender_mini_mw_content_1_x2-1-768x511.jpg 768w\" sizes=\"auto, (max-width: 800px) 100vw, 800px\" \/><\/a><figcaption class=\"wp-element-caption\">R\u00fcck- und Vorderansicht des Tischkalenders Mini. viaprinto bedruckt die komplette R\u00fcckseite, sowie die Kopf- und Fu\u00dfseite der Vorderansicht.<\/figcaption><\/figure>\n<\/figure>\n","protected":false},"excerpt":{"rendered":"<p>Es ist kaum zu glauben, aber wahr: Das neue Jahr beginnt schon in etwas mehr als zwei Monaten. Grausig die Vorstellung, man st\u00fcnde am ersten Arbeitstag des neuen Jahres im B\u00fcro \u2013 und \u2013 kein- aktueller \u2013 Kalender \u2013 h\u00e4ngt \u2013 an \u2013 der \u2013 Wand! Damit diese Alp nicht Wahrheit wird, bestellen Sie am besten jetzt die passenden Planer f\u00fcr Ihr Team im B\u00fcro.<\/p>\n","protected":false},"author":7,"featured_media":12159,"comment_status":"closed","ping_status":"closed","sticky":false,"template":"","format":"standard","meta":{"_acf_changed":false,"inline_featured_image":false,"footnotes":""},"categories":[614],"tags":[625,494,624,341,56],"class_list":["post-18256","post","type-post","status-publish","format-standard","has-post-thumbnail","hentry","category-kalender-produkte-von-viaprinto","tag-bestellaufkommen","tag-lieferzeiten","tag-mehrmonats-kalender","tag-tischkalender","tag-wandkalender"],"mb":[],"acf":[],"yoast_head":"<!-- This site is optimized with the Yoast SEO plugin v27.4 - https:\/\/yoast.com\/product\/yoast-seo-wordpress\/ -->\n<title>Kalenderplanung 2024 | viaprinto Blog<\/title>\n<meta name=\"description\" content=\"viaprinto Blog | Lassen Sie sich keinen Strich durch die Kalenderplanung machen. \u25b6 Unsere Kalenderprodukte f\u00fcr 2024\/2025.\" \/>\n<meta name=\"robots\" content=\"index, follow, max-snippet:-1, max-image-preview:large, max-video-preview:-1\" \/>\n<link rel=\"canonical\" href=\"https:\/\/www.viaprinto.de\/blog\/kalenderplanung-2024\/\" \/>\n<meta property=\"og:locale\" content=\"de_DE\" \/>\n<meta property=\"og:type\" content=\"article\" \/>\n<meta property=\"og:title\" content=\"Kalenderplanung 2024 | viaprinto Blog\" \/>\n<meta property=\"og:description\" content=\"viaprinto Blog | Lassen Sie sich keinen Strich durch die Kalenderplanung machen. \u25b6 Unsere Kalenderprodukte f\u00fcr 2024\/2025.\" \/>\n<meta property=\"og:url\" content=\"https:\/\/www.viaprinto.de\/blog\/kalenderplanung-2024\/\" \/>\n<meta property=\"og:site_name\" content=\"viaprinto Blog | Alles \u00fcber den Druck\" \/>\n<meta property=\"article:published_time\" content=\"2023-10-26T07:21:00+00:00\" \/>\n<meta property=\"article:modified_time\" content=\"2025-05-14T11:07:58+00:00\" \/>\n<meta property=\"og:image\" content=\"https:\/\/www.viaprinto.de\/blog\/wp-content\/uploads\/2018\/08\/blogheader-designupdate-kalender-1690x642px-1.jpg\" \/>\n\t<meta property=\"og:image:width\" content=\"1690\" \/>\n\t<meta property=\"og:image:height\" content=\"642\" \/>\n\t<meta property=\"og:image:type\" content=\"image\/jpeg\" \/>\n<meta name=\"author\" content=\"Isabel J\u00f6dicke\" \/>\n<script type=\"application\/ld+json\" class=\"yoast-schema-graph\">{\"@context\":\"https:\\\/\\\/schema.org\",\"@graph\":[{\"@type\":\"Article\",\"@id\":\"https:\\\/\\\/www.viaprinto.de\\\/blog\\\/kalenderplanung-2024\\\/#article\",\"isPartOf\":{\"@id\":\"https:\\\/\\\/www.viaprinto.de\\\/blog\\\/kalenderplanung-2024\\\/\"},\"author\":{\"name\":\"Isabel J\u00f6dicke\",\"@id\":\"https:\\\/\\\/www.viaprinto.de\\\/blog\\\/#\\\/schema\\\/person\\\/3c99507c1660c1f0bef1f76812fb55d9\"},\"headline\":\"Lassen Sie sich keinen Strich durch die Kalenderplanung machen\",\"datePublished\":\"2023-10-26T07:21:00+00:00\",\"dateModified\":\"2025-05-14T11:07:58+00:00\",\"mainEntityOfPage\":{\"@id\":\"https:\\\/\\\/www.viaprinto.de\\\/blog\\\/kalenderplanung-2024\\\/\"},\"wordCount\":226,\"publisher\":{\"@id\":\"https:\\\/\\\/www.viaprinto.de\\\/blog\\\/#organization\"},\"image\":{\"@id\":\"https:\\\/\\\/www.viaprinto.de\\\/blog\\\/kalenderplanung-2024\\\/#primaryimage\"},\"thumbnailUrl\":\"https:\\\/\\\/www.viaprinto.de\\\/blog\\\/wp-content\\\/uploads\\\/2018\\\/08\\\/blogheader-designupdate-kalender-1690x642px-1.jpg\",\"keywords\":[\"Bestellaufkommen\",\"Lieferzeiten\",\"Mehrmonats-Kalender\",\"Tischkalender\",\"Wandkalender\"],\"articleSection\":[\"Kalender\"],\"inLanguage\":\"de\"},{\"@type\":\"WebPage\",\"@id\":\"https:\\\/\\\/www.viaprinto.de\\\/blog\\\/kalenderplanung-2024\\\/\",\"url\":\"https:\\\/\\\/www.viaprinto.de\\\/blog\\\/kalenderplanung-2024\\\/\",\"name\":\"Kalenderplanung 2024 | viaprinto Blog\",\"isPartOf\":{\"@id\":\"https:\\\/\\\/www.viaprinto.de\\\/blog\\\/#website\"},\"primaryImageOfPage\":{\"@id\":\"https:\\\/\\\/www.viaprinto.de\\\/blog\\\/kalenderplanung-2024\\\/#primaryimage\"},\"image\":{\"@id\":\"https:\\\/\\\/www.viaprinto.de\\\/blog\\\/kalenderplanung-2024\\\/#primaryimage\"},\"thumbnailUrl\":\"https:\\\/\\\/www.viaprinto.de\\\/blog\\\/wp-content\\\/uploads\\\/2018\\\/08\\\/blogheader-designupdate-kalender-1690x642px-1.jpg\",\"description\":\"viaprinto Blog | Lassen Sie sich keinen Strich durch die Kalenderplanung machen. \u25b6 Unsere Kalenderprodukte f\u00fcr 2024\\\/2025.\",\"breadcrumb\":{\"@id\":\"https:\\\/\\\/www.viaprinto.de\\\/blog\\\/kalenderplanung-2024\\\/#breadcrumb\"},\"inLanguage\":\"de\",\"potentialAction\":[{\"@type\":\"ReadAction\",\"target\":[\"https:\\\/\\\/www.viaprinto.de\\\/blog\\\/kalenderplanung-2024\\\/\"]}]},{\"@type\":\"ImageObject\",\"inLanguage\":\"de\",\"@id\":\"https:\\\/\\\/www.viaprinto.de\\\/blog\\\/kalenderplanung-2024\\\/#primaryimage\",\"url\":\"https:\\\/\\\/www.viaprinto.de\\\/blog\\\/wp-content\\\/uploads\\\/2018\\\/08\\\/blogheader-designupdate-kalender-1690x642px-1.jpg\",\"contentUrl\":\"https:\\\/\\\/www.viaprinto.de\\\/blog\\\/wp-content\\\/uploads\\\/2018\\\/08\\\/blogheader-designupdate-kalender-1690x642px-1.jpg\",\"width\":1690,\"height\":642},{\"@type\":\"BreadcrumbList\",\"@id\":\"https:\\\/\\\/www.viaprinto.de\\\/blog\\\/kalenderplanung-2024\\\/#breadcrumb\",\"itemListElement\":[{\"@type\":\"ListItem\",\"position\":1,\"name\":\"Startseite\",\"item\":\"https:\\\/\\\/www.viaprinto.de\\\/blog\\\/\"},{\"@type\":\"ListItem\",\"position\":2,\"name\":\"Lassen Sie sich keinen Strich durch die Kalenderplanung machen\"}]},{\"@type\":\"WebSite\",\"@id\":\"https:\\\/\\\/www.viaprinto.de\\\/blog\\\/#website\",\"url\":\"https:\\\/\\\/www.viaprinto.de\\\/blog\\\/\",\"name\":\"viaprinto Blog | Alles \u00fcber den Druck\",\"description\":\"\",\"publisher\":{\"@id\":\"https:\\\/\\\/www.viaprinto.de\\\/blog\\\/#organization\"},\"potentialAction\":[{\"@type\":\"SearchAction\",\"target\":{\"@type\":\"EntryPoint\",\"urlTemplate\":\"https:\\\/\\\/www.viaprinto.de\\\/blog\\\/?s={search_term_string}\"},\"query-input\":{\"@type\":\"PropertyValueSpecification\",\"valueRequired\":true,\"valueName\":\"search_term_string\"}}],\"inLanguage\":\"de\"},{\"@type\":\"Organization\",\"@id\":\"https:\\\/\\\/www.viaprinto.de\\\/blog\\\/#organization\",\"name\":\"viaprinto\",\"url\":\"https:\\\/\\\/www.viaprinto.de\\\/blog\\\/\",\"logo\":{\"@type\":\"ImageObject\",\"inLanguage\":\"de\",\"@id\":\"https:\\\/\\\/www.viaprinto.de\\\/blog\\\/#\\\/schema\\\/logo\\\/image\\\/\",\"url\":\"https:\\\/\\\/www.viaprinto.de\\\/blog\\\/wp-content\\\/uploads\\\/2022\\\/12\\\/viaprinto-blog-logo.svg\",\"contentUrl\":\"https:\\\/\\\/www.viaprinto.de\\\/blog\\\/wp-content\\\/uploads\\\/2022\\\/12\\\/viaprinto-blog-logo.svg\",\"caption\":\"viaprinto\"},\"image\":{\"@id\":\"https:\\\/\\\/www.viaprinto.de\\\/blog\\\/#\\\/schema\\\/logo\\\/image\\\/\"},\"sameAs\":[\"https:\\\/\\\/www.linkedin.com\\\/company\\\/viaprinto\"]},{\"@type\":\"Person\",\"@id\":\"https:\\\/\\\/www.viaprinto.de\\\/blog\\\/#\\\/schema\\\/person\\\/3c99507c1660c1f0bef1f76812fb55d9\",\"name\":\"Isabel J\u00f6dicke\",\"url\":\"https:\\\/\\\/www.viaprinto.de\\\/blog\\\/author\\\/isabel-joedickeviaprinto-de\\\/\"}]}<\/script>\n<!-- \/ Yoast SEO plugin. -->","yoast_head_json":{"title":"Kalenderplanung 2024 | viaprinto Blog","description":"viaprinto Blog | Lassen Sie sich keinen Strich durch die Kalenderplanung machen. \u25b6 Unsere Kalenderprodukte f\u00fcr 2024\/2025.","robots":{"index":"index","follow":"follow","max-snippet":"max-snippet:-1","max-image-preview":"max-image-preview:large","max-video-preview":"max-video-preview:-1"},"canonical":"https:\/\/www.viaprinto.de\/blog\/kalenderplanung-2024\/","og_locale":"de_DE","og_type":"article","og_title":"Kalenderplanung 2024 | viaprinto Blog","og_description":"viaprinto Blog | Lassen Sie sich keinen Strich durch die Kalenderplanung machen. \u25b6 Unsere Kalenderprodukte f\u00fcr 2024\/2025.","og_url":"https:\/\/www.viaprinto.de\/blog\/kalenderplanung-2024\/","og_site_name":"viaprinto Blog | Alles \u00fcber den Druck","article_published_time":"2023-10-26T07:21:00+00:00","article_modified_time":"2025-05-14T11:07:58+00:00","og_image":[{"width":1690,"height":642,"url":"https:\/\/www.viaprinto.de\/blog\/wp-content\/uploads\/2018\/08\/blogheader-designupdate-kalender-1690x642px-1.jpg","type":"image\/jpeg"}],"author":"Isabel J\u00f6dicke","schema":{"@context":"https:\/\/schema.org","@graph":[{"@type":"Article","@id":"https:\/\/www.viaprinto.de\/blog\/kalenderplanung-2024\/#article","isPartOf":{"@id":"https:\/\/www.viaprinto.de\/blog\/kalenderplanung-2024\/"},"author":{"name":"Isabel J\u00f6dicke","@id":"https:\/\/www.viaprinto.de\/blog\/#\/schema\/person\/3c99507c1660c1f0bef1f76812fb55d9"},"headline":"Lassen Sie sich keinen Strich durch die Kalenderplanung machen","datePublished":"2023-10-26T07:21:00+00:00","dateModified":"2025-05-14T11:07:58+00:00","mainEntityOfPage":{"@id":"https:\/\/www.viaprinto.de\/blog\/kalenderplanung-2024\/"},"wordCount":226,"publisher":{"@id":"https:\/\/www.viaprinto.de\/blog\/#organization"},"image":{"@id":"https:\/\/www.viaprinto.de\/blog\/kalenderplanung-2024\/#primaryimage"},"thumbnailUrl":"https:\/\/www.viaprinto.de\/blog\/wp-content\/uploads\/2018\/08\/blogheader-designupdate-kalender-1690x642px-1.jpg","keywords":["Bestellaufkommen","Lieferzeiten","Mehrmonats-Kalender","Tischkalender","Wandkalender"],"articleSection":["Kalender"],"inLanguage":"de"},{"@type":"WebPage","@id":"https:\/\/www.viaprinto.de\/blog\/kalenderplanung-2024\/","url":"https:\/\/www.viaprinto.de\/blog\/kalenderplanung-2024\/","name":"Kalenderplanung 2024 | viaprinto Blog","isPartOf":{"@id":"https:\/\/www.viaprinto.de\/blog\/#website"},"primaryImageOfPage":{"@id":"https:\/\/www.viaprinto.de\/blog\/kalenderplanung-2024\/#primaryimage"},"image":{"@id":"https:\/\/www.viaprinto.de\/blog\/kalenderplanung-2024\/#primaryimage"},"thumbnailUrl":"https:\/\/www.viaprinto.de\/blog\/wp-content\/uploads\/2018\/08\/blogheader-designupdate-kalender-1690x642px-1.jpg","description":"viaprinto Blog | Lassen Sie sich keinen Strich durch die Kalenderplanung machen. \u25b6 Unsere Kalenderprodukte f\u00fcr 2024\/2025.","breadcrumb":{"@id":"https:\/\/www.viaprinto.de\/blog\/kalenderplanung-2024\/#breadcrumb"},"inLanguage":"de","potentialAction":[{"@type":"ReadAction","target":["https:\/\/www.viaprinto.de\/blog\/kalenderplanung-2024\/"]}]},{"@type":"ImageObject","inLanguage":"de","@id":"https:\/\/www.viaprinto.de\/blog\/kalenderplanung-2024\/#primaryimage","url":"https:\/\/www.viaprinto.de\/blog\/wp-content\/uploads\/2018\/08\/blogheader-designupdate-kalender-1690x642px-1.jpg","contentUrl":"https:\/\/www.viaprinto.de\/blog\/wp-content\/uploads\/2018\/08\/blogheader-designupdate-kalender-1690x642px-1.jpg","width":1690,"height":642},{"@type":"BreadcrumbList","@id":"https:\/\/www.viaprinto.de\/blog\/kalenderplanung-2024\/#breadcrumb","itemListElement":[{"@type":"ListItem","position":1,"name":"Startseite","item":"https:\/\/www.viaprinto.de\/blog\/"},{"@type":"ListItem","position":2,"name":"Lassen Sie sich keinen Strich durch die Kalenderplanung machen"}]},{"@type":"WebSite","@id":"https:\/\/www.viaprinto.de\/blog\/#website","url":"https:\/\/www.viaprinto.de\/blog\/","name":"viaprinto Blog | Alles \u00fcber den Druck","description":"","publisher":{"@id":"https:\/\/www.viaprinto.de\/blog\/#organization"},"potentialAction":[{"@type":"SearchAction","target":{"@type":"EntryPoint","urlTemplate":"https:\/\/www.viaprinto.de\/blog\/?s={search_term_string}"},"query-input":{"@type":"PropertyValueSpecification","valueRequired":true,"valueName":"search_term_string"}}],"inLanguage":"de"},{"@type":"Organization","@id":"https:\/\/www.viaprinto.de\/blog\/#organization","name":"viaprinto","url":"https:\/\/www.viaprinto.de\/blog\/","logo":{"@type":"ImageObject","inLanguage":"de","@id":"https:\/\/www.viaprinto.de\/blog\/#\/schema\/logo\/image\/","url":"https:\/\/www.viaprinto.de\/blog\/wp-content\/uploads\/2022\/12\/viaprinto-blog-logo.svg","contentUrl":"https:\/\/www.viaprinto.de\/blog\/wp-content\/uploads\/2022\/12\/viaprinto-blog-logo.svg","caption":"viaprinto"},"image":{"@id":"https:\/\/www.viaprinto.de\/blog\/#\/schema\/logo\/image\/"},"sameAs":["https:\/\/www.linkedin.com\/company\/viaprinto"]},{"@type":"Person","@id":"https:\/\/www.viaprinto.de\/blog\/#\/schema\/person\/3c99507c1660c1f0bef1f76812fb55d9","name":"Isabel J\u00f6dicke","url":"https:\/\/www.viaprinto.de\/blog\/author\/isabel-joedickeviaprinto-de\/"}]}},"mfb_rest_fields":["title","yoast_head","yoast_head_json"],"_links":{"self":[{"href":"https:\/\/www.viaprinto.de\/blog\/wp-json\/wp\/v2\/posts\/18256","targetHints":{"allow":["GET"]}}],"collection":[{"href":"https:\/\/www.viaprinto.de\/blog\/wp-json\/wp\/v2\/posts"}],"about":[{"href":"https:\/\/www.viaprinto.de\/blog\/wp-json\/wp\/v2\/types\/post"}],"author":[{"embeddable":true,"href":"https:\/\/www.viaprinto.de\/blog\/wp-json\/wp\/v2\/users\/7"}],"replies":[{"embeddable":true,"href":"https:\/\/www.viaprinto.de\/blog\/wp-json\/wp\/v2\/comments?post=18256"}],"version-history":[{"count":5,"href":"https:\/\/www.viaprinto.de\/blog\/wp-json\/wp\/v2\/posts\/18256\/revisions"}],"predecessor-version":[{"id":19566,"href":"https:\/\/www.viaprinto.de\/blog\/wp-json\/wp\/v2\/posts\/18256\/revisions\/19566"}],"wp:featuredmedia":[{"embeddable":true,"href":"https:\/\/www.viaprinto.de\/blog\/wp-json\/wp\/v2\/media\/12159"}],"wp:attachment":[{"href":"https:\/\/www.viaprinto.de\/blog\/wp-json\/wp\/v2\/media?parent=18256"}],"wp:term":[{"taxonomy":"category","embeddable":true,"href":"https:\/\/www.viaprinto.de\/blog\/wp-json\/wp\/v2\/categories?post=18256"},{"taxonomy":"post_tag","embeddable":true,"href":"https:\/\/www.viaprinto.de\/blog\/wp-json\/wp\/v2\/tags?post=18256"}],"curies":[{"name":"wp","href":"https:\/\/api.w.org\/{rel}","templated":true}]}}