{"id":17234,"date":"2022-10-18T15:52:36","date_gmt":"2022-10-18T13:52:36","guid":{"rendered":"https:\/\/www.viaprinto.de\/blog\/?p=17234"},"modified":"2022-10-18T15:52:36","modified_gmt":"2022-10-18T13:52:36","slug":"edler-fokus","status":"publish","type":"post","link":"https:\/\/www.viaprinto.de\/blog\/edler-fokus\/","title":{"rendered":"Edler Fokus"},"content":{"rendered":"\n<p>Sie sind nicht nur ein Hingucker im Briefkasten, sondern auch ein Symbol f\u00fcr Wertsch\u00e4tzung und Anerkennung: Pers\u00f6nliche Nachrichten auf partiell veredelten <a href=\"https:\/\/www.viaprinto.de\/grusskarten\" target=\"_blank\" rel=\"noreferrer noopener\">Gru\u00df-<\/a> und <a href=\"https:\/\/www.viaprinto.de\/postkarten\" target=\"_blank\" rel=\"noreferrer noopener\">Postkarten<\/a>.<\/p>\n\n\n\n<p>Mit goldener, silberner oder transparenter Veredelung setzen Sie Akzente und r\u00fccken die Inhalte in den Mittelpunkt, die Sie besonders betonen m\u00f6chten. Legen Sie den Fokus auf ansprechende Details, raffinierte Ornamente oder Ihre Gru\u00dfformel.<br \/>Vor allem zu besonderen Anl\u00e4ssen eignen sich <a href=\"https:\/\/www.viaprinto.de\/postkarten\" target=\"_blank\" rel=\"noreferrer noopener\">Post-<\/a> und <a href=\"https:\/\/www.viaprinto.de\/grusskarten\" target=\"_blank\" rel=\"noreferrer noopener\">Gru\u00dfkarten<\/a> hervorragend. Mit individueller Gestaltung, die sich sowohl an Ihr Corporate Design als auch an den Anlass anpassen l\u00e4sst, zaubern Sie dem Empf\u00e4nger ein Strahlen ins Gesicht. Sei es zum Geburtstag, als Einladung zu einem Event oder \u2013 besonders aktuell \u2013 in der Vorweihnachtszeit als schimmernder Gru\u00df.<\/p>\n\n\n\n\n\n<figure class=\"wp-block-gallery columns-3 is-cropped wp-block-gallery-1 is-layout-flex wp-block-gallery-is-layout-flex\"><ul class=\"blocks-gallery-grid\"><li class=\"blocks-gallery-item\"><figure><img decoding=\"async\" src=\"https:\/\/www.viaprinto.de\/blog\/wp-content\/uploads\/2018\/10\/blogheader-partielle-veredelungen-1690x642px-1690x642.jpg\" alt=\"Blogheader partielle Veredelungen\" data-id=\"12519\" data-full-url=\"https:\/\/www.viaprinto.de\/blog\/wp-content\/uploads\/2018\/10\/blogheader-partielle-veredelungen-1690x642px.jpg\" data-link=\"https:\/\/www.viaprinto.de\/blog\/partielle-veredelungen\/blogheader-partielle-veredelungen-1690x642px\/\" class=\"wp-image-12519\"\/><\/figure><\/li><li class=\"blocks-gallery-item\"><figure><img decoding=\"async\" src=\"https:\/\/www.viaprinto.de\/blog\/wp-content\/uploads\/2020\/10\/blogheader-anlegen-partielle-veredelung-1690x642px-@2x.jpg\" alt=\"\" data-id=\"15275\" data-full-url=\"https:\/\/www.viaprinto.de\/blog\/wp-content\/uploads\/2020\/10\/blogheader-anlegen-partielle-veredelung-1690x642px-@2x.jpg\" data-link=\"https:\/\/www.viaprinto.de\/blog\/druck-strahlen\/blogheader-anlegen-partielle-veredelung-1690x642px-2x\/\" class=\"wp-image-15275\"\/><\/figure><\/li><li class=\"blocks-gallery-item\"><figure><img decoding=\"async\" src=\"https:\/\/www.viaprinto.de\/blog\/wp-content\/uploads\/2018\/09\/postkarte_heissfolie_gold_x2.jpg\" alt=\"Heissfolie Postkarte\" data-id=\"12324\" data-full-url=\"https:\/\/www.viaprinto.de\/blog\/wp-content\/uploads\/2018\/09\/postkarte_heissfolie_gold_x2.jpg\" data-link=\"https:\/\/www.viaprinto.de\/blog\/partielle-veredelungen\/postkarte_heissfolie_gold_x2\/\" class=\"wp-image-12324\"\/><\/figure><\/li><\/ul><\/figure>\n\n\n\n\n\n<p>Im Advent und der Weihnachtszeit geh\u00f6ren <a href=\"https:\/\/www.viaprinto.de\/grusskarten\" target=\"_blank\" rel=\"noreferrer noopener\">Gru\u00dfkarten<\/a> zum guten Ton: Als Dank f\u00fcr ein erfolgreiches Jahr gemeinsamer Zusammenarbeit, als herzliche Gr\u00fc\u00dfe zum Jahreswechsel und auch als kleine Vorausschau auf die zuk\u00fcnftige Kooperation. Und was k\u00f6nnte Ihre Wertsch\u00e4tzung besser ausdr\u00fccken als eine ansprechend gestaltete Karte, die zudem optisch und haptisch nicht nur hochwertig, sondern edel daherkommt?<\/p>\n\n\n\n<p>Soll es einmal nicht die Klappkarte sein, gelingen auch mit einer <a href=\"https:\/\/www.viaprinto.de\/postkarten\" target=\"_blank\" rel=\"noreferrer noopener\">Postkarte<\/a> aufmerksamkeitsstarke Designs, die ansprechen und auffallen. Der Clou: Sie k\u00f6nnen nicht nur zum Einzelversand genutzt werden, sondern zum Beispiel auch Paketen und Versandsendungen beigelegt werden.<\/p>\n\n\n\n<p>Bei viaprinto haben Sie die M\u00f6glichkeit Ihre Post- und Gru\u00dfkarten auf drei unterschiedliche Arten <a href=\"https:\/\/www.viaprinto.de\/feature\/partielle-veredelungen\/index.html\" target=\"_blank\" rel=\"noreferrer noopener\">partiell veredeln<\/a> zu lassen: mit goldener oder silberner Hei\u00dffolie, mit partiellem UV-Lack oder mit Relieflack.<\/p>\n","protected":false},"excerpt":{"rendered":"<p>Sie sind nicht nur ein Hingucker im Briefkasten, sondern auch ein Symbol f\u00fcr Wertsch\u00e4tzung und Anerkennung: Pers\u00f6nliche Nachrichten auf partiell veredelten Gru\u00df- und Postkarten. Mit goldener, silberner oder transparenter Veredelung setzen Sie Akzente und r\u00fccken die Inhalte in den Mittelpunkt, die Sie besonders betonen m\u00f6chten. Legen Sie den Fokus auf ansprechende Details, raffinierte Ornamente oder [&hellip;]<\/p>\n","protected":false},"author":8,"featured_media":17235,"comment_status":"closed","ping_status":"closed","sticky":false,"template":"","format":"standard","meta":{"_acf_changed":false,"inline_featured_image":false,"footnotes":""},"categories":[412,8],"tags":[364,69],"class_list":["post-17234","post","type-post","status-publish","format-standard","has-post-thumbnail","hentry","category-features","category-produkte","tag-partielle-veredelung","tag-partielle-veredelungen"],"mb":[],"acf":[],"yoast_head":"<!-- This site is optimized with the Yoast SEO plugin v27.4 - https:\/\/yoast.com\/product\/yoast-seo-wordpress\/ -->\n<title>Edler Fokus | viaprinto Blog | Alles \u00fcber den Druck<\/title>\n<meta name=\"robots\" content=\"index, follow, max-snippet:-1, max-image-preview:large, max-video-preview:-1\" \/>\n<link rel=\"canonical\" href=\"https:\/\/www.viaprinto.de\/blog\/edler-fokus\/\" \/>\n<meta property=\"og:locale\" content=\"de_DE\" \/>\n<meta property=\"og:type\" content=\"article\" \/>\n<meta property=\"og:title\" content=\"Edler Fokus | viaprinto Blog | Alles \u00fcber den Druck\" \/>\n<meta property=\"og:description\" content=\"Sie sind nicht nur ein Hingucker im Briefkasten, sondern auch ein Symbol f\u00fcr Wertsch\u00e4tzung und Anerkennung: Pers\u00f6nliche Nachrichten auf partiell veredelten Gru\u00df- und Postkarten. Mit goldener, silberner oder transparenter Veredelung setzen Sie Akzente und r\u00fccken die Inhalte in den Mittelpunkt, die Sie besonders betonen m\u00f6chten. Legen Sie den Fokus auf ansprechende Details, raffinierte Ornamente oder [&hellip;]\" \/>\n<meta property=\"og:url\" content=\"https:\/\/www.viaprinto.de\/blog\/edler-fokus\/\" \/>\n<meta property=\"og:site_name\" content=\"viaprinto Blog | Alles \u00fcber den Druck\" \/>\n<meta property=\"article:published_time\" content=\"2022-10-18T13:52:36+00:00\" \/>\n<meta property=\"og:image\" content=\"https:\/\/www.viaprinto.de\/blog\/wp-content\/uploads\/2022\/10\/blogheader-waves-partielle-veredelungen-grusskarten-1690x642px-@2x-1.jpg\" \/>\n\t<meta property=\"og:image:width\" content=\"1690\" \/>\n\t<meta property=\"og:image:height\" content=\"642\" \/>\n\t<meta property=\"og:image:type\" content=\"image\/jpeg\" \/>\n<meta name=\"author\" content=\"Sarah Sassenhagen\" \/>\n<script type=\"application\/ld+json\" class=\"yoast-schema-graph\">{\"@context\":\"https:\\\/\\\/schema.org\",\"@graph\":[{\"@type\":\"Article\",\"@id\":\"https:\\\/\\\/www.viaprinto.de\\\/blog\\\/edler-fokus\\\/#article\",\"isPartOf\":{\"@id\":\"https:\\\/\\\/www.viaprinto.de\\\/blog\\\/edler-fokus\\\/\"},\"author\":{\"name\":\"Sarah Sassenhagen\",\"@id\":\"https:\\\/\\\/www.viaprinto.de\\\/blog\\\/#\\\/schema\\\/person\\\/1aa19d31063bc939317c758ceb8b7c16\"},\"headline\":\"Edler Fokus\",\"datePublished\":\"2022-10-18T13:52:36+00:00\",\"mainEntityOfPage\":{\"@id\":\"https:\\\/\\\/www.viaprinto.de\\\/blog\\\/edler-fokus\\\/\"},\"wordCount\":257,\"publisher\":{\"@id\":\"https:\\\/\\\/www.viaprinto.de\\\/blog\\\/#organization\"},\"image\":{\"@id\":\"https:\\\/\\\/www.viaprinto.de\\\/blog\\\/edler-fokus\\\/#primaryimage\"},\"thumbnailUrl\":\"https:\\\/\\\/www.viaprinto.de\\\/blog\\\/wp-content\\\/uploads\\\/2022\\\/10\\\/blogheader-waves-partielle-veredelungen-grusskarten-1690x642px-@2x-1.jpg\",\"keywords\":[\"partielle Veredelung\",\"partielle Veredelungen\"],\"articleSection\":[\"Features\",\"Produkte\"],\"inLanguage\":\"de\"},{\"@type\":\"WebPage\",\"@id\":\"https:\\\/\\\/www.viaprinto.de\\\/blog\\\/edler-fokus\\\/\",\"url\":\"https:\\\/\\\/www.viaprinto.de\\\/blog\\\/edler-fokus\\\/\",\"name\":\"Edler Fokus | viaprinto Blog | Alles \u00fcber den Druck\",\"isPartOf\":{\"@id\":\"https:\\\/\\\/www.viaprinto.de\\\/blog\\\/#website\"},\"primaryImageOfPage\":{\"@id\":\"https:\\\/\\\/www.viaprinto.de\\\/blog\\\/edler-fokus\\\/#primaryimage\"},\"image\":{\"@id\":\"https:\\\/\\\/www.viaprinto.de\\\/blog\\\/edler-fokus\\\/#primaryimage\"},\"thumbnailUrl\":\"https:\\\/\\\/www.viaprinto.de\\\/blog\\\/wp-content\\\/uploads\\\/2022\\\/10\\\/blogheader-waves-partielle-veredelungen-grusskarten-1690x642px-@2x-1.jpg\",\"breadcrumb\":{\"@id\":\"https:\\\/\\\/www.viaprinto.de\\\/blog\\\/edler-fokus\\\/#breadcrumb\"},\"inLanguage\":\"de\",\"potentialAction\":[{\"@type\":\"ReadAction\",\"target\":[\"https:\\\/\\\/www.viaprinto.de\\\/blog\\\/edler-fokus\\\/\"]}]},{\"@type\":\"ImageObject\",\"inLanguage\":\"de\",\"@id\":\"https:\\\/\\\/www.viaprinto.de\\\/blog\\\/edler-fokus\\\/#primaryimage\",\"url\":\"https:\\\/\\\/www.viaprinto.de\\\/blog\\\/wp-content\\\/uploads\\\/2022\\\/10\\\/blogheader-waves-partielle-veredelungen-grusskarten-1690x642px-@2x-1.jpg\",\"contentUrl\":\"https:\\\/\\\/www.viaprinto.de\\\/blog\\\/wp-content\\\/uploads\\\/2022\\\/10\\\/blogheader-waves-partielle-veredelungen-grusskarten-1690x642px-@2x-1.jpg\",\"width\":1690,\"height\":642},{\"@type\":\"BreadcrumbList\",\"@id\":\"https:\\\/\\\/www.viaprinto.de\\\/blog\\\/edler-fokus\\\/#breadcrumb\",\"itemListElement\":[{\"@type\":\"ListItem\",\"position\":1,\"name\":\"Startseite\",\"item\":\"https:\\\/\\\/www.viaprinto.de\\\/blog\\\/\"},{\"@type\":\"ListItem\",\"position\":2,\"name\":\"Edler Fokus\"}]},{\"@type\":\"WebSite\",\"@id\":\"https:\\\/\\\/www.viaprinto.de\\\/blog\\\/#website\",\"url\":\"https:\\\/\\\/www.viaprinto.de\\\/blog\\\/\",\"name\":\"viaprinto Blog | Alles \u00fcber den Druck\",\"description\":\"\",\"publisher\":{\"@id\":\"https:\\\/\\\/www.viaprinto.de\\\/blog\\\/#organization\"},\"potentialAction\":[{\"@type\":\"SearchAction\",\"target\":{\"@type\":\"EntryPoint\",\"urlTemplate\":\"https:\\\/\\\/www.viaprinto.de\\\/blog\\\/?s={search_term_string}\"},\"query-input\":{\"@type\":\"PropertyValueSpecification\",\"valueRequired\":true,\"valueName\":\"search_term_string\"}}],\"inLanguage\":\"de\"},{\"@type\":\"Organization\",\"@id\":\"https:\\\/\\\/www.viaprinto.de\\\/blog\\\/#organization\",\"name\":\"viaprinto\",\"url\":\"https:\\\/\\\/www.viaprinto.de\\\/blog\\\/\",\"logo\":{\"@type\":\"ImageObject\",\"inLanguage\":\"de\",\"@id\":\"https:\\\/\\\/www.viaprinto.de\\\/blog\\\/#\\\/schema\\\/logo\\\/image\\\/\",\"url\":\"https:\\\/\\\/www.viaprinto.de\\\/blog\\\/wp-content\\\/uploads\\\/2022\\\/12\\\/viaprinto-blog-logo.svg\",\"contentUrl\":\"https:\\\/\\\/www.viaprinto.de\\\/blog\\\/wp-content\\\/uploads\\\/2022\\\/12\\\/viaprinto-blog-logo.svg\",\"caption\":\"viaprinto\"},\"image\":{\"@id\":\"https:\\\/\\\/www.viaprinto.de\\\/blog\\\/#\\\/schema\\\/logo\\\/image\\\/\"},\"sameAs\":[\"https:\\\/\\\/www.linkedin.com\\\/company\\\/viaprinto\"]},{\"@type\":\"Person\",\"@id\":\"https:\\\/\\\/www.viaprinto.de\\\/blog\\\/#\\\/schema\\\/person\\\/1aa19d31063bc939317c758ceb8b7c16\",\"name\":\"Sarah Sassenhagen\",\"url\":\"https:\\\/\\\/www.viaprinto.de\\\/blog\\\/author\\\/sarah-sassenhagenviaprinto-de\\\/\"}]}<\/script>\n<!-- \/ Yoast SEO plugin. -->","yoast_head_json":{"title":"Edler Fokus | viaprinto Blog | Alles \u00fcber den Druck","robots":{"index":"index","follow":"follow","max-snippet":"max-snippet:-1","max-image-preview":"max-image-preview:large","max-video-preview":"max-video-preview:-1"},"canonical":"https:\/\/www.viaprinto.de\/blog\/edler-fokus\/","og_locale":"de_DE","og_type":"article","og_title":"Edler Fokus | viaprinto Blog | Alles \u00fcber den Druck","og_description":"Sie sind nicht nur ein Hingucker im Briefkasten, sondern auch ein Symbol f\u00fcr Wertsch\u00e4tzung und Anerkennung: Pers\u00f6nliche Nachrichten auf partiell veredelten Gru\u00df- und Postkarten. Mit goldener, silberner oder transparenter Veredelung setzen Sie Akzente und r\u00fccken die Inhalte in den Mittelpunkt, die Sie besonders betonen m\u00f6chten. Legen Sie den Fokus auf ansprechende Details, raffinierte Ornamente oder [&hellip;]","og_url":"https:\/\/www.viaprinto.de\/blog\/edler-fokus\/","og_site_name":"viaprinto Blog | Alles \u00fcber den Druck","article_published_time":"2022-10-18T13:52:36+00:00","og_image":[{"width":1690,"height":642,"url":"https:\/\/www.viaprinto.de\/blog\/wp-content\/uploads\/2022\/10\/blogheader-waves-partielle-veredelungen-grusskarten-1690x642px-@2x-1.jpg","type":"image\/jpeg"}],"author":"Sarah Sassenhagen","schema":{"@context":"https:\/\/schema.org","@graph":[{"@type":"Article","@id":"https:\/\/www.viaprinto.de\/blog\/edler-fokus\/#article","isPartOf":{"@id":"https:\/\/www.viaprinto.de\/blog\/edler-fokus\/"},"author":{"name":"Sarah Sassenhagen","@id":"https:\/\/www.viaprinto.de\/blog\/#\/schema\/person\/1aa19d31063bc939317c758ceb8b7c16"},"headline":"Edler Fokus","datePublished":"2022-10-18T13:52:36+00:00","mainEntityOfPage":{"@id":"https:\/\/www.viaprinto.de\/blog\/edler-fokus\/"},"wordCount":257,"publisher":{"@id":"https:\/\/www.viaprinto.de\/blog\/#organization"},"image":{"@id":"https:\/\/www.viaprinto.de\/blog\/edler-fokus\/#primaryimage"},"thumbnailUrl":"https:\/\/www.viaprinto.de\/blog\/wp-content\/uploads\/2022\/10\/blogheader-waves-partielle-veredelungen-grusskarten-1690x642px-@2x-1.jpg","keywords":["partielle Veredelung","partielle Veredelungen"],"articleSection":["Features","Produkte"],"inLanguage":"de"},{"@type":"WebPage","@id":"https:\/\/www.viaprinto.de\/blog\/edler-fokus\/","url":"https:\/\/www.viaprinto.de\/blog\/edler-fokus\/","name":"Edler Fokus | viaprinto Blog | Alles \u00fcber den Druck","isPartOf":{"@id":"https:\/\/www.viaprinto.de\/blog\/#website"},"primaryImageOfPage":{"@id":"https:\/\/www.viaprinto.de\/blog\/edler-fokus\/#primaryimage"},"image":{"@id":"https:\/\/www.viaprinto.de\/blog\/edler-fokus\/#primaryimage"},"thumbnailUrl":"https:\/\/www.viaprinto.de\/blog\/wp-content\/uploads\/2022\/10\/blogheader-waves-partielle-veredelungen-grusskarten-1690x642px-@2x-1.jpg","breadcrumb":{"@id":"https:\/\/www.viaprinto.de\/blog\/edler-fokus\/#breadcrumb"},"inLanguage":"de","potentialAction":[{"@type":"ReadAction","target":["https:\/\/www.viaprinto.de\/blog\/edler-fokus\/"]}]},{"@type":"ImageObject","inLanguage":"de","@id":"https:\/\/www.viaprinto.de\/blog\/edler-fokus\/#primaryimage","url":"https:\/\/www.viaprinto.de\/blog\/wp-content\/uploads\/2022\/10\/blogheader-waves-partielle-veredelungen-grusskarten-1690x642px-@2x-1.jpg","contentUrl":"https:\/\/www.viaprinto.de\/blog\/wp-content\/uploads\/2022\/10\/blogheader-waves-partielle-veredelungen-grusskarten-1690x642px-@2x-1.jpg","width":1690,"height":642},{"@type":"BreadcrumbList","@id":"https:\/\/www.viaprinto.de\/blog\/edler-fokus\/#breadcrumb","itemListElement":[{"@type":"ListItem","position":1,"name":"Startseite","item":"https:\/\/www.viaprinto.de\/blog\/"},{"@type":"ListItem","position":2,"name":"Edler Fokus"}]},{"@type":"WebSite","@id":"https:\/\/www.viaprinto.de\/blog\/#website","url":"https:\/\/www.viaprinto.de\/blog\/","name":"viaprinto Blog | Alles \u00fcber den Druck","description":"","publisher":{"@id":"https:\/\/www.viaprinto.de\/blog\/#organization"},"potentialAction":[{"@type":"SearchAction","target":{"@type":"EntryPoint","urlTemplate":"https:\/\/www.viaprinto.de\/blog\/?s={search_term_string}"},"query-input":{"@type":"PropertyValueSpecification","valueRequired":true,"valueName":"search_term_string"}}],"inLanguage":"de"},{"@type":"Organization","@id":"https:\/\/www.viaprinto.de\/blog\/#organization","name":"viaprinto","url":"https:\/\/www.viaprinto.de\/blog\/","logo":{"@type":"ImageObject","inLanguage":"de","@id":"https:\/\/www.viaprinto.de\/blog\/#\/schema\/logo\/image\/","url":"https:\/\/www.viaprinto.de\/blog\/wp-content\/uploads\/2022\/12\/viaprinto-blog-logo.svg","contentUrl":"https:\/\/www.viaprinto.de\/blog\/wp-content\/uploads\/2022\/12\/viaprinto-blog-logo.svg","caption":"viaprinto"},"image":{"@id":"https:\/\/www.viaprinto.de\/blog\/#\/schema\/logo\/image\/"},"sameAs":["https:\/\/www.linkedin.com\/company\/viaprinto"]},{"@type":"Person","@id":"https:\/\/www.viaprinto.de\/blog\/#\/schema\/person\/1aa19d31063bc939317c758ceb8b7c16","name":"Sarah Sassenhagen","url":"https:\/\/www.viaprinto.de\/blog\/author\/sarah-sassenhagenviaprinto-de\/"}]}},"mfb_rest_fields":["title","yoast_head","yoast_head_json"],"_links":{"self":[{"href":"https:\/\/www.viaprinto.de\/blog\/wp-json\/wp\/v2\/posts\/17234","targetHints":{"allow":["GET"]}}],"collection":[{"href":"https:\/\/www.viaprinto.de\/blog\/wp-json\/wp\/v2\/posts"}],"about":[{"href":"https:\/\/www.viaprinto.de\/blog\/wp-json\/wp\/v2\/types\/post"}],"author":[{"embeddable":true,"href":"https:\/\/www.viaprinto.de\/blog\/wp-json\/wp\/v2\/users\/8"}],"replies":[{"embeddable":true,"href":"https:\/\/www.viaprinto.de\/blog\/wp-json\/wp\/v2\/comments?post=17234"}],"version-history":[{"count":0,"href":"https:\/\/www.viaprinto.de\/blog\/wp-json\/wp\/v2\/posts\/17234\/revisions"}],"wp:featuredmedia":[{"embeddable":true,"href":"https:\/\/www.viaprinto.de\/blog\/wp-json\/wp\/v2\/media\/17235"}],"wp:attachment":[{"href":"https:\/\/www.viaprinto.de\/blog\/wp-json\/wp\/v2\/media?parent=17234"}],"wp:term":[{"taxonomy":"category","embeddable":true,"href":"https:\/\/www.viaprinto.de\/blog\/wp-json\/wp\/v2\/categories?post=17234"},{"taxonomy":"post_tag","embeddable":true,"href":"https:\/\/www.viaprinto.de\/blog\/wp-json\/wp\/v2\/tags?post=17234"}],"curies":[{"name":"wp","href":"https:\/\/api.w.org\/{rel}","templated":true}]}}