{"id":16888,"date":"2022-07-07T08:33:00","date_gmt":"2022-07-07T06:33:00","guid":{"rendered":"https:\/\/www.viaprinto.de\/blog\/?p=16888"},"modified":"2024-05-07T11:27:10","modified_gmt":"2024-05-07T09:27:10","slug":"5-monatskalender-neu","status":"publish","type":"post","link":"https:\/\/www.viaprinto.de\/blog\/5-monatskalender-neu\/","title":{"rendered":"F\u00fcr Termin-Ninjas: Mehrmonats-Kalender im neuen Design"},"content":{"rendered":"\n<p>viaprinto wartet in diesem Jahr mit einer neuen <a href=\"https:\/\/www.viaprinto.de\/kalender-vielfalt\" target=\"_blank\" rel=\"noreferrer noopener\">Kalendervariante <\/a>auf. Der beliebte <a href=\"https:\/\/www.viaprinto.de\/-\/?SERIES=5-month-calendar\" target=\"_blank\" rel=\"noreferrer noopener\">5-Monats-Kalender <\/a>hat ein facelift erhalten und erschein nun frisch und &#8222;kompakt&#8220;: <\/p>\n\n\n\n<p>Der <em>5-Monats-Kalender<\/em> in der Einblock-Variante hebt sich mit seinem neuen Fokus-Monat hervor: Der jeweils Aktuelle ist extra mittig angelegt, so dass die vergangenen zwei und die kommenden zwei Monate gut einsehbar bleiben. Das erleichtert einerseits die vorausschauende Planung von Terminen oder Bestellungen und unterst\u00fctzt andererseits auch bei der Rekonstruktion vergangener Events oder Fristen.<\/p>\n\n\n\n\n\n<figure class=\"wp-block-image aligncenter size-large\"><img decoding=\"async\" src=\"https:\/\/www.viaprinto.de\/blog\/wp-content\/uploads\/2022\/07\/5-monats-kalender-neue-varianten-2-800x580px-@2x.jpg\" alt=\"\" class=\"wp-image-16909\"\/><figcaption class=\"wp-element-caption\">Kalendarium &#8222;kompakt&#8220; (links) und &#8222;klassisch&#8220;<\/figcaption><\/figure>\n\n\n\n<figure class=\"wp-block-image size-large\"><img decoding=\"async\" src=\"https:\/\/www.viaprinto.de\/blog\/wp-content\/uploads\/2022\/07\/5-monats-kalender-neue-varianten-1-800x580px-@2x.jpg\" alt=\"\" class=\"wp-image-16911\"\/><figcaption class=\"wp-element-caption\">Farbunterschiede vorhanden: anthrazit\/rot grau (links) und anthrazit\/rot wei\u00df.<\/figcaption><\/figure>\n\n\n\n\n\n<p>Das Datenformat des Kopfteils, also die reine Werbefl\u00e4che, betr\u00e4gt: 300 x 150 mm. Insgesamt ist er 300 x 560 mm gro\u00df.<\/p>\n\n\n\n<div class=\"wp-block-buttons is-content-justification-center is-layout-flex wp-container-core-buttons-is-layout-a89b3969 wp-block-buttons-is-layout-flex\">\n<div class=\"wp-block-button is-style-outline is-style-outline--1\"><a class=\"wp-block-button__link has-luminous-vivid-orange-color has-white-background-color has-text-color has-background wp-element-button\" href=\"https:\/\/www.viaprinto.de\/monatskalender\" target=\"_blank\" rel=\"noreferrer noopener\">zu den Mehrmonats-Kalendern<\/a><\/div>\n<\/div>\n\n\n\n<p class=\"has-black-color has-text-color\"><\/p>\n","protected":false},"excerpt":{"rendered":"<p>Wir haben den Mehrmonatskalender einem facelift unterzogen. Dabei herausgekommen ist, tadaaaa&#8230;<\/p>\n","protected":false},"author":7,"featured_media":16908,"comment_status":"closed","ping_status":"closed","sticky":false,"template":"","format":"standard","meta":{"_acf_changed":false,"inline_featured_image":false,"footnotes":""},"categories":[8],"tags":[41,287],"class_list":["post-16888","post","type-post","status-publish","format-standard","has-post-thumbnail","hentry","category-produkte","tag-kalender","tag-mehrmonatskalender"],"mb":[],"acf":[],"yoast_head":"<!-- This site is optimized with the Yoast SEO plugin v27.4 - https:\/\/yoast.com\/product\/yoast-seo-wordpress\/ -->\n<title>Neue Kalendarien-Layouts | viaprinto Blog<\/title>\n<meta name=\"description\" content=\"viaprinto Blog | Produktportfolio | Mehrmonats-Kalender im neuen Design. \u25b6 Erfahren Sie mehr \u00fcber unsere Kalendarien-Layouts.\" \/>\n<meta name=\"robots\" content=\"index, follow, max-snippet:-1, max-image-preview:large, max-video-preview:-1\" \/>\n<link rel=\"canonical\" href=\"https:\/\/www.viaprinto.de\/blog\/5-monatskalender-neu\/\" \/>\n<meta property=\"og:locale\" content=\"de_DE\" \/>\n<meta property=\"og:type\" content=\"article\" \/>\n<meta property=\"og:title\" content=\"Neue Kalendarien-Layouts | viaprinto Blog\" \/>\n<meta property=\"og:description\" content=\"viaprinto Blog | Produktportfolio | Mehrmonats-Kalender im neuen Design. \u25b6 Erfahren Sie mehr \u00fcber unsere Kalendarien-Layouts.\" \/>\n<meta property=\"og:url\" content=\"https:\/\/www.viaprinto.de\/blog\/5-monatskalender-neu\/\" \/>\n<meta property=\"og:site_name\" content=\"viaprinto Blog | Alles \u00fcber den Druck\" \/>\n<meta property=\"article:published_time\" content=\"2022-07-07T06:33:00+00:00\" \/>\n<meta property=\"article:modified_time\" content=\"2024-05-07T09:27:10+00:00\" \/>\n<meta property=\"og:image\" content=\"https:\/\/www.viaprinto.de\/blog\/wp-content\/uploads\/2022\/07\/blogheader-5-monats-kalender-neue-variante-1690x642px-@2x-1.jpg\" \/>\n\t<meta property=\"og:image:width\" content=\"1690\" \/>\n\t<meta property=\"og:image:height\" content=\"642\" \/>\n\t<meta property=\"og:image:type\" content=\"image\/jpeg\" \/>\n<meta name=\"author\" content=\"Isabel J\u00f6dicke\" \/>\n<script type=\"application\/ld+json\" class=\"yoast-schema-graph\">{\"@context\":\"https:\\\/\\\/schema.org\",\"@graph\":[{\"@type\":\"Article\",\"@id\":\"https:\\\/\\\/www.viaprinto.de\\\/blog\\\/5-monatskalender-neu\\\/#article\",\"isPartOf\":{\"@id\":\"https:\\\/\\\/www.viaprinto.de\\\/blog\\\/5-monatskalender-neu\\\/\"},\"author\":{\"name\":\"Isabel J\u00f6dicke\",\"@id\":\"https:\\\/\\\/www.viaprinto.de\\\/blog\\\/#\\\/schema\\\/person\\\/3c99507c1660c1f0bef1f76812fb55d9\"},\"headline\":\"F\u00fcr Termin-Ninjas: Mehrmonats-Kalender im neuen Design\",\"datePublished\":\"2022-07-07T06:33:00+00:00\",\"dateModified\":\"2024-05-07T09:27:10+00:00\",\"mainEntityOfPage\":{\"@id\":\"https:\\\/\\\/www.viaprinto.de\\\/blog\\\/5-monatskalender-neu\\\/\"},\"wordCount\":121,\"publisher\":{\"@id\":\"https:\\\/\\\/www.viaprinto.de\\\/blog\\\/#organization\"},\"image\":{\"@id\":\"https:\\\/\\\/www.viaprinto.de\\\/blog\\\/5-monatskalender-neu\\\/#primaryimage\"},\"thumbnailUrl\":\"https:\\\/\\\/www.viaprinto.de\\\/blog\\\/wp-content\\\/uploads\\\/2022\\\/07\\\/blogheader-5-monats-kalender-neue-variante-1690x642px-@2x-1.jpg\",\"keywords\":[\"Kalender\",\"Mehrmonatskalender\"],\"articleSection\":[\"Produkte\"],\"inLanguage\":\"de\"},{\"@type\":\"WebPage\",\"@id\":\"https:\\\/\\\/www.viaprinto.de\\\/blog\\\/5-monatskalender-neu\\\/\",\"url\":\"https:\\\/\\\/www.viaprinto.de\\\/blog\\\/5-monatskalender-neu\\\/\",\"name\":\"Neue Kalendarien-Layouts | viaprinto Blog\",\"isPartOf\":{\"@id\":\"https:\\\/\\\/www.viaprinto.de\\\/blog\\\/#website\"},\"primaryImageOfPage\":{\"@id\":\"https:\\\/\\\/www.viaprinto.de\\\/blog\\\/5-monatskalender-neu\\\/#primaryimage\"},\"image\":{\"@id\":\"https:\\\/\\\/www.viaprinto.de\\\/blog\\\/5-monatskalender-neu\\\/#primaryimage\"},\"thumbnailUrl\":\"https:\\\/\\\/www.viaprinto.de\\\/blog\\\/wp-content\\\/uploads\\\/2022\\\/07\\\/blogheader-5-monats-kalender-neue-variante-1690x642px-@2x-1.jpg\",\"description\":\"viaprinto Blog | Produktportfolio | Mehrmonats-Kalender im neuen Design. \u25b6 Erfahren Sie mehr \u00fcber unsere Kalendarien-Layouts.\",\"breadcrumb\":{\"@id\":\"https:\\\/\\\/www.viaprinto.de\\\/blog\\\/5-monatskalender-neu\\\/#breadcrumb\"},\"inLanguage\":\"de\",\"potentialAction\":[{\"@type\":\"ReadAction\",\"target\":[\"https:\\\/\\\/www.viaprinto.de\\\/blog\\\/5-monatskalender-neu\\\/\"]}]},{\"@type\":\"ImageObject\",\"inLanguage\":\"de\",\"@id\":\"https:\\\/\\\/www.viaprinto.de\\\/blog\\\/5-monatskalender-neu\\\/#primaryimage\",\"url\":\"https:\\\/\\\/www.viaprinto.de\\\/blog\\\/wp-content\\\/uploads\\\/2022\\\/07\\\/blogheader-5-monats-kalender-neue-variante-1690x642px-@2x-1.jpg\",\"contentUrl\":\"https:\\\/\\\/www.viaprinto.de\\\/blog\\\/wp-content\\\/uploads\\\/2022\\\/07\\\/blogheader-5-monats-kalender-neue-variante-1690x642px-@2x-1.jpg\",\"width\":1690,\"height\":642},{\"@type\":\"BreadcrumbList\",\"@id\":\"https:\\\/\\\/www.viaprinto.de\\\/blog\\\/5-monatskalender-neu\\\/#breadcrumb\",\"itemListElement\":[{\"@type\":\"ListItem\",\"position\":1,\"name\":\"Startseite\",\"item\":\"https:\\\/\\\/www.viaprinto.de\\\/blog\\\/\"},{\"@type\":\"ListItem\",\"position\":2,\"name\":\"F\u00fcr Termin-Ninjas: Mehrmonats-Kalender im neuen Design\"}]},{\"@type\":\"WebSite\",\"@id\":\"https:\\\/\\\/www.viaprinto.de\\\/blog\\\/#website\",\"url\":\"https:\\\/\\\/www.viaprinto.de\\\/blog\\\/\",\"name\":\"viaprinto Blog | Alles \u00fcber den Druck\",\"description\":\"\",\"publisher\":{\"@id\":\"https:\\\/\\\/www.viaprinto.de\\\/blog\\\/#organization\"},\"potentialAction\":[{\"@type\":\"SearchAction\",\"target\":{\"@type\":\"EntryPoint\",\"urlTemplate\":\"https:\\\/\\\/www.viaprinto.de\\\/blog\\\/?s={search_term_string}\"},\"query-input\":{\"@type\":\"PropertyValueSpecification\",\"valueRequired\":true,\"valueName\":\"search_term_string\"}}],\"inLanguage\":\"de\"},{\"@type\":\"Organization\",\"@id\":\"https:\\\/\\\/www.viaprinto.de\\\/blog\\\/#organization\",\"name\":\"viaprinto\",\"url\":\"https:\\\/\\\/www.viaprinto.de\\\/blog\\\/\",\"logo\":{\"@type\":\"ImageObject\",\"inLanguage\":\"de\",\"@id\":\"https:\\\/\\\/www.viaprinto.de\\\/blog\\\/#\\\/schema\\\/logo\\\/image\\\/\",\"url\":\"https:\\\/\\\/www.viaprinto.de\\\/blog\\\/wp-content\\\/uploads\\\/2022\\\/12\\\/viaprinto-blog-logo.svg\",\"contentUrl\":\"https:\\\/\\\/www.viaprinto.de\\\/blog\\\/wp-content\\\/uploads\\\/2022\\\/12\\\/viaprinto-blog-logo.svg\",\"caption\":\"viaprinto\"},\"image\":{\"@id\":\"https:\\\/\\\/www.viaprinto.de\\\/blog\\\/#\\\/schema\\\/logo\\\/image\\\/\"},\"sameAs\":[\"https:\\\/\\\/www.linkedin.com\\\/company\\\/viaprinto\"]},{\"@type\":\"Person\",\"@id\":\"https:\\\/\\\/www.viaprinto.de\\\/blog\\\/#\\\/schema\\\/person\\\/3c99507c1660c1f0bef1f76812fb55d9\",\"name\":\"Isabel J\u00f6dicke\",\"url\":\"https:\\\/\\\/www.viaprinto.de\\\/blog\\\/author\\\/isabel-joedickeviaprinto-de\\\/\"}]}<\/script>\n<!-- \/ Yoast SEO plugin. -->","yoast_head_json":{"title":"Neue Kalendarien-Layouts | viaprinto Blog","description":"viaprinto Blog | Produktportfolio | Mehrmonats-Kalender im neuen Design. \u25b6 Erfahren Sie mehr \u00fcber unsere Kalendarien-Layouts.","robots":{"index":"index","follow":"follow","max-snippet":"max-snippet:-1","max-image-preview":"max-image-preview:large","max-video-preview":"max-video-preview:-1"},"canonical":"https:\/\/www.viaprinto.de\/blog\/5-monatskalender-neu\/","og_locale":"de_DE","og_type":"article","og_title":"Neue Kalendarien-Layouts | viaprinto Blog","og_description":"viaprinto Blog | Produktportfolio | Mehrmonats-Kalender im neuen Design. \u25b6 Erfahren Sie mehr \u00fcber unsere Kalendarien-Layouts.","og_url":"https:\/\/www.viaprinto.de\/blog\/5-monatskalender-neu\/","og_site_name":"viaprinto Blog | Alles \u00fcber den Druck","article_published_time":"2022-07-07T06:33:00+00:00","article_modified_time":"2024-05-07T09:27:10+00:00","og_image":[{"width":1690,"height":642,"url":"https:\/\/www.viaprinto.de\/blog\/wp-content\/uploads\/2022\/07\/blogheader-5-monats-kalender-neue-variante-1690x642px-@2x-1.jpg","type":"image\/jpeg"}],"author":"Isabel J\u00f6dicke","schema":{"@context":"https:\/\/schema.org","@graph":[{"@type":"Article","@id":"https:\/\/www.viaprinto.de\/blog\/5-monatskalender-neu\/#article","isPartOf":{"@id":"https:\/\/www.viaprinto.de\/blog\/5-monatskalender-neu\/"},"author":{"name":"Isabel J\u00f6dicke","@id":"https:\/\/www.viaprinto.de\/blog\/#\/schema\/person\/3c99507c1660c1f0bef1f76812fb55d9"},"headline":"F\u00fcr Termin-Ninjas: Mehrmonats-Kalender im neuen Design","datePublished":"2022-07-07T06:33:00+00:00","dateModified":"2024-05-07T09:27:10+00:00","mainEntityOfPage":{"@id":"https:\/\/www.viaprinto.de\/blog\/5-monatskalender-neu\/"},"wordCount":121,"publisher":{"@id":"https:\/\/www.viaprinto.de\/blog\/#organization"},"image":{"@id":"https:\/\/www.viaprinto.de\/blog\/5-monatskalender-neu\/#primaryimage"},"thumbnailUrl":"https:\/\/www.viaprinto.de\/blog\/wp-content\/uploads\/2022\/07\/blogheader-5-monats-kalender-neue-variante-1690x642px-@2x-1.jpg","keywords":["Kalender","Mehrmonatskalender"],"articleSection":["Produkte"],"inLanguage":"de"},{"@type":"WebPage","@id":"https:\/\/www.viaprinto.de\/blog\/5-monatskalender-neu\/","url":"https:\/\/www.viaprinto.de\/blog\/5-monatskalender-neu\/","name":"Neue Kalendarien-Layouts | viaprinto Blog","isPartOf":{"@id":"https:\/\/www.viaprinto.de\/blog\/#website"},"primaryImageOfPage":{"@id":"https:\/\/www.viaprinto.de\/blog\/5-monatskalender-neu\/#primaryimage"},"image":{"@id":"https:\/\/www.viaprinto.de\/blog\/5-monatskalender-neu\/#primaryimage"},"thumbnailUrl":"https:\/\/www.viaprinto.de\/blog\/wp-content\/uploads\/2022\/07\/blogheader-5-monats-kalender-neue-variante-1690x642px-@2x-1.jpg","description":"viaprinto Blog | Produktportfolio | Mehrmonats-Kalender im neuen Design. \u25b6 Erfahren Sie mehr \u00fcber unsere Kalendarien-Layouts.","breadcrumb":{"@id":"https:\/\/www.viaprinto.de\/blog\/5-monatskalender-neu\/#breadcrumb"},"inLanguage":"de","potentialAction":[{"@type":"ReadAction","target":["https:\/\/www.viaprinto.de\/blog\/5-monatskalender-neu\/"]}]},{"@type":"ImageObject","inLanguage":"de","@id":"https:\/\/www.viaprinto.de\/blog\/5-monatskalender-neu\/#primaryimage","url":"https:\/\/www.viaprinto.de\/blog\/wp-content\/uploads\/2022\/07\/blogheader-5-monats-kalender-neue-variante-1690x642px-@2x-1.jpg","contentUrl":"https:\/\/www.viaprinto.de\/blog\/wp-content\/uploads\/2022\/07\/blogheader-5-monats-kalender-neue-variante-1690x642px-@2x-1.jpg","width":1690,"height":642},{"@type":"BreadcrumbList","@id":"https:\/\/www.viaprinto.de\/blog\/5-monatskalender-neu\/#breadcrumb","itemListElement":[{"@type":"ListItem","position":1,"name":"Startseite","item":"https:\/\/www.viaprinto.de\/blog\/"},{"@type":"ListItem","position":2,"name":"F\u00fcr Termin-Ninjas: Mehrmonats-Kalender im neuen Design"}]},{"@type":"WebSite","@id":"https:\/\/www.viaprinto.de\/blog\/#website","url":"https:\/\/www.viaprinto.de\/blog\/","name":"viaprinto Blog | Alles \u00fcber den Druck","description":"","publisher":{"@id":"https:\/\/www.viaprinto.de\/blog\/#organization"},"potentialAction":[{"@type":"SearchAction","target":{"@type":"EntryPoint","urlTemplate":"https:\/\/www.viaprinto.de\/blog\/?s={search_term_string}"},"query-input":{"@type":"PropertyValueSpecification","valueRequired":true,"valueName":"search_term_string"}}],"inLanguage":"de"},{"@type":"Organization","@id":"https:\/\/www.viaprinto.de\/blog\/#organization","name":"viaprinto","url":"https:\/\/www.viaprinto.de\/blog\/","logo":{"@type":"ImageObject","inLanguage":"de","@id":"https:\/\/www.viaprinto.de\/blog\/#\/schema\/logo\/image\/","url":"https:\/\/www.viaprinto.de\/blog\/wp-content\/uploads\/2022\/12\/viaprinto-blog-logo.svg","contentUrl":"https:\/\/www.viaprinto.de\/blog\/wp-content\/uploads\/2022\/12\/viaprinto-blog-logo.svg","caption":"viaprinto"},"image":{"@id":"https:\/\/www.viaprinto.de\/blog\/#\/schema\/logo\/image\/"},"sameAs":["https:\/\/www.linkedin.com\/company\/viaprinto"]},{"@type":"Person","@id":"https:\/\/www.viaprinto.de\/blog\/#\/schema\/person\/3c99507c1660c1f0bef1f76812fb55d9","name":"Isabel J\u00f6dicke","url":"https:\/\/www.viaprinto.de\/blog\/author\/isabel-joedickeviaprinto-de\/"}]}},"mfb_rest_fields":["title","yoast_head","yoast_head_json"],"_links":{"self":[{"href":"https:\/\/www.viaprinto.de\/blog\/wp-json\/wp\/v2\/posts\/16888","targetHints":{"allow":["GET"]}}],"collection":[{"href":"https:\/\/www.viaprinto.de\/blog\/wp-json\/wp\/v2\/posts"}],"about":[{"href":"https:\/\/www.viaprinto.de\/blog\/wp-json\/wp\/v2\/types\/post"}],"author":[{"embeddable":true,"href":"https:\/\/www.viaprinto.de\/blog\/wp-json\/wp\/v2\/users\/7"}],"replies":[{"embeddable":true,"href":"https:\/\/www.viaprinto.de\/blog\/wp-json\/wp\/v2\/comments?post=16888"}],"version-history":[{"count":1,"href":"https:\/\/www.viaprinto.de\/blog\/wp-json\/wp\/v2\/posts\/16888\/revisions"}],"predecessor-version":[{"id":18833,"href":"https:\/\/www.viaprinto.de\/blog\/wp-json\/wp\/v2\/posts\/16888\/revisions\/18833"}],"wp:featuredmedia":[{"embeddable":true,"href":"https:\/\/www.viaprinto.de\/blog\/wp-json\/wp\/v2\/media\/16908"}],"wp:attachment":[{"href":"https:\/\/www.viaprinto.de\/blog\/wp-json\/wp\/v2\/media?parent=16888"}],"wp:term":[{"taxonomy":"category","embeddable":true,"href":"https:\/\/www.viaprinto.de\/blog\/wp-json\/wp\/v2\/categories?post=16888"},{"taxonomy":"post_tag","embeddable":true,"href":"https:\/\/www.viaprinto.de\/blog\/wp-json\/wp\/v2\/tags?post=16888"}],"curies":[{"name":"wp","href":"https:\/\/api.w.org\/{rel}","templated":true}]}}