{"id":16098,"date":"2021-08-25T08:22:38","date_gmt":"2021-08-25T06:22:38","guid":{"rendered":"https:\/\/www.viaprinto.de\/blog\/?p=16098"},"modified":"2024-05-03T11:24:04","modified_gmt":"2024-05-03T09:24:04","slug":"kalender-beschreiben","status":"publish","type":"post","link":"https:\/\/www.viaprinto.de\/blog\/kalender-beschreiben\/","title":{"rendered":"Wandkalender gestalten? Gerne nach dem Drucken!"},"content":{"rendered":"\n<p>Eines der beliebtesten und am l\u00e4ngsten im Portfolio von viaprinto aufgenommenen Produkte ist der <a href=\"https:\/\/www.viaprinto.de\/kalender\" target=\"_blank\" rel=\"noreferrer noopener\">Wandkalender<\/a>. Seit 2012 drucken wir die Monatsz\u00e4hler und haben schon so manches B\u00fcro versch\u00f6nert oder bei der Terminplanung geholfen.<\/p>\n\n\n\n<p>Entsprechend den W\u00fcnschen unserer Kunden sind die Wandkalender inzwischen so <strong>hochwertig <\/strong>verarbeitet, dass sie bis zur Premium-Variante konfiguriert werden k\u00f6nnen: Abdeckfolie vor dem Deckblatt oder eine Veredelung der Vorderseite mit Folienkaschierung oder UV-Lack. Beide <a href=\"https:\/\/www.viaprinto.de\/hilfe\/produkt-konfigurieren\/veredelung\/index.html\" target=\"_blank\" rel=\"noreferrer noopener\">Veredelungen <\/a>sorgen f\u00fcr bessere Haltbarkeit des Papiers und geben dem Kalender einen besonders wertigen und individuellen Touch.<\/p>\n\n\n\n<p><strong>Apropos<\/strong>: Individualit\u00e4t ist in viaprintos DNA verankert und schlie\u00dft auch unkonventionelle Herangehensweisen in der Anwendung unserer Produkte ein. Denn wer sagt, dass ausschlie\u00dflich Fotomotive \u00fcber den Monatskalendarien prangen m\u00fcssen? Einfache, freie Fl\u00e4chen oder Listen, die beschrieben werden k\u00f6nnen, tun es doch auch!<\/p>\n\n\n\n<figure class=\"wp-block-image size-large\"><a href=\"https:\/\/www.viaprinto.de\/blog\/wp-content\/uploads\/2021\/08\/wandkalender-einfarbig-800x580px-@2x.jpg\" data-rel=\"lightbox-image-0\" data-rl_title=\"\" data-rl_caption=\"\" title=\"\"><img decoding=\"async\" src=\"https:\/\/www.viaprinto.de\/blog\/wp-content\/uploads\/2021\/08\/wandkalender-einfarbig-800x580px-@2x.jpg\" alt=\"\" class=\"wp-image-16086\"\/><\/a><\/figure>\n\n\n\n<p>Mit Edding oder Kreidestiften k\u00f6nnen die monatlichen To-Dos der Abteilung festgelegt oder w\u00f6chentliche Ziele des Teams aufgeschrieben werden. Monat f\u00fcr Monat werden so die Fortschritte und Entwicklungen sichtbar gemacht und motivieren zu mehr.<\/p>\n\n\n\n<p>Vielleicht sind Sie ja schon von selbst auf eine solcher #viaprintolifehacks gekommen. Zeigen Sie uns Ihre Ideen! &nbsp;&nbsp;&nbsp;&nbsp;&nbsp;&nbsp;<\/p>\n","protected":false},"excerpt":{"rendered":"<p>Individualit\u00e4t ist in viaprintos DNA verankert und schlie\u00dft auch unkonventionelle Herangehensweisen in der Anwendung unserer Produkte ein. Neugierig?<\/p>\n","protected":false},"author":7,"featured_media":16144,"comment_status":"open","ping_status":"closed","sticky":false,"template":"","format":"standard","meta":{"_acf_changed":false,"inline_featured_image":false,"footnotes":""},"categories":[8],"tags":[523,524,56],"class_list":["post-16098","post","type-post","status-publish","format-standard","has-post-thumbnail","hentry","category-produkte","tag-beschreiben","tag-edding","tag-wandkalender"],"mb":[],"acf":[],"yoast_head":"<!-- This site is optimized with the Yoast SEO plugin v27.4 - https:\/\/yoast.com\/product\/yoast-seo-wordpress\/ -->\n<title>Wandkalender mal anders | viaprinto Blog<\/title>\n<meta name=\"description\" content=\"viaprintolifehack | Wandkalender gestalten? \u25b6 Gerne nach dem Drucken! \u25b6 Wandkalender als To-Do-Listen im B\u00fcroalltag.\" \/>\n<meta name=\"robots\" content=\"index, follow, max-snippet:-1, max-image-preview:large, max-video-preview:-1\" \/>\n<link rel=\"canonical\" href=\"https:\/\/www.viaprinto.de\/blog\/kalender-beschreiben\/\" \/>\n<meta property=\"og:locale\" content=\"de_DE\" \/>\n<meta property=\"og:type\" content=\"article\" \/>\n<meta property=\"og:title\" content=\"Wandkalender mal anders | viaprinto Blog\" \/>\n<meta property=\"og:description\" content=\"viaprintolifehack | Wandkalender gestalten? \u25b6 Gerne nach dem Drucken! \u25b6 Wandkalender als To-Do-Listen im B\u00fcroalltag.\" \/>\n<meta property=\"og:url\" content=\"https:\/\/www.viaprinto.de\/blog\/kalender-beschreiben\/\" \/>\n<meta property=\"og:site_name\" content=\"viaprinto Blog | Alles \u00fcber den Druck\" \/>\n<meta property=\"article:published_time\" content=\"2021-08-25T06:22:38+00:00\" \/>\n<meta property=\"article:modified_time\" content=\"2024-05-03T09:24:04+00:00\" \/>\n<meta property=\"og:image\" content=\"https:\/\/www.viaprinto.de\/blog\/wp-content\/uploads\/2021\/08\/blogheader-viaprintolifehack-wandkalender-1690x642px-@2x-1-1.jpg\" \/>\n\t<meta property=\"og:image:width\" content=\"1690\" \/>\n\t<meta property=\"og:image:height\" content=\"642\" \/>\n\t<meta property=\"og:image:type\" content=\"image\/jpeg\" \/>\n<meta name=\"author\" content=\"Isabel J\u00f6dicke\" \/>\n<script type=\"application\/ld+json\" class=\"yoast-schema-graph\">{\"@context\":\"https:\\\/\\\/schema.org\",\"@graph\":[{\"@type\":\"Article\",\"@id\":\"https:\\\/\\\/www.viaprinto.de\\\/blog\\\/kalender-beschreiben\\\/#article\",\"isPartOf\":{\"@id\":\"https:\\\/\\\/www.viaprinto.de\\\/blog\\\/kalender-beschreiben\\\/\"},\"author\":{\"name\":\"Isabel J\u00f6dicke\",\"@id\":\"https:\\\/\\\/www.viaprinto.de\\\/blog\\\/#\\\/schema\\\/person\\\/3c99507c1660c1f0bef1f76812fb55d9\"},\"headline\":\"Wandkalender gestalten? Gerne nach dem Drucken!\",\"datePublished\":\"2021-08-25T06:22:38+00:00\",\"dateModified\":\"2024-05-03T09:24:04+00:00\",\"mainEntityOfPage\":{\"@id\":\"https:\\\/\\\/www.viaprinto.de\\\/blog\\\/kalender-beschreiben\\\/\"},\"wordCount\":203,\"commentCount\":0,\"publisher\":{\"@id\":\"https:\\\/\\\/www.viaprinto.de\\\/blog\\\/#organization\"},\"image\":{\"@id\":\"https:\\\/\\\/www.viaprinto.de\\\/blog\\\/kalender-beschreiben\\\/#primaryimage\"},\"thumbnailUrl\":\"https:\\\/\\\/www.viaprinto.de\\\/blog\\\/wp-content\\\/uploads\\\/2021\\\/08\\\/blogheader-viaprintolifehack-wandkalender-1690x642px-@2x-1-1.jpg\",\"keywords\":[\"beschreiben\",\"edding\",\"Wandkalender\"],\"articleSection\":[\"Produkte\"],\"inLanguage\":\"de\",\"potentialAction\":[{\"@type\":\"CommentAction\",\"name\":\"Comment\",\"target\":[\"https:\\\/\\\/www.viaprinto.de\\\/blog\\\/kalender-beschreiben\\\/#respond\"]}]},{\"@type\":\"WebPage\",\"@id\":\"https:\\\/\\\/www.viaprinto.de\\\/blog\\\/kalender-beschreiben\\\/\",\"url\":\"https:\\\/\\\/www.viaprinto.de\\\/blog\\\/kalender-beschreiben\\\/\",\"name\":\"Wandkalender mal anders | viaprinto Blog\",\"isPartOf\":{\"@id\":\"https:\\\/\\\/www.viaprinto.de\\\/blog\\\/#website\"},\"primaryImageOfPage\":{\"@id\":\"https:\\\/\\\/www.viaprinto.de\\\/blog\\\/kalender-beschreiben\\\/#primaryimage\"},\"image\":{\"@id\":\"https:\\\/\\\/www.viaprinto.de\\\/blog\\\/kalender-beschreiben\\\/#primaryimage\"},\"thumbnailUrl\":\"https:\\\/\\\/www.viaprinto.de\\\/blog\\\/wp-content\\\/uploads\\\/2021\\\/08\\\/blogheader-viaprintolifehack-wandkalender-1690x642px-@2x-1-1.jpg\",\"description\":\"viaprintolifehack | Wandkalender gestalten? \u25b6 Gerne nach dem Drucken! \u25b6 Wandkalender als To-Do-Listen im B\u00fcroalltag.\",\"breadcrumb\":{\"@id\":\"https:\\\/\\\/www.viaprinto.de\\\/blog\\\/kalender-beschreiben\\\/#breadcrumb\"},\"inLanguage\":\"de\",\"potentialAction\":[{\"@type\":\"ReadAction\",\"target\":[\"https:\\\/\\\/www.viaprinto.de\\\/blog\\\/kalender-beschreiben\\\/\"]}]},{\"@type\":\"ImageObject\",\"inLanguage\":\"de\",\"@id\":\"https:\\\/\\\/www.viaprinto.de\\\/blog\\\/kalender-beschreiben\\\/#primaryimage\",\"url\":\"https:\\\/\\\/www.viaprinto.de\\\/blog\\\/wp-content\\\/uploads\\\/2021\\\/08\\\/blogheader-viaprintolifehack-wandkalender-1690x642px-@2x-1-1.jpg\",\"contentUrl\":\"https:\\\/\\\/www.viaprinto.de\\\/blog\\\/wp-content\\\/uploads\\\/2021\\\/08\\\/blogheader-viaprintolifehack-wandkalender-1690x642px-@2x-1-1.jpg\",\"width\":1690,\"height\":642},{\"@type\":\"BreadcrumbList\",\"@id\":\"https:\\\/\\\/www.viaprinto.de\\\/blog\\\/kalender-beschreiben\\\/#breadcrumb\",\"itemListElement\":[{\"@type\":\"ListItem\",\"position\":1,\"name\":\"Startseite\",\"item\":\"https:\\\/\\\/www.viaprinto.de\\\/blog\\\/\"},{\"@type\":\"ListItem\",\"position\":2,\"name\":\"Wandkalender gestalten? Gerne nach dem Drucken!\"}]},{\"@type\":\"WebSite\",\"@id\":\"https:\\\/\\\/www.viaprinto.de\\\/blog\\\/#website\",\"url\":\"https:\\\/\\\/www.viaprinto.de\\\/blog\\\/\",\"name\":\"viaprinto Blog | Alles \u00fcber den Druck\",\"description\":\"\",\"publisher\":{\"@id\":\"https:\\\/\\\/www.viaprinto.de\\\/blog\\\/#organization\"},\"potentialAction\":[{\"@type\":\"SearchAction\",\"target\":{\"@type\":\"EntryPoint\",\"urlTemplate\":\"https:\\\/\\\/www.viaprinto.de\\\/blog\\\/?s={search_term_string}\"},\"query-input\":{\"@type\":\"PropertyValueSpecification\",\"valueRequired\":true,\"valueName\":\"search_term_string\"}}],\"inLanguage\":\"de\"},{\"@type\":\"Organization\",\"@id\":\"https:\\\/\\\/www.viaprinto.de\\\/blog\\\/#organization\",\"name\":\"viaprinto\",\"url\":\"https:\\\/\\\/www.viaprinto.de\\\/blog\\\/\",\"logo\":{\"@type\":\"ImageObject\",\"inLanguage\":\"de\",\"@id\":\"https:\\\/\\\/www.viaprinto.de\\\/blog\\\/#\\\/schema\\\/logo\\\/image\\\/\",\"url\":\"https:\\\/\\\/www.viaprinto.de\\\/blog\\\/wp-content\\\/uploads\\\/2022\\\/12\\\/viaprinto-blog-logo.svg\",\"contentUrl\":\"https:\\\/\\\/www.viaprinto.de\\\/blog\\\/wp-content\\\/uploads\\\/2022\\\/12\\\/viaprinto-blog-logo.svg\",\"caption\":\"viaprinto\"},\"image\":{\"@id\":\"https:\\\/\\\/www.viaprinto.de\\\/blog\\\/#\\\/schema\\\/logo\\\/image\\\/\"},\"sameAs\":[\"https:\\\/\\\/www.linkedin.com\\\/company\\\/viaprinto\"]},{\"@type\":\"Person\",\"@id\":\"https:\\\/\\\/www.viaprinto.de\\\/blog\\\/#\\\/schema\\\/person\\\/3c99507c1660c1f0bef1f76812fb55d9\",\"name\":\"Isabel J\u00f6dicke\",\"url\":\"https:\\\/\\\/www.viaprinto.de\\\/blog\\\/author\\\/isabel-joedickeviaprinto-de\\\/\"}]}<\/script>\n<!-- \/ Yoast SEO plugin. -->","yoast_head_json":{"title":"Wandkalender mal anders | viaprinto Blog","description":"viaprintolifehack | Wandkalender gestalten? \u25b6 Gerne nach dem Drucken! \u25b6 Wandkalender als To-Do-Listen im B\u00fcroalltag.","robots":{"index":"index","follow":"follow","max-snippet":"max-snippet:-1","max-image-preview":"max-image-preview:large","max-video-preview":"max-video-preview:-1"},"canonical":"https:\/\/www.viaprinto.de\/blog\/kalender-beschreiben\/","og_locale":"de_DE","og_type":"article","og_title":"Wandkalender mal anders | viaprinto Blog","og_description":"viaprintolifehack | Wandkalender gestalten? \u25b6 Gerne nach dem Drucken! \u25b6 Wandkalender als To-Do-Listen im B\u00fcroalltag.","og_url":"https:\/\/www.viaprinto.de\/blog\/kalender-beschreiben\/","og_site_name":"viaprinto Blog | Alles \u00fcber den Druck","article_published_time":"2021-08-25T06:22:38+00:00","article_modified_time":"2024-05-03T09:24:04+00:00","og_image":[{"width":1690,"height":642,"url":"https:\/\/www.viaprinto.de\/blog\/wp-content\/uploads\/2021\/08\/blogheader-viaprintolifehack-wandkalender-1690x642px-@2x-1-1.jpg","type":"image\/jpeg"}],"author":"Isabel J\u00f6dicke","schema":{"@context":"https:\/\/schema.org","@graph":[{"@type":"Article","@id":"https:\/\/www.viaprinto.de\/blog\/kalender-beschreiben\/#article","isPartOf":{"@id":"https:\/\/www.viaprinto.de\/blog\/kalender-beschreiben\/"},"author":{"name":"Isabel J\u00f6dicke","@id":"https:\/\/www.viaprinto.de\/blog\/#\/schema\/person\/3c99507c1660c1f0bef1f76812fb55d9"},"headline":"Wandkalender gestalten? Gerne nach dem Drucken!","datePublished":"2021-08-25T06:22:38+00:00","dateModified":"2024-05-03T09:24:04+00:00","mainEntityOfPage":{"@id":"https:\/\/www.viaprinto.de\/blog\/kalender-beschreiben\/"},"wordCount":203,"commentCount":0,"publisher":{"@id":"https:\/\/www.viaprinto.de\/blog\/#organization"},"image":{"@id":"https:\/\/www.viaprinto.de\/blog\/kalender-beschreiben\/#primaryimage"},"thumbnailUrl":"https:\/\/www.viaprinto.de\/blog\/wp-content\/uploads\/2021\/08\/blogheader-viaprintolifehack-wandkalender-1690x642px-@2x-1-1.jpg","keywords":["beschreiben","edding","Wandkalender"],"articleSection":["Produkte"],"inLanguage":"de","potentialAction":[{"@type":"CommentAction","name":"Comment","target":["https:\/\/www.viaprinto.de\/blog\/kalender-beschreiben\/#respond"]}]},{"@type":"WebPage","@id":"https:\/\/www.viaprinto.de\/blog\/kalender-beschreiben\/","url":"https:\/\/www.viaprinto.de\/blog\/kalender-beschreiben\/","name":"Wandkalender mal anders | viaprinto Blog","isPartOf":{"@id":"https:\/\/www.viaprinto.de\/blog\/#website"},"primaryImageOfPage":{"@id":"https:\/\/www.viaprinto.de\/blog\/kalender-beschreiben\/#primaryimage"},"image":{"@id":"https:\/\/www.viaprinto.de\/blog\/kalender-beschreiben\/#primaryimage"},"thumbnailUrl":"https:\/\/www.viaprinto.de\/blog\/wp-content\/uploads\/2021\/08\/blogheader-viaprintolifehack-wandkalender-1690x642px-@2x-1-1.jpg","description":"viaprintolifehack | Wandkalender gestalten? \u25b6 Gerne nach dem Drucken! \u25b6 Wandkalender als To-Do-Listen im B\u00fcroalltag.","breadcrumb":{"@id":"https:\/\/www.viaprinto.de\/blog\/kalender-beschreiben\/#breadcrumb"},"inLanguage":"de","potentialAction":[{"@type":"ReadAction","target":["https:\/\/www.viaprinto.de\/blog\/kalender-beschreiben\/"]}]},{"@type":"ImageObject","inLanguage":"de","@id":"https:\/\/www.viaprinto.de\/blog\/kalender-beschreiben\/#primaryimage","url":"https:\/\/www.viaprinto.de\/blog\/wp-content\/uploads\/2021\/08\/blogheader-viaprintolifehack-wandkalender-1690x642px-@2x-1-1.jpg","contentUrl":"https:\/\/www.viaprinto.de\/blog\/wp-content\/uploads\/2021\/08\/blogheader-viaprintolifehack-wandkalender-1690x642px-@2x-1-1.jpg","width":1690,"height":642},{"@type":"BreadcrumbList","@id":"https:\/\/www.viaprinto.de\/blog\/kalender-beschreiben\/#breadcrumb","itemListElement":[{"@type":"ListItem","position":1,"name":"Startseite","item":"https:\/\/www.viaprinto.de\/blog\/"},{"@type":"ListItem","position":2,"name":"Wandkalender gestalten? Gerne nach dem Drucken!"}]},{"@type":"WebSite","@id":"https:\/\/www.viaprinto.de\/blog\/#website","url":"https:\/\/www.viaprinto.de\/blog\/","name":"viaprinto Blog | Alles \u00fcber den Druck","description":"","publisher":{"@id":"https:\/\/www.viaprinto.de\/blog\/#organization"},"potentialAction":[{"@type":"SearchAction","target":{"@type":"EntryPoint","urlTemplate":"https:\/\/www.viaprinto.de\/blog\/?s={search_term_string}"},"query-input":{"@type":"PropertyValueSpecification","valueRequired":true,"valueName":"search_term_string"}}],"inLanguage":"de"},{"@type":"Organization","@id":"https:\/\/www.viaprinto.de\/blog\/#organization","name":"viaprinto","url":"https:\/\/www.viaprinto.de\/blog\/","logo":{"@type":"ImageObject","inLanguage":"de","@id":"https:\/\/www.viaprinto.de\/blog\/#\/schema\/logo\/image\/","url":"https:\/\/www.viaprinto.de\/blog\/wp-content\/uploads\/2022\/12\/viaprinto-blog-logo.svg","contentUrl":"https:\/\/www.viaprinto.de\/blog\/wp-content\/uploads\/2022\/12\/viaprinto-blog-logo.svg","caption":"viaprinto"},"image":{"@id":"https:\/\/www.viaprinto.de\/blog\/#\/schema\/logo\/image\/"},"sameAs":["https:\/\/www.linkedin.com\/company\/viaprinto"]},{"@type":"Person","@id":"https:\/\/www.viaprinto.de\/blog\/#\/schema\/person\/3c99507c1660c1f0bef1f76812fb55d9","name":"Isabel J\u00f6dicke","url":"https:\/\/www.viaprinto.de\/blog\/author\/isabel-joedickeviaprinto-de\/"}]}},"mfb_rest_fields":["title","yoast_head","yoast_head_json"],"_links":{"self":[{"href":"https:\/\/www.viaprinto.de\/blog\/wp-json\/wp\/v2\/posts\/16098","targetHints":{"allow":["GET"]}}],"collection":[{"href":"https:\/\/www.viaprinto.de\/blog\/wp-json\/wp\/v2\/posts"}],"about":[{"href":"https:\/\/www.viaprinto.de\/blog\/wp-json\/wp\/v2\/types\/post"}],"author":[{"embeddable":true,"href":"https:\/\/www.viaprinto.de\/blog\/wp-json\/wp\/v2\/users\/7"}],"replies":[{"embeddable":true,"href":"https:\/\/www.viaprinto.de\/blog\/wp-json\/wp\/v2\/comments?post=16098"}],"version-history":[{"count":1,"href":"https:\/\/www.viaprinto.de\/blog\/wp-json\/wp\/v2\/posts\/16098\/revisions"}],"predecessor-version":[{"id":18816,"href":"https:\/\/www.viaprinto.de\/blog\/wp-json\/wp\/v2\/posts\/16098\/revisions\/18816"}],"wp:featuredmedia":[{"embeddable":true,"href":"https:\/\/www.viaprinto.de\/blog\/wp-json\/wp\/v2\/media\/16144"}],"wp:attachment":[{"href":"https:\/\/www.viaprinto.de\/blog\/wp-json\/wp\/v2\/media?parent=16098"}],"wp:term":[{"taxonomy":"category","embeddable":true,"href":"https:\/\/www.viaprinto.de\/blog\/wp-json\/wp\/v2\/categories?post=16098"},{"taxonomy":"post_tag","embeddable":true,"href":"https:\/\/www.viaprinto.de\/blog\/wp-json\/wp\/v2\/tags?post=16098"}],"curies":[{"name":"wp","href":"https:\/\/api.w.org\/{rel}","templated":true}]}}