{"id":15983,"date":"2021-07-21T09:00:00","date_gmt":"2021-07-21T07:00:00","guid":{"rendered":"https:\/\/www.viaprinto.de\/blog\/?p=15983"},"modified":"2024-02-20T10:49:31","modified_gmt":"2024-02-20T09:49:31","slug":"stilistik-expressionismus","status":"publish","type":"post","link":"https:\/\/www.viaprinto.de\/blog\/stilistik-expressionismus\/","title":{"rendered":"Design-Dynamik: Gestaltungs-Stilistik \u201eExpressionismus\u201c"},"content":{"rendered":"\n<p><em>Bisher hatten wir uns in unserer Serie \u00fcber <a href=\"https:\/\/www.viaprinto.de\/blog\/2021\/04\/stilistik-1\/\" target=\"_blank\" rel=\"noreferrer noopener\">Gestaltungs<\/a><\/em><a href=\"https:\/\/www.viaprinto.de\/blog\/2021\/04\/stilistik-1\/\"><em>-Stile<\/em><\/a><em> mit dem rational-sachlichen <a href=\"https:\/\/www.viaprinto.de\/blog\/2021\/06\/stilistik-konstruktivismus\/\" target=\"_blank\" rel=\"noreferrer noopener\">Konstruktivismus <\/a>und dem einf\u00fchlsamen <a href=\"https:\/\/www.viaprinto.de\/blog\/2021\/05\/stilistik-impressionismus\/\" target=\"_blank\" rel=\"noreferrer noopener\">Impressionismus <\/a>besch\u00e4ftigt. In dieser letzten Folge geht es um den Expressionismus, der mit emotionaler Dramatisierung und Dynamisierung arbeitet. Wo kann Medien-Design die expressionistische Vereinfachung nutzen und einsetzen?<\/em><\/p>\n\n\n\n<p>Beim Einsatz einer Design-Stilistik geht es darum, die M\u00f6glichkeiten einer Design-Sprache auszuloten. Auf der einen Seite steht der Kunde und m\u00f6chte beispielsweise ein neues Corporate Design, auf der anderen Seite arbeitet der Gestalter, der ein Erscheinungsbild kreiert, mit dem er die Kunden-Zielgruppen anspricht und aktiviert. Die grundlegenden Stilistiken, derer er sich bedienen kann, w\u00e4ren<\/p>\n\n\n\n<ul class=\"wp-block-list\">\n<li>der nuanciert-gef\u00fchlvolle Impressionismus,<\/li>\n\n\n\n<li>der sachlich-k\u00fchle Konstruktivismus,<\/li>\n\n\n\n<li>der dynamisch-dramatisierte Expressionismus oder<\/li>\n\n\n\n<li>Mischformen daraus.<\/li>\n<\/ul>\n\n\n\n<figure class=\"wp-block-image size-large\"><a href=\"https:\/\/www.viaprinto.de\/blog\/wp-content\/uploads\/2021\/07\/designstil_expressionismus.png\" data-rel=\"lightbox-image-0\" data-rl_title=\"\" data-rl_caption=\"\" title=\"\"><img decoding=\"async\" src=\"https:\/\/www.viaprinto.de\/blog\/wp-content\/uploads\/2021\/07\/designstil_expressionismus.png\" alt=\"\" class=\"wp-image-15984\"\/><\/a><figcaption class=\"wp-element-caption\">oben: Der Gestaltungsstil Expressionismus im Medien-Design dargestellt anhand zweier Illustrationen.<\/figcaption><\/figure>\n\n\n\n<h4 class=\"wp-block-heading\"><strong>Expressionistisches Gestalten<\/strong><\/h4>\n\n\n\n<p>Was ist Expressionismus im Medien-Design? Das kann ein dynamisches Grundlayout sein, in dem nicht alles starr und geordnet seinen Platz hat, sondern Bewegung Emotionalit\u00e4t erzeugt. Wer auf eine Party will und einen Einladungs-Flyer dazu in der Hand h\u00e4lt, f\u00fcr den muss die Party-Stimmung vom Gestalter in visuelle Reize \u00fcbersetzt werden. Etwa durch ein gro\u00dfes Foto Tanzender mit Bewegungs-Unsch\u00e4rfen. Vielleicht ist auch das Foto insgesamt unscharf und verschmilzt mit Lichtern und Farben, verdichtet sich gefiltert zu einem Wirbel, an den auch die Typografie geschwungen angepasst wird. So steht die \u00dcberschrift nicht mehr gerade oben \u00fcber dem Motiv, sondern wird geschwungen oder auf einen Kreis gelegt in das bewegte Element des verfremdeten Fotos integriert.<\/p>\n\n\n\n<h4 class=\"wp-block-heading\"><strong>Eigenschaften des Expressionismus als Gestaltungs-Stilistik<\/strong><\/h4>\n\n\n\n<ul class=\"wp-block-list\">\n<li><strong><em>Formal<\/em><\/strong> ist expressionistisches Design ungeschliffen, dynamisiert und visualisiert oft in irgendeiner Form Bewegung.<\/li>\n\n\n\n<li><strong><em>Inhaltlich<\/em><\/strong> ist expressionistisches Gestalten deutlich, zuweilen auch \u00fcberdeutlich, konfrontativ oder sogar provokativ, wobei bereits in der \u00dcberdeutlichkeit oder \u00dcberbetonung visueller Botschaften eine Konfrontation liegen kann.<\/li>\n\n\n\n<li>Form ist aber nicht nur Oberfl\u00e4che, sie transportiert etwas oder f\u00fchrt zu etwas, das schneller als der Text erfasst wird. Das gilt auch f\u00fcr die Anmutung der Gestaltung, deren Gesamtform schneller wahrgenommen wird als ihre Details.<\/li>\n<\/ul>\n\n\n\n<h4 class=\"wp-block-heading\"><strong>Expressionismus und Konstruktivismus<\/strong><\/h4>\n\n\n\n<p>Der Konstruktivismus f\u00fchrt im Gegensatz dazu zu mehr Regelm\u00e4\u00dfigkeit aber auch zu visueller Vorhersehbarkeit und gibt so ein Gef\u00fchl der Sicherheit. Erwartungshaltungen werden im Konstruktivismus mehr bedient w\u00e4hrend das expressionistische Gestalten den Betrachter \u00fcberraschen und aus der Reserve locken kann. W\u00e4hrend der<\/p>\n\n\n\n<ul class=\"wp-block-list\">\n<li>Impressionismus f\u00fcr Ruhe sorgt und der<\/li>\n\n\n\n<li>Konstruktivismus f\u00fcr Ordnung, schafft der<\/li>\n\n\n\n<li>Expressionismus Spannung.<\/li>\n<\/ul>\n\n\n\n<h4 class=\"wp-block-heading\"><strong>J\u00fcngere und \u00e4ltere Zielgruppen<\/strong><\/h4>\n\n\n\n<p>Je nach Zielgruppe und Rezeptionsmustern wird aber manches unterschiedlich gewichtet, wahrgenommen und bewertet. Letztlich entschl\u00fcsseln kann den kommunikativen Code nur, wer zur Zielgruppe geh\u00f6rt oder sich in deren Gewohnheiten und Vorlieben einarbeitet. Deshalb kann man Gestaltungs-Stilistiken z.B. auch nach Altersgruppen ausw\u00e4hlen und daf\u00fcr von folgender Arbeitsthese ausgehen, die aber zielgruppenspezifisch differenziert werden muss:<\/p>\n\n\n\n<ul class=\"wp-block-list\">\n<li>\u00c4ltere, konservative Milieus m\u00f6gen Ruhe, Ordnung, \u00dcbersichtlichkeit, Lesbarkeit und die Erf\u00fcllung ihrer Erwartungen wie sie eher im konstruktivistischen oder impressionistischen Gestalten zu finden sind.<\/li>\n<\/ul>\n\n\n\n<ul class=\"wp-block-list\">\n<li>J\u00fcngere Zielgruppen und progressive Milieus favorisieren die expressionistische Dynamik. Sie lassen sich durch relative Un\u00fcbersichtlichkeit eher herausfordern, Lesbarkeit ist hier nicht das Wichtigste sondern visuelle Affinit\u00e4t.<\/li>\n<\/ul>\n\n\n\n<h4 class=\"wp-block-heading\"><strong>Die visuell-expressionistische Sprache<\/strong><\/h4>\n\n\n\n<p>Ein expressionistisches Design wirkt wenig sachlich oder seri\u00f6s. Es nimmt den Betrachter f\u00fcr sich ein, etwa auf dem Titelblatt eines Jugendmagazins, in der Flyer-Werbung f\u00fcr Events oder allgemein beim Thema \u201eJugendkultur\u201c. Aber auch Buchverlage oder Gro\u00dfunternehmen setzen immer wieder expressionistische Versatzst\u00fccke etwa in Form nicht allt\u00e4glicher Gestaltungen oder von Elementen wie Fotos, Illustrationen oder der \u00dcberschriften-Typografie ein. Immer wenn es um etwas Neues, Ungewohntes oder Innovatives geht, liegt eine expressionistische Grundgestaltung nicht fern, weil sie h\u00f6here Aufmerksamkeitswerte schafft. Nachfolgend drei Beispiele f\u00fcr die expressionistische Anmutung von Headlines:<\/p>\n\n\n\n<figure class=\"wp-block-image size-large\"><a href=\"https:\/\/www.viaprinto.de\/blog\/wp-content\/uploads\/2021\/07\/expressionistische_schrift.png\" data-rel=\"lightbox-image-1\" data-rl_title=\"\" data-rl_caption=\"\" title=\"\"><img decoding=\"async\" src=\"https:\/\/www.viaprinto.de\/blog\/wp-content\/uploads\/2021\/07\/expressionistische_schrift.png\" alt=\"\" class=\"wp-image-15985\"\/><\/a><\/figure>\n\n\n\n<p>Diese Beispiele zeigen, wie Schrifttypen unterschiedlich stark ihre Zielgruppe ansprechen. \u00c4hnlich wie eine Filmmusik in einem Film eine Grundstimmung erzeugt, kann eine expressionistische Typografie im Zusammenspiel mit ad\u00e4quatem Bildmaterial eine Atmosph\u00e4re schaffen, in der sich die Adressaten angesprochen und wohl f\u00fchlen. Doch die Gestaltungsstile lassen sich schon in der Typografie mischen:<\/p>\n\n\n\n\n\n<figure class=\"wp-block-image size-large\"><a href=\"https:\/\/www.viaprinto.de\/blog\/wp-content\/uploads\/2021\/07\/typomix_expressionismus.png\" data-rel=\"lightbox-image-2\" data-rl_title=\"\" data-rl_caption=\"\" title=\"\"><img decoding=\"async\" src=\"https:\/\/www.viaprinto.de\/blog\/wp-content\/uploads\/2021\/07\/typomix_expressionismus.png\" alt=\"\" class=\"wp-image-15986\"\/><\/a><\/figure>\n\n\n\n\n\n<h4 class=\"wp-block-heading\"><strong>Expressionismus und Impressionismus im Medien-Design<\/strong><\/h4>\n\n\n\n<p>Dabei sind sowohl Expressionismus als auch Impressionismus gef\u00fchlsaktivierender als der rational geplante Konstruktivismus.<\/p>\n\n\n\n<ul class=\"wp-block-list\">\n<li><strong><em>Der Impressionismus<\/em><\/strong> arbeitet zur\u00fcckhaltender, differenzierter und feingliedriger. Farben sind hier nuancenreich abgestufter und nicht schrill oder kontrastreich nebeneinandergestellt.<\/li>\n\n\n\n<li><strong><em>Der Expressionismus<\/em><\/strong> ist weniger statisch, bewegter, unruhiger und deutlicher \u2013 er arbeitet meist mit einfacheren Reizen. Hier kommt eine gr\u00f6bere Fl\u00e4chigkeit zum Einsatz.<\/li>\n<\/ul>\n\n\n\n<h4 class=\"wp-block-heading\"><strong>Wirkung der Grundgestaltung der Designstile<\/strong><\/h4>\n\n\n\n<p><strong><em>Expressionistische Gestaltung:<\/em><\/strong> Ein Beispiel f\u00fcr eine gem\u00e4\u00dfigt expressionistische Gestaltung mit gro\u00dfer Illustration und einer gebogenen \u00dcberschrift mit handschriftlicher Anmutung k\u00f6nnte so aussehen:<\/p>\n\n\n\n<figure class=\"wp-block-image size-large\"><a href=\"https:\/\/www.viaprinto.de\/blog\/wp-content\/uploads\/2021\/07\/expressionismus_gestaltung.jpg\" data-rel=\"lightbox-image-3\" data-rl_title=\"\" data-rl_caption=\"\" title=\"\"><img decoding=\"async\" src=\"https:\/\/www.viaprinto.de\/blog\/wp-content\/uploads\/2021\/07\/expressionismus_gestaltung.jpg\" alt=\"\" class=\"wp-image-15987\"\/><\/a><figcaption class=\"wp-element-caption\">Die expressionistische  Gestaltungsstilistik  ist durch ihre Pr\u00e4gnanz schnell wahrnehmbar.<\/figcaption><\/figure>\n\n\n\n<p><strong><em>Impressionistische Gestaltung:<\/em><\/strong> Ein \u00e4hnliches Layout impressionistisch interpretiert, k\u00f6nnte eine filigrane \u00dcberschriften-Type benutzen und illustrativ anstatt eines deutlichen Ausdrucks wie im Expressionismus den gef\u00fchlten Eindruck detaillierter herausarbeiten:<\/p>\n\n\n\n<figure class=\"wp-block-image size-large\"><a href=\"https:\/\/www.viaprinto.de\/blog\/wp-content\/uploads\/2021\/07\/impressionismus_design.jpg\" data-rel=\"lightbox-image-4\" data-rl_title=\"\" data-rl_caption=\"\" title=\"\"><img decoding=\"async\" src=\"https:\/\/www.viaprinto.de\/blog\/wp-content\/uploads\/2021\/07\/impressionismus_design.jpg\" alt=\"\" class=\"wp-image-15988\"\/><\/a><\/figure>\n\n\n\n<p><strong><em>Konstruktivistische Gestaltung:<\/em><\/strong> Weniger gef\u00fchlvoll als in diesen beiden Beispielen \u2013 das hei\u00dft: sachlicher, rationaler und konstruierter \u2013 k\u00f6nnte eine konstruktivistische Interpretation dieses Layouts so aussehen:<\/p>\n\n\n\n<figure class=\"wp-block-image size-large\"><a href=\"https:\/\/www.viaprinto.de\/blog\/wp-content\/uploads\/2021\/07\/konstruktivismus_mediendesign.jpg\" data-rel=\"lightbox-image-5\" data-rl_title=\"\" data-rl_caption=\"\" title=\"\"><img decoding=\"async\" src=\"https:\/\/www.viaprinto.de\/blog\/wp-content\/uploads\/2021\/07\/konstruktivismus_mediendesign.jpg\" alt=\"\" class=\"wp-image-15989\"\/><\/a><figcaption class=\"wp-element-caption\">Die Farbwirkung ist auf  Grauwerte reduziert, der Grad der Stilisierung und Abstrahierung ist h\u00f6her. Details fallen dabei weg.<\/figcaption><\/figure>\n\n\n\n<h4 class=\"wp-block-heading\"><strong>Historische Wurzeln der Design-Stile<\/strong><\/h4>\n\n\n\n<p>Die Unterschiede der Design-Stile leiten sich aus der Geschichte der Bildenden Kunst ab \u2013 und doch sind die Verschiedenheiten der Stile Expressionismus, Impressionismus und Konstruktivismus historisch komplexer. Beispielsweise waren in der bildenden Kunst vor dem Auftreten des eigentlichen Kunststils \u201eImpressionismus\u201c bereits die sogenannten \u201eVor-Impressionisten\u201c aktiv, und auf die Sanftheit des Impressionismus reagierten die \u201eFauvisten\u201c, aus denen dann der Expressionismus entstand.<\/p>\n\n\n\n<p>Die Kopplung der Stilelemente \u201eRauheit\u201c und \u201eVereinfachung\u201c waren also schon vorhanden und sind in unterschiedliche Ausdrucksstile und Darstellungsstile bis heute eingeflossen. Waren die Impressionisten oft mit der Sch\u00f6nheit und Leuchtkraft von Oberfl\u00e4chen besch\u00e4ftigt, wollten die Expressionisten das Ungesch\u00f6nte, Wilde und Raue zeigen. Aber im Design ist es einfacher, verschiedenste Stile zu mischen, als dies in der Kunst der Fall w\u00e4re. Der Mix verschiedener Stilelemente ergibt visuelle Spannkraft. So kann eine Grundgestaltung<\/p>\n\n\n\n<ul class=\"wp-block-list\">\n<li>\u00fcbersichtlich-konstruktivistisch sein,<\/li>\n\n\n\n<li>zugleich impressionistische Illustrationen im Innenteil einer Brosch\u00fcre einsetzen aber<\/li>\n\n\n\n<li>eine expressionistisch ausgerichtete Titelillustration bringen, die plakativer wirkt und einen deutlicheren Anreiz bietet.<\/li>\n<\/ul>\n\n\n\n<p>Man kann in der Street-Art oder der Graffiti-Kunst eine neue Art von Expressionismus entdecken. Die urspr\u00fcnglich <a href=\"https:\/\/www.1001freefonts.com\/de\/graffiti-fonts.php\">handgesprayten wilden Schriften<\/a> gibt es l\u00e4ngst als <a href=\"https:\/\/www.dafont.com\/de\/theme.php?cat=606&amp;page=1\">Fonts f\u00fcr den Computer<\/a> obwohl auch hier Stilmixe existieren.<\/p>\n\n\n\n<h4 class=\"wp-block-heading\"><strong>Design-Stil \u201eExpressionismus\u201c f\u00fcr die Zielgruppen-Ansprache<\/strong><\/h4>\n\n\n\n<p>Zwischen der visuellen Anmutung einer Traditions-Bank, einer Kette f\u00fcr K\u00fcnstler-Bedarf, einer st\u00e4dtisch organisierten Wirtschaftsf\u00f6rderung oder einem Web-Shop f\u00fcr individuell bedruckbare T-Shirts liegen Welten bez\u00fcglich Zielgruppen und Zielgruppenansprache. Dennoch kann hier eine jugendgerechte Ansprache \u00fcber expressive Elemente Zielgruppen erschlie\u00dfen oder neu aktivieren.<\/p>\n\n\n\n<p>Zu ber\u00fccksichtigen ist auch, dass sich in einer Unternehmensgeschichte die Ausrichtung der Zielgruppenansprache immer wieder \u00e4ndert. Auch ein Traditionshaus darf beispielsweise die Jugendkommunikation nicht vernachl\u00e4ssigen, die einem st\u00e4rkeren Wandel unterzogen ist. Der Webshop, der eine ausschlie\u00dflich junge Zielgruppe hat, muss kurzintervallig immer wieder neue Trends nutzen. Die \u201eSprache\u201c einer Zielgruppe zu sprechen, ist l\u00e4ngst nicht mehr nur verbal gemeint, sondern zunehmend visuell. Wer die visuellen Zeichen, Symbole und Bildwelten einer Zielgruppe kennt und versteht, kommuniziert mit ihr direkter und damit schneller. Besonders schnell als visuelle Sprache wirkt der Expressionismus auch deshalb, weil er im Idealfall \u00fcber Bildsprache und Design-Anmutung sofort Gef\u00fchle aktiviert.<\/p>\n\n\n\n<h4 class=\"wp-block-heading\"><strong>Ein Beispiel f\u00fcr einen Gestaltungs-Mix<\/strong><\/h4>\n\n\n\n<p>Eine 25-j\u00e4hrige Tochter, die bei einer Versicherung arbeitet, sucht einen Platz f\u00fcr ihren Vater in einer Senioren-Residenz. Wen muss die Werbung in erster Linie ansprechen und welche Rolle k\u00f6nnte dabei expressionistisches Gestalten spielen?<\/p>\n\n\n\n<ul class=\"wp-block-list\">\n<li>Ein Weg w\u00e4re eine konstruktivistische Grundgestaltung, die Ordnung und \u00dcbersichtlichkeit schafft.<\/li>\n\n\n\n<li>Die Fotos k\u00f6nnten impressionistische Ruhe ausstrahlen und Stimmungsbilder sein und<\/li>\n\n\n\n<li>die \u00dcberschriften k\u00f6nnten moderat expressionistisch sein, um zu zeigen, dass diese Pflegeeinrichtung Lebendigkeit und Dynamik auch im Alter vorlebt.<\/li>\n<\/ul>\n\n\n\n<p>So w\u00fcrden Ordnung, Zuverl\u00e4ssigkeit und Sicherheit auf der einen Seite eine Synthese mit kultureller Abwechslung eingehen. Dies w\u00e4re inhaltlich ein Zeichen daf\u00fcr, dass sich im Leben der dort Wohnenden etwas bewegt und der zu Pflegende nicht auf ein Abstellgleis ger\u00e4t.<\/p>\n\n\n\n<h4 class=\"wp-block-heading\"><strong>Fazit: Expressionismus als Stilmittel der Dynamik und Jugend<\/strong><\/h4>\n\n\n\n<p>Der Expressionismus als Gestaltungsstil dynamisiert visuelle Botschaften. Somit ist er zum Beispiel geeignet f\u00fcr die Jugend- und Kultur-Kommunikation wie f\u00fcr eine allgemein aufmerksamkeitsstarke Kundenansprache. Seine Mittel sind eine h\u00f6here Flexibilit\u00e4t der Gestaltung insgesamt, der Bildelemente und der Typografie.<\/p>\n\n\n\n<p><strong><em>Vorteile f\u00fcr die Design-Konzeption:<\/em><\/strong> Wer f\u00fcr sein Gestaltungs-Projekt eine bestimmte Design-Stilistik vor Augen hat, sollte sich in der Konzeptionsphase \u00fcberlegen, inwiefern er sie mit den beiden anderen Stilen veredeln k\u00f6nnte. Also zum Beispiel: In eine expressionistische Grundgestaltung stellenweise Ruhe durch eine konstruktivistische Gesch\u00e4ftsgrafik oder ein impressionistisches Foto bringen. Oder ein geordnetes, konstruktivistisches Layout durch handschriftlich-expressionistische Headlines dynamisieren. Gerade in der Konzeptionsphase kann dies zu einem originellen Stilmix f\u00fchren, der neue Wege beschreitet.<\/p>\n\n\n\n<p><strong><em>Vorteile f\u00fcr Akquisition und Pr\u00e4sentation:<\/em><\/strong> Das Nachdenken \u00fcber die Grundstilistik kann aber auch in der Akquisition, also etwa im Erstgespr\u00e4ch mit einem Kunden, dessen Neugier wecken und die eigene Kompetenz profilieren. Ein Kunde der sich nicht sicher ist, wie sein neues Firmen-Logo aussehen k\u00f6nnte, k\u00f6nnte zwischen drei Entw\u00fcrfen ausw\u00e4hlen: einem expressionistischen, einem impressionistischen und einem konstruktivistischen. Dabei w\u00fcrde er in der Pr\u00e4sentation oder einer Vorpr\u00e4sentation, in der etwa Konkurrenzlogos gezeigt werden k\u00f6nnten, eine Ahnung davon erhalten, wie unterschiedlich ein Unternehmen auch visuell positioniert werden kann.<\/p>\n\n\n\n<hr class=\"wp-block-separator has-css-opacity is-style-wide\"\/>\n\n\n\n<p><em>Dies ist die letzte Folge in dieser Reihe. Alle erschienen Teile:<\/em><\/p>\n\n\n\n<p><a href=\"https:\/\/www.viaprinto.de\/blog\/2021\/04\/stilistik-1\/\" target=\"_blank\" rel=\"noreferrer noopener\">Welche Stile im Medien-Design gibt es?<\/a><\/p>\n\n\n\n<p><a href=\"https:\/\/www.viaprinto.de\/blog\/2021\/05\/stilistik-impressionismus\/\" target=\"_blank\" rel=\"noreferrer noopener\">Was zeichnet den Design-Stil &#8222;Impressionismus&#8220; im Medien-Design aus?<\/a><\/p>\n\n\n\n<p><a href=\"https:\/\/www.viaprinto.de\/blog\/2021\/06\/stilistik-konstruktivismus\/\" target=\"_blank\" rel=\"noreferrer noopener\">Konzentration auf das Wesentliche: Konstruktivismus<\/a><\/p>\n\n\n","protected":false},"excerpt":{"rendered":"<p>Bisher hatten wir uns in unserer Serie \u00fcber Gestaltungs-Stile mit dem rational-sachlichen Konstruktivismus und dem einf\u00fchlsamen Impressionismus besch\u00e4ftigt. In dieser letzten Folge geht es um den Expressionismus, der mit emotionaler Dramatisierung und Dynamisierung arbeitet. Wo kann Medien-Design die expressionistische Vereinfachung nutzen und einsetzen?<\/p>\n","protected":false},"author":7,"featured_media":15788,"comment_status":"open","ping_status":"closed","sticky":false,"template":"","format":"standard","meta":{"_acf_changed":false,"inline_featured_image":false,"footnotes":""},"categories":[71,5],"tags":[517,510],"class_list":["post-15983","post","type-post","status-publish","format-standard","has-post-thumbnail","hentry","category-gestaltung","category-layout","tag-expressionismus","tag-gestaltungsstilistik"],"mb":[],"acf":[],"yoast_head":"<!-- This site is optimized with the Yoast SEO plugin v27.4 - https:\/\/yoast.com\/product\/yoast-seo-wordpress\/ -->\n<title>Stile im Medien-Design | Expressionismus | viaprinto<\/title>\n<meta name=\"description\" content=\"viaprinto Blog | Expressionistisches Gestalten \u25b6 Eigenschaften des Expressionismus als Gestaltungs-Stilistik.\" \/>\n<meta name=\"robots\" content=\"index, follow, max-snippet:-1, max-image-preview:large, max-video-preview:-1\" \/>\n<link rel=\"canonical\" href=\"https:\/\/www.viaprinto.de\/blog\/stilistik-expressionismus\/\" \/>\n<meta property=\"og:locale\" content=\"de_DE\" \/>\n<meta property=\"og:type\" content=\"article\" \/>\n<meta property=\"og:title\" content=\"Stile im Medien-Design | Expressionismus | viaprinto\" \/>\n<meta property=\"og:description\" content=\"viaprinto Blog | Expressionistisches Gestalten \u25b6 Eigenschaften des Expressionismus als Gestaltungs-Stilistik.\" \/>\n<meta property=\"og:url\" content=\"https:\/\/www.viaprinto.de\/blog\/stilistik-expressionismus\/\" \/>\n<meta property=\"og:site_name\" content=\"viaprinto Blog | Alles \u00fcber den Druck\" \/>\n<meta property=\"article:published_time\" content=\"2021-07-21T07:00:00+00:00\" \/>\n<meta property=\"article:modified_time\" content=\"2024-02-20T09:49:31+00:00\" \/>\n<meta property=\"og:image\" content=\"https:\/\/www.viaprinto.de\/blog\/wp-content\/uploads\/2021\/05\/blogheader-gestaltungsstilistiken-expressionismus-1690x642px-@2x-1.jpg\" \/>\n\t<meta property=\"og:image:width\" content=\"1690\" \/>\n\t<meta property=\"og:image:height\" content=\"642\" \/>\n\t<meta property=\"og:image:type\" content=\"image\/jpeg\" \/>\n<meta name=\"author\" content=\"Isabel J\u00f6dicke\" \/>\n<script type=\"application\/ld+json\" class=\"yoast-schema-graph\">{\"@context\":\"https:\\\/\\\/schema.org\",\"@graph\":[{\"@type\":\"Article\",\"@id\":\"https:\\\/\\\/www.viaprinto.de\\\/blog\\\/stilistik-expressionismus\\\/#article\",\"isPartOf\":{\"@id\":\"https:\\\/\\\/www.viaprinto.de\\\/blog\\\/stilistik-expressionismus\\\/\"},\"author\":{\"name\":\"Isabel J\u00f6dicke\",\"@id\":\"https:\\\/\\\/www.viaprinto.de\\\/blog\\\/#\\\/schema\\\/person\\\/3c99507c1660c1f0bef1f76812fb55d9\"},\"headline\":\"Design-Dynamik: Gestaltungs-Stilistik \u201eExpressionismus\u201c\",\"datePublished\":\"2021-07-21T07:00:00+00:00\",\"dateModified\":\"2024-02-20T09:49:31+00:00\",\"mainEntityOfPage\":{\"@id\":\"https:\\\/\\\/www.viaprinto.de\\\/blog\\\/stilistik-expressionismus\\\/\"},\"wordCount\":1586,\"commentCount\":0,\"publisher\":{\"@id\":\"https:\\\/\\\/www.viaprinto.de\\\/blog\\\/#organization\"},\"image\":{\"@id\":\"https:\\\/\\\/www.viaprinto.de\\\/blog\\\/stilistik-expressionismus\\\/#primaryimage\"},\"thumbnailUrl\":\"https:\\\/\\\/www.viaprinto.de\\\/blog\\\/wp-content\\\/uploads\\\/2021\\\/05\\\/blogheader-gestaltungsstilistiken-expressionismus-1690x642px-@2x-1.jpg\",\"keywords\":[\"expressionismus\",\"Gestaltungsstilistik\"],\"articleSection\":[\"Gestaltung\",\"Layout\"],\"inLanguage\":\"de\",\"potentialAction\":[{\"@type\":\"CommentAction\",\"name\":\"Comment\",\"target\":[\"https:\\\/\\\/www.viaprinto.de\\\/blog\\\/stilistik-expressionismus\\\/#respond\"]}]},{\"@type\":\"WebPage\",\"@id\":\"https:\\\/\\\/www.viaprinto.de\\\/blog\\\/stilistik-expressionismus\\\/\",\"url\":\"https:\\\/\\\/www.viaprinto.de\\\/blog\\\/stilistik-expressionismus\\\/\",\"name\":\"Stile im Medien-Design | Expressionismus | viaprinto\",\"isPartOf\":{\"@id\":\"https:\\\/\\\/www.viaprinto.de\\\/blog\\\/#website\"},\"primaryImageOfPage\":{\"@id\":\"https:\\\/\\\/www.viaprinto.de\\\/blog\\\/stilistik-expressionismus\\\/#primaryimage\"},\"image\":{\"@id\":\"https:\\\/\\\/www.viaprinto.de\\\/blog\\\/stilistik-expressionismus\\\/#primaryimage\"},\"thumbnailUrl\":\"https:\\\/\\\/www.viaprinto.de\\\/blog\\\/wp-content\\\/uploads\\\/2021\\\/05\\\/blogheader-gestaltungsstilistiken-expressionismus-1690x642px-@2x-1.jpg\",\"description\":\"viaprinto Blog | Expressionistisches Gestalten \u25b6 Eigenschaften des Expressionismus als Gestaltungs-Stilistik.\",\"breadcrumb\":{\"@id\":\"https:\\\/\\\/www.viaprinto.de\\\/blog\\\/stilistik-expressionismus\\\/#breadcrumb\"},\"inLanguage\":\"de\",\"potentialAction\":[{\"@type\":\"ReadAction\",\"target\":[\"https:\\\/\\\/www.viaprinto.de\\\/blog\\\/stilistik-expressionismus\\\/\"]}]},{\"@type\":\"ImageObject\",\"inLanguage\":\"de\",\"@id\":\"https:\\\/\\\/www.viaprinto.de\\\/blog\\\/stilistik-expressionismus\\\/#primaryimage\",\"url\":\"https:\\\/\\\/www.viaprinto.de\\\/blog\\\/wp-content\\\/uploads\\\/2021\\\/05\\\/blogheader-gestaltungsstilistiken-expressionismus-1690x642px-@2x-1.jpg\",\"contentUrl\":\"https:\\\/\\\/www.viaprinto.de\\\/blog\\\/wp-content\\\/uploads\\\/2021\\\/05\\\/blogheader-gestaltungsstilistiken-expressionismus-1690x642px-@2x-1.jpg\",\"width\":1690,\"height\":642},{\"@type\":\"BreadcrumbList\",\"@id\":\"https:\\\/\\\/www.viaprinto.de\\\/blog\\\/stilistik-expressionismus\\\/#breadcrumb\",\"itemListElement\":[{\"@type\":\"ListItem\",\"position\":1,\"name\":\"Startseite\",\"item\":\"https:\\\/\\\/www.viaprinto.de\\\/blog\\\/\"},{\"@type\":\"ListItem\",\"position\":2,\"name\":\"Design-Dynamik: Gestaltungs-Stilistik \u201eExpressionismus\u201c\"}]},{\"@type\":\"WebSite\",\"@id\":\"https:\\\/\\\/www.viaprinto.de\\\/blog\\\/#website\",\"url\":\"https:\\\/\\\/www.viaprinto.de\\\/blog\\\/\",\"name\":\"viaprinto Blog | Alles \u00fcber den Druck\",\"description\":\"\",\"publisher\":{\"@id\":\"https:\\\/\\\/www.viaprinto.de\\\/blog\\\/#organization\"},\"potentialAction\":[{\"@type\":\"SearchAction\",\"target\":{\"@type\":\"EntryPoint\",\"urlTemplate\":\"https:\\\/\\\/www.viaprinto.de\\\/blog\\\/?s={search_term_string}\"},\"query-input\":{\"@type\":\"PropertyValueSpecification\",\"valueRequired\":true,\"valueName\":\"search_term_string\"}}],\"inLanguage\":\"de\"},{\"@type\":\"Organization\",\"@id\":\"https:\\\/\\\/www.viaprinto.de\\\/blog\\\/#organization\",\"name\":\"viaprinto\",\"url\":\"https:\\\/\\\/www.viaprinto.de\\\/blog\\\/\",\"logo\":{\"@type\":\"ImageObject\",\"inLanguage\":\"de\",\"@id\":\"https:\\\/\\\/www.viaprinto.de\\\/blog\\\/#\\\/schema\\\/logo\\\/image\\\/\",\"url\":\"https:\\\/\\\/www.viaprinto.de\\\/blog\\\/wp-content\\\/uploads\\\/2022\\\/12\\\/viaprinto-blog-logo.svg\",\"contentUrl\":\"https:\\\/\\\/www.viaprinto.de\\\/blog\\\/wp-content\\\/uploads\\\/2022\\\/12\\\/viaprinto-blog-logo.svg\",\"caption\":\"viaprinto\"},\"image\":{\"@id\":\"https:\\\/\\\/www.viaprinto.de\\\/blog\\\/#\\\/schema\\\/logo\\\/image\\\/\"},\"sameAs\":[\"https:\\\/\\\/www.linkedin.com\\\/company\\\/viaprinto\"]},{\"@type\":\"Person\",\"@id\":\"https:\\\/\\\/www.viaprinto.de\\\/blog\\\/#\\\/schema\\\/person\\\/3c99507c1660c1f0bef1f76812fb55d9\",\"name\":\"Isabel J\u00f6dicke\",\"url\":\"https:\\\/\\\/www.viaprinto.de\\\/blog\\\/author\\\/isabel-joedickeviaprinto-de\\\/\"}]}<\/script>\n<!-- \/ Yoast SEO plugin. -->","yoast_head_json":{"title":"Stile im Medien-Design | Expressionismus | viaprinto","description":"viaprinto Blog | Expressionistisches Gestalten \u25b6 Eigenschaften des Expressionismus als Gestaltungs-Stilistik.","robots":{"index":"index","follow":"follow","max-snippet":"max-snippet:-1","max-image-preview":"max-image-preview:large","max-video-preview":"max-video-preview:-1"},"canonical":"https:\/\/www.viaprinto.de\/blog\/stilistik-expressionismus\/","og_locale":"de_DE","og_type":"article","og_title":"Stile im Medien-Design | Expressionismus | viaprinto","og_description":"viaprinto Blog | Expressionistisches Gestalten \u25b6 Eigenschaften des Expressionismus als Gestaltungs-Stilistik.","og_url":"https:\/\/www.viaprinto.de\/blog\/stilistik-expressionismus\/","og_site_name":"viaprinto Blog | Alles \u00fcber den Druck","article_published_time":"2021-07-21T07:00:00+00:00","article_modified_time":"2024-02-20T09:49:31+00:00","og_image":[{"width":1690,"height":642,"url":"https:\/\/www.viaprinto.de\/blog\/wp-content\/uploads\/2021\/05\/blogheader-gestaltungsstilistiken-expressionismus-1690x642px-@2x-1.jpg","type":"image\/jpeg"}],"author":"Isabel J\u00f6dicke","schema":{"@context":"https:\/\/schema.org","@graph":[{"@type":"Article","@id":"https:\/\/www.viaprinto.de\/blog\/stilistik-expressionismus\/#article","isPartOf":{"@id":"https:\/\/www.viaprinto.de\/blog\/stilistik-expressionismus\/"},"author":{"name":"Isabel J\u00f6dicke","@id":"https:\/\/www.viaprinto.de\/blog\/#\/schema\/person\/3c99507c1660c1f0bef1f76812fb55d9"},"headline":"Design-Dynamik: Gestaltungs-Stilistik \u201eExpressionismus\u201c","datePublished":"2021-07-21T07:00:00+00:00","dateModified":"2024-02-20T09:49:31+00:00","mainEntityOfPage":{"@id":"https:\/\/www.viaprinto.de\/blog\/stilistik-expressionismus\/"},"wordCount":1586,"commentCount":0,"publisher":{"@id":"https:\/\/www.viaprinto.de\/blog\/#organization"},"image":{"@id":"https:\/\/www.viaprinto.de\/blog\/stilistik-expressionismus\/#primaryimage"},"thumbnailUrl":"https:\/\/www.viaprinto.de\/blog\/wp-content\/uploads\/2021\/05\/blogheader-gestaltungsstilistiken-expressionismus-1690x642px-@2x-1.jpg","keywords":["expressionismus","Gestaltungsstilistik"],"articleSection":["Gestaltung","Layout"],"inLanguage":"de","potentialAction":[{"@type":"CommentAction","name":"Comment","target":["https:\/\/www.viaprinto.de\/blog\/stilistik-expressionismus\/#respond"]}]},{"@type":"WebPage","@id":"https:\/\/www.viaprinto.de\/blog\/stilistik-expressionismus\/","url":"https:\/\/www.viaprinto.de\/blog\/stilistik-expressionismus\/","name":"Stile im Medien-Design | Expressionismus | viaprinto","isPartOf":{"@id":"https:\/\/www.viaprinto.de\/blog\/#website"},"primaryImageOfPage":{"@id":"https:\/\/www.viaprinto.de\/blog\/stilistik-expressionismus\/#primaryimage"},"image":{"@id":"https:\/\/www.viaprinto.de\/blog\/stilistik-expressionismus\/#primaryimage"},"thumbnailUrl":"https:\/\/www.viaprinto.de\/blog\/wp-content\/uploads\/2021\/05\/blogheader-gestaltungsstilistiken-expressionismus-1690x642px-@2x-1.jpg","description":"viaprinto Blog | Expressionistisches Gestalten \u25b6 Eigenschaften des Expressionismus als Gestaltungs-Stilistik.","breadcrumb":{"@id":"https:\/\/www.viaprinto.de\/blog\/stilistik-expressionismus\/#breadcrumb"},"inLanguage":"de","potentialAction":[{"@type":"ReadAction","target":["https:\/\/www.viaprinto.de\/blog\/stilistik-expressionismus\/"]}]},{"@type":"ImageObject","inLanguage":"de","@id":"https:\/\/www.viaprinto.de\/blog\/stilistik-expressionismus\/#primaryimage","url":"https:\/\/www.viaprinto.de\/blog\/wp-content\/uploads\/2021\/05\/blogheader-gestaltungsstilistiken-expressionismus-1690x642px-@2x-1.jpg","contentUrl":"https:\/\/www.viaprinto.de\/blog\/wp-content\/uploads\/2021\/05\/blogheader-gestaltungsstilistiken-expressionismus-1690x642px-@2x-1.jpg","width":1690,"height":642},{"@type":"BreadcrumbList","@id":"https:\/\/www.viaprinto.de\/blog\/stilistik-expressionismus\/#breadcrumb","itemListElement":[{"@type":"ListItem","position":1,"name":"Startseite","item":"https:\/\/www.viaprinto.de\/blog\/"},{"@type":"ListItem","position":2,"name":"Design-Dynamik: Gestaltungs-Stilistik \u201eExpressionismus\u201c"}]},{"@type":"WebSite","@id":"https:\/\/www.viaprinto.de\/blog\/#website","url":"https:\/\/www.viaprinto.de\/blog\/","name":"viaprinto Blog | Alles \u00fcber den Druck","description":"","publisher":{"@id":"https:\/\/www.viaprinto.de\/blog\/#organization"},"potentialAction":[{"@type":"SearchAction","target":{"@type":"EntryPoint","urlTemplate":"https:\/\/www.viaprinto.de\/blog\/?s={search_term_string}"},"query-input":{"@type":"PropertyValueSpecification","valueRequired":true,"valueName":"search_term_string"}}],"inLanguage":"de"},{"@type":"Organization","@id":"https:\/\/www.viaprinto.de\/blog\/#organization","name":"viaprinto","url":"https:\/\/www.viaprinto.de\/blog\/","logo":{"@type":"ImageObject","inLanguage":"de","@id":"https:\/\/www.viaprinto.de\/blog\/#\/schema\/logo\/image\/","url":"https:\/\/www.viaprinto.de\/blog\/wp-content\/uploads\/2022\/12\/viaprinto-blog-logo.svg","contentUrl":"https:\/\/www.viaprinto.de\/blog\/wp-content\/uploads\/2022\/12\/viaprinto-blog-logo.svg","caption":"viaprinto"},"image":{"@id":"https:\/\/www.viaprinto.de\/blog\/#\/schema\/logo\/image\/"},"sameAs":["https:\/\/www.linkedin.com\/company\/viaprinto"]},{"@type":"Person","@id":"https:\/\/www.viaprinto.de\/blog\/#\/schema\/person\/3c99507c1660c1f0bef1f76812fb55d9","name":"Isabel J\u00f6dicke","url":"https:\/\/www.viaprinto.de\/blog\/author\/isabel-joedickeviaprinto-de\/"}]}},"mfb_rest_fields":["title","yoast_head","yoast_head_json"],"_links":{"self":[{"href":"https:\/\/www.viaprinto.de\/blog\/wp-json\/wp\/v2\/posts\/15983","targetHints":{"allow":["GET"]}}],"collection":[{"href":"https:\/\/www.viaprinto.de\/blog\/wp-json\/wp\/v2\/posts"}],"about":[{"href":"https:\/\/www.viaprinto.de\/blog\/wp-json\/wp\/v2\/types\/post"}],"author":[{"embeddable":true,"href":"https:\/\/www.viaprinto.de\/blog\/wp-json\/wp\/v2\/users\/7"}],"replies":[{"embeddable":true,"href":"https:\/\/www.viaprinto.de\/blog\/wp-json\/wp\/v2\/comments?post=15983"}],"version-history":[{"count":1,"href":"https:\/\/www.viaprinto.de\/blog\/wp-json\/wp\/v2\/posts\/15983\/revisions"}],"predecessor-version":[{"id":18512,"href":"https:\/\/www.viaprinto.de\/blog\/wp-json\/wp\/v2\/posts\/15983\/revisions\/18512"}],"wp:featuredmedia":[{"embeddable":true,"href":"https:\/\/www.viaprinto.de\/blog\/wp-json\/wp\/v2\/media\/15788"}],"wp:attachment":[{"href":"https:\/\/www.viaprinto.de\/blog\/wp-json\/wp\/v2\/media?parent=15983"}],"wp:term":[{"taxonomy":"category","embeddable":true,"href":"https:\/\/www.viaprinto.de\/blog\/wp-json\/wp\/v2\/categories?post=15983"},{"taxonomy":"post_tag","embeddable":true,"href":"https:\/\/www.viaprinto.de\/blog\/wp-json\/wp\/v2\/tags?post=15983"}],"curies":[{"name":"wp","href":"https:\/\/api.w.org\/{rel}","templated":true}]}}