{"id":1597,"date":"2012-07-13T10:18:42","date_gmt":"2012-07-13T08:18:42","guid":{"rendered":"https:\/\/www.viaprinto.de\/blog\/?p=1597"},"modified":"2012-07-13T10:18:42","modified_gmt":"2012-07-13T08:18:42","slug":"viaprinto-bietet-jetzt-individuelle-kalender","status":"publish","type":"post","link":"https:\/\/www.viaprinto.de\/blog\/viaprinto-bietet-jetzt-individuelle-kalender\/","title":{"rendered":"viaprinto bietet jetzt individuelle Kalender."},"content":{"rendered":"<p>Personalisierte Wandkalender und Jahresplaner eignen sich als individuelles Geschenk f\u00fcr Mitarbeiter und Kunden. Sie sind ein sch\u00f6ner und zugleich praktischer Anblick f\u00fcr das eigene Zuhause oder im B\u00fcro. viaprinto, Online-Druckerei von CEWE, hat sein umfangreiches Angebot nun um diese beiden Produkte erg\u00e4nzt. Ab sofort k\u00f6nnen die \u00fcbersichtlichen Drucksachen in verschiedenen Formaten bestellt werden. Mit leicht zu handhabenden Vorlagen k\u00f6nnen auch Druck-Neulinge eigene Kalender und Jahresplaner mit ihren Bildern gestalten.<\/p>\n<p>\u201eMit der Erweiterung unserer Angebote um Kalender erhalten unsere Kunden praktische, individuelle Begleiter durch das ganze Jahr\u201c, sagt Dr. Michael Fries, Gesch\u00e4ftsf\u00fchrer von viaprinto. Ob f\u00fcr Jahresplaner oder Wandkalender, es gilt: Eine Mindestbestellmenge wird nicht verlangt. Gerade bei Produkten, die nur einmal im Jahr bestellt werden, ein hoher Mehrwert.<\/p>\n<p>Bei den <a href=\"https:\/\/www.viaprinto.de\/kalender\" target=\"_blank\" rel=\"noopener\">Wandkalendern<\/a> k\u00f6nnen viaprinto-Kunden zwischen DIN A4 und A3 jeweils hoch oder quer als Formate ausw\u00e4hlen. F\u00fcr einen hochwertigen Bilderdruck stehen 170 Gramm oder 250 Gramm Papier in matt und gl\u00e4nzend zur Verf\u00fcgung. Die einfache Benutzeroberfl\u00e4che der Online-Druckerei bietet den Kunden eine Vorauswahl verschiedenster Kalendervorlagen, die mit Bildern gef\u00fcllt werden k\u00f6nnen. Damit k\u00f6nnen einfach und schnell hochwertige Ergebnisse erzielt werden. Die Vorschau von viaprinto zeigt bereits vor dem Druck zuverl\u00e4ssig, wie der Kalender nach dem Druck aussehen wird. Zur weiteren Individualisierung kann bei der Twin Loop Wired-O-Spiralbindung sowie bei der Kalenderaufh\u00e4ngung zwischen Wei\u00df, Schwarz und Silber gew\u00e4hlt werden.<\/p>\n<p>Zudem k\u00f6nnen bei der Online-Druckerei <a href=\"https:\/\/www.viaprinto.de\/jahresplaner\" target=\"_blank\" rel=\"noopener\">Jahresplaner<\/a> beispielsweise in den Formaten DIN A1, A2 und A3 sowie DIN B1 und B2 jeweils im Querformat bestellt werden. Zur Auswahl stehen dabei 120 oder 135 Gramm Plakatpapier f\u00fcr einen Farbdruck in hoher Qualit\u00e4t. Dabei spielt es keine Rolle, ob ein Unternehmen ein einziges Exemplar oder 5000 St\u00fcck zum Beispiel f\u00fcr Mitarbeiter oder Kunden ordert \u2013 viaprinto verzichtet wie bei zahlreichen anderen Druckprodukten auf eine Mindestbestellmenge.<\/p>\n","protected":false},"excerpt":{"rendered":"<p>Personalisierte Wandkalender und Jahresplaner eignen sich als individuelles Geschenk f\u00fcr Mitarbeiter und Kunden. Sie sind ein sch\u00f6ner und zugleich praktischer Anblick f\u00fcr das eigene Zuhause oder im B\u00fcro. viaprinto, Online-Druckerei von CEWE, hat sein umfangreiches Angebot nun um diese beiden Produkte erg\u00e4nzt. Ab sofort k\u00f6nnen die \u00fcbersichtlichen Drucksachen in verschiedenen Formaten bestellt werden. Mit leicht zu handhabenden Vorlagen k\u00f6nnen auch Druck-Neulinge eigene Kalender und Jahresplaner mit ihren Bildern gestalten.<\/p>\n","protected":false},"author":5,"featured_media":7314,"comment_status":"open","ping_status":"open","sticky":false,"template":"","format":"standard","meta":{"_acf_changed":false,"inline_featured_image":false,"footnotes":""},"categories":[8],"tags":[],"class_list":["post-1597","post","type-post","status-publish","format-standard","has-post-thumbnail","hentry","category-produkte"],"mb":[],"acf":[],"yoast_head":"<!-- This site is optimized with the Yoast SEO plugin v27.4 - https:\/\/yoast.com\/product\/yoast-seo-wordpress\/ -->\n<title>viaprinto bietet jetzt individuelle Kalender | viaprinto Blog<\/title>\n<meta name=\"description\" content=\"viaprinto Blog | Personalisierte Wandkalender und Jahresplaner bei viaprinto | Ideal als individuelles Geschenk f\u00fcr Mitarbeiter und Kunden.\" \/>\n<meta name=\"robots\" content=\"index, follow, max-snippet:-1, max-image-preview:large, max-video-preview:-1\" \/>\n<link rel=\"canonical\" href=\"https:\/\/www.viaprinto.de\/blog\/viaprinto-bietet-jetzt-individuelle-kalender\/\" \/>\n<meta property=\"og:locale\" content=\"de_DE\" \/>\n<meta property=\"og:type\" content=\"article\" \/>\n<meta property=\"og:title\" content=\"viaprinto bietet jetzt individuelle Kalender | viaprinto Blog\" \/>\n<meta property=\"og:description\" content=\"viaprinto Blog | Personalisierte Wandkalender und Jahresplaner bei viaprinto | Ideal als individuelles Geschenk f\u00fcr Mitarbeiter und Kunden.\" \/>\n<meta property=\"og:url\" content=\"https:\/\/www.viaprinto.de\/blog\/viaprinto-bietet-jetzt-individuelle-kalender\/\" \/>\n<meta property=\"og:site_name\" content=\"viaprinto Blog | Alles \u00fcber den Druck\" \/>\n<meta property=\"article:published_time\" content=\"2012-07-13T08:18:42+00:00\" \/>\n<meta property=\"og:image\" content=\"https:\/\/www.viaprinto.de\/blog\/wp-content\/uploads\/2012\/07\/Jahresplaner-1-scaled.jpg\" \/>\n\t<meta property=\"og:image:width\" content=\"2560\" \/>\n\t<meta property=\"og:image:height\" content=\"1707\" \/>\n\t<meta property=\"og:image:type\" content=\"image\/jpeg\" \/>\n<meta name=\"author\" content=\"Daniela K\u00fcper\" \/>\n<script type=\"application\/ld+json\" class=\"yoast-schema-graph\">{\"@context\":\"https:\\\/\\\/schema.org\",\"@graph\":[{\"@type\":\"Article\",\"@id\":\"https:\\\/\\\/www.viaprinto.de\\\/blog\\\/viaprinto-bietet-jetzt-individuelle-kalender\\\/#article\",\"isPartOf\":{\"@id\":\"https:\\\/\\\/www.viaprinto.de\\\/blog\\\/viaprinto-bietet-jetzt-individuelle-kalender\\\/\"},\"author\":{\"name\":\"Daniela K\u00fcper\",\"@id\":\"https:\\\/\\\/www.viaprinto.de\\\/blog\\\/#\\\/schema\\\/person\\\/6a8f659dcc14fafe8739fabdb8f6e18e\"},\"headline\":\"viaprinto bietet jetzt individuelle Kalender.\",\"datePublished\":\"2012-07-13T08:18:42+00:00\",\"mainEntityOfPage\":{\"@id\":\"https:\\\/\\\/www.viaprinto.de\\\/blog\\\/viaprinto-bietet-jetzt-individuelle-kalender\\\/\"},\"wordCount\":315,\"commentCount\":0,\"publisher\":{\"@id\":\"https:\\\/\\\/www.viaprinto.de\\\/blog\\\/#organization\"},\"image\":{\"@id\":\"https:\\\/\\\/www.viaprinto.de\\\/blog\\\/viaprinto-bietet-jetzt-individuelle-kalender\\\/#primaryimage\"},\"thumbnailUrl\":\"https:\\\/\\\/www.viaprinto.de\\\/blog\\\/wp-content\\\/uploads\\\/2012\\\/07\\\/Jahresplaner-1-scaled.jpg\",\"articleSection\":[\"Produkte\"],\"inLanguage\":\"de\",\"potentialAction\":[{\"@type\":\"CommentAction\",\"name\":\"Comment\",\"target\":[\"https:\\\/\\\/www.viaprinto.de\\\/blog\\\/viaprinto-bietet-jetzt-individuelle-kalender\\\/#respond\"]}]},{\"@type\":\"WebPage\",\"@id\":\"https:\\\/\\\/www.viaprinto.de\\\/blog\\\/viaprinto-bietet-jetzt-individuelle-kalender\\\/\",\"url\":\"https:\\\/\\\/www.viaprinto.de\\\/blog\\\/viaprinto-bietet-jetzt-individuelle-kalender\\\/\",\"name\":\"viaprinto bietet jetzt individuelle Kalender | viaprinto Blog\",\"isPartOf\":{\"@id\":\"https:\\\/\\\/www.viaprinto.de\\\/blog\\\/#website\"},\"primaryImageOfPage\":{\"@id\":\"https:\\\/\\\/www.viaprinto.de\\\/blog\\\/viaprinto-bietet-jetzt-individuelle-kalender\\\/#primaryimage\"},\"image\":{\"@id\":\"https:\\\/\\\/www.viaprinto.de\\\/blog\\\/viaprinto-bietet-jetzt-individuelle-kalender\\\/#primaryimage\"},\"thumbnailUrl\":\"https:\\\/\\\/www.viaprinto.de\\\/blog\\\/wp-content\\\/uploads\\\/2012\\\/07\\\/Jahresplaner-1-scaled.jpg\",\"description\":\"viaprinto Blog | Personalisierte Wandkalender und Jahresplaner bei viaprinto | Ideal als individuelles Geschenk f\u00fcr Mitarbeiter und Kunden.\",\"breadcrumb\":{\"@id\":\"https:\\\/\\\/www.viaprinto.de\\\/blog\\\/viaprinto-bietet-jetzt-individuelle-kalender\\\/#breadcrumb\"},\"inLanguage\":\"de\",\"potentialAction\":[{\"@type\":\"ReadAction\",\"target\":[\"https:\\\/\\\/www.viaprinto.de\\\/blog\\\/viaprinto-bietet-jetzt-individuelle-kalender\\\/\"]}]},{\"@type\":\"ImageObject\",\"inLanguage\":\"de\",\"@id\":\"https:\\\/\\\/www.viaprinto.de\\\/blog\\\/viaprinto-bietet-jetzt-individuelle-kalender\\\/#primaryimage\",\"url\":\"https:\\\/\\\/www.viaprinto.de\\\/blog\\\/wp-content\\\/uploads\\\/2012\\\/07\\\/Jahresplaner-1-scaled.jpg\",\"contentUrl\":\"https:\\\/\\\/www.viaprinto.de\\\/blog\\\/wp-content\\\/uploads\\\/2012\\\/07\\\/Jahresplaner-1-scaled.jpg\",\"width\":2560,\"height\":1707},{\"@type\":\"BreadcrumbList\",\"@id\":\"https:\\\/\\\/www.viaprinto.de\\\/blog\\\/viaprinto-bietet-jetzt-individuelle-kalender\\\/#breadcrumb\",\"itemListElement\":[{\"@type\":\"ListItem\",\"position\":1,\"name\":\"Startseite\",\"item\":\"https:\\\/\\\/www.viaprinto.de\\\/blog\\\/\"},{\"@type\":\"ListItem\",\"position\":2,\"name\":\"viaprinto bietet jetzt individuelle Kalender.\"}]},{\"@type\":\"WebSite\",\"@id\":\"https:\\\/\\\/www.viaprinto.de\\\/blog\\\/#website\",\"url\":\"https:\\\/\\\/www.viaprinto.de\\\/blog\\\/\",\"name\":\"viaprinto Blog | Alles \u00fcber den Druck\",\"description\":\"\",\"publisher\":{\"@id\":\"https:\\\/\\\/www.viaprinto.de\\\/blog\\\/#organization\"},\"potentialAction\":[{\"@type\":\"SearchAction\",\"target\":{\"@type\":\"EntryPoint\",\"urlTemplate\":\"https:\\\/\\\/www.viaprinto.de\\\/blog\\\/?s={search_term_string}\"},\"query-input\":{\"@type\":\"PropertyValueSpecification\",\"valueRequired\":true,\"valueName\":\"search_term_string\"}}],\"inLanguage\":\"de\"},{\"@type\":\"Organization\",\"@id\":\"https:\\\/\\\/www.viaprinto.de\\\/blog\\\/#organization\",\"name\":\"viaprinto\",\"url\":\"https:\\\/\\\/www.viaprinto.de\\\/blog\\\/\",\"logo\":{\"@type\":\"ImageObject\",\"inLanguage\":\"de\",\"@id\":\"https:\\\/\\\/www.viaprinto.de\\\/blog\\\/#\\\/schema\\\/logo\\\/image\\\/\",\"url\":\"https:\\\/\\\/www.viaprinto.de\\\/blog\\\/wp-content\\\/uploads\\\/2022\\\/12\\\/viaprinto-blog-logo.svg\",\"contentUrl\":\"https:\\\/\\\/www.viaprinto.de\\\/blog\\\/wp-content\\\/uploads\\\/2022\\\/12\\\/viaprinto-blog-logo.svg\",\"caption\":\"viaprinto\"},\"image\":{\"@id\":\"https:\\\/\\\/www.viaprinto.de\\\/blog\\\/#\\\/schema\\\/logo\\\/image\\\/\"},\"sameAs\":[\"https:\\\/\\\/www.linkedin.com\\\/company\\\/viaprinto\"]},{\"@type\":\"Person\",\"@id\":\"https:\\\/\\\/www.viaprinto.de\\\/blog\\\/#\\\/schema\\\/person\\\/6a8f659dcc14fafe8739fabdb8f6e18e\",\"name\":\"Daniela K\u00fcper\",\"url\":\"https:\\\/\\\/www.viaprinto.de\\\/blog\\\/author\\\/daniela-kueperviaprinto-de\\\/\"}]}<\/script>\n<!-- \/ Yoast SEO plugin. -->","yoast_head_json":{"title":"viaprinto bietet jetzt individuelle Kalender | viaprinto Blog","description":"viaprinto Blog | Personalisierte Wandkalender und Jahresplaner bei viaprinto | Ideal als individuelles Geschenk f\u00fcr Mitarbeiter und Kunden.","robots":{"index":"index","follow":"follow","max-snippet":"max-snippet:-1","max-image-preview":"max-image-preview:large","max-video-preview":"max-video-preview:-1"},"canonical":"https:\/\/www.viaprinto.de\/blog\/viaprinto-bietet-jetzt-individuelle-kalender\/","og_locale":"de_DE","og_type":"article","og_title":"viaprinto bietet jetzt individuelle Kalender | viaprinto Blog","og_description":"viaprinto Blog | Personalisierte Wandkalender und Jahresplaner bei viaprinto | Ideal als individuelles Geschenk f\u00fcr Mitarbeiter und Kunden.","og_url":"https:\/\/www.viaprinto.de\/blog\/viaprinto-bietet-jetzt-individuelle-kalender\/","og_site_name":"viaprinto Blog | Alles \u00fcber den Druck","article_published_time":"2012-07-13T08:18:42+00:00","og_image":[{"width":2560,"height":1707,"url":"https:\/\/www.viaprinto.de\/blog\/wp-content\/uploads\/2012\/07\/Jahresplaner-1-scaled.jpg","type":"image\/jpeg"}],"author":"Daniela K\u00fcper","schema":{"@context":"https:\/\/schema.org","@graph":[{"@type":"Article","@id":"https:\/\/www.viaprinto.de\/blog\/viaprinto-bietet-jetzt-individuelle-kalender\/#article","isPartOf":{"@id":"https:\/\/www.viaprinto.de\/blog\/viaprinto-bietet-jetzt-individuelle-kalender\/"},"author":{"name":"Daniela K\u00fcper","@id":"https:\/\/www.viaprinto.de\/blog\/#\/schema\/person\/6a8f659dcc14fafe8739fabdb8f6e18e"},"headline":"viaprinto bietet jetzt individuelle Kalender.","datePublished":"2012-07-13T08:18:42+00:00","mainEntityOfPage":{"@id":"https:\/\/www.viaprinto.de\/blog\/viaprinto-bietet-jetzt-individuelle-kalender\/"},"wordCount":315,"commentCount":0,"publisher":{"@id":"https:\/\/www.viaprinto.de\/blog\/#organization"},"image":{"@id":"https:\/\/www.viaprinto.de\/blog\/viaprinto-bietet-jetzt-individuelle-kalender\/#primaryimage"},"thumbnailUrl":"https:\/\/www.viaprinto.de\/blog\/wp-content\/uploads\/2012\/07\/Jahresplaner-1-scaled.jpg","articleSection":["Produkte"],"inLanguage":"de","potentialAction":[{"@type":"CommentAction","name":"Comment","target":["https:\/\/www.viaprinto.de\/blog\/viaprinto-bietet-jetzt-individuelle-kalender\/#respond"]}]},{"@type":"WebPage","@id":"https:\/\/www.viaprinto.de\/blog\/viaprinto-bietet-jetzt-individuelle-kalender\/","url":"https:\/\/www.viaprinto.de\/blog\/viaprinto-bietet-jetzt-individuelle-kalender\/","name":"viaprinto bietet jetzt individuelle Kalender | viaprinto Blog","isPartOf":{"@id":"https:\/\/www.viaprinto.de\/blog\/#website"},"primaryImageOfPage":{"@id":"https:\/\/www.viaprinto.de\/blog\/viaprinto-bietet-jetzt-individuelle-kalender\/#primaryimage"},"image":{"@id":"https:\/\/www.viaprinto.de\/blog\/viaprinto-bietet-jetzt-individuelle-kalender\/#primaryimage"},"thumbnailUrl":"https:\/\/www.viaprinto.de\/blog\/wp-content\/uploads\/2012\/07\/Jahresplaner-1-scaled.jpg","description":"viaprinto Blog | Personalisierte Wandkalender und Jahresplaner bei viaprinto | Ideal als individuelles Geschenk f\u00fcr Mitarbeiter und Kunden.","breadcrumb":{"@id":"https:\/\/www.viaprinto.de\/blog\/viaprinto-bietet-jetzt-individuelle-kalender\/#breadcrumb"},"inLanguage":"de","potentialAction":[{"@type":"ReadAction","target":["https:\/\/www.viaprinto.de\/blog\/viaprinto-bietet-jetzt-individuelle-kalender\/"]}]},{"@type":"ImageObject","inLanguage":"de","@id":"https:\/\/www.viaprinto.de\/blog\/viaprinto-bietet-jetzt-individuelle-kalender\/#primaryimage","url":"https:\/\/www.viaprinto.de\/blog\/wp-content\/uploads\/2012\/07\/Jahresplaner-1-scaled.jpg","contentUrl":"https:\/\/www.viaprinto.de\/blog\/wp-content\/uploads\/2012\/07\/Jahresplaner-1-scaled.jpg","width":2560,"height":1707},{"@type":"BreadcrumbList","@id":"https:\/\/www.viaprinto.de\/blog\/viaprinto-bietet-jetzt-individuelle-kalender\/#breadcrumb","itemListElement":[{"@type":"ListItem","position":1,"name":"Startseite","item":"https:\/\/www.viaprinto.de\/blog\/"},{"@type":"ListItem","position":2,"name":"viaprinto bietet jetzt individuelle Kalender."}]},{"@type":"WebSite","@id":"https:\/\/www.viaprinto.de\/blog\/#website","url":"https:\/\/www.viaprinto.de\/blog\/","name":"viaprinto Blog | Alles \u00fcber den Druck","description":"","publisher":{"@id":"https:\/\/www.viaprinto.de\/blog\/#organization"},"potentialAction":[{"@type":"SearchAction","target":{"@type":"EntryPoint","urlTemplate":"https:\/\/www.viaprinto.de\/blog\/?s={search_term_string}"},"query-input":{"@type":"PropertyValueSpecification","valueRequired":true,"valueName":"search_term_string"}}],"inLanguage":"de"},{"@type":"Organization","@id":"https:\/\/www.viaprinto.de\/blog\/#organization","name":"viaprinto","url":"https:\/\/www.viaprinto.de\/blog\/","logo":{"@type":"ImageObject","inLanguage":"de","@id":"https:\/\/www.viaprinto.de\/blog\/#\/schema\/logo\/image\/","url":"https:\/\/www.viaprinto.de\/blog\/wp-content\/uploads\/2022\/12\/viaprinto-blog-logo.svg","contentUrl":"https:\/\/www.viaprinto.de\/blog\/wp-content\/uploads\/2022\/12\/viaprinto-blog-logo.svg","caption":"viaprinto"},"image":{"@id":"https:\/\/www.viaprinto.de\/blog\/#\/schema\/logo\/image\/"},"sameAs":["https:\/\/www.linkedin.com\/company\/viaprinto"]},{"@type":"Person","@id":"https:\/\/www.viaprinto.de\/blog\/#\/schema\/person\/6a8f659dcc14fafe8739fabdb8f6e18e","name":"Daniela K\u00fcper","url":"https:\/\/www.viaprinto.de\/blog\/author\/daniela-kueperviaprinto-de\/"}]}},"mfb_rest_fields":["title","yoast_head","yoast_head_json"],"_links":{"self":[{"href":"https:\/\/www.viaprinto.de\/blog\/wp-json\/wp\/v2\/posts\/1597","targetHints":{"allow":["GET"]}}],"collection":[{"href":"https:\/\/www.viaprinto.de\/blog\/wp-json\/wp\/v2\/posts"}],"about":[{"href":"https:\/\/www.viaprinto.de\/blog\/wp-json\/wp\/v2\/types\/post"}],"author":[{"embeddable":true,"href":"https:\/\/www.viaprinto.de\/blog\/wp-json\/wp\/v2\/users\/5"}],"replies":[{"embeddable":true,"href":"https:\/\/www.viaprinto.de\/blog\/wp-json\/wp\/v2\/comments?post=1597"}],"version-history":[{"count":0,"href":"https:\/\/www.viaprinto.de\/blog\/wp-json\/wp\/v2\/posts\/1597\/revisions"}],"wp:featuredmedia":[{"embeddable":true,"href":"https:\/\/www.viaprinto.de\/blog\/wp-json\/wp\/v2\/media\/7314"}],"wp:attachment":[{"href":"https:\/\/www.viaprinto.de\/blog\/wp-json\/wp\/v2\/media?parent=1597"}],"wp:term":[{"taxonomy":"category","embeddable":true,"href":"https:\/\/www.viaprinto.de\/blog\/wp-json\/wp\/v2\/categories?post=1597"},{"taxonomy":"post_tag","embeddable":true,"href":"https:\/\/www.viaprinto.de\/blog\/wp-json\/wp\/v2\/tags?post=1597"}],"curies":[{"name":"wp","href":"https:\/\/api.w.org\/{rel}","templated":true}]}}