{"id":15844,"date":"2021-06-15T11:03:21","date_gmt":"2021-06-15T09:03:21","guid":{"rendered":"https:\/\/www.viaprinto.de\/blog\/?p=15844"},"modified":"2023-06-07T18:54:12","modified_gmt":"2023-06-07T16:54:12","slug":"stilistik-konstruktivismus","status":"publish","type":"post","link":"https:\/\/www.viaprinto.de\/blog\/stilistik-konstruktivismus\/","title":{"rendered":"Konzentration auf das Wesentliche: Konstruktivismus"},"content":{"rendered":"\n<p>In der letzten Folge unserer Serie \u00fcber Gestaltungs-Stilistiken im Medien-Design hatten wir den emotionalen Stil des <a href=\"https:\/\/www.viaprinto.de\/blog\/2021\/05\/stilistik-impressionismus\/\" target=\"_blank\" rel=\"noreferrer noopener\">Impressionismus <\/a>behandelt. Im Gegensatz dazu steht der Konstruktivismus, der Design-Aufgaben logisch-rational l\u00f6st. Klare Linien, \u00dcbersichtlichkeit und Einfachheit sind seine Merkmale. Aber braucht Design nicht zuallererst Emotionalit\u00e4t f\u00fcr die Zielgruppenansprache?<\/p>\n\n\n\n<p>Der Gestaltungsstil des Konstruktivismus ist konstruiert, klar und minimalistisch und spricht so eher den Verstand an als das Gef\u00fchl. Er hat also vieles nicht, was eine Kundenansprache ausmachen kann: Keine Flut an Bildern, kein Bedrucken des letzten Winkels Papiers, keine verspielten Schriften, keine Schn\u00f6rkel \u2013 kurz: kein Zuviel. Konstruktivismus steht eher f\u00fcr ein \u201eWeniger ist mehr\u201c oder f\u00fcr die \u201eReduktion und Konzentration des Designs, um das Maximale zu erreichen\u201c. \u201eDas Maximale\u201c w\u00e4re hier eine Eindr\u00fccklichkeit durch Klarheit. Das konstruktivistische Design funktioniert aus sich selbst heraus wie ein Leitsystem der optimalen Orientierung. Konstruktivistische Deutlichkeit ist nicht marktschreierisch, sie funktioniert, indem sie den Leser und Betrachter in einem System des Minimalismus und der Zur\u00fcckhaltung leitet \u2013 das Ziel: Konzentration auf das Wesentliche.<\/p>\n\n\n\n<figure class=\"wp-block-image aligncenter size-large is-resized\"><img loading=\"lazy\" decoding=\"async\" src=\"https:\/\/www.viaprinto.de\/blog\/wp-content\/uploads\/2021\/06\/gestaltungs_stilistik_konstruktivismus.png\" alt=\"\" class=\"wp-image-15842\" width=\"580\" height=\"419\"\/><figcaption class=\"wp-element-caption\"><em>Oben: Die Eigenschaften des Gestaltungsstils \u201eKonstruktivismus\u201c beispielhaft anhand zweier Illustrationen<\/em><br><\/figcaption><\/figure>\n\n\n\n<h4 class=\"wp-block-heading\">Begriffe der Design-Stile<\/h4>\n\n\n\n<p>Der Begriff des Konstruktivismus hebt sich von den anderen Gestaltungsstilen deutlich ab. \u201eImpressionismus\u201c und \u201eExpressionismus\u201c werden stark mit (emotionaler) Kunst in Verbindung gebracht. Der Begriff des \u201eExpressionismus\u201c ist assoziativ auch als Pers\u00f6nlichkeitsmerkmal gel\u00e4ufig, etwa wenn man von einer \u201eexpressiven\u201c, ausdrucksstarken Pers\u00f6nlichkeit spricht. Der Begriff des Konstruktivismus ist komplexer und vielschichtiger und wird als Eigenschaft zun\u00e4chst viel weniger mit Design in Verbindung gebracht:<\/p>\n\n\n\n<ul class=\"wp-block-list\">\n<li><strong><em>In der Psychologie:<\/em><\/strong> Der Mensch nimmt nicht einfach nur wahr, er konstruiert sich eine eigene Welt. Bei dieser Sichtweise kollidiert der tradierte <a href=\"https:\/\/prozesselefant.de\/uploads\/lean_management\/Perspektive_Prozessaufnahme_Prozessanalyse.jpg\" target=\"_blank\" rel=\"noreferrer noopener\" data-rel=\"lightbox-image-0\" data-rl_title=\"\" data-rl_caption=\"\" title=\"\">Realit\u00e4tsbegriff<\/a> mit einer individuell konstruierten Realit\u00e4t. (Auch ein wichtiger Aspekt in der Kognitions-Wissenschaft und der Philosophie).<\/li>\n\n\n\n<li><strong><em>In der Soziologie:<\/em><\/strong> Konstruktion sozialer Strukturen. Wie organisieren sich Gruppen, in welchem sozial konstruierten Gef\u00fcge? Wie interagieren sie innerhalb dieser Organisationsstrukturen miteinander?<\/li>\n\n\n\n<li><strong><em>In der Linguistik\/Sprachwissenschaft:<\/em><\/strong> Aktuell wird viel diskutiert, inwieweit <a href=\"https:\/\/www.designtagebuch.de\/ergebnis-der-umfrage-gendersensible-sprache-in-fachmedien-kontext-design\/\" target=\"_blank\" rel=\"noreferrer noopener\">Geschlechterrollen <\/a>\u00fcber Sprache transportiert und somit konstruiert werden.<\/li>\n\n\n\n<li><strong><em>In der Architektur:<\/em><\/strong> Das konstruktive Element wird in den Vordergrund gestellt. Anstatt nur die Form zu zeigen, wird die <a href=\"https:\/\/cdni.rbth.com\/rbthmedia\/images\/2017.10\/original\/59f7353215e9f971aa1374c0.jpg\" target=\"_blank\" rel=\"noreferrer noopener\" data-rel=\"lightbox-image-1\" data-rl_title=\"\" data-rl_caption=\"\" title=\"\">funktionale Konstruktion<\/a> sichtbar. So wurden etwa Stahltr\u00e4ger als Grundkonstruktion nicht mehr versteckt.<\/li>\n\n\n\n<li><strong><em>In der Kunst:<\/em><\/strong> Nichtgegenst\u00e4ndliche Malerei, die mit <a href=\"https:\/\/www.augsburger-allgemeine.de\/img\/kultur\/crop28629582\/9419567754-cv16_9-w940\/Komposition-mit-Linien-und-Farben-III-von-Piet-Mondrian.jpg\" target=\"_blank\" rel=\"noreferrer noopener\" data-rel=\"lightbox-image-2\" data-rl_title=\"\" data-rl_caption=\"\" title=\"\">geometrischen Formen<\/a> arbeitet. Oft wurde versucht, die Kunst nach einer Regel zu gestalten (vgl. Goldener Schnitt) oder sie zu berechnen. Das Ergebnis dieser Kunst ist nicht spontan und zuf\u00e4llig, sondern durchdacht.<\/li>\n\n\n\n<li><strong><em>Im Design:<\/em><\/strong> Betonung des Planvollen und Rationalen, Konstruktion und Entwicklung von Design-Entw\u00fcrfen anhand klar <a href=\"https:\/\/www.eguide.ch\/wp-content\/uploads\/4036_11-0288_foto_a-419x600.jpg\" target=\"_blank\" rel=\"noreferrer noopener\" data-rel=\"lightbox-image-3\" data-rl_title=\"\" data-rl_caption=\"\" title=\"\">definierter Parameter<\/a>: Kein Gestalten aus dem Bauch heraus und Zusammenf\u00fchren von Design-Philosophie mit dem Entwurfsprozess.<\/li>\n<\/ul>\n\n\n\n<figure class=\"wp-block-image aligncenter size-large\"><img decoding=\"async\" src=\"https:\/\/www.viaprinto.de\/blog\/wp-content\/uploads\/2021\/06\/Icon_Design.png\" alt=\"\" class=\"wp-image-15843\"\/><figcaption class=\"wp-element-caption\">Oben: Der Shop-Bereich von viaprinto ist durch konstruktivistisch gestaltete Icons repr\u00e4sentiert.<\/figcaption><\/figure>\n\n\n\n<figure class=\"wp-block-image aligncenter size-large\"><img decoding=\"async\" src=\"https:\/\/www.viaprinto.de\/blog\/wp-content\/uploads\/2021\/06\/Leitsystem.png\" alt=\"\" class=\"wp-image-15839\"\/><figcaption class=\"wp-element-caption\">Oben: Die Design-Sprache von viaprinto l\u00e4sst alles Unwesentliche weg.<\/figcaption><\/figure>\n\n\n\n<h4 class=\"wp-block-heading\">Entwurf, Komposition und Konstruktion<\/h4>\n\n\n\n<p>In der Gestaltung im weitesten Sinne kann man entweder den Gesamtentwurf als Komposition betonen. Hier kann das Ergebnis gef\u00fchlsbetont sein. Das hei\u00dft, das Design richtet sich nur nach dem Empfinden. Betont man hingegen die Konstruktion bzw. eine konstruktive Herangehensweise, wird das Design bestimmten Vorgaben untergeordnet. Das erreicht man etwa \u00fcber den Einsatz von <a href=\"https:\/\/www.viaprinto.de\/blog\/2015\/07\/typoraster\/\" target=\"_blank\" rel=\"noreferrer noopener\">Typorastern,<\/a> die Schrift- und Bildgr\u00f6\u00dfen sowie Proportionen der Seitenaufteilung festlegen. Oder \u00fcber den Einsatz eines schriftlich und visuell ausgearbeiteten Corporate Designs, von dem nicht abgewichen werden darf.<\/p>\n\n\n\n<figure class=\"wp-block-image aligncenter size-large\"><img decoding=\"async\" src=\"https:\/\/www.viaprinto.de\/blog\/wp-content\/uploads\/2021\/06\/schriftkonstruktion.png\" alt=\"\" class=\"wp-image-15840\"\/><figcaption class=\"wp-element-caption\">Oben: Drei Schriften, drei Stile. Oben die konstruktivistische &#8222;Copperplate&#8220;, in der Mitte die expressionistische &#8222;Brush Script&#8220; und unten die impressionistische &#8222;Zapfino&#8220;<\/figcaption><\/figure>\n\n\n\n<figure class=\"wp-block-image aligncenter size-large\"><img decoding=\"async\" src=\"https:\/\/www.viaprinto.de\/blog\/wp-content\/uploads\/2021\/06\/schriftstile.png\" alt=\"\" class=\"wp-image-15841\"\/><figcaption class=\"wp-element-caption\">Oben: Die &#8222;Copperplate&#8220; ist konstruktiv durch relativ gleichbleibende Strichst\u00e4rken charakterisiert.<\/figcaption><\/figure>\n\n\n\n<h4 class=\"wp-block-heading\">Gef\u00fchl und Verstand im Designprozess<\/h4>\n\n\n\n<p>Wer Menschen ansprechen und begeistern will, muss sie emotionalisieren. Denn wer gef\u00fchlsm\u00e4\u00dfig angesprochen wird, reagiert. Die Frage in einer informationell \u00fcbers\u00e4ttigten Gesellschaft ist allerdings, was geschieht, wenn die Gef\u00fchlsansprache zum massenhaft verbreiteten Klischee wird? Gerade die Informationsflut von l\u00e4chelnden Gesichtern, gl\u00fccklichen Kindern oder geballter M\u00e4nnlichkeit verf\u00e4ngt dann nicht mehr. Die L\u00f6sung? Der Konstruktivismus. Er steht f\u00fcr Sachlichkeit und damit assoziativ auch f\u00fcr Ehrlichkeit. Er ist eine Form des Minimalismus, der mit wenigen wesentlichen Elementen arbeitet und deshalb auch f\u00fcr eine \u201evisuelle Hygiene\u201c steht, die alles Unn\u00fctze und Nicht-Funktionale wegl\u00e4sst. Durch die durchdachte Konstruktion des Entwurfes ist ein H\u00f6chstma\u00df an \u00dcbersichtlichkeit geschaffen. Konstruktive Elemente wie Linien, Fl\u00e4chen oder Wei\u00dfr\u00e4ume k\u00f6nnen den Entwurf zus\u00e4tzlich strukturieren. Aber auch im Konstruktivismus gilt, dass er in Reinform relativ selten auftritt. Meist ist das Ziel einer Gestaltung ein Gestaltungsmix. Das hei\u00dft, ein konstruktiv-rationales Grundlayout wird spannungsreich durch expressive Elemente aufgebrochen oder mit impressionistischen Elementen angereichert. So kommt dann doch wieder in die rationale Grundkonstruktion ein emotional aktivierendes Bild.<\/p>\n\n\n\n<h4 class=\"wp-block-heading\">Wurzeln des Konstruktivismus im Mediendesign<\/h4>\n\n\n\n<p>Richtungsweisend f\u00fcr das Durchdenken visueller Entw\u00fcrfe war die Kunstschule \u201eBauhaus\u201c, die vom Architekten Walter Gropius gegr\u00fcndet worden war. Zwischen 1919 und 1933 war sie in Weimar, dann in Dessau und schlie\u00dflich in Berlin ans\u00e4ssig. Nach dem Krieg war die \u201eHochschule f\u00fcr Gestaltung\u201c in Ulm von 1953-1968 der ideelle Nachfolger der Bauhaus-Ideen. \u00dcbrigens waren hier K\u00fcnstler und Gestalter gleicherma\u00dfen Lehrkr\u00e4fte:<\/p>\n\n\n\n<ul class=\"wp-block-list\">\n<li><strong><em>Josef M\u00fcller-Brockmann:<\/em><\/strong> Pr\u00e4gend f\u00fcr <a href=\"https:\/\/i.pinimg.com\/originals\/08\/75\/2c\/08752c3a38e047ee7b6544d054781fac.png\" target=\"_blank\" rel=\"noreferrer noopener\" data-rel=\"lightbox-image-4\" data-rl_title=\"\" data-rl_caption=\"\" title=\"\">konstruktive Gestaltung<\/a> im Drucksachen-Bereich war das Schweizer Grafik-Design etwa eines Josef M\u00fcller-Brockmann (1914-1996) in den 1950er- und 1960er-Jahren. Josef M\u00fcller-Brockmann hat die Entwicklung von Typografie-Rastern voran getrieben wie kaum ein anderer.<\/li>\n\n\n\n<li><strong><em>Jan Tschichold:<\/em><\/strong> Ma\u00dfgeblich f\u00fcr die Entwicklung von <a href=\"https:\/\/typografie.de\/wp-content\/uploads\/1995\/01\/9783922660371_Schriften_1925-1974_Tschichold10-1.jpg\" target=\"_blank\" rel=\"noreferrer noopener\" data-rel=\"lightbox-image-5\" data-rl_title=\"\" data-rl_caption=\"\" title=\"\">Seiten-Proportionen<\/a> vor allem f\u00fcr die Buch-Typografie war der deutsche Typograf Jan Tschichold (1902-1974). Er hat auch bekannte Schriften entworfen, etwa die Sabon.<\/li>\n\n\n\n<li><strong><em>Otl Aicher:<\/em><\/strong> Sowohl praktisch als Designer als auch theoretisch durch Buchver\u00f6ffentlichungen wirkte der deutsche Graphik-Designer Otl Aicher (1922- 1991). Er hat einen Schwerpunkt auf die Entwicklung von <a href=\"https:\/\/www.moma.org\/media\/W1siZiIsIjQ4MzkiXSxbInAiLCJjb252ZXJ0IiwiLXF1YWxpdHkgOTAgLXJlc2l6ZSAyMDAweDE0NDBcdTAwM2UiXV0.jpg?sha=1afa705bbcac1526\" target=\"_blank\" rel=\"noreferrer noopener\">Design-Systemen<\/a> gelegt, indem er etwa die Erscheinungsbilder f\u00fcr die Olympischen Spiele 1972, die Lufthansa, des Leuchten-Herstellers Erco oder des M\u00fcnchener Flughafens geschaffen hat. Au\u00dferdem wurde die Schrift-Gro\u00dffamilie \u201eRotis\u201c von ihm entwickelt.<\/li>\n<\/ul>\n\n\n\n<h4 class=\"wp-block-heading\">Konstruktivismus -Design aktuell<\/h4>\n\n\n\n<p>Doch der Blick in die Vergangenheit t\u00e4uscht dar\u00fcber hinweg, dass die konstruktivistische Gestaltung im Medien-Design aktuell ist wie nie in ihrer Geschichte. Denn ihre Haupteigenschaften sind neben der<\/p>\n\n\n\n<ul class=\"wp-block-list\">\n<li>sachlichen Klarheit<\/li>\n\n\n\n<li>Funktionalit\u00e4t und mitunter eine<\/li>\n\n\n\n<li>technoide Anmutung.<\/li>\n<\/ul>\n\n\n\n<p>Im Zeitalter des Internet und seiner hochgradig strukturierten Apps und Webseiten hat der Konstruktivismus als Grafik-Design-Stil um die Jahrtausendwende 2000 eine Renaissance erlebt. Die Design-Stile von Apple und Google f\u00fcr ihre Betriebssysteme, die immer sachlicher und funktionaler geworden sind, haben wiederum auf das Print-Design zur\u00fcckgewirkt. Auch ein Design-Stil wie das <a href=\"https:\/\/www.viaprinto.de\/blog\/2016\/10\/flatdesign\/\" target=\"_blank\" rel=\"noreferrer noopener\">Flat-Design<\/a> hat eine konstruktivistische Grundlage.<\/p>\n\n\n\n<h4 class=\"wp-block-heading\">Konstruktivismus und Dekonstruktivismus<\/h4>\n\n\n\n<p>Was so klar daher kommt wie der Konstruktivismus, das schreit nach einem Gegenentwurf. Den gibt es in Form des \u201eDekonstruktivismus\u201c, der die Eindeutigkeit des konstruktivistischen Entwurfes aufl\u00f6st und zerst\u00f6rt. Tats\u00e4chlich hat dieser Stil, der aus der Philosophie und der <a href=\"https:\/\/farm6.staticflickr.com\/5527\/9054294201_e05d61a504_b.jpg\" target=\"_blank\" rel=\"noreferrer noopener\" data-rel=\"lightbox-image-6\" data-rl_title=\"\" data-rl_caption=\"\" title=\"\">Architektur<\/a> stammt, sich auch im Medien-Design niedergeschlagen. In einer Hochphase ab den 1980er- und 1990er-Jahren bis zur Jahrtausendwende waren im <a href=\"https:\/\/dazedimg-dazedgroup.netdna-ssl.com\/640\/azure\/dazed-prod\/1230\/8\/1238435.jpg\" target=\"_blank\" rel=\"noreferrer noopener\" data-rel=\"lightbox-image-7\" data-rl_title=\"\" data-rl_caption=\"\" title=\"\">Techno-Flyer-Design<\/a> und entsprechenden Zeitschriften, in Musikzeitschriften wie dem amerikanischen <a href=\"https:\/\/www.getwetsoon.de\/wp-content\/uploads\/nsymd95gp3fnhkvpqqx6hm.jpg\" target=\"_blank\" rel=\"noreferrer noopener\" data-rel=\"lightbox-image-8\" data-rl_title=\"\" data-rl_caption=\"\" title=\"\">\u201eRay Gun\u201c<\/a> oder in der <a href=\"https:\/\/go.distance.ncsu.edu\/gd203\/wp-content\/uploads\/2020\/04\/davidnike.jpg\" target=\"_blank\" rel=\"noreferrer noopener\" data-rel=\"lightbox-image-9\" data-rl_title=\"\" data-rl_caption=\"\" title=\"\">Werbung<\/a> Entw\u00fcrfe zu sehen, die mit den Versatzst\u00fccken einer \u00fcbersichtlichen und funktionalen Gestaltung spielten. Solche Ans\u00e4tze gingen seinerzeit auch mit den aufkommenden M\u00f6glichkeiten der Computer-Grafik einher. So war es f\u00fcr den Designer zum ersten Mal m\u00f6glich, digital Schriften nach Herzenslust zu modifizieren und alle Typografie-Regeln \u00fcber den Haufen zu werfen. Auch Seitenlayouts konnten frei bearbeitet werden. Man kann davon ausgehen, dass solche avantgardistischen Ans\u00e4tze, die die Lesbarkeit erschweren, immer wieder \u00dcberkommenes und Langweiliges aufbrechen werden. Letztlich ist aber eine dekonstruktivistische Gestaltung, die den Br\u00fcckenschlag zur Kunst versucht, entweder als zeitlich begrenztes Ph\u00e4nomen ein aufmerksamkeitsstarker Hingucker oder im Hinblick auf j\u00fcngere Zielgruppen in ihrem kulturellen Umfeld zu verstehen.<\/p>\n\n\n\n<h4 class=\"wp-block-heading\">Ein Beispiel f\u00fcr visuelle Gestaltung<\/h4>\n\n\n\n<p>Eine Online-Bank k\u00f6nnte z.B. den Wunsch haben ihre Virtualit\u00e4t durch konservative Verl\u00e4sslichkeit in einer Brosch\u00fcre zu untermauern.<\/p>\n\n\n\n<ul class=\"wp-block-list\">\n<li><strong><em>Typografie:<\/em><\/strong> Der Designer w\u00e4hlt daf\u00fcr eine serifenlose Schrift wie die Helvetica, die Frutiger oder die Avenir, die zeitlos sind.<\/li>\n\n\n\n<li><strong><em>Farben:<\/em><\/strong> Zum Einsatz kommen gedeckte Farben wie ein dunkles Blau f\u00fcr die \u00dcberschriften und ein dunkles Rot f\u00fcr Linien, um Abschnitte zu betonen und zu unterteilen. Beide Farben emotionalisieren nicht zu sehr und wirken unterschwellig durch ihre farbliche Schwere best\u00e4ndig.<\/li>\n\n\n\n<li><strong><em>Seitenaufteilung:<\/em><\/strong> Das Layout ist dreispaltig, wobei es zwei breite Hauptspalten und eine schmale Marginalspalte gibt. Insgesamt hat das Typoraster f\u00fcnf schmale Spalten. Eine Hauptspalte setzt sich aus zwei dieser schmalen Spalten zusammen, wodurch vier Einheiten pro Seite von den beiden verwendet werden, die verbleibende f\u00fcnfte Spalte ist die Marginalspalte, die an unterschiedlichen Stellen der Seite auftauchen kann und so f\u00fcr eine gestalterische Variationsm\u00f6glichkeit sorgt.<\/li>\n\n\n\n<li><strong><em>Tektonische Elemente:<\/em><\/strong> Neben den strukturierenden Linien werden als grafische Elemente, die dem Auge Halt geben, Infok\u00e4sten verwendet. Dies sind mit einem technischen Raster in 15% Grau hinterlegte Fl\u00e4chen, die aus dem Text alle Detailinformationen herausziehen. Zum einen kann sich der Haupttext dadurch auf das Wesentliche konzentrieren und wird nicht durch inhaltliche Einsch\u00fcbe und Exkurse unterbrochen. Zum anderen k\u00f6nnen die inhaltlich abgeschlossenen Infok\u00e4sten zu bestimmten Themen gelesen werden, ohne dass man den kompletten Text erfassen muss. Sie bieten dadurch Anreize, in die Drucksache hineinzulesen.<\/li>\n\n\n\n<li><strong><em>Bilder:<\/em><\/strong> Die Bildwelt visualisiert eine generationen\u00fcbergreifende Lebensspanne. Sie zeigt Kinder und Gro\u00dfeltern, eingebettet in das Familienleben und seine auch finanziellen Anforderungen. Auch hier wird nicht mit poppigen Farben gearbeitet, die Bilder werden vielmehr im zweifarbigen Duoton-Verfahren mit Schwarz und einer dunklen Schmuckfarbe f\u00fcr die Tonwerte gedruckt. Dadurch wird visuelles Understatement betrieben. Die Fotos wirken dokumentarisch und zeigen n\u00fcchtern eine reale Lebenswirklichkeit.<\/li>\n\n\n\n<li><strong><em>Gestaltung:<\/em><\/strong> Die Gestaltung ist nicht verschachtelt oder sprunghaft. Mit wenigen Elementen und mit nur zwei Schriftgr\u00f6\u00dfen \u2013 eine f\u00fcr \u00dcberschriften und eine f\u00fcr den Flie\u00dftext \u2013 wird visuelle Harmonie erzeugt. Gleichzeitig kann der Seitenaufbau durch die \u201ewandernd\u201c verschiebbare Marginalspalte ver\u00e4ndert werden.<\/li>\n<\/ul>\n\n\n\n<p>Insgesamt wird die Online-Bank eher konservativ positioniert. Das wirbt f\u00fcr Verl\u00e4sslichkeit. Das Design ist durch klar abgegrenzte Sinneinheiten hochgradig strukturiert und sorgt dadurch f\u00fcr \u00dcbersichtlichkeit und die M\u00f6glichkeit schnell und auch nur punktuell Inhalte zu rezipieren. Durch diese visuelle Herangehensweise k\u00f6nnten \u00e4ltere Zielgruppen von den Vorteilen des Online-Banking \u00fcberzeugt werden. Andererseits ist das Design-Konzept so minimalistisch, dass die wichtige j\u00fcngere Zielgruppe sich dort auch zuhause f\u00fchlen kann. Unterschwellig steht das Designkonzept f\u00fcr Verl\u00e4sslichkeit, was bei Finanzdienstleistungen ein wichtiges Argument ist.<\/p>\n\n\n\n<h4 class=\"wp-block-heading\">Fazit: Konstruktivismus als Designsprache h\u00f6chster Funktionalit\u00e4t<\/h4>\n\n\n\n<p>Konzentriert man sich auf die Unterschiede der Design-Prinzipien Impressionismus, Konstruktivismus und Expressionismus, f\u00e4llt auf, dass vor allem der Konstruktivismus f\u00fcr das Funktionale im Design steht. Einen Entwurf sehr systematisch anzugehen, hat verschiedene Vorteile. Einer ist Wiedererkennbarkeit und Durchg\u00e4ngigkeit etwa bei Reihen bzw. Serien von Brosch\u00fcren, Flyern oder B\u00fcchern. Denn wenn ein starkes Design-Konzept in all seinen Details einmal \u201ekonstruiert\u201c wurde, bleibt es best\u00e4ndig. Dabei sind gute Design-Systeme flexibel und anpassungsf\u00e4hig genug, um keine langweilige Gleichf\u00f6rmigkeit aufkommen zu lassen. Man kann den Konstruktivismus auch aus einer etwas distanzierten Position heraus als stabiles gestalterisches Konzept auffassen, das etwa durch expressive oder impressionistische Akzente aufgelockert wird und so Verstand und Gef\u00fchl gleicherma\u00dfen ansprechen kann.<\/p>\n\n\n\n<p><em>N\u00e4chste Folge: Gestaltungsstil Expressionismus<\/em><\/p>\n\n\n\n<hr class=\"wp-block-separator has-css-opacity is-style-wide\"\/>\n\n\n\n<p>Bisher erschienen:<\/p>\n\n\n\n<p><a href=\"https:\/\/www.viaprinto.de\/blog\/2021\/04\/stilistik-1\/\" target=\"_blank\" rel=\"noreferrer noopener\">Welche Stile im Medien-Design gibt es?<\/a><\/p>\n\n\n\n<p><a href=\"https:\/\/www.viaprinto.de\/blog\/2021\/05\/stilistik-impressionismus\/\" target=\"_blank\" rel=\"noreferrer noopener\">Was zeichnet des Design-Stil &#8222;Impressionimus&#8220; im Medien-Design aus?<\/a><\/p>\n\n\n\n<div class=\"wp-block-group is-layout-flow wp-block-group-is-layout-flow\">\n<div class=\"wp-block-columns is-layout-flex wp-container-core-columns-is-layout-28f84493 wp-block-columns-is-layout-flex\">\n<div class=\"wp-block-column is-layout-flow wp-block-column-is-layout-flow\" style=\"flex-basis:100%\">\n<div class=\"wp-block-group is-layout-flow wp-block-group-is-layout-flow\"><\/div>\n<\/div>\n<\/div>\n<\/div>\n","protected":false},"excerpt":{"rendered":"<p>Eindr\u00fccklichkeit durch Klarheit. Das konstruktivistische Design funktioniert aus sich selbst heraus wie ein Leitsystem der optimalen Orientierung. <\/p>\n","protected":false},"author":7,"featured_media":15787,"comment_status":"open","ping_status":"closed","sticky":false,"template":"","format":"standard","meta":{"_acf_changed":false,"inline_featured_image":false,"footnotes":""},"categories":[71,5],"tags":[510],"class_list":["post-15844","post","type-post","status-publish","format-standard","has-post-thumbnail","hentry","category-gestaltung","category-layout","tag-gestaltungsstilistik"],"mb":[],"acf":[],"yoast_head":"<!-- This site is optimized with the Yoast SEO plugin v27.4 - https:\/\/yoast.com\/product\/yoast-seo-wordpress\/ -->\n<title>Konstruktivismus | Gestaltungsstilistiken | viaprinto<\/title>\n<meta name=\"description\" content=\"Konzentration auf das Wesentliche: Konstruktivismus | Gestaltungs-Stilistiken im Medien-Design | viaprinto Blog\" \/>\n<meta name=\"robots\" content=\"index, follow, max-snippet:-1, max-image-preview:large, max-video-preview:-1\" \/>\n<link rel=\"canonical\" href=\"https:\/\/www.viaprinto.de\/blog\/stilistik-konstruktivismus\/\" \/>\n<meta property=\"og:locale\" content=\"de_DE\" \/>\n<meta property=\"og:type\" content=\"article\" \/>\n<meta property=\"og:title\" content=\"Konstruktivismus | Gestaltungsstilistiken | viaprinto\" \/>\n<meta property=\"og:description\" content=\"Konzentration auf das Wesentliche: Konstruktivismus | Gestaltungs-Stilistiken im Medien-Design | viaprinto Blog\" \/>\n<meta property=\"og:url\" content=\"https:\/\/www.viaprinto.de\/blog\/stilistik-konstruktivismus\/\" \/>\n<meta property=\"og:site_name\" content=\"viaprinto Blog | Alles \u00fcber den Druck\" \/>\n<meta property=\"article:published_time\" content=\"2021-06-15T09:03:21+00:00\" \/>\n<meta property=\"article:modified_time\" content=\"2023-06-07T16:54:12+00:00\" \/>\n<meta property=\"og:image\" content=\"https:\/\/www.viaprinto.de\/blog\/wp-content\/uploads\/2021\/05\/blogheader-gestaltungsstilistiken-konstruktivismus-1690x642px-@2x-1.jpg\" \/>\n\t<meta property=\"og:image:width\" content=\"1690\" \/>\n\t<meta property=\"og:image:height\" content=\"642\" \/>\n\t<meta property=\"og:image:type\" content=\"image\/jpeg\" \/>\n<meta name=\"author\" content=\"Isabel J\u00f6dicke\" \/>\n<script type=\"application\/ld+json\" class=\"yoast-schema-graph\">{\"@context\":\"https:\\\/\\\/schema.org\",\"@graph\":[{\"@type\":\"Article\",\"@id\":\"https:\\\/\\\/www.viaprinto.de\\\/blog\\\/stilistik-konstruktivismus\\\/#article\",\"isPartOf\":{\"@id\":\"https:\\\/\\\/www.viaprinto.de\\\/blog\\\/stilistik-konstruktivismus\\\/\"},\"author\":{\"name\":\"Isabel J\u00f6dicke\",\"@id\":\"https:\\\/\\\/www.viaprinto.de\\\/blog\\\/#\\\/schema\\\/person\\\/3c99507c1660c1f0bef1f76812fb55d9\"},\"headline\":\"Konzentration auf das Wesentliche: Konstruktivismus\",\"datePublished\":\"2021-06-15T09:03:21+00:00\",\"dateModified\":\"2023-06-07T16:54:12+00:00\",\"mainEntityOfPage\":{\"@id\":\"https:\\\/\\\/www.viaprinto.de\\\/blog\\\/stilistik-konstruktivismus\\\/\"},\"wordCount\":1863,\"commentCount\":0,\"publisher\":{\"@id\":\"https:\\\/\\\/www.viaprinto.de\\\/blog\\\/#organization\"},\"image\":{\"@id\":\"https:\\\/\\\/www.viaprinto.de\\\/blog\\\/stilistik-konstruktivismus\\\/#primaryimage\"},\"thumbnailUrl\":\"https:\\\/\\\/www.viaprinto.de\\\/blog\\\/wp-content\\\/uploads\\\/2021\\\/05\\\/blogheader-gestaltungsstilistiken-konstruktivismus-1690x642px-@2x-1.jpg\",\"keywords\":[\"Gestaltungsstilistik\"],\"articleSection\":[\"Gestaltung\",\"Layout\"],\"inLanguage\":\"de\",\"potentialAction\":[{\"@type\":\"CommentAction\",\"name\":\"Comment\",\"target\":[\"https:\\\/\\\/www.viaprinto.de\\\/blog\\\/stilistik-konstruktivismus\\\/#respond\"]}]},{\"@type\":\"WebPage\",\"@id\":\"https:\\\/\\\/www.viaprinto.de\\\/blog\\\/stilistik-konstruktivismus\\\/\",\"url\":\"https:\\\/\\\/www.viaprinto.de\\\/blog\\\/stilistik-konstruktivismus\\\/\",\"name\":\"Konstruktivismus | Gestaltungsstilistiken | viaprinto\",\"isPartOf\":{\"@id\":\"https:\\\/\\\/www.viaprinto.de\\\/blog\\\/#website\"},\"primaryImageOfPage\":{\"@id\":\"https:\\\/\\\/www.viaprinto.de\\\/blog\\\/stilistik-konstruktivismus\\\/#primaryimage\"},\"image\":{\"@id\":\"https:\\\/\\\/www.viaprinto.de\\\/blog\\\/stilistik-konstruktivismus\\\/#primaryimage\"},\"thumbnailUrl\":\"https:\\\/\\\/www.viaprinto.de\\\/blog\\\/wp-content\\\/uploads\\\/2021\\\/05\\\/blogheader-gestaltungsstilistiken-konstruktivismus-1690x642px-@2x-1.jpg\",\"description\":\"Konzentration auf das Wesentliche: Konstruktivismus | Gestaltungs-Stilistiken im Medien-Design | viaprinto Blog\",\"breadcrumb\":{\"@id\":\"https:\\\/\\\/www.viaprinto.de\\\/blog\\\/stilistik-konstruktivismus\\\/#breadcrumb\"},\"inLanguage\":\"de\",\"potentialAction\":[{\"@type\":\"ReadAction\",\"target\":[\"https:\\\/\\\/www.viaprinto.de\\\/blog\\\/stilistik-konstruktivismus\\\/\"]}]},{\"@type\":\"ImageObject\",\"inLanguage\":\"de\",\"@id\":\"https:\\\/\\\/www.viaprinto.de\\\/blog\\\/stilistik-konstruktivismus\\\/#primaryimage\",\"url\":\"https:\\\/\\\/www.viaprinto.de\\\/blog\\\/wp-content\\\/uploads\\\/2021\\\/05\\\/blogheader-gestaltungsstilistiken-konstruktivismus-1690x642px-@2x-1.jpg\",\"contentUrl\":\"https:\\\/\\\/www.viaprinto.de\\\/blog\\\/wp-content\\\/uploads\\\/2021\\\/05\\\/blogheader-gestaltungsstilistiken-konstruktivismus-1690x642px-@2x-1.jpg\",\"width\":1690,\"height\":642},{\"@type\":\"BreadcrumbList\",\"@id\":\"https:\\\/\\\/www.viaprinto.de\\\/blog\\\/stilistik-konstruktivismus\\\/#breadcrumb\",\"itemListElement\":[{\"@type\":\"ListItem\",\"position\":1,\"name\":\"Startseite\",\"item\":\"https:\\\/\\\/www.viaprinto.de\\\/blog\\\/\"},{\"@type\":\"ListItem\",\"position\":2,\"name\":\"Konzentration auf das Wesentliche: Konstruktivismus\"}]},{\"@type\":\"WebSite\",\"@id\":\"https:\\\/\\\/www.viaprinto.de\\\/blog\\\/#website\",\"url\":\"https:\\\/\\\/www.viaprinto.de\\\/blog\\\/\",\"name\":\"viaprinto Blog | Alles \u00fcber den Druck\",\"description\":\"\",\"publisher\":{\"@id\":\"https:\\\/\\\/www.viaprinto.de\\\/blog\\\/#organization\"},\"potentialAction\":[{\"@type\":\"SearchAction\",\"target\":{\"@type\":\"EntryPoint\",\"urlTemplate\":\"https:\\\/\\\/www.viaprinto.de\\\/blog\\\/?s={search_term_string}\"},\"query-input\":{\"@type\":\"PropertyValueSpecification\",\"valueRequired\":true,\"valueName\":\"search_term_string\"}}],\"inLanguage\":\"de\"},{\"@type\":\"Organization\",\"@id\":\"https:\\\/\\\/www.viaprinto.de\\\/blog\\\/#organization\",\"name\":\"viaprinto\",\"url\":\"https:\\\/\\\/www.viaprinto.de\\\/blog\\\/\",\"logo\":{\"@type\":\"ImageObject\",\"inLanguage\":\"de\",\"@id\":\"https:\\\/\\\/www.viaprinto.de\\\/blog\\\/#\\\/schema\\\/logo\\\/image\\\/\",\"url\":\"https:\\\/\\\/www.viaprinto.de\\\/blog\\\/wp-content\\\/uploads\\\/2022\\\/12\\\/viaprinto-blog-logo.svg\",\"contentUrl\":\"https:\\\/\\\/www.viaprinto.de\\\/blog\\\/wp-content\\\/uploads\\\/2022\\\/12\\\/viaprinto-blog-logo.svg\",\"caption\":\"viaprinto\"},\"image\":{\"@id\":\"https:\\\/\\\/www.viaprinto.de\\\/blog\\\/#\\\/schema\\\/logo\\\/image\\\/\"},\"sameAs\":[\"https:\\\/\\\/www.linkedin.com\\\/company\\\/viaprinto\"]},{\"@type\":\"Person\",\"@id\":\"https:\\\/\\\/www.viaprinto.de\\\/blog\\\/#\\\/schema\\\/person\\\/3c99507c1660c1f0bef1f76812fb55d9\",\"name\":\"Isabel J\u00f6dicke\",\"url\":\"https:\\\/\\\/www.viaprinto.de\\\/blog\\\/author\\\/isabel-joedickeviaprinto-de\\\/\"}]}<\/script>\n<!-- \/ Yoast SEO plugin. -->","yoast_head_json":{"title":"Konstruktivismus | Gestaltungsstilistiken | viaprinto","description":"Konzentration auf das Wesentliche: Konstruktivismus | Gestaltungs-Stilistiken im Medien-Design | viaprinto Blog","robots":{"index":"index","follow":"follow","max-snippet":"max-snippet:-1","max-image-preview":"max-image-preview:large","max-video-preview":"max-video-preview:-1"},"canonical":"https:\/\/www.viaprinto.de\/blog\/stilistik-konstruktivismus\/","og_locale":"de_DE","og_type":"article","og_title":"Konstruktivismus | Gestaltungsstilistiken | viaprinto","og_description":"Konzentration auf das Wesentliche: Konstruktivismus | Gestaltungs-Stilistiken im Medien-Design | viaprinto Blog","og_url":"https:\/\/www.viaprinto.de\/blog\/stilistik-konstruktivismus\/","og_site_name":"viaprinto Blog | Alles \u00fcber den Druck","article_published_time":"2021-06-15T09:03:21+00:00","article_modified_time":"2023-06-07T16:54:12+00:00","og_image":[{"width":1690,"height":642,"url":"https:\/\/www.viaprinto.de\/blog\/wp-content\/uploads\/2021\/05\/blogheader-gestaltungsstilistiken-konstruktivismus-1690x642px-@2x-1.jpg","type":"image\/jpeg"}],"author":"Isabel J\u00f6dicke","schema":{"@context":"https:\/\/schema.org","@graph":[{"@type":"Article","@id":"https:\/\/www.viaprinto.de\/blog\/stilistik-konstruktivismus\/#article","isPartOf":{"@id":"https:\/\/www.viaprinto.de\/blog\/stilistik-konstruktivismus\/"},"author":{"name":"Isabel J\u00f6dicke","@id":"https:\/\/www.viaprinto.de\/blog\/#\/schema\/person\/3c99507c1660c1f0bef1f76812fb55d9"},"headline":"Konzentration auf das Wesentliche: Konstruktivismus","datePublished":"2021-06-15T09:03:21+00:00","dateModified":"2023-06-07T16:54:12+00:00","mainEntityOfPage":{"@id":"https:\/\/www.viaprinto.de\/blog\/stilistik-konstruktivismus\/"},"wordCount":1863,"commentCount":0,"publisher":{"@id":"https:\/\/www.viaprinto.de\/blog\/#organization"},"image":{"@id":"https:\/\/www.viaprinto.de\/blog\/stilistik-konstruktivismus\/#primaryimage"},"thumbnailUrl":"https:\/\/www.viaprinto.de\/blog\/wp-content\/uploads\/2021\/05\/blogheader-gestaltungsstilistiken-konstruktivismus-1690x642px-@2x-1.jpg","keywords":["Gestaltungsstilistik"],"articleSection":["Gestaltung","Layout"],"inLanguage":"de","potentialAction":[{"@type":"CommentAction","name":"Comment","target":["https:\/\/www.viaprinto.de\/blog\/stilistik-konstruktivismus\/#respond"]}]},{"@type":"WebPage","@id":"https:\/\/www.viaprinto.de\/blog\/stilistik-konstruktivismus\/","url":"https:\/\/www.viaprinto.de\/blog\/stilistik-konstruktivismus\/","name":"Konstruktivismus | Gestaltungsstilistiken | viaprinto","isPartOf":{"@id":"https:\/\/www.viaprinto.de\/blog\/#website"},"primaryImageOfPage":{"@id":"https:\/\/www.viaprinto.de\/blog\/stilistik-konstruktivismus\/#primaryimage"},"image":{"@id":"https:\/\/www.viaprinto.de\/blog\/stilistik-konstruktivismus\/#primaryimage"},"thumbnailUrl":"https:\/\/www.viaprinto.de\/blog\/wp-content\/uploads\/2021\/05\/blogheader-gestaltungsstilistiken-konstruktivismus-1690x642px-@2x-1.jpg","description":"Konzentration auf das Wesentliche: Konstruktivismus | Gestaltungs-Stilistiken im Medien-Design | viaprinto Blog","breadcrumb":{"@id":"https:\/\/www.viaprinto.de\/blog\/stilistik-konstruktivismus\/#breadcrumb"},"inLanguage":"de","potentialAction":[{"@type":"ReadAction","target":["https:\/\/www.viaprinto.de\/blog\/stilistik-konstruktivismus\/"]}]},{"@type":"ImageObject","inLanguage":"de","@id":"https:\/\/www.viaprinto.de\/blog\/stilistik-konstruktivismus\/#primaryimage","url":"https:\/\/www.viaprinto.de\/blog\/wp-content\/uploads\/2021\/05\/blogheader-gestaltungsstilistiken-konstruktivismus-1690x642px-@2x-1.jpg","contentUrl":"https:\/\/www.viaprinto.de\/blog\/wp-content\/uploads\/2021\/05\/blogheader-gestaltungsstilistiken-konstruktivismus-1690x642px-@2x-1.jpg","width":1690,"height":642},{"@type":"BreadcrumbList","@id":"https:\/\/www.viaprinto.de\/blog\/stilistik-konstruktivismus\/#breadcrumb","itemListElement":[{"@type":"ListItem","position":1,"name":"Startseite","item":"https:\/\/www.viaprinto.de\/blog\/"},{"@type":"ListItem","position":2,"name":"Konzentration auf das Wesentliche: Konstruktivismus"}]},{"@type":"WebSite","@id":"https:\/\/www.viaprinto.de\/blog\/#website","url":"https:\/\/www.viaprinto.de\/blog\/","name":"viaprinto Blog | Alles \u00fcber den Druck","description":"","publisher":{"@id":"https:\/\/www.viaprinto.de\/blog\/#organization"},"potentialAction":[{"@type":"SearchAction","target":{"@type":"EntryPoint","urlTemplate":"https:\/\/www.viaprinto.de\/blog\/?s={search_term_string}"},"query-input":{"@type":"PropertyValueSpecification","valueRequired":true,"valueName":"search_term_string"}}],"inLanguage":"de"},{"@type":"Organization","@id":"https:\/\/www.viaprinto.de\/blog\/#organization","name":"viaprinto","url":"https:\/\/www.viaprinto.de\/blog\/","logo":{"@type":"ImageObject","inLanguage":"de","@id":"https:\/\/www.viaprinto.de\/blog\/#\/schema\/logo\/image\/","url":"https:\/\/www.viaprinto.de\/blog\/wp-content\/uploads\/2022\/12\/viaprinto-blog-logo.svg","contentUrl":"https:\/\/www.viaprinto.de\/blog\/wp-content\/uploads\/2022\/12\/viaprinto-blog-logo.svg","caption":"viaprinto"},"image":{"@id":"https:\/\/www.viaprinto.de\/blog\/#\/schema\/logo\/image\/"},"sameAs":["https:\/\/www.linkedin.com\/company\/viaprinto"]},{"@type":"Person","@id":"https:\/\/www.viaprinto.de\/blog\/#\/schema\/person\/3c99507c1660c1f0bef1f76812fb55d9","name":"Isabel J\u00f6dicke","url":"https:\/\/www.viaprinto.de\/blog\/author\/isabel-joedickeviaprinto-de\/"}]}},"mfb_rest_fields":["title","yoast_head","yoast_head_json"],"_links":{"self":[{"href":"https:\/\/www.viaprinto.de\/blog\/wp-json\/wp\/v2\/posts\/15844","targetHints":{"allow":["GET"]}}],"collection":[{"href":"https:\/\/www.viaprinto.de\/blog\/wp-json\/wp\/v2\/posts"}],"about":[{"href":"https:\/\/www.viaprinto.de\/blog\/wp-json\/wp\/v2\/types\/post"}],"author":[{"embeddable":true,"href":"https:\/\/www.viaprinto.de\/blog\/wp-json\/wp\/v2\/users\/7"}],"replies":[{"embeddable":true,"href":"https:\/\/www.viaprinto.de\/blog\/wp-json\/wp\/v2\/comments?post=15844"}],"version-history":[{"count":1,"href":"https:\/\/www.viaprinto.de\/blog\/wp-json\/wp\/v2\/posts\/15844\/revisions"}],"predecessor-version":[{"id":17963,"href":"https:\/\/www.viaprinto.de\/blog\/wp-json\/wp\/v2\/posts\/15844\/revisions\/17963"}],"wp:featuredmedia":[{"embeddable":true,"href":"https:\/\/www.viaprinto.de\/blog\/wp-json\/wp\/v2\/media\/15787"}],"wp:attachment":[{"href":"https:\/\/www.viaprinto.de\/blog\/wp-json\/wp\/v2\/media?parent=15844"}],"wp:term":[{"taxonomy":"category","embeddable":true,"href":"https:\/\/www.viaprinto.de\/blog\/wp-json\/wp\/v2\/categories?post=15844"},{"taxonomy":"post_tag","embeddable":true,"href":"https:\/\/www.viaprinto.de\/blog\/wp-json\/wp\/v2\/tags?post=15844"}],"curies":[{"name":"wp","href":"https:\/\/api.w.org\/{rel}","templated":true}]}}