{"id":15297,"date":"2020-11-17T09:42:22","date_gmt":"2020-11-17T08:42:22","guid":{"rendered":"https:\/\/www.viaprinto.de\/blog\/?p=15297"},"modified":"2026-03-13T11:34:39","modified_gmt":"2026-03-13T10:34:39","slug":"last-minute","status":"publish","type":"post","link":"https:\/\/www.viaprinto.de\/blog\/last-minute\/","title":{"rendered":"Last (Minute) but not least"},"content":{"rendered":"\n<p> Ein ganzes Jahr lang pr\u00e4sent auf den Tischen, an den W\u00e4nden oder in der Geldb\u00f6rse Ihrer Kunden und Gesch\u00e4ftspartner: Kalender mit Ihrem Logo und Ihrem Corporate Design machen genau das m\u00f6glich. <\/p>\n\n\n\n<p>Auch wenn Sie Ihre individuell gestalteten Kalender nicht von langer Hand geplant haben, bietet Ihnen viaprinto auch jetzt noch eine gro\u00dfe Auswahl an, die sich hervorragend als Werbegeschenk oder kleine Aufmerksamkeit eignet. <br \/>Welche Varianten besonders gut ankommen, lesen Sie hier:<\/p>\n\n\n\n<div class=\"wp-block-media-text alignwide\"><figure class=\"wp-block-media-text__media\"><img decoding=\"async\" src=\"https:\/\/www.viaprinto.de\/blog\/wp-content\/uploads\/2020\/11\/wandkalender-mitte-@2x.jpg\" alt=\"\" class=\"wp-image-15325\"\/><\/figure><div class=\"wp-block-media-text__content\">\n<p style=\"font-size:31px\"><a href=\"https:\/\/www.viaprinto.de\/kalender\" target=\"_blank\" rel=\"noreferrer noopener\" aria-label=\"Wandkalender (\u00f6ffnet in neuem Tab)\">Wandkalender<\/a><\/p>\n<\/div><\/div>\n\n\n\n<p>Der Kalender mit der besten Aussicht: Auf bis zu 15 Seiten k\u00f6nnen Sie Ihrer Kreativit\u00e4t freien Lauf lassen. Gestalten Sie die Monate bunt \u2013 mit Graphiken, eindrucksvollen Bildern aus Ihrem Arbeitsalltag oder von Produkten, die Sie vertreiben. So sind Sie nicht nur pr\u00e4sent, sondern bieten dem Kunden zugleich noch eine Identifikationsm\u00f6glichkeit und k\u00f6nnen mit einer Logoplatzierung auf jeder Seite f\u00fcr die ideale Wiedererkennung sorgen.<\/p>\n\n\n\n<div class=\"wp-block-media-text alignwide has-media-on-the-right\"><figure class=\"wp-block-media-text__media\"><img decoding=\"async\" src=\"https:\/\/www.viaprinto.de\/blog\/wp-content\/uploads\/2020\/11\/jahresplaner-mw-content-2-@2x.jpg\" alt=\"\" class=\"wp-image-15327\"\/><\/figure><div class=\"wp-block-media-text__content\">\n<p style=\"font-size:31px\"><a href=\"https:\/\/www.viaprinto.de\/jahresplaner\" target=\"_blank\" rel=\"noreferrer noopener\" aria-label=\"Jahresplaner (\u00f6ffnet in neuem Tab)\">Jahresplaner<\/a><\/p>\n<\/div><\/div>\n\n\n\n<p>Die beste \u00dcbersicht haben Sie und Ihre Kunden mit dem Jahresplaner: lassen Sie auf der einen Seite das Kalendarium des neuen Jahres aufdrucken und nutzen Sie die andere Seite f\u00fcr Ihre Werbung. Was nicht hei\u00dft, dass mehr besser ist. Setzen Sie gekonnt Ihre Unternehmensfarben, Ihr Logo und Ihre Message ein, ohne die Gestaltung zu \u00fcberlasten.<br \/> Der Jahresplaner eignet sich bestens f\u00fcr gemeinsame Planungen im B\u00fcro oder f\u00fcr einen Kampagnen\u00fcberblick.<\/p>\n\n\n\n<div class=\"wp-block-media-text alignwide\"><figure class=\"wp-block-media-text__media\"><img decoding=\"async\" src=\"https:\/\/www.viaprinto.de\/blog\/wp-content\/uploads\/2020\/11\/taschenkalender-links-@2x.jpg\" alt=\"\" class=\"wp-image-15324\"\/><\/figure><div class=\"wp-block-media-text__content\">\n<p style=\"font-size:29px\"><a href=\"https:\/\/www.viaprinto.de\/taschenkalender\" target=\"_blank\" rel=\"noreferrer noopener\" aria-label=\"Taschenkalender (\u00f6ffnet in neuem Tab)\">Taschenkalender<\/a><\/p>\n<\/div><\/div>\n\n\n\n<p>Kompakt passt er in jede Geldb\u00f6rse. Seine Scheckkartengr\u00f6\u00dfe ist praktisch und erm\u00f6glicht \u00e4hnlich wie der Jahresplaner eine Kalender-\u00dcbersicht auf der einen Seite sowie eine werbliche Gestaltung auf der R\u00fcckseite. Ideal bspw. auch als Visitenkarte mit Mehrwert. <\/p>\n\n\n\n<div class=\"wp-block-media-text alignwide has-media-on-the-right\"><figure class=\"wp-block-media-text__media\"><img decoding=\"async\" src=\"https:\/\/www.viaprinto.de\/blog\/wp-content\/uploads\/2020\/11\/schreibtischunterlage-mitte-@2x.jpg\" alt=\"\" class=\"wp-image-15323\"\/><\/figure><div class=\"wp-block-media-text__content\">\n<p style=\"font-size:31px\"><a href=\"https:\/\/www.viaprinto.de\/schreibtischunterlagen\" target=\"_blank\" rel=\"noreferrer noopener\" aria-label=\"Schreibtisch-unterlagen (\u00f6ffnet in neuem Tab)\">Schreibtisch-unterlagen<\/a><\/p>\n<\/div><\/div>\n\n\n\n<p>F\u00fcr das kreative Notizenmanagement sind Schreibtischunterlagen unerl\u00e4sslich: Neben einem \u00fcbersichtlichen Kalendarium und dem unternehmenseigenen Design ist noch gen\u00fcgend Platz f\u00fcr eigene Notizen, Ideen, Anmerkungen oder einfach nur kleine Scribbles. Ein praktisches Giveaway mit viel Raum f\u00fcr Inspiration.<\/p>\n\n\n\n<p><strong>Das Beste kommt zum Schluss:<\/strong><\/p>\n\n\n\n<div class=\"wp-block-media-text alignwide\"><figure class=\"wp-block-media-text__media\"><img decoding=\"async\" src=\"https:\/\/www.viaprinto.de\/blog\/wp-content\/uploads\/2020\/11\/adventskalender-ferrero-links-@2x.jpg\" alt=\"\" class=\"wp-image-15326\"\/><\/figure><div class=\"wp-block-media-text__content\">\n<p style=\"font-size:29px\"><a href=\"https:\/\/www.viaprinto.de\/-\/?SERIES=advent-calendar-ferrero\" target=\"_blank\" rel=\"noreferrer noopener\" aria-label=\"Adventskalender Ferrero (\u00f6ffnet in neuem Tab)\">Adventskalender Ferrero<\/a><\/p>\n<\/div><\/div>\n\n\n\n<p>Geplante Vorfreude: Pralinenlieblinge von Ferrero auf 24 T\u00fcrchen verteilt, vom ersten bis zum vierundzwanzigsten Dezember ein wahrer Genuss. Wenn Sie noch rechtzeitig bestellen, k\u00f6nnen Sie Ihre Kunden noch p\u00fcnktlich damit \u00fcberraschen.<br \/> Gestalten Sie das eindrucksvolle Geschenk im weihnachtlichen Design \u2013 und lassen Sie Gesten f\u00fcr sich sprechen.<\/p>\n\n\n\n\n\n<p>P.S.: <a rel=\"noreferrer noopener\" aria-label=\"Kalendarien  (\u00f6ffnet in neuem Tab)\" href=\"https:\/\/www.viaprinto.de\/hilfe\/layout-downloads\/kalendarien\/index.html\" target=\"_blank\">Kalendarien <\/a>und <a rel=\"noreferrer noopener\" aria-label=\"Vorlagen  (\u00f6ffnet in neuem Tab)\" href=\"https:\/\/www.viaprinto.de\/hilfe\/layout-downloads\/produkt-layouts\/adventskalender.html\" target=\"_blank\">Vorlagen <\/a>finden Sie in unserem <a href=\"https:\/\/www.viaprinto.de\/hilfe\/index.html\" target=\"_blank\" rel=\"noreferrer noopener\" aria-label=\"Hilfe-Center (\u00f6ffnet in neuem Tab)\">Hilfe-Center<\/a>.<\/p>\n","protected":false},"excerpt":{"rendered":"<p>Ein ganzes Jahr pr\u00e4sent auf den Tischen, an den W\u00e4nden Ihrer Kunden und Gesch\u00e4ftspartner: Kalender mit Ihrem Corporate Design machen genau das m\u00f6glich &#8211;  im Digitaldruck noch schnell geliefert.<\/p>\n","protected":false},"author":8,"featured_media":15330,"comment_status":"open","ping_status":"closed","sticky":false,"template":"","format":"standard","meta":{"_acf_changed":false,"inline_featured_image":false,"footnotes":""},"categories":[7],"tags":[],"class_list":["post-15297","post","type-post","status-publish","format-standard","has-post-thumbnail","hentry","category-news"],"mb":[],"acf":[],"yoast_head":"<!-- This site is optimized with the Yoast SEO plugin v27.4 - https:\/\/yoast.com\/product\/yoast-seo-wordpress\/ -->\n<title>Last (Minute) but not least<\/title>\n<meta name=\"description\" content=\"Ein \u00dcberblick \u00fcber individuelle Kalender-Produkte bei viaprinto.\" \/>\n<meta name=\"robots\" content=\"index, follow, max-snippet:-1, max-image-preview:large, max-video-preview:-1\" \/>\n<link rel=\"canonical\" href=\"https:\/\/www.viaprinto.de\/blog\/last-minute\/\" \/>\n<meta property=\"og:locale\" content=\"de_DE\" \/>\n<meta property=\"og:type\" content=\"article\" \/>\n<meta property=\"og:title\" content=\"Last (Minute) but not least\" \/>\n<meta property=\"og:description\" content=\"Ein \u00dcberblick \u00fcber individuelle Kalender-Produkte bei viaprinto.\" \/>\n<meta property=\"og:url\" content=\"https:\/\/www.viaprinto.de\/blog\/last-minute\/\" \/>\n<meta property=\"og:site_name\" content=\"viaprinto Blog | Alles \u00fcber den Druck\" \/>\n<meta property=\"article:published_time\" content=\"2020-11-17T08:42:22+00:00\" \/>\n<meta property=\"article:modified_time\" content=\"2026-03-13T10:34:39+00:00\" \/>\n<meta property=\"og:image\" content=\"https:\/\/www.viaprinto.de\/blog\/wp-content\/uploads\/2020\/11\/blogheader-kalender-1690x642px-@2x-1.jpg\" \/>\n\t<meta property=\"og:image:width\" content=\"1690\" \/>\n\t<meta property=\"og:image:height\" content=\"642\" \/>\n\t<meta property=\"og:image:type\" content=\"image\/jpeg\" \/>\n<meta name=\"author\" content=\"Sarah Sassenhagen\" \/>\n<script type=\"application\/ld+json\" class=\"yoast-schema-graph\">{\"@context\":\"https:\\\/\\\/schema.org\",\"@graph\":[{\"@type\":\"Article\",\"@id\":\"https:\\\/\\\/www.viaprinto.de\\\/blog\\\/last-minute\\\/#article\",\"isPartOf\":{\"@id\":\"https:\\\/\\\/www.viaprinto.de\\\/blog\\\/last-minute\\\/\"},\"author\":{\"name\":\"Sarah Sassenhagen\",\"@id\":\"https:\\\/\\\/www.viaprinto.de\\\/blog\\\/#\\\/schema\\\/person\\\/1aa19d31063bc939317c758ceb8b7c16\"},\"headline\":\"Last (Minute) but not least\",\"datePublished\":\"2020-11-17T08:42:22+00:00\",\"dateModified\":\"2026-03-13T10:34:39+00:00\",\"mainEntityOfPage\":{\"@id\":\"https:\\\/\\\/www.viaprinto.de\\\/blog\\\/last-minute\\\/\"},\"wordCount\":378,\"commentCount\":0,\"publisher\":{\"@id\":\"https:\\\/\\\/www.viaprinto.de\\\/blog\\\/#organization\"},\"image\":{\"@id\":\"https:\\\/\\\/www.viaprinto.de\\\/blog\\\/last-minute\\\/#primaryimage\"},\"thumbnailUrl\":\"https:\\\/\\\/www.viaprinto.de\\\/blog\\\/wp-content\\\/uploads\\\/2020\\\/11\\\/blogheader-kalender-1690x642px-@2x-1.jpg\",\"articleSection\":[\"News\"],\"inLanguage\":\"de\",\"potentialAction\":[{\"@type\":\"CommentAction\",\"name\":\"Comment\",\"target\":[\"https:\\\/\\\/www.viaprinto.de\\\/blog\\\/last-minute\\\/#respond\"]}]},{\"@type\":\"WebPage\",\"@id\":\"https:\\\/\\\/www.viaprinto.de\\\/blog\\\/last-minute\\\/\",\"url\":\"https:\\\/\\\/www.viaprinto.de\\\/blog\\\/last-minute\\\/\",\"name\":\"Last (Minute) but not least\",\"isPartOf\":{\"@id\":\"https:\\\/\\\/www.viaprinto.de\\\/blog\\\/#website\"},\"primaryImageOfPage\":{\"@id\":\"https:\\\/\\\/www.viaprinto.de\\\/blog\\\/last-minute\\\/#primaryimage\"},\"image\":{\"@id\":\"https:\\\/\\\/www.viaprinto.de\\\/blog\\\/last-minute\\\/#primaryimage\"},\"thumbnailUrl\":\"https:\\\/\\\/www.viaprinto.de\\\/blog\\\/wp-content\\\/uploads\\\/2020\\\/11\\\/blogheader-kalender-1690x642px-@2x-1.jpg\",\"description\":\"Ein \u00dcberblick \u00fcber individuelle Kalender-Produkte bei viaprinto.\",\"breadcrumb\":{\"@id\":\"https:\\\/\\\/www.viaprinto.de\\\/blog\\\/last-minute\\\/#breadcrumb\"},\"inLanguage\":\"de\",\"potentialAction\":[{\"@type\":\"ReadAction\",\"target\":[\"https:\\\/\\\/www.viaprinto.de\\\/blog\\\/last-minute\\\/\"]}]},{\"@type\":\"ImageObject\",\"inLanguage\":\"de\",\"@id\":\"https:\\\/\\\/www.viaprinto.de\\\/blog\\\/last-minute\\\/#primaryimage\",\"url\":\"https:\\\/\\\/www.viaprinto.de\\\/blog\\\/wp-content\\\/uploads\\\/2020\\\/11\\\/blogheader-kalender-1690x642px-@2x-1.jpg\",\"contentUrl\":\"https:\\\/\\\/www.viaprinto.de\\\/blog\\\/wp-content\\\/uploads\\\/2020\\\/11\\\/blogheader-kalender-1690x642px-@2x-1.jpg\",\"width\":1690,\"height\":642},{\"@type\":\"BreadcrumbList\",\"@id\":\"https:\\\/\\\/www.viaprinto.de\\\/blog\\\/last-minute\\\/#breadcrumb\",\"itemListElement\":[{\"@type\":\"ListItem\",\"position\":1,\"name\":\"Startseite\",\"item\":\"https:\\\/\\\/www.viaprinto.de\\\/blog\\\/\"},{\"@type\":\"ListItem\",\"position\":2,\"name\":\"Last (Minute) but not least\"}]},{\"@type\":\"WebSite\",\"@id\":\"https:\\\/\\\/www.viaprinto.de\\\/blog\\\/#website\",\"url\":\"https:\\\/\\\/www.viaprinto.de\\\/blog\\\/\",\"name\":\"viaprinto Blog | Alles \u00fcber den Druck\",\"description\":\"\",\"publisher\":{\"@id\":\"https:\\\/\\\/www.viaprinto.de\\\/blog\\\/#organization\"},\"potentialAction\":[{\"@type\":\"SearchAction\",\"target\":{\"@type\":\"EntryPoint\",\"urlTemplate\":\"https:\\\/\\\/www.viaprinto.de\\\/blog\\\/?s={search_term_string}\"},\"query-input\":{\"@type\":\"PropertyValueSpecification\",\"valueRequired\":true,\"valueName\":\"search_term_string\"}}],\"inLanguage\":\"de\"},{\"@type\":\"Organization\",\"@id\":\"https:\\\/\\\/www.viaprinto.de\\\/blog\\\/#organization\",\"name\":\"viaprinto\",\"url\":\"https:\\\/\\\/www.viaprinto.de\\\/blog\\\/\",\"logo\":{\"@type\":\"ImageObject\",\"inLanguage\":\"de\",\"@id\":\"https:\\\/\\\/www.viaprinto.de\\\/blog\\\/#\\\/schema\\\/logo\\\/image\\\/\",\"url\":\"https:\\\/\\\/www.viaprinto.de\\\/blog\\\/wp-content\\\/uploads\\\/2022\\\/12\\\/viaprinto-blog-logo.svg\",\"contentUrl\":\"https:\\\/\\\/www.viaprinto.de\\\/blog\\\/wp-content\\\/uploads\\\/2022\\\/12\\\/viaprinto-blog-logo.svg\",\"caption\":\"viaprinto\"},\"image\":{\"@id\":\"https:\\\/\\\/www.viaprinto.de\\\/blog\\\/#\\\/schema\\\/logo\\\/image\\\/\"},\"sameAs\":[\"https:\\\/\\\/www.linkedin.com\\\/company\\\/viaprinto\"]},{\"@type\":\"Person\",\"@id\":\"https:\\\/\\\/www.viaprinto.de\\\/blog\\\/#\\\/schema\\\/person\\\/1aa19d31063bc939317c758ceb8b7c16\",\"name\":\"Sarah Sassenhagen\",\"url\":\"https:\\\/\\\/www.viaprinto.de\\\/blog\\\/author\\\/sarah-sassenhagenviaprinto-de\\\/\"}]}<\/script>\n<!-- \/ Yoast SEO plugin. -->","yoast_head_json":{"title":"Last (Minute) but not least","description":"Ein \u00dcberblick \u00fcber individuelle Kalender-Produkte bei viaprinto.","robots":{"index":"index","follow":"follow","max-snippet":"max-snippet:-1","max-image-preview":"max-image-preview:large","max-video-preview":"max-video-preview:-1"},"canonical":"https:\/\/www.viaprinto.de\/blog\/last-minute\/","og_locale":"de_DE","og_type":"article","og_title":"Last (Minute) but not least","og_description":"Ein \u00dcberblick \u00fcber individuelle Kalender-Produkte bei viaprinto.","og_url":"https:\/\/www.viaprinto.de\/blog\/last-minute\/","og_site_name":"viaprinto Blog | Alles \u00fcber den Druck","article_published_time":"2020-11-17T08:42:22+00:00","article_modified_time":"2026-03-13T10:34:39+00:00","og_image":[{"width":1690,"height":642,"url":"https:\/\/www.viaprinto.de\/blog\/wp-content\/uploads\/2020\/11\/blogheader-kalender-1690x642px-@2x-1.jpg","type":"image\/jpeg"}],"author":"Sarah Sassenhagen","schema":{"@context":"https:\/\/schema.org","@graph":[{"@type":"Article","@id":"https:\/\/www.viaprinto.de\/blog\/last-minute\/#article","isPartOf":{"@id":"https:\/\/www.viaprinto.de\/blog\/last-minute\/"},"author":{"name":"Sarah Sassenhagen","@id":"https:\/\/www.viaprinto.de\/blog\/#\/schema\/person\/1aa19d31063bc939317c758ceb8b7c16"},"headline":"Last (Minute) but not least","datePublished":"2020-11-17T08:42:22+00:00","dateModified":"2026-03-13T10:34:39+00:00","mainEntityOfPage":{"@id":"https:\/\/www.viaprinto.de\/blog\/last-minute\/"},"wordCount":378,"commentCount":0,"publisher":{"@id":"https:\/\/www.viaprinto.de\/blog\/#organization"},"image":{"@id":"https:\/\/www.viaprinto.de\/blog\/last-minute\/#primaryimage"},"thumbnailUrl":"https:\/\/www.viaprinto.de\/blog\/wp-content\/uploads\/2020\/11\/blogheader-kalender-1690x642px-@2x-1.jpg","articleSection":["News"],"inLanguage":"de","potentialAction":[{"@type":"CommentAction","name":"Comment","target":["https:\/\/www.viaprinto.de\/blog\/last-minute\/#respond"]}]},{"@type":"WebPage","@id":"https:\/\/www.viaprinto.de\/blog\/last-minute\/","url":"https:\/\/www.viaprinto.de\/blog\/last-minute\/","name":"Last (Minute) but not least","isPartOf":{"@id":"https:\/\/www.viaprinto.de\/blog\/#website"},"primaryImageOfPage":{"@id":"https:\/\/www.viaprinto.de\/blog\/last-minute\/#primaryimage"},"image":{"@id":"https:\/\/www.viaprinto.de\/blog\/last-minute\/#primaryimage"},"thumbnailUrl":"https:\/\/www.viaprinto.de\/blog\/wp-content\/uploads\/2020\/11\/blogheader-kalender-1690x642px-@2x-1.jpg","description":"Ein \u00dcberblick \u00fcber individuelle Kalender-Produkte bei viaprinto.","breadcrumb":{"@id":"https:\/\/www.viaprinto.de\/blog\/last-minute\/#breadcrumb"},"inLanguage":"de","potentialAction":[{"@type":"ReadAction","target":["https:\/\/www.viaprinto.de\/blog\/last-minute\/"]}]},{"@type":"ImageObject","inLanguage":"de","@id":"https:\/\/www.viaprinto.de\/blog\/last-minute\/#primaryimage","url":"https:\/\/www.viaprinto.de\/blog\/wp-content\/uploads\/2020\/11\/blogheader-kalender-1690x642px-@2x-1.jpg","contentUrl":"https:\/\/www.viaprinto.de\/blog\/wp-content\/uploads\/2020\/11\/blogheader-kalender-1690x642px-@2x-1.jpg","width":1690,"height":642},{"@type":"BreadcrumbList","@id":"https:\/\/www.viaprinto.de\/blog\/last-minute\/#breadcrumb","itemListElement":[{"@type":"ListItem","position":1,"name":"Startseite","item":"https:\/\/www.viaprinto.de\/blog\/"},{"@type":"ListItem","position":2,"name":"Last (Minute) but not least"}]},{"@type":"WebSite","@id":"https:\/\/www.viaprinto.de\/blog\/#website","url":"https:\/\/www.viaprinto.de\/blog\/","name":"viaprinto Blog | Alles \u00fcber den Druck","description":"","publisher":{"@id":"https:\/\/www.viaprinto.de\/blog\/#organization"},"potentialAction":[{"@type":"SearchAction","target":{"@type":"EntryPoint","urlTemplate":"https:\/\/www.viaprinto.de\/blog\/?s={search_term_string}"},"query-input":{"@type":"PropertyValueSpecification","valueRequired":true,"valueName":"search_term_string"}}],"inLanguage":"de"},{"@type":"Organization","@id":"https:\/\/www.viaprinto.de\/blog\/#organization","name":"viaprinto","url":"https:\/\/www.viaprinto.de\/blog\/","logo":{"@type":"ImageObject","inLanguage":"de","@id":"https:\/\/www.viaprinto.de\/blog\/#\/schema\/logo\/image\/","url":"https:\/\/www.viaprinto.de\/blog\/wp-content\/uploads\/2022\/12\/viaprinto-blog-logo.svg","contentUrl":"https:\/\/www.viaprinto.de\/blog\/wp-content\/uploads\/2022\/12\/viaprinto-blog-logo.svg","caption":"viaprinto"},"image":{"@id":"https:\/\/www.viaprinto.de\/blog\/#\/schema\/logo\/image\/"},"sameAs":["https:\/\/www.linkedin.com\/company\/viaprinto"]},{"@type":"Person","@id":"https:\/\/www.viaprinto.de\/blog\/#\/schema\/person\/1aa19d31063bc939317c758ceb8b7c16","name":"Sarah Sassenhagen","url":"https:\/\/www.viaprinto.de\/blog\/author\/sarah-sassenhagenviaprinto-de\/"}]}},"mfb_rest_fields":["title","yoast_head","yoast_head_json"],"_links":{"self":[{"href":"https:\/\/www.viaprinto.de\/blog\/wp-json\/wp\/v2\/posts\/15297","targetHints":{"allow":["GET"]}}],"collection":[{"href":"https:\/\/www.viaprinto.de\/blog\/wp-json\/wp\/v2\/posts"}],"about":[{"href":"https:\/\/www.viaprinto.de\/blog\/wp-json\/wp\/v2\/types\/post"}],"author":[{"embeddable":true,"href":"https:\/\/www.viaprinto.de\/blog\/wp-json\/wp\/v2\/users\/8"}],"replies":[{"embeddable":true,"href":"https:\/\/www.viaprinto.de\/blog\/wp-json\/wp\/v2\/comments?post=15297"}],"version-history":[{"count":1,"href":"https:\/\/www.viaprinto.de\/blog\/wp-json\/wp\/v2\/posts\/15297\/revisions"}],"predecessor-version":[{"id":20108,"href":"https:\/\/www.viaprinto.de\/blog\/wp-json\/wp\/v2\/posts\/15297\/revisions\/20108"}],"wp:featuredmedia":[{"embeddable":true,"href":"https:\/\/www.viaprinto.de\/blog\/wp-json\/wp\/v2\/media\/15330"}],"wp:attachment":[{"href":"https:\/\/www.viaprinto.de\/blog\/wp-json\/wp\/v2\/media?parent=15297"}],"wp:term":[{"taxonomy":"category","embeddable":true,"href":"https:\/\/www.viaprinto.de\/blog\/wp-json\/wp\/v2\/categories?post=15297"},{"taxonomy":"post_tag","embeddable":true,"href":"https:\/\/www.viaprinto.de\/blog\/wp-json\/wp\/v2\/tags?post=15297"}],"curies":[{"name":"wp","href":"https:\/\/api.w.org\/{rel}","templated":true}]}}