{"id":15105,"date":"2020-09-16T08:23:49","date_gmt":"2020-09-16T06:23:49","guid":{"rendered":"https:\/\/www.viaprinto.de\/blog\/?p=15105"},"modified":"2026-03-19T13:49:24","modified_gmt":"2026-03-19T12:49:24","slug":"unsere-tischkalender","status":"publish","type":"post","link":"https:\/\/www.viaprinto.de\/blog\/unsere-tischkalender\/","title":{"rendered":"Auf die Tische, fertig, los"},"content":{"rendered":"\n<p>Viel mehr als einfach nur Kalender sind unsere <a rel=\"noreferrer noopener\" aria-label=\"Kalender f\u00fcr den Tisch (\u00f6ffnet in neuem Tab)\" href=\"https:\/\/www.viaprinto.de\/kalender-vielfalt\" target=\"_blank\">Kalender f\u00fcr den Tisch<\/a> (oder andere Unterlagen). Sie veredeln jeden noch so chaotischen Schreibtisch und bieten Ordnung und Sicherheit mit einem Blick. Verbl\u00fcffend, wie selbst ordnungsunbegabte Menschen mit diesen Hilfsmitteln neue Dimensionen der Termintreue erreichen. <\/p>\n\n\n\n<p>Erfahren Sie mehr \u00fcber unsere Kalenderkollektion, die einfach zu jedem stilvollen Schreibtisch geh\u00f6rt: <\/p>\n\n\n\n\n\n<div class=\"wp-block-media-text alignwide\"><figure class=\"wp-block-media-text__media\"><img decoding=\"async\" src=\"https:\/\/www.viaprinto.de\/blog\/wp-content\/uploads\/2020\/09\/terminkalender-mitte-@2x.jpg\" alt=\"\" class=\"wp-image-15137\"\/><\/figure><div class=\"wp-block-media-text__content\">\n<p style=\"font-size:31px\">Terminkalender<\/p>\n<\/div><\/div>\n\n\n\n<p>Dezent, weil man ihn einfach zuklappen kann, und voll\nbeladen mit Geschichten hinter jedem hineingekritzelten Termin, kommt dieses\nSchreibtisch-Accessoire daher. Als Speicher der Verg\u00e4nglichkeit und\nHoffnungstr\u00e4ger in Einem liegt dieser stumme Diener flach und im Querformat\nauf. <\/p>\n\n\n\n<p>Zugeklappt bietet das Deckblatt im Format 304 x 105 mm und\nauf hochwertigem 350 g Postkartenpapier Platz f\u00fcr moderne Designs, witzige\nIllustrationen und nat\u00fcrlich Werbung. &nbsp;Die R\u00fcckenpappe ist etwas l\u00e4nger\n(304 x 135 mm), so dass ein schmaler Streifen von drei Zentimetern hervorschaut\nund das Deckblatt zugeklappt optisch verl\u00e4ngern kann. Ein dauerhaft sichtbares\nLogo w\u00fcrde sich hier wohl f\u00fchlen. <\/p>\n\n\n\n<div class=\"wp-block-button aligncenter is-style-outline is-style-outline--1\"><a class=\"wp-block-button__link has-text-color has-luminous-vivid-orange-color\" href=\"https:\/\/www.viaprinto.de\/terminkalender\">Terminkalender shoppen<\/a><\/div>\n\n\n\n<hr class=\"wp-block-separator\"\/>\n\n\n\n\n\n<div class=\"wp-block-media-text alignwide has-media-on-the-right\"><figure class=\"wp-block-media-text__media\"><img decoding=\"async\" src=\"https:\/\/www.viaprinto.de\/blog\/wp-content\/uploads\/2020\/07\/tischkalender-motiv-mitte-@2x.jpg\" alt=\"\" class=\"wp-image-14906\"\/><\/figure><div class=\"wp-block-media-text__content\">\n<p style=\"font-size:31px\">Tischkalender Motiv<\/p>\n<\/div><\/div>\n\n\n\n<p>Wem die Terminplanung weniger wichtig ist, als sch\u00f6ne Motive aus Landschaften oder raffinierter Architektur, dem sei unser <em>Tischkalender Motiv<\/em> ans Herz gelegt. Im Handumdrehen macht er jeden Schreibtisch, jedes B\u00fcro-Board zur Ausstellungsfl\u00e4che Dank seines gro\u00dfen Platzes f\u00fcr Fotos. Der Aufsteller bei unseren Tischkalendern Motiv sorgt f\u00fcr stabilen Halt, die Twin Loop Wire-O-Bindung f\u00fcr die n\u00f6tige Flexibilit\u00e4t beim Umbl\u00e4ttern. <\/p>\n\n\n\n<div class=\"wp-block-button aligncenter is-style-outline is-style-outline--2\"><a class=\"wp-block-button__link has-text-color has-luminous-vivid-orange-color\" href=\"https:\/\/www.viaprinto.de\/tischkalender\">Tischkalender Motiv shoppen<\/a><\/div>\n\n\n\n<hr class=\"wp-block-separator\"\/>\n\n\n\n\n\n<div class=\"wp-block-media-text alignwide\"><figure class=\"wp-block-media-text__media\"><img decoding=\"async\" src=\"https:\/\/www.viaprinto.de\/blog\/wp-content\/uploads\/2018\/05\/tischkalender_mini_mw_content_1_x2.jpg\" alt=\"\" class=\"wp-image-11865\"\/><\/figure><div class=\"wp-block-media-text__content\">\n<p style=\"font-size:31px\">Tischkalender Mini<\/p>\n<\/div><\/div>\n\n\n\n<p>Der drei Monate zeigende <em>Tischkalender Mini<\/em> \u00e4hnelt auf dem ersten Blick dem gro\u00dfen Bruder f\u00fcr die Wand. Aber wie bei Geschwistern \u00fcblich, sind die Unterschiede gravierend. Die raffinierte Falttechnik gibt dem Tischkalender Mini aus Postkartenpapier auf jeder Unterlage einen festen Stand. Der farbige Druck erfolgt auf beiden Seiten. Kopf- und Fu\u00dfteil sind auf der Vorderseite offen f\u00fcr Ihre Druckideen, die R\u00fcckseite komplett. <\/p>\n\n\n\n<div class=\"wp-block-button aligncenter is-style-outline is-style-outline--3\"><a class=\"wp-block-button__link has-text-color has-luminous-vivid-orange-color\" href=\"https:\/\/www.viaprinto.de\/tischkalender\">Tischkalender Mini shoppen<\/a><\/div>\n\n\n\n<hr class=\"wp-block-separator\"\/>\n\n\n\n\n\n<div class=\"wp-block-media-text alignwide has-media-on-the-right\"><figure class=\"wp-block-media-text__media\"><img decoding=\"async\" src=\"https:\/\/www.viaprinto.de\/blog\/wp-content\/uploads\/2019\/05\/tischkalender-metall-mw-content-5-@2x.jpg\" alt=\"\" class=\"wp-image-13611\"\/><\/figure><div class=\"wp-block-media-text__content\">\n<p style=\"font-size:31px\">Tischkalender Metall<\/p>\n<\/div><\/div>\n\n\n\n<p>Genauso zuverl\u00e4ssig und diszipliniert ist unser <em>Tischkalender Metall<\/em>. Er ist ein wahrer Hingucker auf jedem Tisch \u2013 ob in Farbe oder als Edelstahlvariante. Er eignet sich hervorragend, um eine Werbebotschaft dauerhaft zu transportieren oder das Logo des eigenen Unternehmens stets bei Kunden und Gesch\u00e4ftspartnern pr\u00e4sent zu haben. Gefertigt ist diese Kalendervariante entweder aus pulverbeschichtetem Feinblech in diversen Farben oder geb\u00fcrstetem Edelstahl. Der Kalendarienblock hat einen magnetischen R\u00fccken und haftet fest am metallenen Untergrund.  <\/p>\n\n\n\n<div class=\"wp-block-button aligncenter is-style-outline is-style-outline--4\"><a class=\"wp-block-button__link has-text-color has-luminous-vivid-orange-color\" href=\"https:\/\/www.viaprinto.de\/tischkalender\">Tischkalender Metall shoppen<\/a><\/div>\n\n\n\n<hr class=\"wp-block-separator\"\/>\n\n\n\n<div class=\"wp-block-media-text alignwide\"><figure class=\"wp-block-media-text__media\"><img decoding=\"async\" src=\"https:\/\/www.viaprinto.de\/blog\/wp-content\/uploads\/2020\/09\/schreibtischunterlage-mitte-@2x.jpg\" alt=\"\" class=\"wp-image-15136\"\/><\/figure><div class=\"wp-block-media-text__content\">\n<p style=\"font-size:31px\">Schreibtisch-unterlage <\/p>\n<\/div><\/div>\n\n\n\n\n\n<p>Auf diesen Unterlagen werden Grundlagen geschaffen, gro\u00dfe Entw\u00fcrfe aufs Blatt gebracht, oder einfach gedankenverloren gekritzelt. Die Bl\u00e4tter unserer <em>Schreibtischunterlagen <\/em>k\u00f6nnen wahlweise am oberen, am unteren oder an beiden R\u00e4ndern verleimt werden \u2013 wie Sie w\u00fcnschen. Als unverzichtbarer Helfer im B\u00fcro oder spontaner Infoarchivar kommt er in den Formaten DIN A2 oder A3 daher. <\/p>\n\n\n\n<div class=\"wp-block-button aligncenter is-style-outline is-style-outline--5\"><a class=\"wp-block-button__link has-text-color has-luminous-vivid-orange-color\" href=\"https:\/\/www.viaprinto.de\/schreibtischunterlagen\">Schreibtischunterlagen shoppen<\/a><\/div>\n","protected":false},"excerpt":{"rendered":"<p>Verbl\u00fcffend, wie selbst ordnungsunbegabte Menschen mit diesen Hilfsmitteln neue Dimensionen der Termintreue erreichen. Erfahren Sie mehr \u00fcber unsere Kalenderkollektion, die einfach zu jedem stilvollen Schreibtisch geh\u00f6rt.<\/p>\n","protected":false},"author":7,"featured_media":15135,"comment_status":"open","ping_status":"closed","sticky":false,"template":"","format":"standard","meta":{"_acf_changed":false,"inline_featured_image":false,"footnotes":""},"categories":[8],"tags":[],"class_list":["post-15105","post","type-post","status-publish","format-standard","has-post-thumbnail","hentry","category-produkte"],"mb":[],"acf":[],"yoast_head":"<!-- This site is optimized with the Yoast SEO plugin v27.4 - https:\/\/yoast.com\/product\/yoast-seo-wordpress\/ -->\n<title>Stilvoller Arbeitsplatz | viaprinto Blog<\/title>\n<meta name=\"description\" content=\"Auf die Tische, fertig, los \u25ba Viel mehr als einfach nur Kalender sind unsere Kalender f\u00fcr den Tisch. | Erfahren Sie mehr...\" \/>\n<meta name=\"robots\" content=\"index, follow, max-snippet:-1, max-image-preview:large, max-video-preview:-1\" \/>\n<link rel=\"canonical\" href=\"https:\/\/www.viaprinto.de\/blog\/unsere-tischkalender\/\" \/>\n<meta property=\"og:locale\" content=\"de_DE\" \/>\n<meta property=\"og:type\" content=\"article\" \/>\n<meta property=\"og:title\" content=\"Stilvoller Arbeitsplatz | viaprinto Blog\" \/>\n<meta property=\"og:description\" content=\"Auf die Tische, fertig, los \u25ba Viel mehr als einfach nur Kalender sind unsere Kalender f\u00fcr den Tisch. | Erfahren Sie mehr...\" \/>\n<meta property=\"og:url\" content=\"https:\/\/www.viaprinto.de\/blog\/unsere-tischkalender\/\" \/>\n<meta property=\"og:site_name\" content=\"viaprinto Blog | Alles \u00fcber den Druck\" \/>\n<meta property=\"article:published_time\" content=\"2020-09-16T06:23:49+00:00\" \/>\n<meta property=\"article:modified_time\" content=\"2026-03-19T12:49:24+00:00\" \/>\n<meta property=\"og:image\" content=\"https:\/\/www.viaprinto.de\/blog\/wp-content\/uploads\/2020\/09\/blogheader-tischkalender-1690x642px-@2x-1.jpg\" \/>\n\t<meta property=\"og:image:width\" content=\"1690\" \/>\n\t<meta property=\"og:image:height\" content=\"642\" \/>\n\t<meta property=\"og:image:type\" content=\"image\/jpeg\" \/>\n<meta name=\"author\" content=\"Isabel J\u00f6dicke\" \/>\n<script type=\"application\/ld+json\" class=\"yoast-schema-graph\">{\"@context\":\"https:\\\/\\\/schema.org\",\"@graph\":[{\"@type\":\"Article\",\"@id\":\"https:\\\/\\\/www.viaprinto.de\\\/blog\\\/unsere-tischkalender\\\/#article\",\"isPartOf\":{\"@id\":\"https:\\\/\\\/www.viaprinto.de\\\/blog\\\/unsere-tischkalender\\\/\"},\"author\":{\"name\":\"Isabel J\u00f6dicke\",\"@id\":\"https:\\\/\\\/www.viaprinto.de\\\/blog\\\/#\\\/schema\\\/person\\\/3c99507c1660c1f0bef1f76812fb55d9\"},\"headline\":\"Auf die Tische, fertig, los\",\"datePublished\":\"2020-09-16T06:23:49+00:00\",\"dateModified\":\"2026-03-19T12:49:24+00:00\",\"mainEntityOfPage\":{\"@id\":\"https:\\\/\\\/www.viaprinto.de\\\/blog\\\/unsere-tischkalender\\\/\"},\"wordCount\":457,\"commentCount\":0,\"publisher\":{\"@id\":\"https:\\\/\\\/www.viaprinto.de\\\/blog\\\/#organization\"},\"image\":{\"@id\":\"https:\\\/\\\/www.viaprinto.de\\\/blog\\\/unsere-tischkalender\\\/#primaryimage\"},\"thumbnailUrl\":\"https:\\\/\\\/www.viaprinto.de\\\/blog\\\/wp-content\\\/uploads\\\/2020\\\/09\\\/blogheader-tischkalender-1690x642px-@2x-1.jpg\",\"articleSection\":[\"Produkte\"],\"inLanguage\":\"de\",\"potentialAction\":[{\"@type\":\"CommentAction\",\"name\":\"Comment\",\"target\":[\"https:\\\/\\\/www.viaprinto.de\\\/blog\\\/unsere-tischkalender\\\/#respond\"]}]},{\"@type\":\"WebPage\",\"@id\":\"https:\\\/\\\/www.viaprinto.de\\\/blog\\\/unsere-tischkalender\\\/\",\"url\":\"https:\\\/\\\/www.viaprinto.de\\\/blog\\\/unsere-tischkalender\\\/\",\"name\":\"Stilvoller Arbeitsplatz | viaprinto Blog\",\"isPartOf\":{\"@id\":\"https:\\\/\\\/www.viaprinto.de\\\/blog\\\/#website\"},\"primaryImageOfPage\":{\"@id\":\"https:\\\/\\\/www.viaprinto.de\\\/blog\\\/unsere-tischkalender\\\/#primaryimage\"},\"image\":{\"@id\":\"https:\\\/\\\/www.viaprinto.de\\\/blog\\\/unsere-tischkalender\\\/#primaryimage\"},\"thumbnailUrl\":\"https:\\\/\\\/www.viaprinto.de\\\/blog\\\/wp-content\\\/uploads\\\/2020\\\/09\\\/blogheader-tischkalender-1690x642px-@2x-1.jpg\",\"description\":\"Auf die Tische, fertig, los \u25ba Viel mehr als einfach nur Kalender sind unsere Kalender f\u00fcr den Tisch. | Erfahren Sie mehr...\",\"breadcrumb\":{\"@id\":\"https:\\\/\\\/www.viaprinto.de\\\/blog\\\/unsere-tischkalender\\\/#breadcrumb\"},\"inLanguage\":\"de\",\"potentialAction\":[{\"@type\":\"ReadAction\",\"target\":[\"https:\\\/\\\/www.viaprinto.de\\\/blog\\\/unsere-tischkalender\\\/\"]}]},{\"@type\":\"ImageObject\",\"inLanguage\":\"de\",\"@id\":\"https:\\\/\\\/www.viaprinto.de\\\/blog\\\/unsere-tischkalender\\\/#primaryimage\",\"url\":\"https:\\\/\\\/www.viaprinto.de\\\/blog\\\/wp-content\\\/uploads\\\/2020\\\/09\\\/blogheader-tischkalender-1690x642px-@2x-1.jpg\",\"contentUrl\":\"https:\\\/\\\/www.viaprinto.de\\\/blog\\\/wp-content\\\/uploads\\\/2020\\\/09\\\/blogheader-tischkalender-1690x642px-@2x-1.jpg\",\"width\":1690,\"height\":642},{\"@type\":\"BreadcrumbList\",\"@id\":\"https:\\\/\\\/www.viaprinto.de\\\/blog\\\/unsere-tischkalender\\\/#breadcrumb\",\"itemListElement\":[{\"@type\":\"ListItem\",\"position\":1,\"name\":\"Startseite\",\"item\":\"https:\\\/\\\/www.viaprinto.de\\\/blog\\\/\"},{\"@type\":\"ListItem\",\"position\":2,\"name\":\"Auf die Tische, fertig, los\"}]},{\"@type\":\"WebSite\",\"@id\":\"https:\\\/\\\/www.viaprinto.de\\\/blog\\\/#website\",\"url\":\"https:\\\/\\\/www.viaprinto.de\\\/blog\\\/\",\"name\":\"viaprinto Blog | Alles \u00fcber den Druck\",\"description\":\"\",\"publisher\":{\"@id\":\"https:\\\/\\\/www.viaprinto.de\\\/blog\\\/#organization\"},\"potentialAction\":[{\"@type\":\"SearchAction\",\"target\":{\"@type\":\"EntryPoint\",\"urlTemplate\":\"https:\\\/\\\/www.viaprinto.de\\\/blog\\\/?s={search_term_string}\"},\"query-input\":{\"@type\":\"PropertyValueSpecification\",\"valueRequired\":true,\"valueName\":\"search_term_string\"}}],\"inLanguage\":\"de\"},{\"@type\":\"Organization\",\"@id\":\"https:\\\/\\\/www.viaprinto.de\\\/blog\\\/#organization\",\"name\":\"viaprinto\",\"url\":\"https:\\\/\\\/www.viaprinto.de\\\/blog\\\/\",\"logo\":{\"@type\":\"ImageObject\",\"inLanguage\":\"de\",\"@id\":\"https:\\\/\\\/www.viaprinto.de\\\/blog\\\/#\\\/schema\\\/logo\\\/image\\\/\",\"url\":\"https:\\\/\\\/www.viaprinto.de\\\/blog\\\/wp-content\\\/uploads\\\/2022\\\/12\\\/viaprinto-blog-logo.svg\",\"contentUrl\":\"https:\\\/\\\/www.viaprinto.de\\\/blog\\\/wp-content\\\/uploads\\\/2022\\\/12\\\/viaprinto-blog-logo.svg\",\"caption\":\"viaprinto\"},\"image\":{\"@id\":\"https:\\\/\\\/www.viaprinto.de\\\/blog\\\/#\\\/schema\\\/logo\\\/image\\\/\"},\"sameAs\":[\"https:\\\/\\\/www.linkedin.com\\\/company\\\/viaprinto\"]},{\"@type\":\"Person\",\"@id\":\"https:\\\/\\\/www.viaprinto.de\\\/blog\\\/#\\\/schema\\\/person\\\/3c99507c1660c1f0bef1f76812fb55d9\",\"name\":\"Isabel J\u00f6dicke\",\"url\":\"https:\\\/\\\/www.viaprinto.de\\\/blog\\\/author\\\/isabel-joedickeviaprinto-de\\\/\"}]}<\/script>\n<!-- \/ Yoast SEO plugin. -->","yoast_head_json":{"title":"Stilvoller Arbeitsplatz | viaprinto Blog","description":"Auf die Tische, fertig, los \u25ba Viel mehr als einfach nur Kalender sind unsere Kalender f\u00fcr den Tisch. | Erfahren Sie mehr...","robots":{"index":"index","follow":"follow","max-snippet":"max-snippet:-1","max-image-preview":"max-image-preview:large","max-video-preview":"max-video-preview:-1"},"canonical":"https:\/\/www.viaprinto.de\/blog\/unsere-tischkalender\/","og_locale":"de_DE","og_type":"article","og_title":"Stilvoller Arbeitsplatz | viaprinto Blog","og_description":"Auf die Tische, fertig, los \u25ba Viel mehr als einfach nur Kalender sind unsere Kalender f\u00fcr den Tisch. | Erfahren Sie mehr...","og_url":"https:\/\/www.viaprinto.de\/blog\/unsere-tischkalender\/","og_site_name":"viaprinto Blog | Alles \u00fcber den Druck","article_published_time":"2020-09-16T06:23:49+00:00","article_modified_time":"2026-03-19T12:49:24+00:00","og_image":[{"width":1690,"height":642,"url":"https:\/\/www.viaprinto.de\/blog\/wp-content\/uploads\/2020\/09\/blogheader-tischkalender-1690x642px-@2x-1.jpg","type":"image\/jpeg"}],"author":"Isabel J\u00f6dicke","schema":{"@context":"https:\/\/schema.org","@graph":[{"@type":"Article","@id":"https:\/\/www.viaprinto.de\/blog\/unsere-tischkalender\/#article","isPartOf":{"@id":"https:\/\/www.viaprinto.de\/blog\/unsere-tischkalender\/"},"author":{"name":"Isabel J\u00f6dicke","@id":"https:\/\/www.viaprinto.de\/blog\/#\/schema\/person\/3c99507c1660c1f0bef1f76812fb55d9"},"headline":"Auf die Tische, fertig, los","datePublished":"2020-09-16T06:23:49+00:00","dateModified":"2026-03-19T12:49:24+00:00","mainEntityOfPage":{"@id":"https:\/\/www.viaprinto.de\/blog\/unsere-tischkalender\/"},"wordCount":457,"commentCount":0,"publisher":{"@id":"https:\/\/www.viaprinto.de\/blog\/#organization"},"image":{"@id":"https:\/\/www.viaprinto.de\/blog\/unsere-tischkalender\/#primaryimage"},"thumbnailUrl":"https:\/\/www.viaprinto.de\/blog\/wp-content\/uploads\/2020\/09\/blogheader-tischkalender-1690x642px-@2x-1.jpg","articleSection":["Produkte"],"inLanguage":"de","potentialAction":[{"@type":"CommentAction","name":"Comment","target":["https:\/\/www.viaprinto.de\/blog\/unsere-tischkalender\/#respond"]}]},{"@type":"WebPage","@id":"https:\/\/www.viaprinto.de\/blog\/unsere-tischkalender\/","url":"https:\/\/www.viaprinto.de\/blog\/unsere-tischkalender\/","name":"Stilvoller Arbeitsplatz | viaprinto Blog","isPartOf":{"@id":"https:\/\/www.viaprinto.de\/blog\/#website"},"primaryImageOfPage":{"@id":"https:\/\/www.viaprinto.de\/blog\/unsere-tischkalender\/#primaryimage"},"image":{"@id":"https:\/\/www.viaprinto.de\/blog\/unsere-tischkalender\/#primaryimage"},"thumbnailUrl":"https:\/\/www.viaprinto.de\/blog\/wp-content\/uploads\/2020\/09\/blogheader-tischkalender-1690x642px-@2x-1.jpg","description":"Auf die Tische, fertig, los \u25ba Viel mehr als einfach nur Kalender sind unsere Kalender f\u00fcr den Tisch. | Erfahren Sie mehr...","breadcrumb":{"@id":"https:\/\/www.viaprinto.de\/blog\/unsere-tischkalender\/#breadcrumb"},"inLanguage":"de","potentialAction":[{"@type":"ReadAction","target":["https:\/\/www.viaprinto.de\/blog\/unsere-tischkalender\/"]}]},{"@type":"ImageObject","inLanguage":"de","@id":"https:\/\/www.viaprinto.de\/blog\/unsere-tischkalender\/#primaryimage","url":"https:\/\/www.viaprinto.de\/blog\/wp-content\/uploads\/2020\/09\/blogheader-tischkalender-1690x642px-@2x-1.jpg","contentUrl":"https:\/\/www.viaprinto.de\/blog\/wp-content\/uploads\/2020\/09\/blogheader-tischkalender-1690x642px-@2x-1.jpg","width":1690,"height":642},{"@type":"BreadcrumbList","@id":"https:\/\/www.viaprinto.de\/blog\/unsere-tischkalender\/#breadcrumb","itemListElement":[{"@type":"ListItem","position":1,"name":"Startseite","item":"https:\/\/www.viaprinto.de\/blog\/"},{"@type":"ListItem","position":2,"name":"Auf die Tische, fertig, los"}]},{"@type":"WebSite","@id":"https:\/\/www.viaprinto.de\/blog\/#website","url":"https:\/\/www.viaprinto.de\/blog\/","name":"viaprinto Blog | Alles \u00fcber den Druck","description":"","publisher":{"@id":"https:\/\/www.viaprinto.de\/blog\/#organization"},"potentialAction":[{"@type":"SearchAction","target":{"@type":"EntryPoint","urlTemplate":"https:\/\/www.viaprinto.de\/blog\/?s={search_term_string}"},"query-input":{"@type":"PropertyValueSpecification","valueRequired":true,"valueName":"search_term_string"}}],"inLanguage":"de"},{"@type":"Organization","@id":"https:\/\/www.viaprinto.de\/blog\/#organization","name":"viaprinto","url":"https:\/\/www.viaprinto.de\/blog\/","logo":{"@type":"ImageObject","inLanguage":"de","@id":"https:\/\/www.viaprinto.de\/blog\/#\/schema\/logo\/image\/","url":"https:\/\/www.viaprinto.de\/blog\/wp-content\/uploads\/2022\/12\/viaprinto-blog-logo.svg","contentUrl":"https:\/\/www.viaprinto.de\/blog\/wp-content\/uploads\/2022\/12\/viaprinto-blog-logo.svg","caption":"viaprinto"},"image":{"@id":"https:\/\/www.viaprinto.de\/blog\/#\/schema\/logo\/image\/"},"sameAs":["https:\/\/www.linkedin.com\/company\/viaprinto"]},{"@type":"Person","@id":"https:\/\/www.viaprinto.de\/blog\/#\/schema\/person\/3c99507c1660c1f0bef1f76812fb55d9","name":"Isabel J\u00f6dicke","url":"https:\/\/www.viaprinto.de\/blog\/author\/isabel-joedickeviaprinto-de\/"}]}},"mfb_rest_fields":["title","yoast_head","yoast_head_json"],"_links":{"self":[{"href":"https:\/\/www.viaprinto.de\/blog\/wp-json\/wp\/v2\/posts\/15105","targetHints":{"allow":["GET"]}}],"collection":[{"href":"https:\/\/www.viaprinto.de\/blog\/wp-json\/wp\/v2\/posts"}],"about":[{"href":"https:\/\/www.viaprinto.de\/blog\/wp-json\/wp\/v2\/types\/post"}],"author":[{"embeddable":true,"href":"https:\/\/www.viaprinto.de\/blog\/wp-json\/wp\/v2\/users\/7"}],"replies":[{"embeddable":true,"href":"https:\/\/www.viaprinto.de\/blog\/wp-json\/wp\/v2\/comments?post=15105"}],"version-history":[{"count":1,"href":"https:\/\/www.viaprinto.de\/blog\/wp-json\/wp\/v2\/posts\/15105\/revisions"}],"predecessor-version":[{"id":20134,"href":"https:\/\/www.viaprinto.de\/blog\/wp-json\/wp\/v2\/posts\/15105\/revisions\/20134"}],"wp:featuredmedia":[{"embeddable":true,"href":"https:\/\/www.viaprinto.de\/blog\/wp-json\/wp\/v2\/media\/15135"}],"wp:attachment":[{"href":"https:\/\/www.viaprinto.de\/blog\/wp-json\/wp\/v2\/media?parent=15105"}],"wp:term":[{"taxonomy":"category","embeddable":true,"href":"https:\/\/www.viaprinto.de\/blog\/wp-json\/wp\/v2\/categories?post=15105"},{"taxonomy":"post_tag","embeddable":true,"href":"https:\/\/www.viaprinto.de\/blog\/wp-json\/wp\/v2\/tags?post=15105"}],"curies":[{"name":"wp","href":"https:\/\/api.w.org\/{rel}","templated":true}]}}