{"id":15026,"date":"2020-08-19T08:44:14","date_gmt":"2020-08-19T06:44:14","guid":{"rendered":"https:\/\/www.viaprinto.de\/blog\/?p=15026"},"modified":"2024-01-31T12:25:18","modified_gmt":"2024-01-31T11:25:18","slug":"kalender-an-der-wand","status":"publish","type":"post","link":"https:\/\/www.viaprinto.de\/blog\/kalender-an-der-wand\/","title":{"rendered":"Kalender, Kalender an der Wand&#8230;"},"content":{"rendered":"\n<h3 class=\"wp-block-heading\">&#8230;wer ist der Sch\u00f6nste im ganzen Land?<\/h3>\n\n\n\n<p>Auch wenn wir Ihnen immer gerne mit Rat und Tat zur Seite stehen, diese Frage k\u00f6nnen wir Ihnen nicht beantworten. Denn: wir k\u00f6nnen uns einfach nicht entscheiden. <\/p>\n\n\n\n<p>Auf dem Schreibtisch machen unsere <a href=\"https:\/\/www.viaprinto.de\/tischkalender\" target=\"_blank\" rel=\"noreferrer noopener\" aria-label=\"Tischkalender (\u00f6ffnet in neuem Tab)\">Tischkalender<\/a> eine gute Figur und setzen sich ein ganzes Jahr lang selbst in Szene. Ob aus Metall mit stylischem Magnet-Kalendarium oder als Aufsteller in hoch oder quer \u2013 ein pr\u00e4gnanter Platz im Sichtfeld des Betrachters ist Ihnen sicher!<\/p>\n\n\n\n\n\n<figure class=\"wp-block-gallery has-nested-images columns-default is-cropped wp-block-gallery-1 is-layout-flex wp-block-gallery-is-layout-flex\">\n<figure class=\"wp-block-image\"><img loading=\"lazy\" decoding=\"async\" width=\"800\" height=\"600\" data-id=\"14015\" src=\"https:\/\/www.viaprinto.de\/blog\/wp-content\/uploads\/2019\/10\/tischkalender-metall-mitte-@2x-1.jpg\" alt=\"\" class=\"wp-image-14015\" srcset=\"https:\/\/www.viaprinto.de\/blog\/wp-content\/uploads\/2019\/10\/tischkalender-metall-mitte-@2x-1.jpg 800w, https:\/\/www.viaprinto.de\/blog\/wp-content\/uploads\/2019\/10\/tischkalender-metall-mitte-@2x-1-300x225.jpg 300w, https:\/\/www.viaprinto.de\/blog\/wp-content\/uploads\/2019\/10\/tischkalender-metall-mitte-@2x-1-768x576.jpg 768w\" sizes=\"auto, (max-width: 800px) 100vw, 800px\" \/><figcaption class=\"wp-element-caption\">Tischkalender Metall<\/figcaption><\/figure>\n\n\n\n<figure class=\"wp-block-image\"><img loading=\"lazy\" decoding=\"async\" width=\"800\" height=\"532\" data-id=\"11865\" src=\"https:\/\/www.viaprinto.de\/blog\/wp-content\/uploads\/2018\/05\/tischkalender_mini_mw_content_1_x2-1.jpg\" alt=\"\" class=\"wp-image-11865\" srcset=\"https:\/\/www.viaprinto.de\/blog\/wp-content\/uploads\/2018\/05\/tischkalender_mini_mw_content_1_x2-1.jpg 800w, https:\/\/www.viaprinto.de\/blog\/wp-content\/uploads\/2018\/05\/tischkalender_mini_mw_content_1_x2-1-300x200.jpg 300w, https:\/\/www.viaprinto.de\/blog\/wp-content\/uploads\/2018\/05\/tischkalender_mini_mw_content_1_x2-1-768x511.jpg 768w\" sizes=\"auto, (max-width: 800px) 100vw, 800px\" \/><figcaption class=\"wp-element-caption\">R\u00fcck- und Vorderansicht des Tischkalenders Mini. viaprinto bedruckt die komplette R\u00fcckseite, sowie die Kopf- und Fu\u00dfseite der Vorderansicht.<\/figcaption><\/figure>\n\n\n\n<figure class=\"wp-block-image\"><img loading=\"lazy\" decoding=\"async\" width=\"800\" height=\"600\" data-id=\"14906\" src=\"https:\/\/www.viaprinto.de\/blog\/wp-content\/uploads\/2020\/07\/tischkalender-motiv-mitte-@2x-1.jpg\" alt=\"\" class=\"wp-image-14906\" srcset=\"https:\/\/www.viaprinto.de\/blog\/wp-content\/uploads\/2020\/07\/tischkalender-motiv-mitte-@2x-1.jpg 800w, https:\/\/www.viaprinto.de\/blog\/wp-content\/uploads\/2020\/07\/tischkalender-motiv-mitte-@2x-1-300x225.jpg 300w, https:\/\/www.viaprinto.de\/blog\/wp-content\/uploads\/2020\/07\/tischkalender-motiv-mitte-@2x-1-768x576.jpg 768w\" sizes=\"auto, (max-width: 800px) 100vw, 800px\" \/><figcaption class=\"wp-element-caption\">Tischkalender Motiv<\/figcaption><\/figure>\n<\/figure>\n\n\n\n\n\n<p><a href=\"https:\/\/www.viaprinto.de\/terminkalender\" target=\"_blank\" rel=\"noreferrer noopener\" aria-label=\"Terminkalender (\u00f6ffnet in neuem Tab)\">Terminkalender<\/a> liegen Ihnen, Ihren Kunden und Ihren Gesch\u00e4ftspartnern zwar nicht zu F\u00fc\u00dfen, aber immer griffbereit neben der Tastatur. Stylisch wirkt das Kalendarium in Anthrazit \/ Rot oder Blau.<\/p>\n\n\n\n<p>F\u00fcr die passenden Notizen neben dem aktuellen Kalendarium sorgt die frei gestaltbare <a href=\"https:\/\/www.viaprinto.de\/schreibtischunterlagen\" target=\"_blank\" rel=\"noreferrer noopener\" aria-label=\"Schreibtischunterlage (\u00f6ffnet in neuem Tab)\">Schreibtischunterlage<\/a>. Auf strahlend wei\u00dfem Offset- oder matt geleimtem Recyclingpapier wirkt Ihr Druck besonders gut.<\/p>\n\n\n\n\n\n<figure class=\"wp-block-gallery has-nested-images columns-default is-cropped wp-block-gallery-2 is-layout-flex wp-block-gallery-is-layout-flex\">\n<figure class=\"wp-block-image\"><img loading=\"lazy\" decoding=\"async\" width=\"845\" height=\"321\" data-id=\"11334\" src=\"https:\/\/www.viaprinto.de\/blog\/wp-content\/uploads\/2017\/12\/header_terminkalender-1.png\" alt=\"\" class=\"wp-image-11334\" srcset=\"https:\/\/www.viaprinto.de\/blog\/wp-content\/uploads\/2017\/12\/header_terminkalender-1.png 845w, https:\/\/www.viaprinto.de\/blog\/wp-content\/uploads\/2017\/12\/header_terminkalender-1-300x114.png 300w, https:\/\/www.viaprinto.de\/blog\/wp-content\/uploads\/2017\/12\/header_terminkalender-1-768x292.png 768w\" sizes=\"auto, (max-width: 845px) 100vw, 845px\" \/><\/figure>\n\n\n\n<figure class=\"wp-block-image\"><img loading=\"lazy\" decoding=\"async\" width=\"1024\" height=\"640\" data-id=\"14552\" src=\"https:\/\/www.viaprinto.de\/blog\/wp-content\/uploads\/2020\/03\/schreibtischunterlagen-top-sm-@2x-1-1024x640.jpg\" alt=\"\" class=\"wp-image-14552\" srcset=\"https:\/\/www.viaprinto.de\/blog\/wp-content\/uploads\/2020\/03\/schreibtischunterlagen-top-sm-@2x-1-1024x640.jpg 1024w, https:\/\/www.viaprinto.de\/blog\/wp-content\/uploads\/2020\/03\/schreibtischunterlagen-top-sm-@2x-1-300x188.jpg 300w, https:\/\/www.viaprinto.de\/blog\/wp-content\/uploads\/2020\/03\/schreibtischunterlagen-top-sm-@2x-1-768x480.jpg 768w, https:\/\/www.viaprinto.de\/blog\/wp-content\/uploads\/2020\/03\/schreibtischunterlagen-top-sm-@2x-1-1536x960.jpg 1536w, https:\/\/www.viaprinto.de\/blog\/wp-content\/uploads\/2020\/03\/schreibtischunterlagen-top-sm-@2x-1.jpg 2048w\" sizes=\"auto, (max-width: 1024px) 100vw, 1024px\" \/><\/figure>\n<\/figure>\n\n\n\n\n\n<p>An der Wand ist der auf bis zu 15 Seiten gestaltbare <a href=\"https:\/\/www.viaprinto.de\/kalender\" target=\"_blank\" rel=\"noreferrer noopener\" aria-label=\"Wandkalender (\u00f6ffnet in neuem Tab)\">Wandkalender<\/a> der geschmackvolle Klassiker mit sch\u00f6nen Aussichten \u2013 nutzen Sie Skizzen, Diagramme oder ansprechende Bilder zur individuellen Gestaltung. So zeigen Sie mehr aus Ihrem Unternehmen und bringen sich jeden Monat aufs Neue wieder ins Ged\u00e4chtnis.<\/p>\n\n\n\n<p>Auf <a href=\"https:\/\/www.viaprinto.de\/monatskalender\" target=\"_blank\" rel=\"noreferrer noopener\" aria-label=\"3-Monats- und 4-Monats-Kalendern (\u00f6ffnet in neuem Tab)\">3-Monats- und 4-Monats-Kalendern<\/a> prangt Ihr Logo oder Ihre Unternehmensbotschaft 365 Tage im Fokus des Betrachters \u2013 bei jedem Blick auf den Kalender! Praktisch mit verschiebbarem Datumsfenster.<\/p>\n\n\n\n<p>Der <a href=\"https:\/\/www.viaprinto.de\/streifenkalender\" target=\"_blank\" rel=\"noreferrer noopener\" aria-label=\"klassische Streifenkalender (\u00f6ffnet in neuem Tab)\">klassische Streifenkalender<\/a> ist schmal und sorgt f\u00fcr Eindruck mit K\u00f6pfchen. Der Kopfbereich ist in einer Gr\u00f6\u00dfe von 124 (118) x 138 (132) mm frei gestaltbar. Platz genug f\u00fcr Ihre Ideen oder einfach nur Ihr Logo oder Ihre Kontaktdaten.<\/p>\n\n\n\n\n\n<figure class=\"wp-block-gallery has-nested-images columns-default is-cropped wp-block-gallery-3 is-layout-flex wp-block-gallery-is-layout-flex\">\n<figure class=\"wp-block-image\"><img loading=\"lazy\" decoding=\"async\" width=\"800\" height=\"532\" data-id=\"12615\" src=\"https:\/\/www.viaprinto.de\/blog\/wp-content\/uploads\/2018\/10\/wandkalender_mw_content_1_x2-1.jpg\" alt=\"Wandkalender bei viaprinto\" class=\"wp-image-12615\" srcset=\"https:\/\/www.viaprinto.de\/blog\/wp-content\/uploads\/2018\/10\/wandkalender_mw_content_1_x2-1.jpg 800w, https:\/\/www.viaprinto.de\/blog\/wp-content\/uploads\/2018\/10\/wandkalender_mw_content_1_x2-1-300x200.jpg 300w, https:\/\/www.viaprinto.de\/blog\/wp-content\/uploads\/2018\/10\/wandkalender_mw_content_1_x2-1-768x511.jpg 768w\" sizes=\"auto, (max-width: 800px) 100vw, 800px\" \/><\/figure>\n\n\n\n<figure class=\"wp-block-image\"><img loading=\"lazy\" decoding=\"async\" width=\"768\" height=\"564\" data-id=\"13637\" src=\"https:\/\/www.viaprinto.de\/blog\/wp-content\/uploads\/2019\/06\/streifenkalender-mw-content-6-@2x-1.jpg\" alt=\"Bedruckbarer Kopf des Streifenkalenders\" class=\"wp-image-13637\" srcset=\"https:\/\/www.viaprinto.de\/blog\/wp-content\/uploads\/2019\/06\/streifenkalender-mw-content-6-@2x-1.jpg 768w, https:\/\/www.viaprinto.de\/blog\/wp-content\/uploads\/2019\/06\/streifenkalender-mw-content-6-@2x-1-300x220.jpg 300w\" sizes=\"auto, (max-width: 768px) 100vw, 768px\" \/><\/figure>\n\n\n\n<figure class=\"wp-block-image\"><img loading=\"lazy\" decoding=\"async\" width=\"800\" height=\"600\" data-id=\"15037\" src=\"https:\/\/www.viaprinto.de\/blog\/wp-content\/uploads\/2020\/07\/drei-monats-kalender-mitte-@2x-1.jpg\" alt=\"\" class=\"wp-image-15037\" srcset=\"https:\/\/www.viaprinto.de\/blog\/wp-content\/uploads\/2020\/07\/drei-monats-kalender-mitte-@2x-1.jpg 800w, https:\/\/www.viaprinto.de\/blog\/wp-content\/uploads\/2020\/07\/drei-monats-kalender-mitte-@2x-1-300x225.jpg 300w, https:\/\/www.viaprinto.de\/blog\/wp-content\/uploads\/2020\/07\/drei-monats-kalender-mitte-@2x-1-768x576.jpg 768w\" sizes=\"auto, (max-width: 800px) 100vw, 800px\" \/><\/figure>\n<\/figure>\n\n\n\n\n\n<p>Mit dem <a href=\"https:\/\/www.viaprinto.de\/jahresplaner\" target=\"_blank\" rel=\"noreferrer noopener\" aria-label=\"Jahresplaner (\u00f6ffnet in neuem Tab)\">Jahresplaner<\/a> behalten Sie Ihre komplette Terminverwaltung im Blick \u2013 vielleicht auch was f\u00fcr die Urlaubsplanung Ihrer Abteilung oder gleich des ganzen Unternehmens? Sechs unterschiedliche Formate und ein beidseitiger Druck sorgen f\u00fcr den schnellen \u00dcberblick.<\/p>\n\n\n\n<p>Wollen Sie Ihren Kunden etwas Besonderes mit auf den Weg geben? Dann nutzen Sie den <a href=\"https:\/\/www.viaprinto.de\/taschenkalender\" target=\"_blank\" rel=\"noreferrer noopener\" aria-label=\"Taschenkalender (\u00f6ffnet in neuem Tab)\">Taschenkalender<\/a>. Im Scheckkartenformat passt er in jede Geldb\u00f6rse und zeigt \u00fcbersichtlich das ganze Jahr \u2013 sowie Ihr Logo im Kopfbereich. <\/p>\n\n\n\n\n\n<figure class=\"wp-block-gallery has-nested-images columns-default is-cropped wp-block-gallery-4 is-layout-flex wp-block-gallery-is-layout-flex\">\n<figure class=\"wp-block-image\"><img loading=\"lazy\" decoding=\"async\" width=\"800\" height=\"600\" data-id=\"14908\" src=\"https:\/\/www.viaprinto.de\/blog\/wp-content\/uploads\/2020\/07\/taschenkalender-rechts-@2x-1.jpg\" alt=\"\" class=\"wp-image-14908\" srcset=\"https:\/\/www.viaprinto.de\/blog\/wp-content\/uploads\/2020\/07\/taschenkalender-rechts-@2x-1.jpg 800w, https:\/\/www.viaprinto.de\/blog\/wp-content\/uploads\/2020\/07\/taschenkalender-rechts-@2x-1-300x225.jpg 300w, https:\/\/www.viaprinto.de\/blog\/wp-content\/uploads\/2020\/07\/taschenkalender-rechts-@2x-1-768x576.jpg 768w\" sizes=\"auto, (max-width: 800px) 100vw, 800px\" \/><\/figure>\n\n\n\n<figure class=\"wp-block-image\"><img loading=\"lazy\" decoding=\"async\" width=\"800\" height=\"620\" data-id=\"14909\" src=\"https:\/\/www.viaprinto.de\/blog\/wp-content\/uploads\/2020\/07\/jahresplaner-mw-content-2-@2x-1.jpg\" alt=\"\" class=\"wp-image-14909\" srcset=\"https:\/\/www.viaprinto.de\/blog\/wp-content\/uploads\/2020\/07\/jahresplaner-mw-content-2-@2x-1.jpg 800w, https:\/\/www.viaprinto.de\/blog\/wp-content\/uploads\/2020\/07\/jahresplaner-mw-content-2-@2x-1-300x233.jpg 300w, https:\/\/www.viaprinto.de\/blog\/wp-content\/uploads\/2020\/07\/jahresplaner-mw-content-2-@2x-1-768x595.jpg 768w\" sizes=\"auto, (max-width: 800px) 100vw, 800px\" \/><\/figure>\n<\/figure>\n\n\n\n\n\n<p>Zur Weihnachtszeit bieten sich <a href=\"https:\/\/www.viaprinto.de\/adventskalender\" target=\"_blank\" rel=\"noreferrer noopener\" aria-label=\"Adventskalender (\u00f6ffnet in neuem Tab)\">Adventskalender<\/a> als kleines Dankesch\u00f6n oder Treue-Geschenk f\u00fcr Ihre Kunden und Gesch\u00e4ftspartner an. Mittlerweile muss es auch nicht immer nur die rechteckige Variante sein, denn die Auswahl ist vielf\u00e4ltig. Bei viaprinto haben Sie die Wahl zwischen sechs unterschiedlichen Kalendern in diversen Formen und Formaten. Ganz neu dabei in diesem Jahr: der Adventskalender Haus, wahlweise gef\u00fcllt mit feinen Tee-K\u00f6stlichkeiten aus dem Hause Me\u00dfmer oder Ritter Sport \u201eMinis\u201c.<\/p>\n\n\n\n\n\n<figure class=\"wp-block-gallery has-nested-images columns-default is-cropped wp-block-gallery-5 is-layout-flex wp-block-gallery-is-layout-flex\">\n<figure class=\"wp-block-image\"><img loading=\"lazy\" decoding=\"async\" width=\"1024\" height=\"389\" data-id=\"14885\" src=\"https:\/\/www.viaprinto.de\/blog\/wp-content\/uploads\/2020\/07\/blogheader-adventskalender-haus-1690x642px-@2x-1-1024x389.jpg\" alt=\"\" class=\"wp-image-14885\" srcset=\"https:\/\/www.viaprinto.de\/blog\/wp-content\/uploads\/2020\/07\/blogheader-adventskalender-haus-1690x642px-@2x-1-1024x389.jpg 1024w, https:\/\/www.viaprinto.de\/blog\/wp-content\/uploads\/2020\/07\/blogheader-adventskalender-haus-1690x642px-@2x-1-300x114.jpg 300w, https:\/\/www.viaprinto.de\/blog\/wp-content\/uploads\/2020\/07\/blogheader-adventskalender-haus-1690x642px-@2x-1-768x292.jpg 768w, https:\/\/www.viaprinto.de\/blog\/wp-content\/uploads\/2020\/07\/blogheader-adventskalender-haus-1690x642px-@2x-1-1536x583.jpg 1536w, https:\/\/www.viaprinto.de\/blog\/wp-content\/uploads\/2020\/07\/blogheader-adventskalender-haus-1690x642px-@2x-1.jpg 1690w\" sizes=\"auto, (max-width: 1024px) 100vw, 1024px\" \/><\/figure>\n\n\n\n<figure class=\"wp-block-image\"><img loading=\"lazy\" decoding=\"async\" width=\"1024\" height=\"389\" data-id=\"13632\" src=\"https:\/\/www.viaprinto.de\/blog\/wp-content\/uploads\/2019\/06\/blogheader-adventskalender-stern-1690x642px-@2x-1-1024x389.jpg\" alt=\"Adventskalender Stern bei viaprinto\" class=\"wp-image-13632\" srcset=\"https:\/\/www.viaprinto.de\/blog\/wp-content\/uploads\/2019\/06\/blogheader-adventskalender-stern-1690x642px-@2x-1-1024x389.jpg 1024w, https:\/\/www.viaprinto.de\/blog\/wp-content\/uploads\/2019\/06\/blogheader-adventskalender-stern-1690x642px-@2x-1-300x114.jpg 300w, https:\/\/www.viaprinto.de\/blog\/wp-content\/uploads\/2019\/06\/blogheader-adventskalender-stern-1690x642px-@2x-1-768x292.jpg 768w, https:\/\/www.viaprinto.de\/blog\/wp-content\/uploads\/2019\/06\/blogheader-adventskalender-stern-1690x642px-@2x-1-1536x583.jpg 1536w, https:\/\/www.viaprinto.de\/blog\/wp-content\/uploads\/2019\/06\/blogheader-adventskalender-stern-1690x642px-@2x-1.jpg 1690w\" sizes=\"auto, (max-width: 1024px) 100vw, 1024px\" \/><\/figure>\n\n\n\n<figure class=\"wp-block-image\"><img loading=\"lazy\" decoding=\"async\" width=\"800\" height=\"533\" data-id=\"12612\" src=\"https:\/\/www.viaprinto.de\/blog\/wp-content\/uploads\/2018\/10\/SE7A0008-800x600px-1.jpg\" alt=\"Adventskalender Ferrero\" class=\"wp-image-12612\" srcset=\"https:\/\/www.viaprinto.de\/blog\/wp-content\/uploads\/2018\/10\/SE7A0008-800x600px-1.jpg 800w, https:\/\/www.viaprinto.de\/blog\/wp-content\/uploads\/2018\/10\/SE7A0008-800x600px-1-300x200.jpg 300w, https:\/\/www.viaprinto.de\/blog\/wp-content\/uploads\/2018\/10\/SE7A0008-800x600px-1-768x512.jpg 768w\" sizes=\"auto, (max-width: 800px) 100vw, 800px\" \/><\/figure>\n\n\n\n<figure class=\"wp-block-image\"><img loading=\"lazy\" decoding=\"async\" width=\"800\" height=\"600\" data-id=\"12128\" src=\"https:\/\/www.viaprinto.de\/blog\/wp-content\/uploads\/2018\/08\/adventskalender_lindt_mitte_x2-1.jpg\" alt=\"\" class=\"wp-image-12128\" srcset=\"https:\/\/www.viaprinto.de\/blog\/wp-content\/uploads\/2018\/08\/adventskalender_lindt_mitte_x2-1.jpg 800w, https:\/\/www.viaprinto.de\/blog\/wp-content\/uploads\/2018\/08\/adventskalender_lindt_mitte_x2-1-300x225.jpg 300w, https:\/\/www.viaprinto.de\/blog\/wp-content\/uploads\/2018\/08\/adventskalender_lindt_mitte_x2-1-768x576.jpg 768w\" sizes=\"auto, (max-width: 800px) 100vw, 800px\" \/><figcaption class=\"wp-element-caption\">Adventskalender &#8222;Lindt&#8220;<\/figcaption><\/figure>\n\n\n\n<figure class=\"wp-block-image\"><img loading=\"lazy\" decoding=\"async\" width=\"800\" height=\"600\" data-id=\"12127\" src=\"https:\/\/www.viaprinto.de\/blog\/wp-content\/uploads\/2018\/08\/adventskalender_cube_mitte_x2-1.jpg\" alt=\"\" class=\"wp-image-12127\" srcset=\"https:\/\/www.viaprinto.de\/blog\/wp-content\/uploads\/2018\/08\/adventskalender_cube_mitte_x2-1.jpg 800w, https:\/\/www.viaprinto.de\/blog\/wp-content\/uploads\/2018\/08\/adventskalender_cube_mitte_x2-1-300x225.jpg 300w, https:\/\/www.viaprinto.de\/blog\/wp-content\/uploads\/2018\/08\/adventskalender_cube_mitte_x2-1-768x576.jpg 768w\" sizes=\"auto, (max-width: 800px) 100vw, 800px\" \/><figcaption class=\"wp-element-caption\">Der Cube Adventskalender<\/figcaption><\/figure>\n\n\n\n<figure class=\"wp-block-image\"><img loading=\"lazy\" decoding=\"async\" width=\"800\" height=\"600\" data-id=\"12129\" src=\"https:\/\/www.viaprinto.de\/blog\/wp-content\/uploads\/2018\/08\/adventskalender_sarotti_rechts_x2-1.jpg\" alt=\"\" class=\"wp-image-12129\" srcset=\"https:\/\/www.viaprinto.de\/blog\/wp-content\/uploads\/2018\/08\/adventskalender_sarotti_rechts_x2-1.jpg 800w, https:\/\/www.viaprinto.de\/blog\/wp-content\/uploads\/2018\/08\/adventskalender_sarotti_rechts_x2-1-300x225.jpg 300w, https:\/\/www.viaprinto.de\/blog\/wp-content\/uploads\/2018\/08\/adventskalender_sarotti_rechts_x2-1-768x576.jpg 768w\" sizes=\"auto, (max-width: 800px) 100vw, 800px\" \/><\/figure>\n<\/figure>\n\n\n\n\n\n<p>Sie sehen also: So einfach ist die Frage nach dem sch\u00f6nsten\nKalender nicht zu beantworten. \ud83d\ude09<\/p>\n","protected":false},"excerpt":{"rendered":"<p>&#8230;wer ist der Sch\u00f6nste im ganzen Land?<br \/>\nLeider k\u00f6nnen wir Ihnen diese Entscheidung nicht abnehmen. Das Gute: Sie k\u00f6nnen sich selbst ein Bild davon machen.<\/p>\n","protected":false},"author":8,"featured_media":15029,"comment_status":"open","ping_status":"closed","sticky":false,"template":"","format":"standard","meta":{"_acf_changed":false,"inline_featured_image":false,"footnotes":""},"categories":[7,8],"tags":[41],"class_list":["post-15026","post","type-post","status-publish","format-standard","has-post-thumbnail","hentry","category-news","category-produkte","tag-kalender"],"mb":[],"acf":[],"yoast_head":"<!-- This site is optimized with the Yoast SEO plugin v27.4 - https:\/\/yoast.com\/product\/yoast-seo-wordpress\/ -->\n<title>Welcher Kalender ist der beste? | viaprinto Blog<\/title>\n<meta name=\"description\" content=\"Das Kalender-Portfolio von viaprinto | Kalender, Kalender an der Wand\u2026 \u25b6 \u2026wer ist der Sch\u00f6nste im ganzen Land?\" \/>\n<meta name=\"robots\" content=\"index, follow, max-snippet:-1, max-image-preview:large, max-video-preview:-1\" \/>\n<link rel=\"canonical\" href=\"https:\/\/www.viaprinto.de\/blog\/kalender-an-der-wand\/\" \/>\n<meta property=\"og:locale\" content=\"de_DE\" \/>\n<meta property=\"og:type\" content=\"article\" \/>\n<meta property=\"og:title\" content=\"Welcher Kalender ist der beste? | viaprinto Blog\" \/>\n<meta property=\"og:description\" content=\"Das Kalender-Portfolio von viaprinto | Kalender, Kalender an der Wand\u2026 \u25b6 \u2026wer ist der Sch\u00f6nste im ganzen Land?\" \/>\n<meta property=\"og:url\" content=\"https:\/\/www.viaprinto.de\/blog\/kalender-an-der-wand\/\" \/>\n<meta property=\"og:site_name\" content=\"viaprinto Blog | Alles \u00fcber den Druck\" \/>\n<meta property=\"article:published_time\" content=\"2020-08-19T06:44:14+00:00\" \/>\n<meta property=\"article:modified_time\" content=\"2024-01-31T11:25:18+00:00\" \/>\n<meta property=\"og:image\" content=\"https:\/\/www.viaprinto.de\/blog\/wp-content\/uploads\/2020\/07\/blogheader-kalender-overview-1690x642px-@2x-1.jpg\" \/>\n\t<meta property=\"og:image:width\" content=\"1690\" \/>\n\t<meta property=\"og:image:height\" content=\"642\" \/>\n\t<meta property=\"og:image:type\" content=\"image\/jpeg\" \/>\n<meta name=\"author\" content=\"Sarah Sassenhagen\" \/>\n<script type=\"application\/ld+json\" class=\"yoast-schema-graph\">{\"@context\":\"https:\\\/\\\/schema.org\",\"@graph\":[{\"@type\":\"Article\",\"@id\":\"https:\\\/\\\/www.viaprinto.de\\\/blog\\\/kalender-an-der-wand\\\/#article\",\"isPartOf\":{\"@id\":\"https:\\\/\\\/www.viaprinto.de\\\/blog\\\/kalender-an-der-wand\\\/\"},\"author\":{\"name\":\"Sarah Sassenhagen\",\"@id\":\"https:\\\/\\\/www.viaprinto.de\\\/blog\\\/#\\\/schema\\\/person\\\/1aa19d31063bc939317c758ceb8b7c16\"},\"headline\":\"Kalender, Kalender an der Wand&#8230;\",\"datePublished\":\"2020-08-19T06:44:14+00:00\",\"dateModified\":\"2024-01-31T11:25:18+00:00\",\"mainEntityOfPage\":{\"@id\":\"https:\\\/\\\/www.viaprinto.de\\\/blog\\\/kalender-an-der-wand\\\/\"},\"wordCount\":446,\"commentCount\":0,\"publisher\":{\"@id\":\"https:\\\/\\\/www.viaprinto.de\\\/blog\\\/#organization\"},\"image\":{\"@id\":\"https:\\\/\\\/www.viaprinto.de\\\/blog\\\/kalender-an-der-wand\\\/#primaryimage\"},\"thumbnailUrl\":\"https:\\\/\\\/www.viaprinto.de\\\/blog\\\/wp-content\\\/uploads\\\/2020\\\/07\\\/blogheader-kalender-overview-1690x642px-@2x-1.jpg\",\"keywords\":[\"Kalender\"],\"articleSection\":[\"News\",\"Produkte\"],\"inLanguage\":\"de\",\"potentialAction\":[{\"@type\":\"CommentAction\",\"name\":\"Comment\",\"target\":[\"https:\\\/\\\/www.viaprinto.de\\\/blog\\\/kalender-an-der-wand\\\/#respond\"]}]},{\"@type\":\"WebPage\",\"@id\":\"https:\\\/\\\/www.viaprinto.de\\\/blog\\\/kalender-an-der-wand\\\/\",\"url\":\"https:\\\/\\\/www.viaprinto.de\\\/blog\\\/kalender-an-der-wand\\\/\",\"name\":\"Welcher Kalender ist der beste? | viaprinto Blog\",\"isPartOf\":{\"@id\":\"https:\\\/\\\/www.viaprinto.de\\\/blog\\\/#website\"},\"primaryImageOfPage\":{\"@id\":\"https:\\\/\\\/www.viaprinto.de\\\/blog\\\/kalender-an-der-wand\\\/#primaryimage\"},\"image\":{\"@id\":\"https:\\\/\\\/www.viaprinto.de\\\/blog\\\/kalender-an-der-wand\\\/#primaryimage\"},\"thumbnailUrl\":\"https:\\\/\\\/www.viaprinto.de\\\/blog\\\/wp-content\\\/uploads\\\/2020\\\/07\\\/blogheader-kalender-overview-1690x642px-@2x-1.jpg\",\"description\":\"Das Kalender-Portfolio von viaprinto | Kalender, Kalender an der Wand\u2026 \u25b6 \u2026wer ist der Sch\u00f6nste im ganzen Land?\",\"breadcrumb\":{\"@id\":\"https:\\\/\\\/www.viaprinto.de\\\/blog\\\/kalender-an-der-wand\\\/#breadcrumb\"},\"inLanguage\":\"de\",\"potentialAction\":[{\"@type\":\"ReadAction\",\"target\":[\"https:\\\/\\\/www.viaprinto.de\\\/blog\\\/kalender-an-der-wand\\\/\"]}]},{\"@type\":\"ImageObject\",\"inLanguage\":\"de\",\"@id\":\"https:\\\/\\\/www.viaprinto.de\\\/blog\\\/kalender-an-der-wand\\\/#primaryimage\",\"url\":\"https:\\\/\\\/www.viaprinto.de\\\/blog\\\/wp-content\\\/uploads\\\/2020\\\/07\\\/blogheader-kalender-overview-1690x642px-@2x-1.jpg\",\"contentUrl\":\"https:\\\/\\\/www.viaprinto.de\\\/blog\\\/wp-content\\\/uploads\\\/2020\\\/07\\\/blogheader-kalender-overview-1690x642px-@2x-1.jpg\",\"width\":1690,\"height\":642},{\"@type\":\"BreadcrumbList\",\"@id\":\"https:\\\/\\\/www.viaprinto.de\\\/blog\\\/kalender-an-der-wand\\\/#breadcrumb\",\"itemListElement\":[{\"@type\":\"ListItem\",\"position\":1,\"name\":\"Startseite\",\"item\":\"https:\\\/\\\/www.viaprinto.de\\\/blog\\\/\"},{\"@type\":\"ListItem\",\"position\":2,\"name\":\"Kalender, Kalender an der Wand&#8230;\"}]},{\"@type\":\"WebSite\",\"@id\":\"https:\\\/\\\/www.viaprinto.de\\\/blog\\\/#website\",\"url\":\"https:\\\/\\\/www.viaprinto.de\\\/blog\\\/\",\"name\":\"viaprinto Blog | Alles \u00fcber den Druck\",\"description\":\"\",\"publisher\":{\"@id\":\"https:\\\/\\\/www.viaprinto.de\\\/blog\\\/#organization\"},\"potentialAction\":[{\"@type\":\"SearchAction\",\"target\":{\"@type\":\"EntryPoint\",\"urlTemplate\":\"https:\\\/\\\/www.viaprinto.de\\\/blog\\\/?s={search_term_string}\"},\"query-input\":{\"@type\":\"PropertyValueSpecification\",\"valueRequired\":true,\"valueName\":\"search_term_string\"}}],\"inLanguage\":\"de\"},{\"@type\":\"Organization\",\"@id\":\"https:\\\/\\\/www.viaprinto.de\\\/blog\\\/#organization\",\"name\":\"viaprinto\",\"url\":\"https:\\\/\\\/www.viaprinto.de\\\/blog\\\/\",\"logo\":{\"@type\":\"ImageObject\",\"inLanguage\":\"de\",\"@id\":\"https:\\\/\\\/www.viaprinto.de\\\/blog\\\/#\\\/schema\\\/logo\\\/image\\\/\",\"url\":\"https:\\\/\\\/www.viaprinto.de\\\/blog\\\/wp-content\\\/uploads\\\/2022\\\/12\\\/viaprinto-blog-logo.svg\",\"contentUrl\":\"https:\\\/\\\/www.viaprinto.de\\\/blog\\\/wp-content\\\/uploads\\\/2022\\\/12\\\/viaprinto-blog-logo.svg\",\"caption\":\"viaprinto\"},\"image\":{\"@id\":\"https:\\\/\\\/www.viaprinto.de\\\/blog\\\/#\\\/schema\\\/logo\\\/image\\\/\"},\"sameAs\":[\"https:\\\/\\\/www.linkedin.com\\\/company\\\/viaprinto\"]},{\"@type\":\"Person\",\"@id\":\"https:\\\/\\\/www.viaprinto.de\\\/blog\\\/#\\\/schema\\\/person\\\/1aa19d31063bc939317c758ceb8b7c16\",\"name\":\"Sarah Sassenhagen\",\"url\":\"https:\\\/\\\/www.viaprinto.de\\\/blog\\\/author\\\/sarah-sassenhagenviaprinto-de\\\/\"}]}<\/script>\n<!-- \/ Yoast SEO plugin. -->","yoast_head_json":{"title":"Welcher Kalender ist der beste? | viaprinto Blog","description":"Das Kalender-Portfolio von viaprinto | Kalender, Kalender an der Wand\u2026 \u25b6 \u2026wer ist der Sch\u00f6nste im ganzen Land?","robots":{"index":"index","follow":"follow","max-snippet":"max-snippet:-1","max-image-preview":"max-image-preview:large","max-video-preview":"max-video-preview:-1"},"canonical":"https:\/\/www.viaprinto.de\/blog\/kalender-an-der-wand\/","og_locale":"de_DE","og_type":"article","og_title":"Welcher Kalender ist der beste? | viaprinto Blog","og_description":"Das Kalender-Portfolio von viaprinto | Kalender, Kalender an der Wand\u2026 \u25b6 \u2026wer ist der Sch\u00f6nste im ganzen Land?","og_url":"https:\/\/www.viaprinto.de\/blog\/kalender-an-der-wand\/","og_site_name":"viaprinto Blog | Alles \u00fcber den Druck","article_published_time":"2020-08-19T06:44:14+00:00","article_modified_time":"2024-01-31T11:25:18+00:00","og_image":[{"width":1690,"height":642,"url":"https:\/\/www.viaprinto.de\/blog\/wp-content\/uploads\/2020\/07\/blogheader-kalender-overview-1690x642px-@2x-1.jpg","type":"image\/jpeg"}],"author":"Sarah Sassenhagen","schema":{"@context":"https:\/\/schema.org","@graph":[{"@type":"Article","@id":"https:\/\/www.viaprinto.de\/blog\/kalender-an-der-wand\/#article","isPartOf":{"@id":"https:\/\/www.viaprinto.de\/blog\/kalender-an-der-wand\/"},"author":{"name":"Sarah Sassenhagen","@id":"https:\/\/www.viaprinto.de\/blog\/#\/schema\/person\/1aa19d31063bc939317c758ceb8b7c16"},"headline":"Kalender, Kalender an der Wand&#8230;","datePublished":"2020-08-19T06:44:14+00:00","dateModified":"2024-01-31T11:25:18+00:00","mainEntityOfPage":{"@id":"https:\/\/www.viaprinto.de\/blog\/kalender-an-der-wand\/"},"wordCount":446,"commentCount":0,"publisher":{"@id":"https:\/\/www.viaprinto.de\/blog\/#organization"},"image":{"@id":"https:\/\/www.viaprinto.de\/blog\/kalender-an-der-wand\/#primaryimage"},"thumbnailUrl":"https:\/\/www.viaprinto.de\/blog\/wp-content\/uploads\/2020\/07\/blogheader-kalender-overview-1690x642px-@2x-1.jpg","keywords":["Kalender"],"articleSection":["News","Produkte"],"inLanguage":"de","potentialAction":[{"@type":"CommentAction","name":"Comment","target":["https:\/\/www.viaprinto.de\/blog\/kalender-an-der-wand\/#respond"]}]},{"@type":"WebPage","@id":"https:\/\/www.viaprinto.de\/blog\/kalender-an-der-wand\/","url":"https:\/\/www.viaprinto.de\/blog\/kalender-an-der-wand\/","name":"Welcher Kalender ist der beste? | viaprinto Blog","isPartOf":{"@id":"https:\/\/www.viaprinto.de\/blog\/#website"},"primaryImageOfPage":{"@id":"https:\/\/www.viaprinto.de\/blog\/kalender-an-der-wand\/#primaryimage"},"image":{"@id":"https:\/\/www.viaprinto.de\/blog\/kalender-an-der-wand\/#primaryimage"},"thumbnailUrl":"https:\/\/www.viaprinto.de\/blog\/wp-content\/uploads\/2020\/07\/blogheader-kalender-overview-1690x642px-@2x-1.jpg","description":"Das Kalender-Portfolio von viaprinto | Kalender, Kalender an der Wand\u2026 \u25b6 \u2026wer ist der Sch\u00f6nste im ganzen Land?","breadcrumb":{"@id":"https:\/\/www.viaprinto.de\/blog\/kalender-an-der-wand\/#breadcrumb"},"inLanguage":"de","potentialAction":[{"@type":"ReadAction","target":["https:\/\/www.viaprinto.de\/blog\/kalender-an-der-wand\/"]}]},{"@type":"ImageObject","inLanguage":"de","@id":"https:\/\/www.viaprinto.de\/blog\/kalender-an-der-wand\/#primaryimage","url":"https:\/\/www.viaprinto.de\/blog\/wp-content\/uploads\/2020\/07\/blogheader-kalender-overview-1690x642px-@2x-1.jpg","contentUrl":"https:\/\/www.viaprinto.de\/blog\/wp-content\/uploads\/2020\/07\/blogheader-kalender-overview-1690x642px-@2x-1.jpg","width":1690,"height":642},{"@type":"BreadcrumbList","@id":"https:\/\/www.viaprinto.de\/blog\/kalender-an-der-wand\/#breadcrumb","itemListElement":[{"@type":"ListItem","position":1,"name":"Startseite","item":"https:\/\/www.viaprinto.de\/blog\/"},{"@type":"ListItem","position":2,"name":"Kalender, Kalender an der Wand&#8230;"}]},{"@type":"WebSite","@id":"https:\/\/www.viaprinto.de\/blog\/#website","url":"https:\/\/www.viaprinto.de\/blog\/","name":"viaprinto Blog | Alles \u00fcber den Druck","description":"","publisher":{"@id":"https:\/\/www.viaprinto.de\/blog\/#organization"},"potentialAction":[{"@type":"SearchAction","target":{"@type":"EntryPoint","urlTemplate":"https:\/\/www.viaprinto.de\/blog\/?s={search_term_string}"},"query-input":{"@type":"PropertyValueSpecification","valueRequired":true,"valueName":"search_term_string"}}],"inLanguage":"de"},{"@type":"Organization","@id":"https:\/\/www.viaprinto.de\/blog\/#organization","name":"viaprinto","url":"https:\/\/www.viaprinto.de\/blog\/","logo":{"@type":"ImageObject","inLanguage":"de","@id":"https:\/\/www.viaprinto.de\/blog\/#\/schema\/logo\/image\/","url":"https:\/\/www.viaprinto.de\/blog\/wp-content\/uploads\/2022\/12\/viaprinto-blog-logo.svg","contentUrl":"https:\/\/www.viaprinto.de\/blog\/wp-content\/uploads\/2022\/12\/viaprinto-blog-logo.svg","caption":"viaprinto"},"image":{"@id":"https:\/\/www.viaprinto.de\/blog\/#\/schema\/logo\/image\/"},"sameAs":["https:\/\/www.linkedin.com\/company\/viaprinto"]},{"@type":"Person","@id":"https:\/\/www.viaprinto.de\/blog\/#\/schema\/person\/1aa19d31063bc939317c758ceb8b7c16","name":"Sarah Sassenhagen","url":"https:\/\/www.viaprinto.de\/blog\/author\/sarah-sassenhagenviaprinto-de\/"}]}},"mfb_rest_fields":["title","yoast_head","yoast_head_json"],"_links":{"self":[{"href":"https:\/\/www.viaprinto.de\/blog\/wp-json\/wp\/v2\/posts\/15026","targetHints":{"allow":["GET"]}}],"collection":[{"href":"https:\/\/www.viaprinto.de\/blog\/wp-json\/wp\/v2\/posts"}],"about":[{"href":"https:\/\/www.viaprinto.de\/blog\/wp-json\/wp\/v2\/types\/post"}],"author":[{"embeddable":true,"href":"https:\/\/www.viaprinto.de\/blog\/wp-json\/wp\/v2\/users\/8"}],"replies":[{"embeddable":true,"href":"https:\/\/www.viaprinto.de\/blog\/wp-json\/wp\/v2\/comments?post=15026"}],"version-history":[{"count":1,"href":"https:\/\/www.viaprinto.de\/blog\/wp-json\/wp\/v2\/posts\/15026\/revisions"}],"predecessor-version":[{"id":18395,"href":"https:\/\/www.viaprinto.de\/blog\/wp-json\/wp\/v2\/posts\/15026\/revisions\/18395"}],"wp:featuredmedia":[{"embeddable":true,"href":"https:\/\/www.viaprinto.de\/blog\/wp-json\/wp\/v2\/media\/15029"}],"wp:attachment":[{"href":"https:\/\/www.viaprinto.de\/blog\/wp-json\/wp\/v2\/media?parent=15026"}],"wp:term":[{"taxonomy":"category","embeddable":true,"href":"https:\/\/www.viaprinto.de\/blog\/wp-json\/wp\/v2\/categories?post=15026"},{"taxonomy":"post_tag","embeddable":true,"href":"https:\/\/www.viaprinto.de\/blog\/wp-json\/wp\/v2\/tags?post=15026"}],"curies":[{"name":"wp","href":"https:\/\/api.w.org\/{rel}","templated":true}]}}