{"id":11028,"date":"2017-11-08T13:17:36","date_gmt":"2017-11-08T12:17:36","guid":{"rendered":"https:\/\/www.viaprinto.de\/blog\/?p=11028"},"modified":"2023-02-23T16:34:14","modified_gmt":"2023-02-23T15:34:14","slug":"eigenkapitalforum-2017","status":"publish","type":"post","link":"https:\/\/www.viaprinto.de\/blog\/eigenkapitalforum-2017\/","title":{"rendered":"viaprinto mit extra-Service beim Deutschen Eigenkapitalforum 2017."},"content":{"rendered":"<p>Der deutschen Wirtschaft geht es gut und sie, naja ein Gro\u00dfteil ihrer Akteure, trifft sich allj\u00e4hrlich zum <a href=\"https:\/\/www.eigenkapitalforum.com\/\" target=\"_blank\" rel=\"noopener noreferrer\">Deutschen Eigenkapitalforum<\/a>. Auch in diesem Jahr treffen Unternehmer auf Investoren vom 27. &#8211; 29. November im Frankfurter Sheraton Frankfurt Airport Hotel and Conference Center.<\/p>\n<p>Unser Key-Account Manager <strong>Thorsten Gebhardt <\/strong>wartet am Document Center auf eilige Teilnehmer, die ihre kurzfristig zum Druck beauftragten Unterlagen frisch und rechtzeitig in die H\u00e4nde gelegt bekommen.<\/p>\n<p><strong>Unser exklusiver Service:<\/strong><\/p>\n<ul>\n<li>Werden wichtige Druckunterlagen als Softcover, Spiralbindung oder Brosch\u00fcre <strong>bis<\/strong> Mittwoch, den 22. November, per \u201eExpress 9 Uhr\u201c bestellt, kommen die Unterlagen p\u00fcnktlich zum Veranstaltungsbeginn bei den Bestellern an.<\/li>\n<li>Eine rechtzeitige Bestellung per \u201eExpress 9 Uhr\u201c <strong>am<\/strong> Mittwoch an die Adresse der Engelhardt Logistics &amp; Services GmbH (s.u.) f\u00fchrt zu einer kosteng\u00fcnstigen Ausf\u00fchrung und sicheren Verteilung an den jeweiligen Pr\u00e4sentationsraum beim Eigenkapitalforum.<\/li>\n<li>Wenn Brosch\u00fcren oder Spiralbindungen <strong>bis Samstag<\/strong>, den 25. November, 24 Uhr bestellt werden, dann werden die Unterlagen noch bis zum Veranstaltungsbeginn am Montag 10:30 Uhr direkt zum Sheraton Frankfurt Airport Hotel and Conference Center geliefert.<\/li>\n<\/ul>\n<p>Bereits in den vergangenen Jahren hat viaprinto viele IR Manager mit dem Service begeistert. \u201eIch und viaprinto freuen uns auch in diesem Jahr wieder darauf, dass jede bei uns beauftragte Unternehmenspr\u00e4sentation in Spitzen-Qualit\u00e4t geliefert und bei Veranstaltungser\u00f6ffnung des Eigenkapitalforums in Frankfurt vorliegen wird\u201c, sagt Gebhardt.<\/p>\n<p><strong>Lieferanschrift f\u00fcr Dokumente eintreffend bis zum 22. November:<\/strong><\/p>\n<p>ELS GmbH (Adressfelder: Vorname, Nachname)<br \/>\nEKF, Name Ihres Unternehmens (Adressfeld: Firma)<br \/>\nDatum, Uhrzeit, Raum der Pr\u00e4sentation (Adressfeld: Adresszusatz)<br \/>\nMainzer Landstra\u00dfe 166 (Adressfelder: Stra\u00dfe, Hausnummer)<br \/>\n60327 Frankfurt | Main (Adressfelder: Postleitzahl, Ort)<\/p>\n<p><strong>Lieferanschrift f\u00fcr Dokumente eintreffend ab dem 27. November:<\/strong><\/p>\n<p>Deutsche B\u00f6rse AG (Adressfelder: Vorname, Nachname)<br \/>\nName Ihres Unternehmens, Datum, Uhrzeit, Raum der Pr\u00e4sentation (Adressfeld: Firma)<br \/>\nc\/o Sheraton Airport Hotel SMC (Adressfeld: Adresszusatz)<br \/>\nHugo-Eckener-Ring 15 (Adressfelder: Stra\u00dfe, Hausnummer)<br \/>\n60549 Frankfurt am Main (Adressfelder: Postleitzahl, Ort)<\/p>\n<p>Weitere Informationen auch unter <a href=\"http:\/\/www.eigenkapitalforum.com\">www.eigenkapitalforum.com<\/a><\/p>\n","protected":false},"excerpt":{"rendered":"<p>Unser Key-Account Manager Thorsten Gebhardt wartet am Document Center auf eilige Teilnehmer, die ihre kurzfristig zum Druck beauftragten Unterlagen frisch und rechtzeitig in die H\u00e4nde gelegt bekommen. Denn wir bieten den Kongressteilnehmern einen exklusiven Service.<\/p>\n","protected":false},"author":7,"featured_media":8284,"comment_status":"open","ping_status":"closed","sticky":false,"template":"","format":"standard","meta":{"_acf_changed":false,"inline_featured_image":false,"footnotes":""},"categories":[7,21,22],"tags":[],"class_list":["post-11028","post","type-post","status-publish","format-standard","has-post-thumbnail","hentry","category-news","category-service","category-termine"],"mb":[],"acf":[],"yoast_head":"<!-- This site is optimized with the Yoast SEO plugin v27.4 - https:\/\/yoast.com\/product\/yoast-seo-wordpress\/ -->\n<title>viaprinto mit extra-Service beim Deutschen Eigenkapitalforum 2017. | viaprinto Blog | Alles \u00fcber den Druck<\/title>\n<meta name=\"robots\" content=\"index, follow, max-snippet:-1, max-image-preview:large, max-video-preview:-1\" \/>\n<link rel=\"canonical\" href=\"https:\/\/www.viaprinto.de\/blog\/eigenkapitalforum-2017\/\" \/>\n<meta property=\"og:locale\" content=\"de_DE\" \/>\n<meta property=\"og:type\" content=\"article\" \/>\n<meta property=\"og:title\" content=\"viaprinto mit extra-Service beim Deutschen Eigenkapitalforum 2017. | viaprinto Blog | Alles \u00fcber den Druck\" \/>\n<meta property=\"og:description\" content=\"Unser Key-Account Manager Thorsten Gebhardt wartet am Document Center auf eilige Teilnehmer, die ihre kurzfristig zum Druck beauftragten Unterlagen frisch und rechtzeitig in die H\u00e4nde gelegt bekommen. Denn wir bieten den Kongressteilnehmern einen exklusiven Service.\" \/>\n<meta property=\"og:url\" content=\"https:\/\/www.viaprinto.de\/blog\/eigenkapitalforum-2017\/\" \/>\n<meta property=\"og:site_name\" content=\"viaprinto Blog | Alles \u00fcber den Druck\" \/>\n<meta property=\"article:published_time\" content=\"2017-11-08T12:17:36+00:00\" \/>\n<meta property=\"article:modified_time\" content=\"2023-02-23T15:34:14+00:00\" \/>\n<meta property=\"og:image\" content=\"https:\/\/www.viaprinto.de\/blog\/wp-content\/uploads\/2015\/11\/EKF-Tag1-SocialMedia-9145-1-scaled.jpg\" \/>\n\t<meta property=\"og:image:width\" content=\"2560\" \/>\n\t<meta property=\"og:image:height\" content=\"1707\" \/>\n\t<meta property=\"og:image:type\" content=\"image\/jpeg\" \/>\n<meta name=\"author\" content=\"Isabel J\u00f6dicke\" \/>\n<script type=\"application\/ld+json\" class=\"yoast-schema-graph\">{\"@context\":\"https:\\\/\\\/schema.org\",\"@graph\":[{\"@type\":\"Article\",\"@id\":\"https:\\\/\\\/www.viaprinto.de\\\/blog\\\/eigenkapitalforum-2017\\\/#article\",\"isPartOf\":{\"@id\":\"https:\\\/\\\/www.viaprinto.de\\\/blog\\\/eigenkapitalforum-2017\\\/\"},\"author\":{\"name\":\"Isabel J\u00f6dicke\",\"@id\":\"https:\\\/\\\/www.viaprinto.de\\\/blog\\\/#\\\/schema\\\/person\\\/3c99507c1660c1f0bef1f76812fb55d9\"},\"headline\":\"viaprinto mit extra-Service beim Deutschen Eigenkapitalforum 2017.\",\"datePublished\":\"2017-11-08T12:17:36+00:00\",\"dateModified\":\"2023-02-23T15:34:14+00:00\",\"mainEntityOfPage\":{\"@id\":\"https:\\\/\\\/www.viaprinto.de\\\/blog\\\/eigenkapitalforum-2017\\\/\"},\"wordCount\":315,\"commentCount\":0,\"publisher\":{\"@id\":\"https:\\\/\\\/www.viaprinto.de\\\/blog\\\/#organization\"},\"image\":{\"@id\":\"https:\\\/\\\/www.viaprinto.de\\\/blog\\\/eigenkapitalforum-2017\\\/#primaryimage\"},\"thumbnailUrl\":\"https:\\\/\\\/www.viaprinto.de\\\/blog\\\/wp-content\\\/uploads\\\/2015\\\/11\\\/EKF-Tag1-SocialMedia-9145-1-scaled.jpg\",\"articleSection\":[\"News\",\"Service\",\"Termine\"],\"inLanguage\":\"de\",\"potentialAction\":[{\"@type\":\"CommentAction\",\"name\":\"Comment\",\"target\":[\"https:\\\/\\\/www.viaprinto.de\\\/blog\\\/eigenkapitalforum-2017\\\/#respond\"]}]},{\"@type\":\"WebPage\",\"@id\":\"https:\\\/\\\/www.viaprinto.de\\\/blog\\\/eigenkapitalforum-2017\\\/\",\"url\":\"https:\\\/\\\/www.viaprinto.de\\\/blog\\\/eigenkapitalforum-2017\\\/\",\"name\":\"viaprinto mit extra-Service beim Deutschen Eigenkapitalforum 2017. | viaprinto Blog | Alles \u00fcber den Druck\",\"isPartOf\":{\"@id\":\"https:\\\/\\\/www.viaprinto.de\\\/blog\\\/#website\"},\"primaryImageOfPage\":{\"@id\":\"https:\\\/\\\/www.viaprinto.de\\\/blog\\\/eigenkapitalforum-2017\\\/#primaryimage\"},\"image\":{\"@id\":\"https:\\\/\\\/www.viaprinto.de\\\/blog\\\/eigenkapitalforum-2017\\\/#primaryimage\"},\"thumbnailUrl\":\"https:\\\/\\\/www.viaprinto.de\\\/blog\\\/wp-content\\\/uploads\\\/2015\\\/11\\\/EKF-Tag1-SocialMedia-9145-1-scaled.jpg\",\"breadcrumb\":{\"@id\":\"https:\\\/\\\/www.viaprinto.de\\\/blog\\\/eigenkapitalforum-2017\\\/#breadcrumb\"},\"inLanguage\":\"de\",\"potentialAction\":[{\"@type\":\"ReadAction\",\"target\":[\"https:\\\/\\\/www.viaprinto.de\\\/blog\\\/eigenkapitalforum-2017\\\/\"]}]},{\"@type\":\"ImageObject\",\"inLanguage\":\"de\",\"@id\":\"https:\\\/\\\/www.viaprinto.de\\\/blog\\\/eigenkapitalforum-2017\\\/#primaryimage\",\"url\":\"https:\\\/\\\/www.viaprinto.de\\\/blog\\\/wp-content\\\/uploads\\\/2015\\\/11\\\/EKF-Tag1-SocialMedia-9145-1-scaled.jpg\",\"contentUrl\":\"https:\\\/\\\/www.viaprinto.de\\\/blog\\\/wp-content\\\/uploads\\\/2015\\\/11\\\/EKF-Tag1-SocialMedia-9145-1-scaled.jpg\",\"width\":2560,\"height\":1707},{\"@type\":\"BreadcrumbList\",\"@id\":\"https:\\\/\\\/www.viaprinto.de\\\/blog\\\/eigenkapitalforum-2017\\\/#breadcrumb\",\"itemListElement\":[{\"@type\":\"ListItem\",\"position\":1,\"name\":\"Startseite\",\"item\":\"https:\\\/\\\/www.viaprinto.de\\\/blog\\\/\"},{\"@type\":\"ListItem\",\"position\":2,\"name\":\"viaprinto mit extra-Service beim Deutschen Eigenkapitalforum 2017.\"}]},{\"@type\":\"WebSite\",\"@id\":\"https:\\\/\\\/www.viaprinto.de\\\/blog\\\/#website\",\"url\":\"https:\\\/\\\/www.viaprinto.de\\\/blog\\\/\",\"name\":\"viaprinto Blog | Alles \u00fcber den Druck\",\"description\":\"\",\"publisher\":{\"@id\":\"https:\\\/\\\/www.viaprinto.de\\\/blog\\\/#organization\"},\"potentialAction\":[{\"@type\":\"SearchAction\",\"target\":{\"@type\":\"EntryPoint\",\"urlTemplate\":\"https:\\\/\\\/www.viaprinto.de\\\/blog\\\/?s={search_term_string}\"},\"query-input\":{\"@type\":\"PropertyValueSpecification\",\"valueRequired\":true,\"valueName\":\"search_term_string\"}}],\"inLanguage\":\"de\"},{\"@type\":\"Organization\",\"@id\":\"https:\\\/\\\/www.viaprinto.de\\\/blog\\\/#organization\",\"name\":\"viaprinto\",\"url\":\"https:\\\/\\\/www.viaprinto.de\\\/blog\\\/\",\"logo\":{\"@type\":\"ImageObject\",\"inLanguage\":\"de\",\"@id\":\"https:\\\/\\\/www.viaprinto.de\\\/blog\\\/#\\\/schema\\\/logo\\\/image\\\/\",\"url\":\"https:\\\/\\\/www.viaprinto.de\\\/blog\\\/wp-content\\\/uploads\\\/2022\\\/12\\\/viaprinto-blog-logo.svg\",\"contentUrl\":\"https:\\\/\\\/www.viaprinto.de\\\/blog\\\/wp-content\\\/uploads\\\/2022\\\/12\\\/viaprinto-blog-logo.svg\",\"caption\":\"viaprinto\"},\"image\":{\"@id\":\"https:\\\/\\\/www.viaprinto.de\\\/blog\\\/#\\\/schema\\\/logo\\\/image\\\/\"},\"sameAs\":[\"https:\\\/\\\/www.linkedin.com\\\/company\\\/viaprinto\"]},{\"@type\":\"Person\",\"@id\":\"https:\\\/\\\/www.viaprinto.de\\\/blog\\\/#\\\/schema\\\/person\\\/3c99507c1660c1f0bef1f76812fb55d9\",\"name\":\"Isabel J\u00f6dicke\",\"url\":\"https:\\\/\\\/www.viaprinto.de\\\/blog\\\/author\\\/isabel-joedickeviaprinto-de\\\/\"}]}<\/script>\n<!-- \/ Yoast SEO plugin. -->","yoast_head_json":{"title":"viaprinto mit extra-Service beim Deutschen Eigenkapitalforum 2017. | viaprinto Blog | Alles \u00fcber den Druck","robots":{"index":"index","follow":"follow","max-snippet":"max-snippet:-1","max-image-preview":"max-image-preview:large","max-video-preview":"max-video-preview:-1"},"canonical":"https:\/\/www.viaprinto.de\/blog\/eigenkapitalforum-2017\/","og_locale":"de_DE","og_type":"article","og_title":"viaprinto mit extra-Service beim Deutschen Eigenkapitalforum 2017. | viaprinto Blog | Alles \u00fcber den Druck","og_description":"Unser Key-Account Manager Thorsten Gebhardt wartet am Document Center auf eilige Teilnehmer, die ihre kurzfristig zum Druck beauftragten Unterlagen frisch und rechtzeitig in die H\u00e4nde gelegt bekommen. Denn wir bieten den Kongressteilnehmern einen exklusiven Service.","og_url":"https:\/\/www.viaprinto.de\/blog\/eigenkapitalforum-2017\/","og_site_name":"viaprinto Blog | Alles \u00fcber den Druck","article_published_time":"2017-11-08T12:17:36+00:00","article_modified_time":"2023-02-23T15:34:14+00:00","og_image":[{"width":2560,"height":1707,"url":"https:\/\/www.viaprinto.de\/blog\/wp-content\/uploads\/2015\/11\/EKF-Tag1-SocialMedia-9145-1-scaled.jpg","type":"image\/jpeg"}],"author":"Isabel J\u00f6dicke","schema":{"@context":"https:\/\/schema.org","@graph":[{"@type":"Article","@id":"https:\/\/www.viaprinto.de\/blog\/eigenkapitalforum-2017\/#article","isPartOf":{"@id":"https:\/\/www.viaprinto.de\/blog\/eigenkapitalforum-2017\/"},"author":{"name":"Isabel J\u00f6dicke","@id":"https:\/\/www.viaprinto.de\/blog\/#\/schema\/person\/3c99507c1660c1f0bef1f76812fb55d9"},"headline":"viaprinto mit extra-Service beim Deutschen Eigenkapitalforum 2017.","datePublished":"2017-11-08T12:17:36+00:00","dateModified":"2023-02-23T15:34:14+00:00","mainEntityOfPage":{"@id":"https:\/\/www.viaprinto.de\/blog\/eigenkapitalforum-2017\/"},"wordCount":315,"commentCount":0,"publisher":{"@id":"https:\/\/www.viaprinto.de\/blog\/#organization"},"image":{"@id":"https:\/\/www.viaprinto.de\/blog\/eigenkapitalforum-2017\/#primaryimage"},"thumbnailUrl":"https:\/\/www.viaprinto.de\/blog\/wp-content\/uploads\/2015\/11\/EKF-Tag1-SocialMedia-9145-1-scaled.jpg","articleSection":["News","Service","Termine"],"inLanguage":"de","potentialAction":[{"@type":"CommentAction","name":"Comment","target":["https:\/\/www.viaprinto.de\/blog\/eigenkapitalforum-2017\/#respond"]}]},{"@type":"WebPage","@id":"https:\/\/www.viaprinto.de\/blog\/eigenkapitalforum-2017\/","url":"https:\/\/www.viaprinto.de\/blog\/eigenkapitalforum-2017\/","name":"viaprinto mit extra-Service beim Deutschen Eigenkapitalforum 2017. | viaprinto Blog | Alles \u00fcber den Druck","isPartOf":{"@id":"https:\/\/www.viaprinto.de\/blog\/#website"},"primaryImageOfPage":{"@id":"https:\/\/www.viaprinto.de\/blog\/eigenkapitalforum-2017\/#primaryimage"},"image":{"@id":"https:\/\/www.viaprinto.de\/blog\/eigenkapitalforum-2017\/#primaryimage"},"thumbnailUrl":"https:\/\/www.viaprinto.de\/blog\/wp-content\/uploads\/2015\/11\/EKF-Tag1-SocialMedia-9145-1-scaled.jpg","breadcrumb":{"@id":"https:\/\/www.viaprinto.de\/blog\/eigenkapitalforum-2017\/#breadcrumb"},"inLanguage":"de","potentialAction":[{"@type":"ReadAction","target":["https:\/\/www.viaprinto.de\/blog\/eigenkapitalforum-2017\/"]}]},{"@type":"ImageObject","inLanguage":"de","@id":"https:\/\/www.viaprinto.de\/blog\/eigenkapitalforum-2017\/#primaryimage","url":"https:\/\/www.viaprinto.de\/blog\/wp-content\/uploads\/2015\/11\/EKF-Tag1-SocialMedia-9145-1-scaled.jpg","contentUrl":"https:\/\/www.viaprinto.de\/blog\/wp-content\/uploads\/2015\/11\/EKF-Tag1-SocialMedia-9145-1-scaled.jpg","width":2560,"height":1707},{"@type":"BreadcrumbList","@id":"https:\/\/www.viaprinto.de\/blog\/eigenkapitalforum-2017\/#breadcrumb","itemListElement":[{"@type":"ListItem","position":1,"name":"Startseite","item":"https:\/\/www.viaprinto.de\/blog\/"},{"@type":"ListItem","position":2,"name":"viaprinto mit extra-Service beim Deutschen Eigenkapitalforum 2017."}]},{"@type":"WebSite","@id":"https:\/\/www.viaprinto.de\/blog\/#website","url":"https:\/\/www.viaprinto.de\/blog\/","name":"viaprinto Blog | Alles \u00fcber den Druck","description":"","publisher":{"@id":"https:\/\/www.viaprinto.de\/blog\/#organization"},"potentialAction":[{"@type":"SearchAction","target":{"@type":"EntryPoint","urlTemplate":"https:\/\/www.viaprinto.de\/blog\/?s={search_term_string}"},"query-input":{"@type":"PropertyValueSpecification","valueRequired":true,"valueName":"search_term_string"}}],"inLanguage":"de"},{"@type":"Organization","@id":"https:\/\/www.viaprinto.de\/blog\/#organization","name":"viaprinto","url":"https:\/\/www.viaprinto.de\/blog\/","logo":{"@type":"ImageObject","inLanguage":"de","@id":"https:\/\/www.viaprinto.de\/blog\/#\/schema\/logo\/image\/","url":"https:\/\/www.viaprinto.de\/blog\/wp-content\/uploads\/2022\/12\/viaprinto-blog-logo.svg","contentUrl":"https:\/\/www.viaprinto.de\/blog\/wp-content\/uploads\/2022\/12\/viaprinto-blog-logo.svg","caption":"viaprinto"},"image":{"@id":"https:\/\/www.viaprinto.de\/blog\/#\/schema\/logo\/image\/"},"sameAs":["https:\/\/www.linkedin.com\/company\/viaprinto"]},{"@type":"Person","@id":"https:\/\/www.viaprinto.de\/blog\/#\/schema\/person\/3c99507c1660c1f0bef1f76812fb55d9","name":"Isabel J\u00f6dicke","url":"https:\/\/www.viaprinto.de\/blog\/author\/isabel-joedickeviaprinto-de\/"}]}},"mfb_rest_fields":["title","yoast_head","yoast_head_json"],"_links":{"self":[{"href":"https:\/\/www.viaprinto.de\/blog\/wp-json\/wp\/v2\/posts\/11028","targetHints":{"allow":["GET"]}}],"collection":[{"href":"https:\/\/www.viaprinto.de\/blog\/wp-json\/wp\/v2\/posts"}],"about":[{"href":"https:\/\/www.viaprinto.de\/blog\/wp-json\/wp\/v2\/types\/post"}],"author":[{"embeddable":true,"href":"https:\/\/www.viaprinto.de\/blog\/wp-json\/wp\/v2\/users\/7"}],"replies":[{"embeddable":true,"href":"https:\/\/www.viaprinto.de\/blog\/wp-json\/wp\/v2\/comments?post=11028"}],"version-history":[{"count":1,"href":"https:\/\/www.viaprinto.de\/blog\/wp-json\/wp\/v2\/posts\/11028\/revisions"}],"predecessor-version":[{"id":17617,"href":"https:\/\/www.viaprinto.de\/blog\/wp-json\/wp\/v2\/posts\/11028\/revisions\/17617"}],"wp:featuredmedia":[{"embeddable":true,"href":"https:\/\/www.viaprinto.de\/blog\/wp-json\/wp\/v2\/media\/8284"}],"wp:attachment":[{"href":"https:\/\/www.viaprinto.de\/blog\/wp-json\/wp\/v2\/media?parent=11028"}],"wp:term":[{"taxonomy":"category","embeddable":true,"href":"https:\/\/www.viaprinto.de\/blog\/wp-json\/wp\/v2\/categories?post=11028"},{"taxonomy":"post_tag","embeddable":true,"href":"https:\/\/www.viaprinto.de\/blog\/wp-json\/wp\/v2\/tags?post=11028"}],"curies":[{"name":"wp","href":"https:\/\/api.w.org\/{rel}","templated":true}]}}