{"id":10816,"date":"2017-09-07T10:30:47","date_gmt":"2017-09-07T08:30:47","guid":{"rendered":"https:\/\/www.viaprinto.de\/blog\/?p=10816"},"modified":"2024-05-10T16:50:45","modified_gmt":"2024-05-10T14:50:45","slug":"adventskalender-vierol","status":"publish","type":"post","link":"https:\/\/www.viaprinto.de\/blog\/adventskalender-vierol\/","title":{"rendered":"Adventskalender vom Automobilzulieferer."},"content":{"rendered":"<p>Die <a href=\"http:\/\/www.vierol.de\/de\/\" target=\"_blank\" rel=\"noopener noreferrer\">Vierol AG<\/a> entwickelt Autoteile, die von Oldenburg aus in rund 125 L\u00e4nder verschickt werden. Mit rund 180 Mitarbeitern und drei Tochtergesellschaften im Ausland verliert der Autoteilezulieferer dabei nicht den Blick f\u00fcr die kleinen Freuden: Seit einigen Jahren begl\u00fcckt das Unternehmen seine Kunden mit <a href=\"https:\/\/www.viaprinto.de\/adventskalender\" target=\"_blank\" rel=\"noopener noreferrer\">Adventskalendern <\/a>\u2013 nat\u00fcrlich mit Schokolade gef\u00fcllt. Wir haben mal in der Marketingabteilung bei Sina Schr\u00f6der und Vanessa Janich nachgefragt, wo die Kalender eigentlich landen\u2026.<\/p>\n<p><strong>&nbsp;<\/strong><\/p>\n<figure id=\"attachment_10830\" aria-describedby=\"caption-attachment-10830\" style=\"width: 300px\" class=\"wp-caption alignleft\"><a href=\"https:\/\/www.viaprinto.de\/blog\/wp-content\/uploads\/2017\/09\/blogbild_galerie_vierol.jpg\" data-rel=\"lightbox-image-0\" data-rl_title=\"\" data-rl_caption=\"\" title=\"\"><img loading=\"lazy\" decoding=\"async\" class=\"size-medium wp-image-10830\" src=\"https:\/\/www.viaprinto.de\/blog\/wp-content\/uploads\/2017\/09\/blogbild_galerie_vierol-300x228.jpg\" alt=\"\" width=\"300\" height=\"228\"><\/a><figcaption id=\"caption-attachment-10830\" class=\"wp-caption-text\">Vanessa Janich (links) und Sina Schr\u00f6der aus dem Marketingteam der Vierol AG.<br \/>\u00a9Vierol AG<\/figcaption><\/figure>\n<p><strong>Die Kalender werden in gro\u00dfen Mengen versendet. Wo genau sitzen die Empf\u00e4nger?<\/strong><\/p>\n<p>&#8222;Unsere Adventskalender erfreuen quasi ganz Europa. Von Gro\u00dfbritannien, \u00fcber Malta und Estland bis Slowenien \u2013 es ist uns ein Bed\u00fcrfnis, unseren Kunden in diesen L\u00e4ndern seit einigen Jahren die Weihnachtszeit zu vers\u00fc\u00dfen und auch unsere Adventskultur zu teilen.&#8220;<\/p>\n<p>&nbsp;<\/p>\n<p><strong>Wie viele Empf\u00e4nger erreicht die Vierol AG mit den Kalendern und wie ist die Resonanz? <\/strong><\/p>\n<p>&#8222;Rund 500 Kunden im In- und Ausland bekommen Ende November unsere Adventskalender zugeschickt. Und die Reaktion ist wirklich toll. Viele Kunden bedanken sich und wollen oft schon Anfang November wissen, wann die neuen Kalender wieder versandt werden.&#8220;<\/p>\n<p>&nbsp;<\/p>\n<p><strong>Neben den Adventskalendern lie\u00df die Vierol AG bereits andere Prints bei viaprinto drucken. Welche Bedingungen sehen Sie bei uns erf\u00fcllt, worauf wird in Sachen Online-Druck Wert gelegt?<\/strong><\/p>\n<p>&#8222;Zun\u00e4chst ist die Qualit\u00e4t bei viaprinto hervorragend. Dann geben Sie uns auch die Flexibilit\u00e4t, die wir brauchen, um au\u00dfergew\u00f6hnliche Druckprodukte umzusetzen. Da denke ich an Personalisierungen oder aufw\u00e4ndige Falzungen, wie jetzt gerade wieder bei unseren Postern. Der Service ist super, wir werden fantastisch beraten und auch die Lieferzeiten sind kurz.&#8220;<\/p>\n<p>&nbsp;<\/p>\n<p>[av_button label=&#8217;Zum Adventskalender in unserer Galerie&#8216; link=&#8217;manually,https:\/\/www.viaprinto.de\/galerie\/index.html?galleryProject=2c6cb819-bee0-4b22-93df-71a884e1ddd8&#8242; link_target=&#8217;_blank&#8216; size=&#8217;medium&#8216; position=&#8217;center&#8216; icon_select=&#8217;no&#8216; icon=&#8217;ue800&#8242; font=&#8217;entypo-fontello&#8216; color=&#8217;theme-color&#8216; custom_bg=&#8217;#444444&#8242; custom_font=&#8217;#ffffff&#8216;]<\/p>\n<p>&nbsp;<\/p>\n<figure id=\"attachment_10821\" aria-describedby=\"caption-attachment-10821\" style=\"width: 150px\" class=\"wp-caption alignleft\"><a href=\"https:\/\/www.viaprinto.de\/blog\/wp-content\/uploads\/2017\/09\/vierol_logo_150x60.png\" data-rel=\"lightbox-image-1\" data-rl_title=\"\" data-rl_caption=\"\" title=\"\"><img loading=\"lazy\" decoding=\"async\" class=\"size-full wp-image-10821\" src=\"https:\/\/www.viaprinto.de\/blog\/wp-content\/uploads\/2017\/09\/vierol_logo_150x60.png\" alt=\"\" width=\"150\" height=\"60\"><\/a><figcaption id=\"caption-attachment-10821\" class=\"wp-caption-text\">Vierol AG, Karlstr. 19, 26123 Oldenburg, <a href=\"http:\/\/www.vierol.de\/de\/\" target=\"_blank\" rel=\"noopener noreferrer\">www.vierol.de<\/a><\/figcaption><\/figure>\n<p>&nbsp;<\/p>\n<p>&nbsp;<\/p>\n<p>&nbsp;<\/p>\n<p>&nbsp;<\/p>\n","protected":false},"excerpt":{"rendered":"<p>Mit rund 180 Mitarbeitern und drei Tochtergesellschaften im Ausland verliert der Autoteilezulieferer dabei nicht den Blick f\u00fcr die kleinen Freuden: Seit einigen Jahren erfreut die Vierol AG seine Kunden mit Adventskalendern. <\/p>\n","protected":false},"author":7,"featured_media":10837,"comment_status":"open","ping_status":"closed","sticky":false,"template":"","format":"standard","meta":{"_acf_changed":false,"inline_featured_image":false,"footnotes":""},"categories":[8],"tags":[50,52,51],"class_list":["post-10816","post","type-post","status-publish","format-standard","has-post-thumbnail","hentry","category-produkte","tag-galerie","tag-kundengalerie","tag-portrait"],"mb":[],"acf":[],"yoast_head":"<!-- This site is optimized with the Yoast SEO plugin v27.4 - https:\/\/yoast.com\/product\/yoast-seo-wordpress\/ -->\n<title>Adventskalender unserer Kunden | viaprinto Blog<\/title>\n<meta name=\"description\" content=\"viaprinto Blog | Adventskalender vom Automobilzulieferer. \u25b6 viaprinto Galerie \u25b6 Vierol AG \u25b6 Erfahren Sie mehr.\" \/>\n<meta name=\"robots\" content=\"index, follow, max-snippet:-1, max-image-preview:large, max-video-preview:-1\" \/>\n<link rel=\"canonical\" href=\"https:\/\/www.viaprinto.de\/blog\/adventskalender-vierol\/\" \/>\n<meta property=\"og:locale\" content=\"de_DE\" \/>\n<meta property=\"og:type\" content=\"article\" \/>\n<meta property=\"og:title\" content=\"Adventskalender unserer Kunden | viaprinto Blog\" \/>\n<meta property=\"og:description\" content=\"viaprinto Blog | Adventskalender vom Automobilzulieferer. \u25b6 viaprinto Galerie \u25b6 Vierol AG \u25b6 Erfahren Sie mehr.\" \/>\n<meta property=\"og:url\" content=\"https:\/\/www.viaprinto.de\/blog\/adventskalender-vierol\/\" \/>\n<meta property=\"og:site_name\" content=\"viaprinto Blog | Alles \u00fcber den Druck\" \/>\n<meta property=\"article:published_time\" content=\"2017-09-07T08:30:47+00:00\" \/>\n<meta property=\"article:modified_time\" content=\"2024-05-10T14:50:45+00:00\" \/>\n<meta property=\"og:image\" content=\"https:\/\/www.viaprinto.de\/blog\/wp-content\/uploads\/2017\/09\/header_galerie_vierol-1.png\" \/>\n\t<meta property=\"og:image:width\" content=\"1030\" \/>\n\t<meta property=\"og:image:height\" content=\"387\" \/>\n\t<meta property=\"og:image:type\" content=\"image\/png\" \/>\n<meta name=\"author\" content=\"Isabel J\u00f6dicke\" \/>\n<script type=\"application\/ld+json\" class=\"yoast-schema-graph\">{\"@context\":\"https:\\\/\\\/schema.org\",\"@graph\":[{\"@type\":\"Article\",\"@id\":\"https:\\\/\\\/www.viaprinto.de\\\/blog\\\/adventskalender-vierol\\\/#article\",\"isPartOf\":{\"@id\":\"https:\\\/\\\/www.viaprinto.de\\\/blog\\\/adventskalender-vierol\\\/\"},\"author\":{\"name\":\"Isabel J\u00f6dicke\",\"@id\":\"https:\\\/\\\/www.viaprinto.de\\\/blog\\\/#\\\/schema\\\/person\\\/3c99507c1660c1f0bef1f76812fb55d9\"},\"headline\":\"Adventskalender vom Automobilzulieferer.\",\"datePublished\":\"2017-09-07T08:30:47+00:00\",\"dateModified\":\"2024-05-10T14:50:45+00:00\",\"mainEntityOfPage\":{\"@id\":\"https:\\\/\\\/www.viaprinto.de\\\/blog\\\/adventskalender-vierol\\\/\"},\"wordCount\":359,\"commentCount\":0,\"publisher\":{\"@id\":\"https:\\\/\\\/www.viaprinto.de\\\/blog\\\/#organization\"},\"image\":{\"@id\":\"https:\\\/\\\/www.viaprinto.de\\\/blog\\\/adventskalender-vierol\\\/#primaryimage\"},\"thumbnailUrl\":\"https:\\\/\\\/www.viaprinto.de\\\/blog\\\/wp-content\\\/uploads\\\/2017\\\/09\\\/header_galerie_vierol-1.png\",\"keywords\":[\"Galerie\",\"Kundengalerie\",\"Portrait\"],\"articleSection\":[\"Produkte\"],\"inLanguage\":\"de\",\"potentialAction\":[{\"@type\":\"CommentAction\",\"name\":\"Comment\",\"target\":[\"https:\\\/\\\/www.viaprinto.de\\\/blog\\\/adventskalender-vierol\\\/#respond\"]}]},{\"@type\":\"WebPage\",\"@id\":\"https:\\\/\\\/www.viaprinto.de\\\/blog\\\/adventskalender-vierol\\\/\",\"url\":\"https:\\\/\\\/www.viaprinto.de\\\/blog\\\/adventskalender-vierol\\\/\",\"name\":\"Adventskalender unserer Kunden | viaprinto Blog\",\"isPartOf\":{\"@id\":\"https:\\\/\\\/www.viaprinto.de\\\/blog\\\/#website\"},\"primaryImageOfPage\":{\"@id\":\"https:\\\/\\\/www.viaprinto.de\\\/blog\\\/adventskalender-vierol\\\/#primaryimage\"},\"image\":{\"@id\":\"https:\\\/\\\/www.viaprinto.de\\\/blog\\\/adventskalender-vierol\\\/#primaryimage\"},\"thumbnailUrl\":\"https:\\\/\\\/www.viaprinto.de\\\/blog\\\/wp-content\\\/uploads\\\/2017\\\/09\\\/header_galerie_vierol-1.png\",\"description\":\"viaprinto Blog | Adventskalender vom Automobilzulieferer. \u25b6 viaprinto Galerie \u25b6 Vierol AG \u25b6 Erfahren Sie mehr.\",\"breadcrumb\":{\"@id\":\"https:\\\/\\\/www.viaprinto.de\\\/blog\\\/adventskalender-vierol\\\/#breadcrumb\"},\"inLanguage\":\"de\",\"potentialAction\":[{\"@type\":\"ReadAction\",\"target\":[\"https:\\\/\\\/www.viaprinto.de\\\/blog\\\/adventskalender-vierol\\\/\"]}]},{\"@type\":\"ImageObject\",\"inLanguage\":\"de\",\"@id\":\"https:\\\/\\\/www.viaprinto.de\\\/blog\\\/adventskalender-vierol\\\/#primaryimage\",\"url\":\"https:\\\/\\\/www.viaprinto.de\\\/blog\\\/wp-content\\\/uploads\\\/2017\\\/09\\\/header_galerie_vierol-1.png\",\"contentUrl\":\"https:\\\/\\\/www.viaprinto.de\\\/blog\\\/wp-content\\\/uploads\\\/2017\\\/09\\\/header_galerie_vierol-1.png\",\"width\":1030,\"height\":387},{\"@type\":\"BreadcrumbList\",\"@id\":\"https:\\\/\\\/www.viaprinto.de\\\/blog\\\/adventskalender-vierol\\\/#breadcrumb\",\"itemListElement\":[{\"@type\":\"ListItem\",\"position\":1,\"name\":\"Startseite\",\"item\":\"https:\\\/\\\/www.viaprinto.de\\\/blog\\\/\"},{\"@type\":\"ListItem\",\"position\":2,\"name\":\"Adventskalender vom Automobilzulieferer.\"}]},{\"@type\":\"WebSite\",\"@id\":\"https:\\\/\\\/www.viaprinto.de\\\/blog\\\/#website\",\"url\":\"https:\\\/\\\/www.viaprinto.de\\\/blog\\\/\",\"name\":\"viaprinto Blog | Alles \u00fcber den Druck\",\"description\":\"\",\"publisher\":{\"@id\":\"https:\\\/\\\/www.viaprinto.de\\\/blog\\\/#organization\"},\"potentialAction\":[{\"@type\":\"SearchAction\",\"target\":{\"@type\":\"EntryPoint\",\"urlTemplate\":\"https:\\\/\\\/www.viaprinto.de\\\/blog\\\/?s={search_term_string}\"},\"query-input\":{\"@type\":\"PropertyValueSpecification\",\"valueRequired\":true,\"valueName\":\"search_term_string\"}}],\"inLanguage\":\"de\"},{\"@type\":\"Organization\",\"@id\":\"https:\\\/\\\/www.viaprinto.de\\\/blog\\\/#organization\",\"name\":\"viaprinto\",\"url\":\"https:\\\/\\\/www.viaprinto.de\\\/blog\\\/\",\"logo\":{\"@type\":\"ImageObject\",\"inLanguage\":\"de\",\"@id\":\"https:\\\/\\\/www.viaprinto.de\\\/blog\\\/#\\\/schema\\\/logo\\\/image\\\/\",\"url\":\"https:\\\/\\\/www.viaprinto.de\\\/blog\\\/wp-content\\\/uploads\\\/2022\\\/12\\\/viaprinto-blog-logo.svg\",\"contentUrl\":\"https:\\\/\\\/www.viaprinto.de\\\/blog\\\/wp-content\\\/uploads\\\/2022\\\/12\\\/viaprinto-blog-logo.svg\",\"caption\":\"viaprinto\"},\"image\":{\"@id\":\"https:\\\/\\\/www.viaprinto.de\\\/blog\\\/#\\\/schema\\\/logo\\\/image\\\/\"},\"sameAs\":[\"https:\\\/\\\/www.linkedin.com\\\/company\\\/viaprinto\"]},{\"@type\":\"Person\",\"@id\":\"https:\\\/\\\/www.viaprinto.de\\\/blog\\\/#\\\/schema\\\/person\\\/3c99507c1660c1f0bef1f76812fb55d9\",\"name\":\"Isabel J\u00f6dicke\",\"url\":\"https:\\\/\\\/www.viaprinto.de\\\/blog\\\/author\\\/isabel-joedickeviaprinto-de\\\/\"}]}<\/script>\n<!-- \/ Yoast SEO plugin. -->","yoast_head_json":{"title":"Adventskalender unserer Kunden | viaprinto Blog","description":"viaprinto Blog | Adventskalender vom Automobilzulieferer. \u25b6 viaprinto Galerie \u25b6 Vierol AG \u25b6 Erfahren Sie mehr.","robots":{"index":"index","follow":"follow","max-snippet":"max-snippet:-1","max-image-preview":"max-image-preview:large","max-video-preview":"max-video-preview:-1"},"canonical":"https:\/\/www.viaprinto.de\/blog\/adventskalender-vierol\/","og_locale":"de_DE","og_type":"article","og_title":"Adventskalender unserer Kunden | viaprinto Blog","og_description":"viaprinto Blog | Adventskalender vom Automobilzulieferer. \u25b6 viaprinto Galerie \u25b6 Vierol AG \u25b6 Erfahren Sie mehr.","og_url":"https:\/\/www.viaprinto.de\/blog\/adventskalender-vierol\/","og_site_name":"viaprinto Blog | Alles \u00fcber den Druck","article_published_time":"2017-09-07T08:30:47+00:00","article_modified_time":"2024-05-10T14:50:45+00:00","og_image":[{"width":1030,"height":387,"url":"https:\/\/www.viaprinto.de\/blog\/wp-content\/uploads\/2017\/09\/header_galerie_vierol-1.png","type":"image\/png"}],"author":"Isabel J\u00f6dicke","schema":{"@context":"https:\/\/schema.org","@graph":[{"@type":"Article","@id":"https:\/\/www.viaprinto.de\/blog\/adventskalender-vierol\/#article","isPartOf":{"@id":"https:\/\/www.viaprinto.de\/blog\/adventskalender-vierol\/"},"author":{"name":"Isabel J\u00f6dicke","@id":"https:\/\/www.viaprinto.de\/blog\/#\/schema\/person\/3c99507c1660c1f0bef1f76812fb55d9"},"headline":"Adventskalender vom Automobilzulieferer.","datePublished":"2017-09-07T08:30:47+00:00","dateModified":"2024-05-10T14:50:45+00:00","mainEntityOfPage":{"@id":"https:\/\/www.viaprinto.de\/blog\/adventskalender-vierol\/"},"wordCount":359,"commentCount":0,"publisher":{"@id":"https:\/\/www.viaprinto.de\/blog\/#organization"},"image":{"@id":"https:\/\/www.viaprinto.de\/blog\/adventskalender-vierol\/#primaryimage"},"thumbnailUrl":"https:\/\/www.viaprinto.de\/blog\/wp-content\/uploads\/2017\/09\/header_galerie_vierol-1.png","keywords":["Galerie","Kundengalerie","Portrait"],"articleSection":["Produkte"],"inLanguage":"de","potentialAction":[{"@type":"CommentAction","name":"Comment","target":["https:\/\/www.viaprinto.de\/blog\/adventskalender-vierol\/#respond"]}]},{"@type":"WebPage","@id":"https:\/\/www.viaprinto.de\/blog\/adventskalender-vierol\/","url":"https:\/\/www.viaprinto.de\/blog\/adventskalender-vierol\/","name":"Adventskalender unserer Kunden | viaprinto Blog","isPartOf":{"@id":"https:\/\/www.viaprinto.de\/blog\/#website"},"primaryImageOfPage":{"@id":"https:\/\/www.viaprinto.de\/blog\/adventskalender-vierol\/#primaryimage"},"image":{"@id":"https:\/\/www.viaprinto.de\/blog\/adventskalender-vierol\/#primaryimage"},"thumbnailUrl":"https:\/\/www.viaprinto.de\/blog\/wp-content\/uploads\/2017\/09\/header_galerie_vierol-1.png","description":"viaprinto Blog | Adventskalender vom Automobilzulieferer. \u25b6 viaprinto Galerie \u25b6 Vierol AG \u25b6 Erfahren Sie mehr.","breadcrumb":{"@id":"https:\/\/www.viaprinto.de\/blog\/adventskalender-vierol\/#breadcrumb"},"inLanguage":"de","potentialAction":[{"@type":"ReadAction","target":["https:\/\/www.viaprinto.de\/blog\/adventskalender-vierol\/"]}]},{"@type":"ImageObject","inLanguage":"de","@id":"https:\/\/www.viaprinto.de\/blog\/adventskalender-vierol\/#primaryimage","url":"https:\/\/www.viaprinto.de\/blog\/wp-content\/uploads\/2017\/09\/header_galerie_vierol-1.png","contentUrl":"https:\/\/www.viaprinto.de\/blog\/wp-content\/uploads\/2017\/09\/header_galerie_vierol-1.png","width":1030,"height":387},{"@type":"BreadcrumbList","@id":"https:\/\/www.viaprinto.de\/blog\/adventskalender-vierol\/#breadcrumb","itemListElement":[{"@type":"ListItem","position":1,"name":"Startseite","item":"https:\/\/www.viaprinto.de\/blog\/"},{"@type":"ListItem","position":2,"name":"Adventskalender vom Automobilzulieferer."}]},{"@type":"WebSite","@id":"https:\/\/www.viaprinto.de\/blog\/#website","url":"https:\/\/www.viaprinto.de\/blog\/","name":"viaprinto Blog | Alles \u00fcber den Druck","description":"","publisher":{"@id":"https:\/\/www.viaprinto.de\/blog\/#organization"},"potentialAction":[{"@type":"SearchAction","target":{"@type":"EntryPoint","urlTemplate":"https:\/\/www.viaprinto.de\/blog\/?s={search_term_string}"},"query-input":{"@type":"PropertyValueSpecification","valueRequired":true,"valueName":"search_term_string"}}],"inLanguage":"de"},{"@type":"Organization","@id":"https:\/\/www.viaprinto.de\/blog\/#organization","name":"viaprinto","url":"https:\/\/www.viaprinto.de\/blog\/","logo":{"@type":"ImageObject","inLanguage":"de","@id":"https:\/\/www.viaprinto.de\/blog\/#\/schema\/logo\/image\/","url":"https:\/\/www.viaprinto.de\/blog\/wp-content\/uploads\/2022\/12\/viaprinto-blog-logo.svg","contentUrl":"https:\/\/www.viaprinto.de\/blog\/wp-content\/uploads\/2022\/12\/viaprinto-blog-logo.svg","caption":"viaprinto"},"image":{"@id":"https:\/\/www.viaprinto.de\/blog\/#\/schema\/logo\/image\/"},"sameAs":["https:\/\/www.linkedin.com\/company\/viaprinto"]},{"@type":"Person","@id":"https:\/\/www.viaprinto.de\/blog\/#\/schema\/person\/3c99507c1660c1f0bef1f76812fb55d9","name":"Isabel J\u00f6dicke","url":"https:\/\/www.viaprinto.de\/blog\/author\/isabel-joedickeviaprinto-de\/"}]}},"mfb_rest_fields":["title","yoast_head","yoast_head_json"],"_links":{"self":[{"href":"https:\/\/www.viaprinto.de\/blog\/wp-json\/wp\/v2\/posts\/10816","targetHints":{"allow":["GET"]}}],"collection":[{"href":"https:\/\/www.viaprinto.de\/blog\/wp-json\/wp\/v2\/posts"}],"about":[{"href":"https:\/\/www.viaprinto.de\/blog\/wp-json\/wp\/v2\/types\/post"}],"author":[{"embeddable":true,"href":"https:\/\/www.viaprinto.de\/blog\/wp-json\/wp\/v2\/users\/7"}],"replies":[{"embeddable":true,"href":"https:\/\/www.viaprinto.de\/blog\/wp-json\/wp\/v2\/comments?post=10816"}],"version-history":[{"count":1,"href":"https:\/\/www.viaprinto.de\/blog\/wp-json\/wp\/v2\/posts\/10816\/revisions"}],"predecessor-version":[{"id":18847,"href":"https:\/\/www.viaprinto.de\/blog\/wp-json\/wp\/v2\/posts\/10816\/revisions\/18847"}],"wp:featuredmedia":[{"embeddable":true,"href":"https:\/\/www.viaprinto.de\/blog\/wp-json\/wp\/v2\/media\/10837"}],"wp:attachment":[{"href":"https:\/\/www.viaprinto.de\/blog\/wp-json\/wp\/v2\/media?parent=10816"}],"wp:term":[{"taxonomy":"category","embeddable":true,"href":"https:\/\/www.viaprinto.de\/blog\/wp-json\/wp\/v2\/categories?post=10816"},{"taxonomy":"post_tag","embeddable":true,"href":"https:\/\/www.viaprinto.de\/blog\/wp-json\/wp\/v2\/tags?post=10816"}],"curies":[{"name":"wp","href":"https:\/\/api.w.org\/{rel}","templated":true}]}}