{"id":10184,"date":"2017-03-14T10:00:18","date_gmt":"2017-03-14T09:00:18","guid":{"rendered":"https:\/\/www.viaprinto.de\/blog\/?p=10184"},"modified":"2024-02-13T12:25:00","modified_gmt":"2024-02-13T11:25:00","slug":"nachhaltiges-grafikdesign","status":"publish","type":"post","link":"https:\/\/www.viaprinto.de\/blog\/nachhaltiges-grafikdesign\/","title":{"rendered":"Interview: \u00d6kologische Nachhaltigkeit mit Design."},"content":{"rendered":"<p><em>Melissa Fiebig lebt und arbeitet in Weimar als freischaffende Grafikdesignerin. Die 29-J\u00e4hrige hat sich auf Print-Medien spezialisiert und legt dabei ein besonderes Augenmerk auf die Nachhaltigkeit ihrer Werke und layouteten Produkte. Im Fach Visuelle Kommunikation\/Visuelle Kultur an der Bauhaus-Universit\u00e4t Weimar hat sie 2014 ihre Masterarbeit \u00fcber nachhaltiges Print- und Webdesign geschrieben. Diese hat sie als Leitfaden und Handbuch f\u00fcr Gestalter zusammen mit der Druckerei Lokay ver\u00f6ffentlicht unter dem Titel: \u201e<a href=\"http:\/\/melissafiebig.de\/portfolio\/ausflug-ins-gruene\/\" target=\"_blank\" rel=\"noopener\">Ausflug ins Gr\u00fcne<\/a>\u201c. Die freie Journalistin Taalke Nieberding unserer Nachhaltigkeitsserie hat mit ihr \u00fcber das Thema gesprochen. <\/em><\/p>\n<p>&nbsp;<\/p>\n<figure id=\"attachment_10219\" aria-describedby=\"caption-attachment-10219\" style=\"width: 300px\" class=\"wp-caption alignleft\"><a href=\"https:\/\/www.viaprinto.de\/blog\/wp-content\/uploads\/2017\/03\/serie_klimaneutralerdruck_melissa_fiebig_422x321.png\" data-rel=\"lightbox-image-0\" data-rl_title=\"\" data-rl_caption=\"\" title=\"\"><img loading=\"lazy\" decoding=\"async\" class=\"wp-image-10219 size-medium\" src=\"https:\/\/www.viaprinto.de\/blog\/wp-content\/uploads\/2017\/03\/serie_klimaneutralerdruck_melissa_fiebig_422x321-300x228.png\" alt=\"\" width=\"300\" height=\"228\"><\/a><figcaption id=\"caption-attachment-10219\" class=\"wp-caption-text\">F\u00fcr Melissa Fiebig ist Nachhaltigkeit in der Gestaltung wichtig. \u00a9privat<\/figcaption><\/figure>\n<p><strong>Wahrscheinlich muss man nicht erst bei der Auswahl des Papiers ansetzen, wenn man ein umweltfreundliches Druckerzeugnis plant? <\/strong><\/p>\n<p>Genau, der Entwicklungsprozess auch im Hinblick auf die Nachhaltigkeit sollte bereits bei der ersten Idee zum Printprodukt beginnen. So k\u00f6nnen gleich \u00f6kologische Aspekte die entscheidenden Gestaltungsmerkmale wie Typografie, Format, Farbgebung oder Drucktechnik beeinflussen. Die Wahl des Papiers und der Druckerei ist der finale Schritt in einem langen Prozess. Entstehen soll immer ein durchdachtes Produkt mit wertvollen Inhalten, denen auch die \u00e4sthetische Gestaltung gerecht wird.<\/p>\n<p>&nbsp;<\/p>\n<p><strong>Das Thema \u00d6kologie liegt Ihnen am Herzen. Weshalb?<\/strong><\/p>\n<p>Ich versuche, auch im Alltag in einem gesunden Ma\u00df auf eine \u00f6kologische und nachhaltige Lebensweise zu achten. Irgendwann habe ich mich gefragt, wie ich diese Lebensweise auch in meinem Beruf als Designerin anwenden kann, um die Produkte, die ich gestalte und entwickle, ein st\u00fcckweit nachhaltiger zu machen.<\/p>\n<p><strong>Wie sind Sie auf das Thema f\u00fcr Ihre Masterarbeit gesto\u00dfen?<\/strong><\/p>\n<p>Ich hatte in der Zeit, als ich auf der Suche nach einem Thema f\u00fcr meine Masterarbeit war, den Eindruck, dass nach dem Prinzip \u00bbAus den Augen, aus dem Sinn\u00ab Printprodukte im Allgemeinen in ihrer \u00f6kologischen Bilanz schlechter dastehen als digitale Produkte und wollte auch dieser Frage in meiner Masterarbeit nachgehen.<\/p>\n<figure id=\"attachment_10188\" aria-describedby=\"caption-attachment-10188\" style=\"width: 300px\" class=\"wp-caption aligncenter\"><a href=\"https:\/\/www.viaprinto.de\/blog\/wp-content\/uploads\/2017\/03\/serie_klimaneutralerdruck_design_innen_422x321.png\" data-rel=\"lightbox-image-1\" data-rl_title=\"\" data-rl_caption=\"\" title=\"\"><img loading=\"lazy\" decoding=\"async\" class=\"wp-image-10188 size-medium\" src=\"https:\/\/www.viaprinto.de\/blog\/wp-content\/uploads\/2017\/03\/serie_klimaneutralerdruck_design_innen_422x321-300x228.png\" alt=\"\" width=\"300\" height=\"228\"><\/a><figcaption id=\"caption-attachment-10188\" class=\"wp-caption-text\">Ein Blick in &#8222;Ausflug ins Gr\u00fcne&#8220;. \u00a9Melissa Fiebig<\/figcaption><\/figure>\n<p><strong>Wie gehen Sie vor, wenn Sie f\u00fcr einen Kunden beispielsweise eine nachhaltige Brosch\u00fcre layouten?<\/strong><\/p>\n<p>Ich entscheide oft von Fall zu Fall, wo man an der Stellschraube der Nachhaltigkeit drehen kann. Jeder Kunde hat eigene Vorstellungen an sein Printprodukt, was trotz allem \u00f6kologischen Denkens auch ber\u00fccksichtigt werden muss. Anders als bei meiner Masterarbeit, die gleich mehrere Faktoren der Nachhaltigkeit in der Gestaltung und Umsetzung vereint, kann man bei den meisten Projekten nur einige ausgew\u00e4hlte Aspekte f\u00fcr Nachhaltigkeit mit in den Prozess einflie\u00dfen lassen. Einer der ersten Entscheidungsfaktoren ist der Inhalt und der Umfang. In Verbindung mit den inhaltlichen Anforderungen entscheide ich dann zusammen mit dem Kunden oder der Kundin, in welcher Farbe gedruckt werden soll: CMYK, einfarbig oder mit Sonderfarben. Einfarbig gedruckt Produkte sparen Ressourcen bei der Plattenbelichtung. Denn nur eine Offsetplatte muss belichtet werden \u2013 anstelle von vieren wie im Vierfarb-Offsetdruck CMYK.<\/p>\n<p><strong>Worauf kann in \u00f6kologischer Hinsicht noch geachtet werden?<\/strong><\/p>\n<p>Bei einer Brosch\u00fcre ist auch die Bindung eine Stellschraube f\u00fcr ein nachhaltigeres Produkt. Beispielsweise gilt eine einfache Klammerhaftung als besonders \u00f6kologisch, da hier kein Kleber eingesetzt wird. Und die Heftklammer l\u00e4sst sich beim Deinking-Prozess einfach herausfiltern. Auch das Format kann entscheidend sein, aber auch wo gedruckt wird \u2013 lokale Druckerei, \u00d6ko-Druckerei oder Online-Druckerei \u2013 und nat\u00fcrlich die Wahl eines zertifizierten Recycling- oder Naturpapiers und einer nachhaltigkeitszertifizierten Druckfarbe. Oft ist es ein Abw\u00e4gen zwischen inhaltlichen Anforderungen, Gestaltung und Nachhaltigkeit, aber auch des Kostenfaktors.<\/p>\n<p><strong>Wo kann man in Sachen Format \u00f6kologisch ansetzen?<\/strong><\/p>\n<p>Die Wahl des Formates ist an den Auftrag gebunden. Ein Ansatz bei der Format-Wahl basiert auf der Gr\u00f6\u00dfe des zur Verf\u00fcgung stehenden Druckbogens \u2013 unter der Voraussetzung eines Offsetdrucks, bei hohen Auflagen \u2013 und dessen optimaler Ausnutzung. Das Ziel hierbei ist, m\u00f6glichst wenig Verschnitt zu erzeugen. Ein anderer Ansatz ist es, auf Standard-Formate zur\u00fcckzugreifen und damit die M\u00f6glichkeit zu nutzen, etwa bei einer Online-Druckerei zu drucken. Diese sind oft recht g\u00fcnstig, weil sich hier im Offsetdruck in der Regel mehrere Druckauftr\u00e4ge eine Druckplatte teilen. Das schont nicht nur den Geldbeutel des Kunden sondern auch Ressourcen.<\/p>\n<p><strong>Und wie kann man bei der Typografie Ressourcen sparen?<\/strong><\/p>\n<figure id=\"attachment_10193\" aria-describedby=\"caption-attachment-10193\" style=\"width: 300px\" class=\"wp-caption alignleft\"><a href=\"https:\/\/www.viaprinto.de\/blog\/wp-content\/uploads\/2017\/03\/serie_klimaneutralerdruck_design_typografie_422x321.png\" data-rel=\"lightbox-image-2\" data-rl_title=\"\" data-rl_caption=\"\" title=\"\"><img loading=\"lazy\" decoding=\"async\" class=\"wp-image-10193 size-medium\" src=\"https:\/\/www.viaprinto.de\/blog\/wp-content\/uploads\/2017\/03\/serie_klimaneutralerdruck_design_typografie_422x321-300x228.png\" alt=\"\" width=\"300\" height=\"228\"><\/a><figcaption id=\"caption-attachment-10193\" class=\"wp-caption-text\">Es geht auch effektiver: platzsparende Typografie. \u00a9Melissa Fiebig<\/figcaption><\/figure>\n<p>Es ist m\u00f6glich, mit einer platzsparenden Schrift den Umfang einer Brosch\u00fcre zu verringern. Dabei ist jedoch immer zu beachten, dass die Schrift trotz ihrer platzsparenden Eigenschaften gut lesbar bleibt und zudem der Anwendung entsprechend ausgebaut ist \u2013 beispielsweise mit Glyphen anderer Sprachen, diakritischen Zeichen, Medi\u00e4valziffern und oder Kapit\u00e4lchen. Zudem ist dabei auch zu pr\u00fcfen, ob der Umfang um eine sinnvolle Seitenzahl verringert werden kann. Hat man beispielsweise eine Brosch\u00fcre mit einer einfachen R\u00fcckstichheftung, ist es wichtig, dass die Seitenzahl durch vier teilbar bleibt.<\/p>\n<p>&nbsp;<\/p>\n<p><strong>Nachhaltigkeit sollte mehr an Bedeutung gewinnen, klar. Aber gibt es nicht auch Nachteile, wenn man nach \u00f6kologischen Gesichtspunkten grafisch gestaltet? Werden beispielsweise die Gestaltungsspielr\u00e4ume zu sehr beschnitten?<\/strong><\/p>\n<p>Im Grunde ist jedes Projekt durch bestimmte \u00e4u\u00dfere Faktoren \u00bbbeschnitten\u00ab, wie zum Beispiel die Zielgruppe, der Umfang des Inhalts aber auch die Kosten. Je nach Betrachtung k\u00f6nnen diese Kriterien aber auch sinnvolle Rahmenbedingungen sein, die das Produkt und die Gestaltung positiv bedingen. Entscheidend ist, was man daraus macht!<\/p>\n<p>&nbsp;<\/p>\n<figure id=\"attachment_9841\" aria-describedby=\"caption-attachment-9841\" style=\"width: 200px\" class=\"wp-caption alignleft\"><a href=\"https:\/\/www.viaprinto.de\/blog\/wp-content\/uploads\/2016\/12\/photoTaalke.jpg\" data-rel=\"lightbox-image-3\" data-rl_title=\"\" data-rl_caption=\"\" title=\"\"><img loading=\"lazy\" decoding=\"async\" class=\"wp-image-9841 size-medium\" src=\"https:\/\/www.viaprinto.de\/blog\/wp-content\/uploads\/2016\/12\/photoTaalke-200x300.jpg\" alt=\"phototaalke\" width=\"200\" height=\"300\"><\/a><figcaption id=\"caption-attachment-9841\" class=\"wp-caption-text\">Taalke Nieberding arbeitet als freie Journalistin in Bonn. Nachhaltigkeit und Umweltschutz geh\u00f6ren zu ihren Schwerpunktthemen. www.taalke-nieberding.de \u00a9privat<\/figcaption><\/figure>\n<p>&nbsp;<\/p>\n<p><em>Das ist der letzte Teil unserer Serie.<\/em><\/p>\n<p>&nbsp;<\/p>\n<p>&nbsp;<\/p>\n<p>Bisher erschienen:<\/p>\n<p><a href=\"https:\/\/www.viaprinto.de\/blog\/2017\/01\/ausgleich-fuer-die-umwelt\/\" target=\"_blank\" rel=\"noopener\">Klimaneutrales Drucken: Einen Ausgleich f\u00fcr die Umwelt schaffen.<\/a><br \/>\n<a href=\"https:\/\/www.viaprinto.de\/blog\/2017\/01\/oekologische-papiersorten\/\" target=\"_blank\" rel=\"noopener\">\u00d6kologische Papiersorten.<\/a><br \/>\n<a href=\"https:\/\/www.viaprinto.de\/blog\/2017\/01\/papierrecycling\/\" target=\"_blank\" rel=\"noopener\">Wie funktioniert eigentlich Recycling? Und was ist ein Deinkingverfahren?<\/a><br \/>\n<a href=\"https:\/\/www.viaprinto.de\/blog\/2017\/02\/umweltfreundlichefarben\/\" target=\"_blank\" rel=\"noopener\">Umweltfreundliche Farben.<\/a><br \/>\n<a href=\"https:\/\/www.viaprinto.de\/blog\/2017\/02\/papierlabels\/\" target=\"_blank\" rel=\"noopener\">Labels, Zertifizierungen und Siegel f\u00fcr umweltfreundliche Papiere.<\/a><\/p>\n<p>&nbsp;<\/p>\n<p>&nbsp;<\/p>\n<p>&nbsp;<\/p>\n<p>&nbsp;<\/p>\n<p>&nbsp;<\/p>\n","protected":false},"excerpt":{"rendered":"<p>Melissa Fiebig lebt und arbeitet in Weimar als freischaffende Grafikdesignerin. Die 29-J\u00e4hrige hat sich auf Print-Medien spezialisiert und legt dabei ein besonderes Augenmerk auf die Nachhaltigkeit ihrer Werke und layouteten Produkte. Im Fach Visuelle Kommunikation\/Visuelle Kultur an der Bauhaus-Universit\u00e4t Weimar hat sie 2014 ihre Masterarbeit \u00fcber nachhaltiges Print- und Webdesign geschrieben. Diese hat sie als Leitfaden und Handbuch f\u00fcr Gestalter zusammen mit der Druckerei Lokay ver\u00f6ffentlicht unter dem Titel: \u201eAusflug ins Gr\u00fcne\u201c. Die freie Journalistin Taalke Nieberding unserer Nachhaltigkeitsserie hat mit ihr \u00fcber das Thema gesprochen. <\/p>\n","protected":false},"author":7,"featured_media":9862,"comment_status":"open","ping_status":"closed","sticky":false,"template":"","format":"standard","meta":{"_acf_changed":false,"inline_featured_image":false,"footnotes":""},"categories":[3,6],"tags":[261,238,197],"class_list":["post-10184","post","type-post","status-publish","format-standard","has-post-thumbnail","hentry","category-druck","category-nachhaltig","tag-design","tag-nachhaltigkeit","tag-typografie"],"mb":[],"acf":[],"yoast_head":"<!-- This site is optimized with the Yoast SEO plugin v27.4 - https:\/\/yoast.com\/product\/yoast-seo-wordpress\/ -->\n<title>\u00d6kologie &amp; Design | viaprinto Blog<\/title>\n<meta name=\"description\" content=\"viaprinto Blog | Grafische Gestaltung unter \u00f6kologischen Gesichtspunkten \u25b6 viaprinto-Wissen \u25b6 Im Interview.\" \/>\n<meta name=\"robots\" content=\"index, follow, max-snippet:-1, max-image-preview:large, max-video-preview:-1\" \/>\n<link rel=\"canonical\" href=\"https:\/\/www.viaprinto.de\/blog\/nachhaltiges-grafikdesign\/\" \/>\n<meta property=\"og:locale\" content=\"de_DE\" \/>\n<meta property=\"og:type\" content=\"article\" \/>\n<meta property=\"og:title\" content=\"\u00d6kologie &amp; Design | viaprinto Blog\" \/>\n<meta property=\"og:description\" content=\"viaprinto Blog | Grafische Gestaltung unter \u00f6kologischen Gesichtspunkten \u25b6 viaprinto-Wissen \u25b6 Im Interview.\" \/>\n<meta property=\"og:url\" content=\"https:\/\/www.viaprinto.de\/blog\/nachhaltiges-grafikdesign\/\" \/>\n<meta property=\"og:site_name\" content=\"viaprinto Blog | Alles \u00fcber den Druck\" \/>\n<meta property=\"article:published_time\" content=\"2017-03-14T09:00:18+00:00\" \/>\n<meta property=\"article:modified_time\" content=\"2024-02-13T11:25:00+00:00\" \/>\n<meta property=\"og:image\" content=\"https:\/\/www.viaprinto.de\/blog\/wp-content\/uploads\/2017\/01\/blog_header_nachhaltigkeit-im-druck-1.jpg\" \/>\n\t<meta property=\"og:image:width\" content=\"845\" \/>\n\t<meta property=\"og:image:height\" content=\"321\" \/>\n\t<meta property=\"og:image:type\" content=\"image\/jpeg\" \/>\n<meta name=\"author\" content=\"Isabel J\u00f6dicke\" \/>\n<script type=\"application\/ld+json\" class=\"yoast-schema-graph\">{\"@context\":\"https:\\\/\\\/schema.org\",\"@graph\":[{\"@type\":\"Article\",\"@id\":\"https:\\\/\\\/www.viaprinto.de\\\/blog\\\/nachhaltiges-grafikdesign\\\/#article\",\"isPartOf\":{\"@id\":\"https:\\\/\\\/www.viaprinto.de\\\/blog\\\/nachhaltiges-grafikdesign\\\/\"},\"author\":{\"name\":\"Isabel J\u00f6dicke\",\"@id\":\"https:\\\/\\\/www.viaprinto.de\\\/blog\\\/#\\\/schema\\\/person\\\/3c99507c1660c1f0bef1f76812fb55d9\"},\"headline\":\"Interview: \u00d6kologische Nachhaltigkeit mit Design.\",\"datePublished\":\"2017-03-14T09:00:18+00:00\",\"dateModified\":\"2024-02-13T11:25:00+00:00\",\"mainEntityOfPage\":{\"@id\":\"https:\\\/\\\/www.viaprinto.de\\\/blog\\\/nachhaltiges-grafikdesign\\\/\"},\"wordCount\":948,\"commentCount\":0,\"publisher\":{\"@id\":\"https:\\\/\\\/www.viaprinto.de\\\/blog\\\/#organization\"},\"image\":{\"@id\":\"https:\\\/\\\/www.viaprinto.de\\\/blog\\\/nachhaltiges-grafikdesign\\\/#primaryimage\"},\"thumbnailUrl\":\"https:\\\/\\\/www.viaprinto.de\\\/blog\\\/wp-content\\\/uploads\\\/2017\\\/01\\\/blog_header_nachhaltigkeit-im-druck-1.jpg\",\"keywords\":[\"Design\",\"Nachhaltigkeit\",\"Typografie\"],\"articleSection\":[\"Druck\",\"Nachhaltig\"],\"inLanguage\":\"de\",\"potentialAction\":[{\"@type\":\"CommentAction\",\"name\":\"Comment\",\"target\":[\"https:\\\/\\\/www.viaprinto.de\\\/blog\\\/nachhaltiges-grafikdesign\\\/#respond\"]}]},{\"@type\":\"WebPage\",\"@id\":\"https:\\\/\\\/www.viaprinto.de\\\/blog\\\/nachhaltiges-grafikdesign\\\/\",\"url\":\"https:\\\/\\\/www.viaprinto.de\\\/blog\\\/nachhaltiges-grafikdesign\\\/\",\"name\":\"\u00d6kologie & Design | viaprinto Blog\",\"isPartOf\":{\"@id\":\"https:\\\/\\\/www.viaprinto.de\\\/blog\\\/#website\"},\"primaryImageOfPage\":{\"@id\":\"https:\\\/\\\/www.viaprinto.de\\\/blog\\\/nachhaltiges-grafikdesign\\\/#primaryimage\"},\"image\":{\"@id\":\"https:\\\/\\\/www.viaprinto.de\\\/blog\\\/nachhaltiges-grafikdesign\\\/#primaryimage\"},\"thumbnailUrl\":\"https:\\\/\\\/www.viaprinto.de\\\/blog\\\/wp-content\\\/uploads\\\/2017\\\/01\\\/blog_header_nachhaltigkeit-im-druck-1.jpg\",\"description\":\"viaprinto Blog | Grafische Gestaltung unter \u00f6kologischen Gesichtspunkten \u25b6 viaprinto-Wissen \u25b6 Im Interview.\",\"breadcrumb\":{\"@id\":\"https:\\\/\\\/www.viaprinto.de\\\/blog\\\/nachhaltiges-grafikdesign\\\/#breadcrumb\"},\"inLanguage\":\"de\",\"potentialAction\":[{\"@type\":\"ReadAction\",\"target\":[\"https:\\\/\\\/www.viaprinto.de\\\/blog\\\/nachhaltiges-grafikdesign\\\/\"]}]},{\"@type\":\"ImageObject\",\"inLanguage\":\"de\",\"@id\":\"https:\\\/\\\/www.viaprinto.de\\\/blog\\\/nachhaltiges-grafikdesign\\\/#primaryimage\",\"url\":\"https:\\\/\\\/www.viaprinto.de\\\/blog\\\/wp-content\\\/uploads\\\/2017\\\/01\\\/blog_header_nachhaltigkeit-im-druck-1.jpg\",\"contentUrl\":\"https:\\\/\\\/www.viaprinto.de\\\/blog\\\/wp-content\\\/uploads\\\/2017\\\/01\\\/blog_header_nachhaltigkeit-im-druck-1.jpg\",\"width\":845,\"height\":321,\"caption\":\"blog_header_nachhaltigkeit-im-druck \u00a9viaprinto\"},{\"@type\":\"BreadcrumbList\",\"@id\":\"https:\\\/\\\/www.viaprinto.de\\\/blog\\\/nachhaltiges-grafikdesign\\\/#breadcrumb\",\"itemListElement\":[{\"@type\":\"ListItem\",\"position\":1,\"name\":\"Startseite\",\"item\":\"https:\\\/\\\/www.viaprinto.de\\\/blog\\\/\"},{\"@type\":\"ListItem\",\"position\":2,\"name\":\"Interview: \u00d6kologische Nachhaltigkeit mit Design.\"}]},{\"@type\":\"WebSite\",\"@id\":\"https:\\\/\\\/www.viaprinto.de\\\/blog\\\/#website\",\"url\":\"https:\\\/\\\/www.viaprinto.de\\\/blog\\\/\",\"name\":\"viaprinto Blog | Alles \u00fcber den Druck\",\"description\":\"\",\"publisher\":{\"@id\":\"https:\\\/\\\/www.viaprinto.de\\\/blog\\\/#organization\"},\"potentialAction\":[{\"@type\":\"SearchAction\",\"target\":{\"@type\":\"EntryPoint\",\"urlTemplate\":\"https:\\\/\\\/www.viaprinto.de\\\/blog\\\/?s={search_term_string}\"},\"query-input\":{\"@type\":\"PropertyValueSpecification\",\"valueRequired\":true,\"valueName\":\"search_term_string\"}}],\"inLanguage\":\"de\"},{\"@type\":\"Organization\",\"@id\":\"https:\\\/\\\/www.viaprinto.de\\\/blog\\\/#organization\",\"name\":\"viaprinto\",\"url\":\"https:\\\/\\\/www.viaprinto.de\\\/blog\\\/\",\"logo\":{\"@type\":\"ImageObject\",\"inLanguage\":\"de\",\"@id\":\"https:\\\/\\\/www.viaprinto.de\\\/blog\\\/#\\\/schema\\\/logo\\\/image\\\/\",\"url\":\"https:\\\/\\\/www.viaprinto.de\\\/blog\\\/wp-content\\\/uploads\\\/2022\\\/12\\\/viaprinto-blog-logo.svg\",\"contentUrl\":\"https:\\\/\\\/www.viaprinto.de\\\/blog\\\/wp-content\\\/uploads\\\/2022\\\/12\\\/viaprinto-blog-logo.svg\",\"caption\":\"viaprinto\"},\"image\":{\"@id\":\"https:\\\/\\\/www.viaprinto.de\\\/blog\\\/#\\\/schema\\\/logo\\\/image\\\/\"},\"sameAs\":[\"https:\\\/\\\/www.linkedin.com\\\/company\\\/viaprinto\"]},{\"@type\":\"Person\",\"@id\":\"https:\\\/\\\/www.viaprinto.de\\\/blog\\\/#\\\/schema\\\/person\\\/3c99507c1660c1f0bef1f76812fb55d9\",\"name\":\"Isabel J\u00f6dicke\",\"url\":\"https:\\\/\\\/www.viaprinto.de\\\/blog\\\/author\\\/isabel-joedickeviaprinto-de\\\/\"}]}<\/script>\n<!-- \/ Yoast SEO plugin. -->","yoast_head_json":{"title":"\u00d6kologie & Design | viaprinto Blog","description":"viaprinto Blog | Grafische Gestaltung unter \u00f6kologischen Gesichtspunkten \u25b6 viaprinto-Wissen \u25b6 Im Interview.","robots":{"index":"index","follow":"follow","max-snippet":"max-snippet:-1","max-image-preview":"max-image-preview:large","max-video-preview":"max-video-preview:-1"},"canonical":"https:\/\/www.viaprinto.de\/blog\/nachhaltiges-grafikdesign\/","og_locale":"de_DE","og_type":"article","og_title":"\u00d6kologie & Design | viaprinto Blog","og_description":"viaprinto Blog | Grafische Gestaltung unter \u00f6kologischen Gesichtspunkten \u25b6 viaprinto-Wissen \u25b6 Im Interview.","og_url":"https:\/\/www.viaprinto.de\/blog\/nachhaltiges-grafikdesign\/","og_site_name":"viaprinto Blog | Alles \u00fcber den Druck","article_published_time":"2017-03-14T09:00:18+00:00","article_modified_time":"2024-02-13T11:25:00+00:00","og_image":[{"width":845,"height":321,"url":"https:\/\/www.viaprinto.de\/blog\/wp-content\/uploads\/2017\/01\/blog_header_nachhaltigkeit-im-druck-1.jpg","type":"image\/jpeg"}],"author":"Isabel J\u00f6dicke","schema":{"@context":"https:\/\/schema.org","@graph":[{"@type":"Article","@id":"https:\/\/www.viaprinto.de\/blog\/nachhaltiges-grafikdesign\/#article","isPartOf":{"@id":"https:\/\/www.viaprinto.de\/blog\/nachhaltiges-grafikdesign\/"},"author":{"name":"Isabel J\u00f6dicke","@id":"https:\/\/www.viaprinto.de\/blog\/#\/schema\/person\/3c99507c1660c1f0bef1f76812fb55d9"},"headline":"Interview: \u00d6kologische Nachhaltigkeit mit Design.","datePublished":"2017-03-14T09:00:18+00:00","dateModified":"2024-02-13T11:25:00+00:00","mainEntityOfPage":{"@id":"https:\/\/www.viaprinto.de\/blog\/nachhaltiges-grafikdesign\/"},"wordCount":948,"commentCount":0,"publisher":{"@id":"https:\/\/www.viaprinto.de\/blog\/#organization"},"image":{"@id":"https:\/\/www.viaprinto.de\/blog\/nachhaltiges-grafikdesign\/#primaryimage"},"thumbnailUrl":"https:\/\/www.viaprinto.de\/blog\/wp-content\/uploads\/2017\/01\/blog_header_nachhaltigkeit-im-druck-1.jpg","keywords":["Design","Nachhaltigkeit","Typografie"],"articleSection":["Druck","Nachhaltig"],"inLanguage":"de","potentialAction":[{"@type":"CommentAction","name":"Comment","target":["https:\/\/www.viaprinto.de\/blog\/nachhaltiges-grafikdesign\/#respond"]}]},{"@type":"WebPage","@id":"https:\/\/www.viaprinto.de\/blog\/nachhaltiges-grafikdesign\/","url":"https:\/\/www.viaprinto.de\/blog\/nachhaltiges-grafikdesign\/","name":"\u00d6kologie & Design | viaprinto Blog","isPartOf":{"@id":"https:\/\/www.viaprinto.de\/blog\/#website"},"primaryImageOfPage":{"@id":"https:\/\/www.viaprinto.de\/blog\/nachhaltiges-grafikdesign\/#primaryimage"},"image":{"@id":"https:\/\/www.viaprinto.de\/blog\/nachhaltiges-grafikdesign\/#primaryimage"},"thumbnailUrl":"https:\/\/www.viaprinto.de\/blog\/wp-content\/uploads\/2017\/01\/blog_header_nachhaltigkeit-im-druck-1.jpg","description":"viaprinto Blog | Grafische Gestaltung unter \u00f6kologischen Gesichtspunkten \u25b6 viaprinto-Wissen \u25b6 Im Interview.","breadcrumb":{"@id":"https:\/\/www.viaprinto.de\/blog\/nachhaltiges-grafikdesign\/#breadcrumb"},"inLanguage":"de","potentialAction":[{"@type":"ReadAction","target":["https:\/\/www.viaprinto.de\/blog\/nachhaltiges-grafikdesign\/"]}]},{"@type":"ImageObject","inLanguage":"de","@id":"https:\/\/www.viaprinto.de\/blog\/nachhaltiges-grafikdesign\/#primaryimage","url":"https:\/\/www.viaprinto.de\/blog\/wp-content\/uploads\/2017\/01\/blog_header_nachhaltigkeit-im-druck-1.jpg","contentUrl":"https:\/\/www.viaprinto.de\/blog\/wp-content\/uploads\/2017\/01\/blog_header_nachhaltigkeit-im-druck-1.jpg","width":845,"height":321,"caption":"blog_header_nachhaltigkeit-im-druck \u00a9viaprinto"},{"@type":"BreadcrumbList","@id":"https:\/\/www.viaprinto.de\/blog\/nachhaltiges-grafikdesign\/#breadcrumb","itemListElement":[{"@type":"ListItem","position":1,"name":"Startseite","item":"https:\/\/www.viaprinto.de\/blog\/"},{"@type":"ListItem","position":2,"name":"Interview: \u00d6kologische Nachhaltigkeit mit Design."}]},{"@type":"WebSite","@id":"https:\/\/www.viaprinto.de\/blog\/#website","url":"https:\/\/www.viaprinto.de\/blog\/","name":"viaprinto Blog | Alles \u00fcber den Druck","description":"","publisher":{"@id":"https:\/\/www.viaprinto.de\/blog\/#organization"},"potentialAction":[{"@type":"SearchAction","target":{"@type":"EntryPoint","urlTemplate":"https:\/\/www.viaprinto.de\/blog\/?s={search_term_string}"},"query-input":{"@type":"PropertyValueSpecification","valueRequired":true,"valueName":"search_term_string"}}],"inLanguage":"de"},{"@type":"Organization","@id":"https:\/\/www.viaprinto.de\/blog\/#organization","name":"viaprinto","url":"https:\/\/www.viaprinto.de\/blog\/","logo":{"@type":"ImageObject","inLanguage":"de","@id":"https:\/\/www.viaprinto.de\/blog\/#\/schema\/logo\/image\/","url":"https:\/\/www.viaprinto.de\/blog\/wp-content\/uploads\/2022\/12\/viaprinto-blog-logo.svg","contentUrl":"https:\/\/www.viaprinto.de\/blog\/wp-content\/uploads\/2022\/12\/viaprinto-blog-logo.svg","caption":"viaprinto"},"image":{"@id":"https:\/\/www.viaprinto.de\/blog\/#\/schema\/logo\/image\/"},"sameAs":["https:\/\/www.linkedin.com\/company\/viaprinto"]},{"@type":"Person","@id":"https:\/\/www.viaprinto.de\/blog\/#\/schema\/person\/3c99507c1660c1f0bef1f76812fb55d9","name":"Isabel J\u00f6dicke","url":"https:\/\/www.viaprinto.de\/blog\/author\/isabel-joedickeviaprinto-de\/"}]}},"mfb_rest_fields":["title","yoast_head","yoast_head_json"],"_links":{"self":[{"href":"https:\/\/www.viaprinto.de\/blog\/wp-json\/wp\/v2\/posts\/10184","targetHints":{"allow":["GET"]}}],"collection":[{"href":"https:\/\/www.viaprinto.de\/blog\/wp-json\/wp\/v2\/posts"}],"about":[{"href":"https:\/\/www.viaprinto.de\/blog\/wp-json\/wp\/v2\/types\/post"}],"author":[{"embeddable":true,"href":"https:\/\/www.viaprinto.de\/blog\/wp-json\/wp\/v2\/users\/7"}],"replies":[{"embeddable":true,"href":"https:\/\/www.viaprinto.de\/blog\/wp-json\/wp\/v2\/comments?post=10184"}],"version-history":[{"count":1,"href":"https:\/\/www.viaprinto.de\/blog\/wp-json\/wp\/v2\/posts\/10184\/revisions"}],"predecessor-version":[{"id":18479,"href":"https:\/\/www.viaprinto.de\/blog\/wp-json\/wp\/v2\/posts\/10184\/revisions\/18479"}],"wp:featuredmedia":[{"embeddable":true,"href":"https:\/\/www.viaprinto.de\/blog\/wp-json\/wp\/v2\/media\/9862"}],"wp:attachment":[{"href":"https:\/\/www.viaprinto.de\/blog\/wp-json\/wp\/v2\/media?parent=10184"}],"wp:term":[{"taxonomy":"category","embeddable":true,"href":"https:\/\/www.viaprinto.de\/blog\/wp-json\/wp\/v2\/categories?post=10184"},{"taxonomy":"post_tag","embeddable":true,"href":"https:\/\/www.viaprinto.de\/blog\/wp-json\/wp\/v2\/tags?post=10184"}],"curies":[{"name":"wp","href":"https:\/\/api.w.org\/{rel}","templated":true}]}}